{"id":58225,"date":"2023-08-15T06:41:35","date_gmt":"2023-08-15T11:41:35","guid":{"rendered":"https:\/\/luchonoticias.com\/?p=58225"},"modified":"2023-08-15T06:41:36","modified_gmt":"2023-08-15T11:41:36","slug":"hombre-fue-capturado-armado-en-el-barrio-popular-de-pitalito-huila","status":"publish","type":"post","link":"https:\/\/luchonoticias.com\/editor\/hombre-fue-capturado-armado-en-el-barrio-popular-de-pitalito-huila\/","title":{"rendered":"Hombre fue capturado armado en el barrio Popular de Pitalito, Huila"},"content":{"rendered":"\n<p>En los planes de registro y control adelantados el fin de semana en el Valle de Labayos, fue capturado un hombre por parte del grupo motorizados Cobras en el barrio Popular, portando un arma de fuego, tipo rev\u00f3lver.<\/p>\n\n\n\n<p>El arma que portaba solo 4 cartuchos, fue enviada al laboratorio de criminalistica, para establecer si estar\u00eda involucrada en los \u00faltimos hechos de sangre ocurridos en el municipio.&nbsp;<\/p>\n\n\n\n<p>El hombre de 40 a\u00f1os de edad, fue dejado a disposici\u00f3n de la Fiscalis URI de turno, por el delito de fabricaci\u00f3n, tr\u00e1fico, porte o tenencia de armas de fuego y municiones.<\/p>\n\n\n\n<figure class=\"wp-block-video\"><video controls src=\"https:\/\/luchonoticias.com\/wp-content\/uploads\/2023\/08\/WhatsApp-Video-2023-08-14-at-4.56.20-PM.mp4\"><\/video><\/figure>\n\n\n\n<p>En lo corrido del a\u00f1o ya son 17 las armas de fuego que se han incautado en el municipio, quit\u00e1ndola de manos de los delincuentes y previniendo con esto la ocurrencia de hechos criminales como el hurto y el homicidio.<\/p>\n","protected":false},"excerpt":{"rendered":"<p>En los planes de registro y control adelantados el fin de semana en el Valle de Labayos, fue capturado un hombre por parte del grupo motorizados Cobras en el barrio Popular, portando un arma de fuego, tipo rev\u00f3lver. El arma que portaba solo 4 cartuchos, fue enviada al laboratorio de criminalistica, para establecer si estar\u00eda [&hellip;]<\/p>\n","protected":false},"author":2,"featured_media":0,"comment_status":"open","ping_status":"open","sticky":false,"template":"","format":"standard","meta":{"footnotes":""},"categories":[36,29,3962],"tags":[],"class_list":["post-58225","post","type-post","status-publish","format-standard","hentry","category-destacado","category-judicial","category-videos"],"yoast_head":"<!-- This site is optimized with the Yoast SEO plugin v26.6 - https:\/\/yoast.com\/wordpress\/plugins\/seo\/ -->\n<title>Hombre fue capturado armado en el barrio Popular de Pitalito, Huila -<\/title>\n<meta name=\"robots\" content=\"index, follow, max-snippet:-1, max-image-preview:large, max-video-preview:-1\" \/>\n<link rel=\"canonical\" href=\"https:\/\/luchonoticias.com\/editor\/hombre-fue-capturado-armado-en-el-barrio-popular-de-pitalito-huila\/\" \/>\n<meta property=\"og:locale\" content=\"es_ES\" \/>\n<meta property=\"og:type\" content=\"article\" \/>\n<meta property=\"og:title\" content=\"Hombre fue capturado armado en el barrio Popular de Pitalito, Huila -\" \/>\n<meta property=\"og:url\" content=\"https:\/\/luchonoticias.com\/editor\/hombre-fue-capturado-armado-en-el-barrio-popular-de-pitalito-huila\/\" \/>\n<meta property=\"article:publisher\" content=\"https:\/\/www.facebook.com\/luchonoticiasneiva\" \/>\n<meta property=\"article:published_time\" content=\"2023-08-15T11:41:35+00:00\" \/>\n<meta property=\"article:modified_time\" content=\"2023-08-15T11:41:36+00:00\" \/>\n<meta name=\"author\" content=\"Editor General\" \/>\n<meta name=\"twitter:card\" content=\"summary_large_image\" \/>\n<meta name=\"twitter:label1\" content=\"Escrito por\" \/>\n\t<meta name=\"twitter:data1\" content=\"Editor General\" \/>\n\t<meta name=\"twitter:label2\" content=\"Tiempo de lectura\" \/>\n\t<meta name=\"twitter:data2\" content=\"1 minuto\" \/>\n<script type=\"application\/ld+json\" class=\"yoast-schema-graph\">{\"@context\":\"https:\/\/schema.org\",\"@graph\":[{\"@type\":\"Article\",\"@id\":\"https:\/\/luchonoticias.com\/editor\/hombre-fue-capturado-armado-en-el-barrio-popular-de-pitalito-huila\/#article\",\"isPartOf\":{\"@id\":\"https:\/\/luchonoticias.com\/editor\/hombre-fue-capturado-armado-en-el-barrio-popular-de-pitalito-huila\/\"},\"author\":{\"name\":\"Editor General\",\"@id\":\"https:\/\/luchonoticias.com\/editor\/#\/schema\/person\/29217990ddf6f14e35912b2866d591fb\"},\"headline\":\"Hombre fue capturado armado en el barrio Popular de Pitalito, Huila\",\"datePublished\":\"2023-08-15T11:41:35+00:00\",\"dateModified\":\"2023-08-15T11:41:36+00:00\",\"mainEntityOfPage\":{\"@id\":\"https:\/\/luchonoticias.com\/editor\/hombre-fue-capturado-armado-en-el-barrio-popular-de-pitalito-huila\/\"},\"wordCount\":155,\"commentCount\":0,\"publisher\":{\"@id\":\"https:\/\/luchonoticias.com\/editor\/#\/schema\/person\/7a7fd911f58561fd056dbac7b55af9cd\"},\"articleSection\":[\"Destacado\",\"Judicial\",\"Videos\"],\"inLanguage\":\"es\",\"potentialAction\":[{\"@type\":\"CommentAction\",\"name\":\"Comment\",\"target\":[\"https:\/\/luchonoticias.com\/editor\/hombre-fue-capturado-armado-en-el-barrio-popular-de-pitalito-huila\/#respond\"]}]},{\"@type\":\"WebPage\",\"@id\":\"https:\/\/luchonoticias.com\/editor\/hombre-fue-capturado-armado-en-el-barrio-popular-de-pitalito-huila\/\",\"url\":\"https:\/\/luchonoticias.com\/editor\/hombre-fue-capturado-armado-en-el-barrio-popular-de-pitalito-huila\/\",\"name\":\"Hombre fue capturado armado en el barrio Popular de Pitalito, Huila -\",\"isPartOf\":{\"@id\":\"https:\/\/luchonoticias.com\/editor\/#website\"},\"datePublished\":\"2023-08-15T11:41:35+00:00\",\"dateModified\":\"2023-08-15T11:41:36+00:00\",\"breadcrumb\":{\"@id\":\"https:\/\/luchonoticias.com\/editor\/hombre-fue-capturado-armado-en-el-barrio-popular-de-pitalito-huila\/#breadcrumb\"},\"inLanguage\":\"es\",\"potentialAction\":[{\"@type\":\"ReadAction\",\"target\":[\"https:\/\/luchonoticias.com\/editor\/hombre-fue-capturado-armado-en-el-barrio-popular-de-pitalito-huila\/\"]}]},{\"@type\":\"BreadcrumbList\",\"@id\":\"https:\/\/luchonoticias.com\/editor\/hombre-fue-capturado-armado-en-el-barrio-popular-de-pitalito-huila\/#breadcrumb\",\"itemListElement\":[{\"@type\":\"ListItem\",\"position\":1,\"name\":\"Portada\",\"item\":\"https:\/\/luchonoticias.com\/editor\/\"},{\"@type\":\"ListItem\",\"position\":2,\"name\":\"Hombre fue capturado armado en el barrio Popular de Pitalito, Huila\"}]},{\"@type\":\"WebSite\",\"@id\":\"https:\/\/luchonoticias.com\/editor\/#website\",\"url\":\"https:\/\/luchonoticias.com\/editor\/\",\"name\":\"\",\"description\":\"\",\"publisher\":{\"@id\":\"https:\/\/luchonoticias.com\/editor\/#\/schema\/person\/7a7fd911f58561fd056dbac7b55af9cd\"},\"potentialAction\":[{\"@type\":\"SearchAction\",\"target\":{\"@type\":\"EntryPoint\",\"urlTemplate\":\"https:\/\/luchonoticias.com\/editor\/?s={search_term_string}\"},\"query-input\":{\"@type\":\"PropertyValueSpecification\",\"valueRequired\":true,\"valueName\":\"search_term_string\"}}],\"inLanguage\":\"es\"},{\"@type\":[\"Person\",\"Organization\"],\"@id\":\"https:\/\/luchonoticias.com\/editor\/#\/schema\/person\/7a7fd911f58561fd056dbac7b55af9cd\",\"name\":\"admin\",\"image\":{\"@type\":\"ImageObject\",\"inLanguage\":\"es\",\"@id\":\"https:\/\/luchonoticias.com\/editor\/#\/schema\/person\/image\/\",\"url\":\"https:\/\/luchonoticias.com\/editor\/wp-content\/uploads\/2024\/02\/cropped-cropped-logolu.webp\",\"contentUrl\":\"https:\/\/luchonoticias.com\/editor\/wp-content\/uploads\/2024\/02\/cropped-cropped-logolu.webp\",\"width\":382,\"height\":170,\"caption\":\"admin\"},\"logo\":{\"@id\":\"https:\/\/luchonoticias.com\/editor\/#\/schema\/person\/image\/\"},\"sameAs\":[\"https:\/\/www.facebook.com\/luchonoticiasneiva\"]},{\"@type\":\"Person\",\"@id\":\"https:\/\/luchonoticias.com\/editor\/#\/schema\/person\/29217990ddf6f14e35912b2866d591fb\",\"name\":\"Editor General\",\"image\":{\"@type\":\"ImageObject\",\"inLanguage\":\"es\",\"@id\":\"https:\/\/luchonoticias.com\/editor\/#\/schema\/person\/image\/\",\"url\":\"https:\/\/luchonoticias.com\/editor\/wp-content\/uploads\/2024\/02\/cropped-cropped-logolu-150x150.webp\",\"contentUrl\":\"https:\/\/luchonoticias.com\/editor\/wp-content\/uploads\/2024\/02\/cropped-cropped-logolu-150x150.webp\",\"caption\":\"Editor General\"},\"sameAs\":[\"https:\/\/luchonoticias.com\/\"],\"url\":\"https:\/\/luchonoticias.com\/editor\/author\/editor-general\/\"}]}<\/script>\n<!-- \/ Yoast SEO plugin. -->","yoast_head_json":{"title":"Hombre fue capturado armado en el barrio Popular de Pitalito, Huila -","robots":{"index":"index","follow":"follow","max-snippet":"max-snippet:-1","max-image-preview":"max-image-preview:large","max-video-preview":"max-video-preview:-1"},"canonical":"https:\/\/luchonoticias.com\/editor\/hombre-fue-capturado-armado-en-el-barrio-popular-de-pitalito-huila\/","og_locale":"es_ES","og_type":"article","og_title":"Hombre fue capturado armado en el barrio Popular de Pitalito, Huila -","og_url":"https:\/\/luchonoticias.com\/editor\/hombre-fue-capturado-armado-en-el-barrio-popular-de-pitalito-huila\/","article_publisher":"https:\/\/www.facebook.com\/luchonoticiasneiva","article_published_time":"2023-08-15T11:41:35+00:00","article_modified_time":"2023-08-15T11:41:36+00:00","author":"Editor General","twitter_card":"summary_large_image","twitter_misc":{"Escrito por":"Editor General","Tiempo de lectura":"1 minuto"},"schema":{"@context":"https:\/\/schema.org","@graph":[{"@type":"Article","@id":"https:\/\/luchonoticias.com\/editor\/hombre-fue-capturado-armado-en-el-barrio-popular-de-pitalito-huila\/#article","isPartOf":{"@id":"https:\/\/luchonoticias.com\/editor\/hombre-fue-capturado-armado-en-el-barrio-popular-de-pitalito-huila\/"},"author":{"name":"Editor General","@id":"https:\/\/luchonoticias.com\/editor\/#\/schema\/person\/29217990ddf6f14e35912b2866d591fb"},"headline":"Hombre fue capturado armado en el barrio Popular de Pitalito, Huila","datePublished":"2023-08-15T11:41:35+00:00","dateModified":"2023-08-15T11:41:36+00:00","mainEntityOfPage":{"@id":"https:\/\/luchonoticias.com\/editor\/hombre-fue-capturado-armado-en-el-barrio-popular-de-pitalito-huila\/"},"wordCount":155,"commentCount":0,"publisher":{"@id":"https:\/\/luchonoticias.com\/editor\/#\/schema\/person\/7a7fd911f58561fd056dbac7b55af9cd"},"articleSection":["Destacado","Judicial","Videos"],"inLanguage":"es","potentialAction":[{"@type":"CommentAction","name":"Comment","target":["https:\/\/luchonoticias.com\/editor\/hombre-fue-capturado-armado-en-el-barrio-popular-de-pitalito-huila\/#respond"]}]},{"@type":"WebPage","@id":"https:\/\/luchonoticias.com\/editor\/hombre-fue-capturado-armado-en-el-barrio-popular-de-pitalito-huila\/","url":"https:\/\/luchonoticias.com\/editor\/hombre-fue-capturado-armado-en-el-barrio-popular-de-pitalito-huila\/","name":"Hombre fue capturado armado en el barrio Popular de Pitalito, Huila -","isPartOf":{"@id":"https:\/\/luchonoticias.com\/editor\/#website"},"datePublished":"2023-08-15T11:41:35+00:00","dateModified":"2023-08-15T11:41:36+00:00","breadcrumb":{"@id":"https:\/\/luchonoticias.com\/editor\/hombre-fue-capturado-armado-en-el-barrio-popular-de-pitalito-huila\/#breadcrumb"},"inLanguage":"es","potentialAction":[{"@type":"ReadAction","target":["https:\/\/luchonoticias.com\/editor\/hombre-fue-capturado-armado-en-el-barrio-popular-de-pitalito-huila\/"]}]},{"@type":"BreadcrumbList","@id":"https:\/\/luchonoticias.com\/editor\/hombre-fue-capturado-armado-en-el-barrio-popular-de-pitalito-huila\/#breadcrumb","itemListElement":[{"@type":"ListItem","position":1,"name":"Portada","item":"https:\/\/luchonoticias.com\/editor\/"},{"@type":"ListItem","position":2,"name":"Hombre fue capturado armado en el barrio Popular de Pitalito, Huila"}]},{"@type":"WebSite","@id":"https:\/\/luchonoticias.com\/editor\/#website","url":"https:\/\/luchonoticias.com\/editor\/","name":"","description":"","publisher":{"@id":"https:\/\/luchonoticias.com\/editor\/#\/schema\/person\/7a7fd911f58561fd056dbac7b55af9cd"},"potentialAction":[{"@type":"SearchAction","target":{"@type":"EntryPoint","urlTemplate":"https:\/\/luchonoticias.com\/editor\/?s={search_term_string}"},"query-input":{"@type":"PropertyValueSpecification","valueRequired":true,"valueName":"search_term_string"}}],"inLanguage":"es"},{"@type":["Person","Organization"],"@id":"https:\/\/luchonoticias.com\/editor\/#\/schema\/person\/7a7fd911f58561fd056dbac7b55af9cd","name":"admin","image":{"@type":"ImageObject","inLanguage":"es","@id":"https:\/\/luchonoticias.com\/editor\/#\/schema\/person\/image\/","url":"https:\/\/luchonoticias.com\/editor\/wp-content\/uploads\/2024\/02\/cropped-cropped-logolu.webp","contentUrl":"https:\/\/luchonoticias.com\/editor\/wp-content\/uploads\/2024\/02\/cropped-cropped-logolu.webp","width":382,"height":170,"caption":"admin"},"logo":{"@id":"https:\/\/luchonoticias.com\/editor\/#\/schema\/person\/image\/"},"sameAs":["https:\/\/www.facebook.com\/luchonoticiasneiva"]},{"@type":"Person","@id":"https:\/\/luchonoticias.com\/editor\/#\/schema\/person\/29217990ddf6f14e35912b2866d591fb","name":"Editor General","image":{"@type":"ImageObject","inLanguage":"es","@id":"https:\/\/luchonoticias.com\/editor\/#\/schema\/person\/image\/","url":"https:\/\/luchonoticias.com\/editor\/wp-content\/uploads\/2024\/02\/cropped-cropped-logolu-150x150.webp","contentUrl":"https:\/\/luchonoticias.com\/editor\/wp-content\/uploads\/2024\/02\/cropped-cropped-logolu-150x150.webp","caption":"Editor General"},"sameAs":["https:\/\/luchonoticias.com\/"],"url":"https:\/\/luchonoticias.com\/editor\/author\/editor-general\/"}]}},"_links":{"self":[{"href":"https:\/\/luchonoticias.com\/editor\/wp-json\/wp\/v2\/posts\/58225","targetHints":{"allow":["GET"]}}],"collection":[{"href":"https:\/\/luchonoticias.com\/editor\/wp-json\/wp\/v2\/posts"}],"about":[{"href":"https:\/\/luchonoticias.com\/editor\/wp-json\/wp\/v2\/types\/post"}],"author":[{"embeddable":true,"href":"https:\/\/luchonoticias.com\/editor\/wp-json\/wp\/v2\/users\/2"}],"replies":[{"embeddable":true,"href":"https:\/\/luchonoticias.com\/editor\/wp-json\/wp\/v2\/comments?post=58225"}],"version-history":[{"count":0,"href":"https:\/\/luchonoticias.com\/editor\/wp-json\/wp\/v2\/posts\/58225\/revisions"}],"wp:attachment":[{"href":"https:\/\/luchonoticias.com\/editor\/wp-json\/wp\/v2\/media?parent=58225"}],"wp:term":[{"taxonomy":"category","embeddable":true,"href":"https:\/\/luchonoticias.com\/editor\/wp-json\/wp\/v2\/categories?post=58225"},{"taxonomy":"post_tag","embeddable":true,"href":"https:\/\/luchonoticias.com\/editor\/wp-json\/wp\/v2\/tags?post=58225"}],"curies":[{"name":"wp","href":"https:\/\/api.w.org\/{rel}","templated":true}]}}