{"id":58368,"date":"2023-08-16T14:15:08","date_gmt":"2023-08-16T19:15:08","guid":{"rendered":"https:\/\/luchonoticias.com\/?p=58368"},"modified":"2023-08-16T14:15:14","modified_gmt":"2023-08-16T19:15:14","slug":"grupo-de-infancia-y-adolescencia-de-la-policia-nacional-realiza-actividades-de-vigilancia-y-control-en-neiva","status":"publish","type":"post","link":"https:\/\/luchonoticias.com\/editor\/grupo-de-infancia-y-adolescencia-de-la-policia-nacional-realiza-actividades-de-vigilancia-y-control-en-neiva\/","title":{"rendered":"Grupo de Infancia y Adolescencia de la Polic\u00eda Nacional realiza actividades de vigilancia y control en Neiva"},"content":{"rendered":"\n<p>La Polic\u00eda Nacional, en cabeza del Grupo de Infancia y Adolescencia de la Polic\u00eda Metropolitana de Neiva, realiza actividades de registro y control, a los alrededores del colegio Olaya Herrera de la comuna 10.<\/p>\n\n\n\n<p>\u201cDe esta manera, los uniformados logran que m\u00e1s de 460 estudiantes de esta instituci\u00f3n contaran con la compa\u00f1\u00eda de los uniformados, quienes a trav\u00e9s del registro de aproximadamente 40 personas y 26 veh\u00edculos entre motocicletas y automoviles , brindaran a nuestros j\u00f3venes entornos seguros\u201d, indicaron voceros de las autoridades.<\/p>\n\n\n\n<figure class=\"wp-block-gallery has-nested-images columns-default is-cropped wp-block-gallery-1 is-layout-flex wp-block-gallery-is-layout-flex\">\n<figure class=\"wp-block-image size-large\"><img decoding=\"async\" data-id=\"58371\" src=\"https:\/\/luchonoticias.com\/wp-content\/uploads\/2023\/08\/WhatsApp-Image-2023-08-16-at-12.35.31-PM-2-1024x771.jpeg\" alt=\"\" class=\"wp-image-58371\"\/><\/figure>\n\n\n\n<figure class=\"wp-block-image size-large\"><img decoding=\"async\" data-id=\"58372\" src=\"https:\/\/luchonoticias.com\/wp-content\/uploads\/2023\/08\/WhatsApp-Image-2023-08-16-at-12.35.31-PM-1024x771.jpeg\" alt=\"\" class=\"wp-image-58372\"\/><\/figure>\n\n\n\n<figure class=\"wp-block-image size-large\"><img decoding=\"async\" data-id=\"58370\" src=\"https:\/\/luchonoticias.com\/wp-content\/uploads\/2023\/08\/WhatsApp-Image-2023-08-16-at-12.35.30-PM-1024x771.jpeg\" alt=\"\" class=\"wp-image-58370\"\/><\/figure>\n<\/figure>\n\n\n\n<p>Asimismo, durante el desarrollo de la actividad se logra la incautaci\u00f3n de 2 armas blancas, evitando que estos elementos sean usados inadecuadamente contrarrestando diferentes delitos en el sector.<\/p>\n\n\n\n<p>\u00abLa Polic\u00eda Nacional seguir\u00e1 acompa\u00f1ando a nuestros ciudadanos en sus actividades diarias, con el fin de brindarles seguridad, continuaremos con el desarrollo de intervenciones en diferentes puntos de la ciudad, trabajando siempre de la mano de la comunidad\u00bb, puntualiz\u00f3 el Coronel Domingo Alfredo L\u00f3pez Dales, comandante de la Polic\u00eda Metropolitana de Neiva.<\/p>\n","protected":false},"excerpt":{"rendered":"<p>La Polic\u00eda Nacional, en cabeza del Grupo de Infancia y Adolescencia de la Polic\u00eda Metropolitana de Neiva, realiza actividades de registro y control, a los alrededores del colegio Olaya Herrera de la comuna 10. \u201cDe esta manera, los uniformados logran que m\u00e1s de 460 estudiantes de esta instituci\u00f3n contaran con la compa\u00f1\u00eda de los uniformados, [&hellip;]<\/p>\n","protected":false},"author":2,"featured_media":0,"comment_status":"open","ping_status":"open","sticky":false,"template":"","format":"standard","meta":{"footnotes":""},"categories":[36,29],"tags":[],"class_list":["post-58368","post","type-post","status-publish","format-standard","hentry","category-destacado","category-judicial"],"yoast_head":"<!-- This site is optimized with the Yoast SEO plugin v26.6 - https:\/\/yoast.com\/wordpress\/plugins\/seo\/ -->\n<title>Grupo de Infancia y Adolescencia de la Polic\u00eda Nacional realiza actividades de vigilancia y control en Neiva -<\/title>\n<meta name=\"robots\" content=\"index, follow, max-snippet:-1, max-image-preview:large, max-video-preview:-1\" \/>\n<link rel=\"canonical\" href=\"https:\/\/luchonoticias.com\/editor\/grupo-de-infancia-y-adolescencia-de-la-policia-nacional-realiza-actividades-de-vigilancia-y-control-en-neiva\/\" \/>\n<meta property=\"og:locale\" content=\"es_ES\" \/>\n<meta property=\"og:type\" content=\"article\" \/>\n<meta property=\"og:title\" content=\"Grupo de Infancia y Adolescencia de la Polic\u00eda Nacional realiza actividades de vigilancia y control en Neiva -\" \/>\n<meta property=\"og:url\" content=\"https:\/\/luchonoticias.com\/editor\/grupo-de-infancia-y-adolescencia-de-la-policia-nacional-realiza-actividades-de-vigilancia-y-control-en-neiva\/\" \/>\n<meta property=\"article:publisher\" content=\"https:\/\/www.facebook.com\/luchonoticiasneiva\" \/>\n<meta property=\"article:published_time\" content=\"2023-08-16T19:15:08+00:00\" \/>\n<meta property=\"article:modified_time\" content=\"2023-08-16T19:15:14+00:00\" \/>\n<meta property=\"og:image\" content=\"https:\/\/luchonoticias.com\/wp-content\/uploads\/2023\/08\/WhatsApp-Image-2023-08-16-at-12.35.31-PM-2-1024x771.jpeg\" \/>\n<meta name=\"author\" content=\"Editor General\" \/>\n<meta name=\"twitter:card\" content=\"summary_large_image\" \/>\n<meta name=\"twitter:label1\" content=\"Escrito por\" \/>\n\t<meta name=\"twitter:data1\" content=\"Editor General\" \/>\n\t<meta name=\"twitter:label2\" content=\"Tiempo de lectura\" \/>\n\t<meta name=\"twitter:data2\" content=\"1 minuto\" \/>\n<script type=\"application\/ld+json\" class=\"yoast-schema-graph\">{\"@context\":\"https:\/\/schema.org\",\"@graph\":[{\"@type\":\"Article\",\"@id\":\"https:\/\/luchonoticias.com\/editor\/grupo-de-infancia-y-adolescencia-de-la-policia-nacional-realiza-actividades-de-vigilancia-y-control-en-neiva\/#article\",\"isPartOf\":{\"@id\":\"https:\/\/luchonoticias.com\/editor\/grupo-de-infancia-y-adolescencia-de-la-policia-nacional-realiza-actividades-de-vigilancia-y-control-en-neiva\/\"},\"author\":{\"name\":\"Editor General\",\"@id\":\"https:\/\/luchonoticias.com\/editor\/#\/schema\/person\/29217990ddf6f14e35912b2866d591fb\"},\"headline\":\"Grupo de Infancia y Adolescencia de la Polic\u00eda Nacional realiza actividades de vigilancia y control en Neiva\",\"datePublished\":\"2023-08-16T19:15:08+00:00\",\"dateModified\":\"2023-08-16T19:15:14+00:00\",\"mainEntityOfPage\":{\"@id\":\"https:\/\/luchonoticias.com\/editor\/grupo-de-infancia-y-adolescencia-de-la-policia-nacional-realiza-actividades-de-vigilancia-y-control-en-neiva\/\"},\"wordCount\":188,\"commentCount\":0,\"publisher\":{\"@id\":\"https:\/\/luchonoticias.com\/editor\/#\/schema\/person\/7a7fd911f58561fd056dbac7b55af9cd\"},\"image\":{\"@id\":\"https:\/\/luchonoticias.com\/editor\/grupo-de-infancia-y-adolescencia-de-la-policia-nacional-realiza-actividades-de-vigilancia-y-control-en-neiva\/#primaryimage\"},\"thumbnailUrl\":\"https:\/\/luchonoticias.com\/wp-content\/uploads\/2023\/08\/WhatsApp-Image-2023-08-16-at-12.35.31-PM-2-1024x771.jpeg\",\"articleSection\":[\"Destacado\",\"Judicial\"],\"inLanguage\":\"es\",\"potentialAction\":[{\"@type\":\"CommentAction\",\"name\":\"Comment\",\"target\":[\"https:\/\/luchonoticias.com\/editor\/grupo-de-infancia-y-adolescencia-de-la-policia-nacional-realiza-actividades-de-vigilancia-y-control-en-neiva\/#respond\"]}]},{\"@type\":\"WebPage\",\"@id\":\"https:\/\/luchonoticias.com\/editor\/grupo-de-infancia-y-adolescencia-de-la-policia-nacional-realiza-actividades-de-vigilancia-y-control-en-neiva\/\",\"url\":\"https:\/\/luchonoticias.com\/editor\/grupo-de-infancia-y-adolescencia-de-la-policia-nacional-realiza-actividades-de-vigilancia-y-control-en-neiva\/\",\"name\":\"Grupo de Infancia y Adolescencia de la Polic\u00eda Nacional realiza actividades de vigilancia y control en Neiva -\",\"isPartOf\":{\"@id\":\"https:\/\/luchonoticias.com\/editor\/#website\"},\"primaryImageOfPage\":{\"@id\":\"https:\/\/luchonoticias.com\/editor\/grupo-de-infancia-y-adolescencia-de-la-policia-nacional-realiza-actividades-de-vigilancia-y-control-en-neiva\/#primaryimage\"},\"image\":{\"@id\":\"https:\/\/luchonoticias.com\/editor\/grupo-de-infancia-y-adolescencia-de-la-policia-nacional-realiza-actividades-de-vigilancia-y-control-en-neiva\/#primaryimage\"},\"thumbnailUrl\":\"https:\/\/luchonoticias.com\/wp-content\/uploads\/2023\/08\/WhatsApp-Image-2023-08-16-at-12.35.31-PM-2-1024x771.jpeg\",\"datePublished\":\"2023-08-16T19:15:08+00:00\",\"dateModified\":\"2023-08-16T19:15:14+00:00\",\"breadcrumb\":{\"@id\":\"https:\/\/luchonoticias.com\/editor\/grupo-de-infancia-y-adolescencia-de-la-policia-nacional-realiza-actividades-de-vigilancia-y-control-en-neiva\/#breadcrumb\"},\"inLanguage\":\"es\",\"potentialAction\":[{\"@type\":\"ReadAction\",\"target\":[\"https:\/\/luchonoticias.com\/editor\/grupo-de-infancia-y-adolescencia-de-la-policia-nacional-realiza-actividades-de-vigilancia-y-control-en-neiva\/\"]}]},{\"@type\":\"ImageObject\",\"inLanguage\":\"es\",\"@id\":\"https:\/\/luchonoticias.com\/editor\/grupo-de-infancia-y-adolescencia-de-la-policia-nacional-realiza-actividades-de-vigilancia-y-control-en-neiva\/#primaryimage\",\"url\":\"https:\/\/luchonoticias.com\/wp-content\/uploads\/2023\/08\/WhatsApp-Image-2023-08-16-at-12.35.31-PM-2-1024x771.jpeg\",\"contentUrl\":\"https:\/\/luchonoticias.com\/wp-content\/uploads\/2023\/08\/WhatsApp-Image-2023-08-16-at-12.35.31-PM-2-1024x771.jpeg\"},{\"@type\":\"BreadcrumbList\",\"@id\":\"https:\/\/luchonoticias.com\/editor\/grupo-de-infancia-y-adolescencia-de-la-policia-nacional-realiza-actividades-de-vigilancia-y-control-en-neiva\/#breadcrumb\",\"itemListElement\":[{\"@type\":\"ListItem\",\"position\":1,\"name\":\"Portada\",\"item\":\"https:\/\/luchonoticias.com\/editor\/\"},{\"@type\":\"ListItem\",\"position\":2,\"name\":\"Grupo de Infancia y Adolescencia de la Polic\u00eda Nacional realiza actividades de vigilancia y control en Neiva\"}]},{\"@type\":\"WebSite\",\"@id\":\"https:\/\/luchonoticias.com\/editor\/#website\",\"url\":\"https:\/\/luchonoticias.com\/editor\/\",\"name\":\"\",\"description\":\"\",\"publisher\":{\"@id\":\"https:\/\/luchonoticias.com\/editor\/#\/schema\/person\/7a7fd911f58561fd056dbac7b55af9cd\"},\"potentialAction\":[{\"@type\":\"SearchAction\",\"target\":{\"@type\":\"EntryPoint\",\"urlTemplate\":\"https:\/\/luchonoticias.com\/editor\/?s={search_term_string}\"},\"query-input\":{\"@type\":\"PropertyValueSpecification\",\"valueRequired\":true,\"valueName\":\"search_term_string\"}}],\"inLanguage\":\"es\"},{\"@type\":[\"Person\",\"Organization\"],\"@id\":\"https:\/\/luchonoticias.com\/editor\/#\/schema\/person\/7a7fd911f58561fd056dbac7b55af9cd\",\"name\":\"admin\",\"image\":{\"@type\":\"ImageObject\",\"inLanguage\":\"es\",\"@id\":\"https:\/\/luchonoticias.com\/editor\/#\/schema\/person\/image\/\",\"url\":\"https:\/\/luchonoticias.com\/editor\/wp-content\/uploads\/2024\/02\/cropped-cropped-logolu.webp\",\"contentUrl\":\"https:\/\/luchonoticias.com\/editor\/wp-content\/uploads\/2024\/02\/cropped-cropped-logolu.webp\",\"width\":382,\"height\":170,\"caption\":\"admin\"},\"logo\":{\"@id\":\"https:\/\/luchonoticias.com\/editor\/#\/schema\/person\/image\/\"},\"sameAs\":[\"https:\/\/www.facebook.com\/luchonoticiasneiva\"]},{\"@type\":\"Person\",\"@id\":\"https:\/\/luchonoticias.com\/editor\/#\/schema\/person\/29217990ddf6f14e35912b2866d591fb\",\"name\":\"Editor General\",\"image\":{\"@type\":\"ImageObject\",\"inLanguage\":\"es\",\"@id\":\"https:\/\/luchonoticias.com\/editor\/#\/schema\/person\/image\/\",\"url\":\"https:\/\/luchonoticias.com\/editor\/wp-content\/uploads\/2024\/02\/cropped-cropped-logolu-150x150.webp\",\"contentUrl\":\"https:\/\/luchonoticias.com\/editor\/wp-content\/uploads\/2024\/02\/cropped-cropped-logolu-150x150.webp\",\"caption\":\"Editor General\"},\"sameAs\":[\"https:\/\/luchonoticias.com\/\"],\"url\":\"https:\/\/luchonoticias.com\/editor\/author\/editor-general\/\"}]}<\/script>\n<!-- \/ Yoast SEO plugin. -->","yoast_head_json":{"title":"Grupo de Infancia y Adolescencia de la Polic\u00eda Nacional realiza actividades de vigilancia y control en Neiva -","robots":{"index":"index","follow":"follow","max-snippet":"max-snippet:-1","max-image-preview":"max-image-preview:large","max-video-preview":"max-video-preview:-1"},"canonical":"https:\/\/luchonoticias.com\/editor\/grupo-de-infancia-y-adolescencia-de-la-policia-nacional-realiza-actividades-de-vigilancia-y-control-en-neiva\/","og_locale":"es_ES","og_type":"article","og_title":"Grupo de Infancia y Adolescencia de la Polic\u00eda Nacional realiza actividades de vigilancia y control en Neiva -","og_url":"https:\/\/luchonoticias.com\/editor\/grupo-de-infancia-y-adolescencia-de-la-policia-nacional-realiza-actividades-de-vigilancia-y-control-en-neiva\/","article_publisher":"https:\/\/www.facebook.com\/luchonoticiasneiva","article_published_time":"2023-08-16T19:15:08+00:00","article_modified_time":"2023-08-16T19:15:14+00:00","og_image":[{"url":"https:\/\/luchonoticias.com\/wp-content\/uploads\/2023\/08\/WhatsApp-Image-2023-08-16-at-12.35.31-PM-2-1024x771.jpeg","type":"","width":"","height":""}],"author":"Editor General","twitter_card":"summary_large_image","twitter_misc":{"Escrito por":"Editor General","Tiempo de lectura":"1 minuto"},"schema":{"@context":"https:\/\/schema.org","@graph":[{"@type":"Article","@id":"https:\/\/luchonoticias.com\/editor\/grupo-de-infancia-y-adolescencia-de-la-policia-nacional-realiza-actividades-de-vigilancia-y-control-en-neiva\/#article","isPartOf":{"@id":"https:\/\/luchonoticias.com\/editor\/grupo-de-infancia-y-adolescencia-de-la-policia-nacional-realiza-actividades-de-vigilancia-y-control-en-neiva\/"},"author":{"name":"Editor General","@id":"https:\/\/luchonoticias.com\/editor\/#\/schema\/person\/29217990ddf6f14e35912b2866d591fb"},"headline":"Grupo de Infancia y Adolescencia de la Polic\u00eda Nacional realiza actividades de vigilancia y control en Neiva","datePublished":"2023-08-16T19:15:08+00:00","dateModified":"2023-08-16T19:15:14+00:00","mainEntityOfPage":{"@id":"https:\/\/luchonoticias.com\/editor\/grupo-de-infancia-y-adolescencia-de-la-policia-nacional-realiza-actividades-de-vigilancia-y-control-en-neiva\/"},"wordCount":188,"commentCount":0,"publisher":{"@id":"https:\/\/luchonoticias.com\/editor\/#\/schema\/person\/7a7fd911f58561fd056dbac7b55af9cd"},"image":{"@id":"https:\/\/luchonoticias.com\/editor\/grupo-de-infancia-y-adolescencia-de-la-policia-nacional-realiza-actividades-de-vigilancia-y-control-en-neiva\/#primaryimage"},"thumbnailUrl":"https:\/\/luchonoticias.com\/wp-content\/uploads\/2023\/08\/WhatsApp-Image-2023-08-16-at-12.35.31-PM-2-1024x771.jpeg","articleSection":["Destacado","Judicial"],"inLanguage":"es","potentialAction":[{"@type":"CommentAction","name":"Comment","target":["https:\/\/luchonoticias.com\/editor\/grupo-de-infancia-y-adolescencia-de-la-policia-nacional-realiza-actividades-de-vigilancia-y-control-en-neiva\/#respond"]}]},{"@type":"WebPage","@id":"https:\/\/luchonoticias.com\/editor\/grupo-de-infancia-y-adolescencia-de-la-policia-nacional-realiza-actividades-de-vigilancia-y-control-en-neiva\/","url":"https:\/\/luchonoticias.com\/editor\/grupo-de-infancia-y-adolescencia-de-la-policia-nacional-realiza-actividades-de-vigilancia-y-control-en-neiva\/","name":"Grupo de Infancia y Adolescencia de la Polic\u00eda Nacional realiza actividades de vigilancia y control en Neiva -","isPartOf":{"@id":"https:\/\/luchonoticias.com\/editor\/#website"},"primaryImageOfPage":{"@id":"https:\/\/luchonoticias.com\/editor\/grupo-de-infancia-y-adolescencia-de-la-policia-nacional-realiza-actividades-de-vigilancia-y-control-en-neiva\/#primaryimage"},"image":{"@id":"https:\/\/luchonoticias.com\/editor\/grupo-de-infancia-y-adolescencia-de-la-policia-nacional-realiza-actividades-de-vigilancia-y-control-en-neiva\/#primaryimage"},"thumbnailUrl":"https:\/\/luchonoticias.com\/wp-content\/uploads\/2023\/08\/WhatsApp-Image-2023-08-16-at-12.35.31-PM-2-1024x771.jpeg","datePublished":"2023-08-16T19:15:08+00:00","dateModified":"2023-08-16T19:15:14+00:00","breadcrumb":{"@id":"https:\/\/luchonoticias.com\/editor\/grupo-de-infancia-y-adolescencia-de-la-policia-nacional-realiza-actividades-de-vigilancia-y-control-en-neiva\/#breadcrumb"},"inLanguage":"es","potentialAction":[{"@type":"ReadAction","target":["https:\/\/luchonoticias.com\/editor\/grupo-de-infancia-y-adolescencia-de-la-policia-nacional-realiza-actividades-de-vigilancia-y-control-en-neiva\/"]}]},{"@type":"ImageObject","inLanguage":"es","@id":"https:\/\/luchonoticias.com\/editor\/grupo-de-infancia-y-adolescencia-de-la-policia-nacional-realiza-actividades-de-vigilancia-y-control-en-neiva\/#primaryimage","url":"https:\/\/luchonoticias.com\/wp-content\/uploads\/2023\/08\/WhatsApp-Image-2023-08-16-at-12.35.31-PM-2-1024x771.jpeg","contentUrl":"https:\/\/luchonoticias.com\/wp-content\/uploads\/2023\/08\/WhatsApp-Image-2023-08-16-at-12.35.31-PM-2-1024x771.jpeg"},{"@type":"BreadcrumbList","@id":"https:\/\/luchonoticias.com\/editor\/grupo-de-infancia-y-adolescencia-de-la-policia-nacional-realiza-actividades-de-vigilancia-y-control-en-neiva\/#breadcrumb","itemListElement":[{"@type":"ListItem","position":1,"name":"Portada","item":"https:\/\/luchonoticias.com\/editor\/"},{"@type":"ListItem","position":2,"name":"Grupo de Infancia y Adolescencia de la Polic\u00eda Nacional realiza actividades de vigilancia y control en Neiva"}]},{"@type":"WebSite","@id":"https:\/\/luchonoticias.com\/editor\/#website","url":"https:\/\/luchonoticias.com\/editor\/","name":"","description":"","publisher":{"@id":"https:\/\/luchonoticias.com\/editor\/#\/schema\/person\/7a7fd911f58561fd056dbac7b55af9cd"},"potentialAction":[{"@type":"SearchAction","target":{"@type":"EntryPoint","urlTemplate":"https:\/\/luchonoticias.com\/editor\/?s={search_term_string}"},"query-input":{"@type":"PropertyValueSpecification","valueRequired":true,"valueName":"search_term_string"}}],"inLanguage":"es"},{"@type":["Person","Organization"],"@id":"https:\/\/luchonoticias.com\/editor\/#\/schema\/person\/7a7fd911f58561fd056dbac7b55af9cd","name":"admin","image":{"@type":"ImageObject","inLanguage":"es","@id":"https:\/\/luchonoticias.com\/editor\/#\/schema\/person\/image\/","url":"https:\/\/luchonoticias.com\/editor\/wp-content\/uploads\/2024\/02\/cropped-cropped-logolu.webp","contentUrl":"https:\/\/luchonoticias.com\/editor\/wp-content\/uploads\/2024\/02\/cropped-cropped-logolu.webp","width":382,"height":170,"caption":"admin"},"logo":{"@id":"https:\/\/luchonoticias.com\/editor\/#\/schema\/person\/image\/"},"sameAs":["https:\/\/www.facebook.com\/luchonoticiasneiva"]},{"@type":"Person","@id":"https:\/\/luchonoticias.com\/editor\/#\/schema\/person\/29217990ddf6f14e35912b2866d591fb","name":"Editor General","image":{"@type":"ImageObject","inLanguage":"es","@id":"https:\/\/luchonoticias.com\/editor\/#\/schema\/person\/image\/","url":"https:\/\/luchonoticias.com\/editor\/wp-content\/uploads\/2024\/02\/cropped-cropped-logolu-150x150.webp","contentUrl":"https:\/\/luchonoticias.com\/editor\/wp-content\/uploads\/2024\/02\/cropped-cropped-logolu-150x150.webp","caption":"Editor General"},"sameAs":["https:\/\/luchonoticias.com\/"],"url":"https:\/\/luchonoticias.com\/editor\/author\/editor-general\/"}]}},"_links":{"self":[{"href":"https:\/\/luchonoticias.com\/editor\/wp-json\/wp\/v2\/posts\/58368","targetHints":{"allow":["GET"]}}],"collection":[{"href":"https:\/\/luchonoticias.com\/editor\/wp-json\/wp\/v2\/posts"}],"about":[{"href":"https:\/\/luchonoticias.com\/editor\/wp-json\/wp\/v2\/types\/post"}],"author":[{"embeddable":true,"href":"https:\/\/luchonoticias.com\/editor\/wp-json\/wp\/v2\/users\/2"}],"replies":[{"embeddable":true,"href":"https:\/\/luchonoticias.com\/editor\/wp-json\/wp\/v2\/comments?post=58368"}],"version-history":[{"count":0,"href":"https:\/\/luchonoticias.com\/editor\/wp-json\/wp\/v2\/posts\/58368\/revisions"}],"wp:attachment":[{"href":"https:\/\/luchonoticias.com\/editor\/wp-json\/wp\/v2\/media?parent=58368"}],"wp:term":[{"taxonomy":"category","embeddable":true,"href":"https:\/\/luchonoticias.com\/editor\/wp-json\/wp\/v2\/categories?post=58368"},{"taxonomy":"post_tag","embeddable":true,"href":"https:\/\/luchonoticias.com\/editor\/wp-json\/wp\/v2\/tags?post=58368"}],"curies":[{"name":"wp","href":"https:\/\/api.w.org\/{rel}","templated":true}]}}