{"id":58380,"date":"2023-08-17T07:35:22","date_gmt":"2023-08-17T12:35:22","guid":{"rendered":"https:\/\/luchonoticias.com\/?p=58380"},"modified":"2023-08-17T07:35:23","modified_gmt":"2023-08-17T12:35:23","slug":"respaldo-en-materia-de-vivienda-a-las-mujeres-del-huila","status":"publish","type":"post","link":"https:\/\/luchonoticias.com\/editor\/respaldo-en-materia-de-vivienda-a-las-mujeres-del-huila\/","title":{"rendered":"Respaldo en materia de vivienda a las mujeres del Huila"},"content":{"rendered":"\n<p>Andr\u00e9s Felipe Puentes, director de Fonvihuila, expuso en la sesi\u00f3n del Comit\u00e9 Intersectorial de la Pol\u00edtica P\u00fablica de Equidad de G\u00e9nero CICIPPEG, el importante apoyo que ha realizado el Gobierno Departamental en cuanto a\u00a0<strong>mejoramiento de vivienda y la adquisici\u00f3n de vivienda nueva para madres cabezas de hogar, victimas por desplazamiento, v\u00edctimas de la violencia intrafamiliar, madres comunitarias, ind\u00edgenas<\/strong>, entre otras.<\/p>\n\n\n\n<p>\u201cPuntualmente en el tema de mujeres hicimos estas cifras gruesas en vivienda nueva y en mejoramientos de vivienda, tenemos\u00a0<strong>m\u00e1s de 2.400 mujeres beneficiadas de estos 43 proyectos<\/strong>, de los cuales a\u00a0<strong>1.400 mujeres se les ha realizado mejoramientos de vivienda en el sector rural, y 822 en el sector urbano<\/strong>\u00a0y llevamos 200 asignaciones en vivienda nueva\u201d, indic\u00f3 Puentes.<\/p>\n\n\n\n<p>Seg\u00fan el funcionario, son&nbsp;<strong>43 proyectos entre mejoramientos de vivienda y vivienda nueva<\/strong>&nbsp;a lo largo y ancho del departamento, donde se han desarrollado 6.500 mejoramientos de vivienda de los 3.946 que se ten\u00edan estipulados, y respecto a vivienda nueva 3.800 viviendas con asignaci\u00f3n de subsidios.<\/p>\n\n\n\n<p>\u201cLas ejecuciones en mejoramientos de vivienda est\u00e1n por el orden del 50% de ejecuci\u00f3n, y esperamos cerrar esta vigencia con una ejecuci\u00f3n por encima del 90%, no vamos a alcanzar a ejecutar el 100%, pero los recursos van a quedar garantizados\u201d, sostuvo.<\/p>\n","protected":false},"excerpt":{"rendered":"<p>Andr\u00e9s Felipe Puentes, director de Fonvihuila, expuso en la sesi\u00f3n del Comit\u00e9 Intersectorial de la Pol\u00edtica P\u00fablica de Equidad de G\u00e9nero CICIPPEG, el importante apoyo que ha realizado el Gobierno Departamental en cuanto a\u00a0mejoramiento de vivienda y la adquisici\u00f3n de vivienda nueva para madres cabezas de hogar, victimas por desplazamiento, v\u00edctimas de la violencia intrafamiliar, [&hellip;]<\/p>\n","protected":false},"author":2,"featured_media":0,"comment_status":"open","ping_status":"open","sticky":false,"template":"","format":"standard","meta":{"footnotes":""},"categories":[33],"tags":[],"class_list":["post-58380","post","type-post","status-publish","format-standard","hentry","category-huila"],"yoast_head":"<!-- This site is optimized with the Yoast SEO plugin v26.6 - https:\/\/yoast.com\/wordpress\/plugins\/seo\/ -->\n<title>Respaldo en materia de vivienda a las mujeres del Huila -<\/title>\n<meta name=\"robots\" content=\"index, follow, max-snippet:-1, max-image-preview:large, max-video-preview:-1\" \/>\n<link rel=\"canonical\" href=\"https:\/\/luchonoticias.com\/editor\/respaldo-en-materia-de-vivienda-a-las-mujeres-del-huila\/\" \/>\n<meta property=\"og:locale\" content=\"es_ES\" \/>\n<meta property=\"og:type\" content=\"article\" \/>\n<meta property=\"og:title\" content=\"Respaldo en materia de vivienda a las mujeres del Huila -\" \/>\n<meta property=\"og:url\" content=\"https:\/\/luchonoticias.com\/editor\/respaldo-en-materia-de-vivienda-a-las-mujeres-del-huila\/\" \/>\n<meta property=\"article:publisher\" content=\"https:\/\/www.facebook.com\/luchonoticiasneiva\" \/>\n<meta property=\"article:published_time\" content=\"2023-08-17T12:35:22+00:00\" \/>\n<meta property=\"article:modified_time\" content=\"2023-08-17T12:35:23+00:00\" \/>\n<meta name=\"author\" content=\"Editor General\" \/>\n<meta name=\"twitter:card\" content=\"summary_large_image\" \/>\n<meta name=\"twitter:label1\" content=\"Escrito por\" \/>\n\t<meta name=\"twitter:data1\" content=\"Editor General\" \/>\n\t<meta name=\"twitter:label2\" content=\"Tiempo de lectura\" \/>\n\t<meta name=\"twitter:data2\" content=\"1 minuto\" \/>\n<script type=\"application\/ld+json\" class=\"yoast-schema-graph\">{\"@context\":\"https:\/\/schema.org\",\"@graph\":[{\"@type\":\"Article\",\"@id\":\"https:\/\/luchonoticias.com\/editor\/respaldo-en-materia-de-vivienda-a-las-mujeres-del-huila\/#article\",\"isPartOf\":{\"@id\":\"https:\/\/luchonoticias.com\/editor\/respaldo-en-materia-de-vivienda-a-las-mujeres-del-huila\/\"},\"author\":{\"name\":\"Editor General\",\"@id\":\"https:\/\/luchonoticias.com\/editor\/#\/schema\/person\/29217990ddf6f14e35912b2866d591fb\"},\"headline\":\"Respaldo en materia de vivienda a las mujeres del Huila\",\"datePublished\":\"2023-08-17T12:35:22+00:00\",\"dateModified\":\"2023-08-17T12:35:23+00:00\",\"mainEntityOfPage\":{\"@id\":\"https:\/\/luchonoticias.com\/editor\/respaldo-en-materia-de-vivienda-a-las-mujeres-del-huila\/\"},\"wordCount\":224,\"commentCount\":0,\"publisher\":{\"@id\":\"https:\/\/luchonoticias.com\/editor\/#\/schema\/person\/7a7fd911f58561fd056dbac7b55af9cd\"},\"articleSection\":[\"Huila\"],\"inLanguage\":\"es\",\"potentialAction\":[{\"@type\":\"CommentAction\",\"name\":\"Comment\",\"target\":[\"https:\/\/luchonoticias.com\/editor\/respaldo-en-materia-de-vivienda-a-las-mujeres-del-huila\/#respond\"]}]},{\"@type\":\"WebPage\",\"@id\":\"https:\/\/luchonoticias.com\/editor\/respaldo-en-materia-de-vivienda-a-las-mujeres-del-huila\/\",\"url\":\"https:\/\/luchonoticias.com\/editor\/respaldo-en-materia-de-vivienda-a-las-mujeres-del-huila\/\",\"name\":\"Respaldo en materia de vivienda a las mujeres del Huila -\",\"isPartOf\":{\"@id\":\"https:\/\/luchonoticias.com\/editor\/#website\"},\"datePublished\":\"2023-08-17T12:35:22+00:00\",\"dateModified\":\"2023-08-17T12:35:23+00:00\",\"breadcrumb\":{\"@id\":\"https:\/\/luchonoticias.com\/editor\/respaldo-en-materia-de-vivienda-a-las-mujeres-del-huila\/#breadcrumb\"},\"inLanguage\":\"es\",\"potentialAction\":[{\"@type\":\"ReadAction\",\"target\":[\"https:\/\/luchonoticias.com\/editor\/respaldo-en-materia-de-vivienda-a-las-mujeres-del-huila\/\"]}]},{\"@type\":\"BreadcrumbList\",\"@id\":\"https:\/\/luchonoticias.com\/editor\/respaldo-en-materia-de-vivienda-a-las-mujeres-del-huila\/#breadcrumb\",\"itemListElement\":[{\"@type\":\"ListItem\",\"position\":1,\"name\":\"Portada\",\"item\":\"https:\/\/luchonoticias.com\/editor\/\"},{\"@type\":\"ListItem\",\"position\":2,\"name\":\"Respaldo en materia de vivienda a las mujeres del Huila\"}]},{\"@type\":\"WebSite\",\"@id\":\"https:\/\/luchonoticias.com\/editor\/#website\",\"url\":\"https:\/\/luchonoticias.com\/editor\/\",\"name\":\"\",\"description\":\"\",\"publisher\":{\"@id\":\"https:\/\/luchonoticias.com\/editor\/#\/schema\/person\/7a7fd911f58561fd056dbac7b55af9cd\"},\"potentialAction\":[{\"@type\":\"SearchAction\",\"target\":{\"@type\":\"EntryPoint\",\"urlTemplate\":\"https:\/\/luchonoticias.com\/editor\/?s={search_term_string}\"},\"query-input\":{\"@type\":\"PropertyValueSpecification\",\"valueRequired\":true,\"valueName\":\"search_term_string\"}}],\"inLanguage\":\"es\"},{\"@type\":[\"Person\",\"Organization\"],\"@id\":\"https:\/\/luchonoticias.com\/editor\/#\/schema\/person\/7a7fd911f58561fd056dbac7b55af9cd\",\"name\":\"admin\",\"image\":{\"@type\":\"ImageObject\",\"inLanguage\":\"es\",\"@id\":\"https:\/\/luchonoticias.com\/editor\/#\/schema\/person\/image\/\",\"url\":\"https:\/\/luchonoticias.com\/editor\/wp-content\/uploads\/2024\/02\/cropped-cropped-logolu.webp\",\"contentUrl\":\"https:\/\/luchonoticias.com\/editor\/wp-content\/uploads\/2024\/02\/cropped-cropped-logolu.webp\",\"width\":382,\"height\":170,\"caption\":\"admin\"},\"logo\":{\"@id\":\"https:\/\/luchonoticias.com\/editor\/#\/schema\/person\/image\/\"},\"sameAs\":[\"https:\/\/www.facebook.com\/luchonoticiasneiva\"]},{\"@type\":\"Person\",\"@id\":\"https:\/\/luchonoticias.com\/editor\/#\/schema\/person\/29217990ddf6f14e35912b2866d591fb\",\"name\":\"Editor General\",\"image\":{\"@type\":\"ImageObject\",\"inLanguage\":\"es\",\"@id\":\"https:\/\/luchonoticias.com\/editor\/#\/schema\/person\/image\/\",\"url\":\"https:\/\/luchonoticias.com\/editor\/wp-content\/uploads\/2024\/02\/cropped-cropped-logolu-150x150.webp\",\"contentUrl\":\"https:\/\/luchonoticias.com\/editor\/wp-content\/uploads\/2024\/02\/cropped-cropped-logolu-150x150.webp\",\"caption\":\"Editor General\"},\"sameAs\":[\"https:\/\/luchonoticias.com\/\"],\"url\":\"https:\/\/luchonoticias.com\/editor\/author\/editor-general\/\"}]}<\/script>\n<!-- \/ Yoast SEO plugin. -->","yoast_head_json":{"title":"Respaldo en materia de vivienda a las mujeres del Huila -","robots":{"index":"index","follow":"follow","max-snippet":"max-snippet:-1","max-image-preview":"max-image-preview:large","max-video-preview":"max-video-preview:-1"},"canonical":"https:\/\/luchonoticias.com\/editor\/respaldo-en-materia-de-vivienda-a-las-mujeres-del-huila\/","og_locale":"es_ES","og_type":"article","og_title":"Respaldo en materia de vivienda a las mujeres del Huila -","og_url":"https:\/\/luchonoticias.com\/editor\/respaldo-en-materia-de-vivienda-a-las-mujeres-del-huila\/","article_publisher":"https:\/\/www.facebook.com\/luchonoticiasneiva","article_published_time":"2023-08-17T12:35:22+00:00","article_modified_time":"2023-08-17T12:35:23+00:00","author":"Editor General","twitter_card":"summary_large_image","twitter_misc":{"Escrito por":"Editor General","Tiempo de lectura":"1 minuto"},"schema":{"@context":"https:\/\/schema.org","@graph":[{"@type":"Article","@id":"https:\/\/luchonoticias.com\/editor\/respaldo-en-materia-de-vivienda-a-las-mujeres-del-huila\/#article","isPartOf":{"@id":"https:\/\/luchonoticias.com\/editor\/respaldo-en-materia-de-vivienda-a-las-mujeres-del-huila\/"},"author":{"name":"Editor General","@id":"https:\/\/luchonoticias.com\/editor\/#\/schema\/person\/29217990ddf6f14e35912b2866d591fb"},"headline":"Respaldo en materia de vivienda a las mujeres del Huila","datePublished":"2023-08-17T12:35:22+00:00","dateModified":"2023-08-17T12:35:23+00:00","mainEntityOfPage":{"@id":"https:\/\/luchonoticias.com\/editor\/respaldo-en-materia-de-vivienda-a-las-mujeres-del-huila\/"},"wordCount":224,"commentCount":0,"publisher":{"@id":"https:\/\/luchonoticias.com\/editor\/#\/schema\/person\/7a7fd911f58561fd056dbac7b55af9cd"},"articleSection":["Huila"],"inLanguage":"es","potentialAction":[{"@type":"CommentAction","name":"Comment","target":["https:\/\/luchonoticias.com\/editor\/respaldo-en-materia-de-vivienda-a-las-mujeres-del-huila\/#respond"]}]},{"@type":"WebPage","@id":"https:\/\/luchonoticias.com\/editor\/respaldo-en-materia-de-vivienda-a-las-mujeres-del-huila\/","url":"https:\/\/luchonoticias.com\/editor\/respaldo-en-materia-de-vivienda-a-las-mujeres-del-huila\/","name":"Respaldo en materia de vivienda a las mujeres del Huila -","isPartOf":{"@id":"https:\/\/luchonoticias.com\/editor\/#website"},"datePublished":"2023-08-17T12:35:22+00:00","dateModified":"2023-08-17T12:35:23+00:00","breadcrumb":{"@id":"https:\/\/luchonoticias.com\/editor\/respaldo-en-materia-de-vivienda-a-las-mujeres-del-huila\/#breadcrumb"},"inLanguage":"es","potentialAction":[{"@type":"ReadAction","target":["https:\/\/luchonoticias.com\/editor\/respaldo-en-materia-de-vivienda-a-las-mujeres-del-huila\/"]}]},{"@type":"BreadcrumbList","@id":"https:\/\/luchonoticias.com\/editor\/respaldo-en-materia-de-vivienda-a-las-mujeres-del-huila\/#breadcrumb","itemListElement":[{"@type":"ListItem","position":1,"name":"Portada","item":"https:\/\/luchonoticias.com\/editor\/"},{"@type":"ListItem","position":2,"name":"Respaldo en materia de vivienda a las mujeres del Huila"}]},{"@type":"WebSite","@id":"https:\/\/luchonoticias.com\/editor\/#website","url":"https:\/\/luchonoticias.com\/editor\/","name":"","description":"","publisher":{"@id":"https:\/\/luchonoticias.com\/editor\/#\/schema\/person\/7a7fd911f58561fd056dbac7b55af9cd"},"potentialAction":[{"@type":"SearchAction","target":{"@type":"EntryPoint","urlTemplate":"https:\/\/luchonoticias.com\/editor\/?s={search_term_string}"},"query-input":{"@type":"PropertyValueSpecification","valueRequired":true,"valueName":"search_term_string"}}],"inLanguage":"es"},{"@type":["Person","Organization"],"@id":"https:\/\/luchonoticias.com\/editor\/#\/schema\/person\/7a7fd911f58561fd056dbac7b55af9cd","name":"admin","image":{"@type":"ImageObject","inLanguage":"es","@id":"https:\/\/luchonoticias.com\/editor\/#\/schema\/person\/image\/","url":"https:\/\/luchonoticias.com\/editor\/wp-content\/uploads\/2024\/02\/cropped-cropped-logolu.webp","contentUrl":"https:\/\/luchonoticias.com\/editor\/wp-content\/uploads\/2024\/02\/cropped-cropped-logolu.webp","width":382,"height":170,"caption":"admin"},"logo":{"@id":"https:\/\/luchonoticias.com\/editor\/#\/schema\/person\/image\/"},"sameAs":["https:\/\/www.facebook.com\/luchonoticiasneiva"]},{"@type":"Person","@id":"https:\/\/luchonoticias.com\/editor\/#\/schema\/person\/29217990ddf6f14e35912b2866d591fb","name":"Editor General","image":{"@type":"ImageObject","inLanguage":"es","@id":"https:\/\/luchonoticias.com\/editor\/#\/schema\/person\/image\/","url":"https:\/\/luchonoticias.com\/editor\/wp-content\/uploads\/2024\/02\/cropped-cropped-logolu-150x150.webp","contentUrl":"https:\/\/luchonoticias.com\/editor\/wp-content\/uploads\/2024\/02\/cropped-cropped-logolu-150x150.webp","caption":"Editor General"},"sameAs":["https:\/\/luchonoticias.com\/"],"url":"https:\/\/luchonoticias.com\/editor\/author\/editor-general\/"}]}},"_links":{"self":[{"href":"https:\/\/luchonoticias.com\/editor\/wp-json\/wp\/v2\/posts\/58380","targetHints":{"allow":["GET"]}}],"collection":[{"href":"https:\/\/luchonoticias.com\/editor\/wp-json\/wp\/v2\/posts"}],"about":[{"href":"https:\/\/luchonoticias.com\/editor\/wp-json\/wp\/v2\/types\/post"}],"author":[{"embeddable":true,"href":"https:\/\/luchonoticias.com\/editor\/wp-json\/wp\/v2\/users\/2"}],"replies":[{"embeddable":true,"href":"https:\/\/luchonoticias.com\/editor\/wp-json\/wp\/v2\/comments?post=58380"}],"version-history":[{"count":0,"href":"https:\/\/luchonoticias.com\/editor\/wp-json\/wp\/v2\/posts\/58380\/revisions"}],"wp:attachment":[{"href":"https:\/\/luchonoticias.com\/editor\/wp-json\/wp\/v2\/media?parent=58380"}],"wp:term":[{"taxonomy":"category","embeddable":true,"href":"https:\/\/luchonoticias.com\/editor\/wp-json\/wp\/v2\/categories?post=58380"},{"taxonomy":"post_tag","embeddable":true,"href":"https:\/\/luchonoticias.com\/editor\/wp-json\/wp\/v2\/tags?post=58380"}],"curies":[{"name":"wp","href":"https:\/\/api.w.org\/{rel}","templated":true}]}}