{"id":58442,"date":"2023-08-17T08:24:41","date_gmt":"2023-08-17T13:24:41","guid":{"rendered":"https:\/\/luchonoticias.com\/?p=58442"},"modified":"2023-08-17T08:24:42","modified_gmt":"2023-08-17T13:24:42","slug":"plenaria-avanza-discusion-del-proyecto-de-reduccion-de-salarios-a-congresistas","status":"publish","type":"post","link":"https:\/\/luchonoticias.com\/editor\/plenaria-avanza-discusion-del-proyecto-de-reduccion-de-salarios-a-congresistas\/","title":{"rendered":"Plenaria avanza discusi\u00f3n del proyecto de reducci\u00f3n de salarios a congresistas"},"content":{"rendered":"\n<p>&nbsp;La plenaria del Senado abord\u00f3 en su sesi\u00f3n del mi\u00e9rcoles el Proyecto de Ley n\u00famero 097 de 2022 Senado \u201cPor medio de la cual se modifica el r\u00e9gimen salarial de los Congresistas de la Rep\u00fablica y se modifica la Ley 4 de 1992\u201d, el cual tiene como autor y coordinador ponente al senador Jonathan Ferney Pulido Hern\u00e1ndez (Alianza Verde).<\/p>\n\n\n\n<p>Este proyecto, que se estudia por la plenaria en segundo debate, tambi\u00e9n tiene como ponentes a los senadores Germ\u00e1n Alcides Blanco \u00c1lvarez (Partido Conservador), Paloma Susana Valencia Laserna (Centro Democr\u00e1tico), Alejandro Carlos Chac\u00f3n Camargo (Partido Liberal), Juli\u00e1n Gallo Cubillos (Comunes), Aida Marina Quilcu\u00e9 Vivas (Coalici\u00f3n Pacto Hist\u00f3rico) y Alfredo Rafael Deluque Zuleta (Partido de la U).<\/p>\n\n\n\n<p>Tras una amplia discusi\u00f3n inicial del proyecto, se aprob\u00f3 con 63 votos el informe con el cual se termina la ponencia y se dispuso, por parte de la primer vicepresidente, senadora Mar\u00eda Jos\u00e9 Pizarro (Coalici\u00f3n Pacto Hist\u00f3rico), que en acuerdo con el ponente y los partidos, la discusi\u00f3n del articulado se abrir\u00e1 de lleno en la sesi\u00f3n del martes 22 de agosto.<\/p>\n\n\n\n<p>En la presentaci\u00f3n del proyecto, el senador Pulido expres\u00f3 que la ley busca modificar los componentes con los cuales se paga los salarios de los congresistas colombianos.<\/p>\n\n\n\n<p>En la actualidad el salario de los congresistas es de $43.418.537, dividido as\u00ed: Asignaci\u00f3n b\u00e1sica $10.498.210, gastos de representaci\u00f3n $18.663.490 y una prima de servicios de $14.256.837.<\/p>\n\n\n\n<p>La reforma, seg\u00fan indic\u00f3 el senador, es la eliminaci\u00f3n de prima especial del salario de $43.418.537, a los congresistas se les descuenta $1.736.741 por servicio de salud, $2.767.932 por pensi\u00f3n, $434.200 por el fondo de solidaridad pensional, $434.200 solidaridad por subsistencia, $10.686.000 por retenci\u00f3n en la fuente, para un neto al mes por $27.359.464.<\/p>\n","protected":false},"excerpt":{"rendered":"<p>&nbsp;La plenaria del Senado abord\u00f3 en su sesi\u00f3n del mi\u00e9rcoles el Proyecto de Ley n\u00famero 097 de 2022 Senado \u201cPor medio de la cual se modifica el r\u00e9gimen salarial de los Congresistas de la Rep\u00fablica y se modifica la Ley 4 de 1992\u201d, el cual tiene como autor y coordinador ponente al senador Jonathan Ferney [&hellip;]<\/p>\n","protected":false},"author":2,"featured_media":0,"comment_status":"open","ping_status":"open","sticky":false,"template":"","format":"standard","meta":{"footnotes":""},"categories":[36,617],"tags":[],"class_list":["post-58442","post","type-post","status-publish","format-standard","hentry","category-destacado","category-politica"],"yoast_head":"<!-- This site is optimized with the Yoast SEO plugin v26.6 - https:\/\/yoast.com\/wordpress\/plugins\/seo\/ -->\n<title>Plenaria avanza discusi\u00f3n del proyecto de reducci\u00f3n de salarios a congresistas -<\/title>\n<meta name=\"robots\" content=\"index, follow, max-snippet:-1, max-image-preview:large, max-video-preview:-1\" \/>\n<link rel=\"canonical\" href=\"https:\/\/luchonoticias.com\/editor\/plenaria-avanza-discusion-del-proyecto-de-reduccion-de-salarios-a-congresistas\/\" \/>\n<meta property=\"og:locale\" content=\"es_ES\" \/>\n<meta property=\"og:type\" content=\"article\" \/>\n<meta property=\"og:title\" content=\"Plenaria avanza discusi\u00f3n del proyecto de reducci\u00f3n de salarios a congresistas -\" \/>\n<meta property=\"og:url\" content=\"https:\/\/luchonoticias.com\/editor\/plenaria-avanza-discusion-del-proyecto-de-reduccion-de-salarios-a-congresistas\/\" \/>\n<meta property=\"article:publisher\" content=\"https:\/\/www.facebook.com\/luchonoticiasneiva\" \/>\n<meta property=\"article:published_time\" content=\"2023-08-17T13:24:41+00:00\" \/>\n<meta property=\"article:modified_time\" content=\"2023-08-17T13:24:42+00:00\" \/>\n<meta name=\"author\" content=\"Editor General\" \/>\n<meta name=\"twitter:card\" content=\"summary_large_image\" \/>\n<meta name=\"twitter:label1\" content=\"Escrito por\" \/>\n\t<meta name=\"twitter:data1\" content=\"Editor General\" \/>\n\t<meta name=\"twitter:label2\" content=\"Tiempo de lectura\" \/>\n\t<meta name=\"twitter:data2\" content=\"1 minuto\" \/>\n<script type=\"application\/ld+json\" class=\"yoast-schema-graph\">{\"@context\":\"https:\/\/schema.org\",\"@graph\":[{\"@type\":\"Article\",\"@id\":\"https:\/\/luchonoticias.com\/editor\/plenaria-avanza-discusion-del-proyecto-de-reduccion-de-salarios-a-congresistas\/#article\",\"isPartOf\":{\"@id\":\"https:\/\/luchonoticias.com\/editor\/plenaria-avanza-discusion-del-proyecto-de-reduccion-de-salarios-a-congresistas\/\"},\"author\":{\"name\":\"Editor General\",\"@id\":\"https:\/\/luchonoticias.com\/editor\/#\/schema\/person\/29217990ddf6f14e35912b2866d591fb\"},\"headline\":\"Plenaria avanza discusi\u00f3n del proyecto de reducci\u00f3n de salarios a congresistas\",\"datePublished\":\"2023-08-17T13:24:41+00:00\",\"dateModified\":\"2023-08-17T13:24:42+00:00\",\"mainEntityOfPage\":{\"@id\":\"https:\/\/luchonoticias.com\/editor\/plenaria-avanza-discusion-del-proyecto-de-reduccion-de-salarios-a-congresistas\/\"},\"wordCount\":309,\"commentCount\":0,\"publisher\":{\"@id\":\"https:\/\/luchonoticias.com\/editor\/#\/schema\/person\/7a7fd911f58561fd056dbac7b55af9cd\"},\"articleSection\":[\"Destacado\",\"Pol\u00edtica\"],\"inLanguage\":\"es\",\"potentialAction\":[{\"@type\":\"CommentAction\",\"name\":\"Comment\",\"target\":[\"https:\/\/luchonoticias.com\/editor\/plenaria-avanza-discusion-del-proyecto-de-reduccion-de-salarios-a-congresistas\/#respond\"]}]},{\"@type\":\"WebPage\",\"@id\":\"https:\/\/luchonoticias.com\/editor\/plenaria-avanza-discusion-del-proyecto-de-reduccion-de-salarios-a-congresistas\/\",\"url\":\"https:\/\/luchonoticias.com\/editor\/plenaria-avanza-discusion-del-proyecto-de-reduccion-de-salarios-a-congresistas\/\",\"name\":\"Plenaria avanza discusi\u00f3n del proyecto de reducci\u00f3n de salarios a congresistas -\",\"isPartOf\":{\"@id\":\"https:\/\/luchonoticias.com\/editor\/#website\"},\"datePublished\":\"2023-08-17T13:24:41+00:00\",\"dateModified\":\"2023-08-17T13:24:42+00:00\",\"breadcrumb\":{\"@id\":\"https:\/\/luchonoticias.com\/editor\/plenaria-avanza-discusion-del-proyecto-de-reduccion-de-salarios-a-congresistas\/#breadcrumb\"},\"inLanguage\":\"es\",\"potentialAction\":[{\"@type\":\"ReadAction\",\"target\":[\"https:\/\/luchonoticias.com\/editor\/plenaria-avanza-discusion-del-proyecto-de-reduccion-de-salarios-a-congresistas\/\"]}]},{\"@type\":\"BreadcrumbList\",\"@id\":\"https:\/\/luchonoticias.com\/editor\/plenaria-avanza-discusion-del-proyecto-de-reduccion-de-salarios-a-congresistas\/#breadcrumb\",\"itemListElement\":[{\"@type\":\"ListItem\",\"position\":1,\"name\":\"Portada\",\"item\":\"https:\/\/luchonoticias.com\/editor\/\"},{\"@type\":\"ListItem\",\"position\":2,\"name\":\"Plenaria avanza discusi\u00f3n del proyecto de reducci\u00f3n de salarios a congresistas\"}]},{\"@type\":\"WebSite\",\"@id\":\"https:\/\/luchonoticias.com\/editor\/#website\",\"url\":\"https:\/\/luchonoticias.com\/editor\/\",\"name\":\"\",\"description\":\"\",\"publisher\":{\"@id\":\"https:\/\/luchonoticias.com\/editor\/#\/schema\/person\/7a7fd911f58561fd056dbac7b55af9cd\"},\"potentialAction\":[{\"@type\":\"SearchAction\",\"target\":{\"@type\":\"EntryPoint\",\"urlTemplate\":\"https:\/\/luchonoticias.com\/editor\/?s={search_term_string}\"},\"query-input\":{\"@type\":\"PropertyValueSpecification\",\"valueRequired\":true,\"valueName\":\"search_term_string\"}}],\"inLanguage\":\"es\"},{\"@type\":[\"Person\",\"Organization\"],\"@id\":\"https:\/\/luchonoticias.com\/editor\/#\/schema\/person\/7a7fd911f58561fd056dbac7b55af9cd\",\"name\":\"admin\",\"image\":{\"@type\":\"ImageObject\",\"inLanguage\":\"es\",\"@id\":\"https:\/\/luchonoticias.com\/editor\/#\/schema\/person\/image\/\",\"url\":\"https:\/\/luchonoticias.com\/editor\/wp-content\/uploads\/2024\/02\/cropped-cropped-logolu.webp\",\"contentUrl\":\"https:\/\/luchonoticias.com\/editor\/wp-content\/uploads\/2024\/02\/cropped-cropped-logolu.webp\",\"width\":382,\"height\":170,\"caption\":\"admin\"},\"logo\":{\"@id\":\"https:\/\/luchonoticias.com\/editor\/#\/schema\/person\/image\/\"},\"sameAs\":[\"https:\/\/www.facebook.com\/luchonoticiasneiva\"]},{\"@type\":\"Person\",\"@id\":\"https:\/\/luchonoticias.com\/editor\/#\/schema\/person\/29217990ddf6f14e35912b2866d591fb\",\"name\":\"Editor General\",\"image\":{\"@type\":\"ImageObject\",\"inLanguage\":\"es\",\"@id\":\"https:\/\/luchonoticias.com\/editor\/#\/schema\/person\/image\/\",\"url\":\"https:\/\/luchonoticias.com\/editor\/wp-content\/uploads\/2024\/02\/cropped-cropped-logolu-150x150.webp\",\"contentUrl\":\"https:\/\/luchonoticias.com\/editor\/wp-content\/uploads\/2024\/02\/cropped-cropped-logolu-150x150.webp\",\"caption\":\"Editor General\"},\"sameAs\":[\"https:\/\/luchonoticias.com\/\"],\"url\":\"https:\/\/luchonoticias.com\/editor\/author\/editor-general\/\"}]}<\/script>\n<!-- \/ Yoast SEO plugin. -->","yoast_head_json":{"title":"Plenaria avanza discusi\u00f3n del proyecto de reducci\u00f3n de salarios a congresistas -","robots":{"index":"index","follow":"follow","max-snippet":"max-snippet:-1","max-image-preview":"max-image-preview:large","max-video-preview":"max-video-preview:-1"},"canonical":"https:\/\/luchonoticias.com\/editor\/plenaria-avanza-discusion-del-proyecto-de-reduccion-de-salarios-a-congresistas\/","og_locale":"es_ES","og_type":"article","og_title":"Plenaria avanza discusi\u00f3n del proyecto de reducci\u00f3n de salarios a congresistas -","og_url":"https:\/\/luchonoticias.com\/editor\/plenaria-avanza-discusion-del-proyecto-de-reduccion-de-salarios-a-congresistas\/","article_publisher":"https:\/\/www.facebook.com\/luchonoticiasneiva","article_published_time":"2023-08-17T13:24:41+00:00","article_modified_time":"2023-08-17T13:24:42+00:00","author":"Editor General","twitter_card":"summary_large_image","twitter_misc":{"Escrito por":"Editor General","Tiempo de lectura":"1 minuto"},"schema":{"@context":"https:\/\/schema.org","@graph":[{"@type":"Article","@id":"https:\/\/luchonoticias.com\/editor\/plenaria-avanza-discusion-del-proyecto-de-reduccion-de-salarios-a-congresistas\/#article","isPartOf":{"@id":"https:\/\/luchonoticias.com\/editor\/plenaria-avanza-discusion-del-proyecto-de-reduccion-de-salarios-a-congresistas\/"},"author":{"name":"Editor General","@id":"https:\/\/luchonoticias.com\/editor\/#\/schema\/person\/29217990ddf6f14e35912b2866d591fb"},"headline":"Plenaria avanza discusi\u00f3n del proyecto de reducci\u00f3n de salarios a congresistas","datePublished":"2023-08-17T13:24:41+00:00","dateModified":"2023-08-17T13:24:42+00:00","mainEntityOfPage":{"@id":"https:\/\/luchonoticias.com\/editor\/plenaria-avanza-discusion-del-proyecto-de-reduccion-de-salarios-a-congresistas\/"},"wordCount":309,"commentCount":0,"publisher":{"@id":"https:\/\/luchonoticias.com\/editor\/#\/schema\/person\/7a7fd911f58561fd056dbac7b55af9cd"},"articleSection":["Destacado","Pol\u00edtica"],"inLanguage":"es","potentialAction":[{"@type":"CommentAction","name":"Comment","target":["https:\/\/luchonoticias.com\/editor\/plenaria-avanza-discusion-del-proyecto-de-reduccion-de-salarios-a-congresistas\/#respond"]}]},{"@type":"WebPage","@id":"https:\/\/luchonoticias.com\/editor\/plenaria-avanza-discusion-del-proyecto-de-reduccion-de-salarios-a-congresistas\/","url":"https:\/\/luchonoticias.com\/editor\/plenaria-avanza-discusion-del-proyecto-de-reduccion-de-salarios-a-congresistas\/","name":"Plenaria avanza discusi\u00f3n del proyecto de reducci\u00f3n de salarios a congresistas -","isPartOf":{"@id":"https:\/\/luchonoticias.com\/editor\/#website"},"datePublished":"2023-08-17T13:24:41+00:00","dateModified":"2023-08-17T13:24:42+00:00","breadcrumb":{"@id":"https:\/\/luchonoticias.com\/editor\/plenaria-avanza-discusion-del-proyecto-de-reduccion-de-salarios-a-congresistas\/#breadcrumb"},"inLanguage":"es","potentialAction":[{"@type":"ReadAction","target":["https:\/\/luchonoticias.com\/editor\/plenaria-avanza-discusion-del-proyecto-de-reduccion-de-salarios-a-congresistas\/"]}]},{"@type":"BreadcrumbList","@id":"https:\/\/luchonoticias.com\/editor\/plenaria-avanza-discusion-del-proyecto-de-reduccion-de-salarios-a-congresistas\/#breadcrumb","itemListElement":[{"@type":"ListItem","position":1,"name":"Portada","item":"https:\/\/luchonoticias.com\/editor\/"},{"@type":"ListItem","position":2,"name":"Plenaria avanza discusi\u00f3n del proyecto de reducci\u00f3n de salarios a congresistas"}]},{"@type":"WebSite","@id":"https:\/\/luchonoticias.com\/editor\/#website","url":"https:\/\/luchonoticias.com\/editor\/","name":"","description":"","publisher":{"@id":"https:\/\/luchonoticias.com\/editor\/#\/schema\/person\/7a7fd911f58561fd056dbac7b55af9cd"},"potentialAction":[{"@type":"SearchAction","target":{"@type":"EntryPoint","urlTemplate":"https:\/\/luchonoticias.com\/editor\/?s={search_term_string}"},"query-input":{"@type":"PropertyValueSpecification","valueRequired":true,"valueName":"search_term_string"}}],"inLanguage":"es"},{"@type":["Person","Organization"],"@id":"https:\/\/luchonoticias.com\/editor\/#\/schema\/person\/7a7fd911f58561fd056dbac7b55af9cd","name":"admin","image":{"@type":"ImageObject","inLanguage":"es","@id":"https:\/\/luchonoticias.com\/editor\/#\/schema\/person\/image\/","url":"https:\/\/luchonoticias.com\/editor\/wp-content\/uploads\/2024\/02\/cropped-cropped-logolu.webp","contentUrl":"https:\/\/luchonoticias.com\/editor\/wp-content\/uploads\/2024\/02\/cropped-cropped-logolu.webp","width":382,"height":170,"caption":"admin"},"logo":{"@id":"https:\/\/luchonoticias.com\/editor\/#\/schema\/person\/image\/"},"sameAs":["https:\/\/www.facebook.com\/luchonoticiasneiva"]},{"@type":"Person","@id":"https:\/\/luchonoticias.com\/editor\/#\/schema\/person\/29217990ddf6f14e35912b2866d591fb","name":"Editor General","image":{"@type":"ImageObject","inLanguage":"es","@id":"https:\/\/luchonoticias.com\/editor\/#\/schema\/person\/image\/","url":"https:\/\/luchonoticias.com\/editor\/wp-content\/uploads\/2024\/02\/cropped-cropped-logolu-150x150.webp","contentUrl":"https:\/\/luchonoticias.com\/editor\/wp-content\/uploads\/2024\/02\/cropped-cropped-logolu-150x150.webp","caption":"Editor General"},"sameAs":["https:\/\/luchonoticias.com\/"],"url":"https:\/\/luchonoticias.com\/editor\/author\/editor-general\/"}]}},"_links":{"self":[{"href":"https:\/\/luchonoticias.com\/editor\/wp-json\/wp\/v2\/posts\/58442","targetHints":{"allow":["GET"]}}],"collection":[{"href":"https:\/\/luchonoticias.com\/editor\/wp-json\/wp\/v2\/posts"}],"about":[{"href":"https:\/\/luchonoticias.com\/editor\/wp-json\/wp\/v2\/types\/post"}],"author":[{"embeddable":true,"href":"https:\/\/luchonoticias.com\/editor\/wp-json\/wp\/v2\/users\/2"}],"replies":[{"embeddable":true,"href":"https:\/\/luchonoticias.com\/editor\/wp-json\/wp\/v2\/comments?post=58442"}],"version-history":[{"count":0,"href":"https:\/\/luchonoticias.com\/editor\/wp-json\/wp\/v2\/posts\/58442\/revisions"}],"wp:attachment":[{"href":"https:\/\/luchonoticias.com\/editor\/wp-json\/wp\/v2\/media?parent=58442"}],"wp:term":[{"taxonomy":"category","embeddable":true,"href":"https:\/\/luchonoticias.com\/editor\/wp-json\/wp\/v2\/categories?post=58442"},{"taxonomy":"post_tag","embeddable":true,"href":"https:\/\/luchonoticias.com\/editor\/wp-json\/wp\/v2\/tags?post=58442"}],"curies":[{"name":"wp","href":"https:\/\/api.w.org\/{rel}","templated":true}]}}