{"id":58450,"date":"2023-08-17T14:42:22","date_gmt":"2023-08-17T19:42:22","guid":{"rendered":"https:\/\/luchonoticias.com\/?p=58450"},"modified":"2023-08-17T14:42:23","modified_gmt":"2023-08-17T19:42:23","slug":"ministro-del-interior-invita-a-gobernadores-a-trabajar-juntos-en-el-plan-de-seguridad-para-las-elecciones-de-octubre","status":"publish","type":"post","link":"https:\/\/luchonoticias.com\/editor\/ministro-del-interior-invita-a-gobernadores-a-trabajar-juntos-en-el-plan-de-seguridad-para-las-elecciones-de-octubre\/","title":{"rendered":"Ministro del Interior invita a gobernadores a trabajar juntos en el plan de seguridad para las elecciones de octubre"},"content":{"rendered":"\n<p>El Ministro del Interior, Luis Fernando Velasco, invit\u00f3 este jueves a los gobernadores del pa\u00eds a participar \u2013junto con el gobierno nacional y los altos mandos de la fuerza p\u00fablica\u2013 en la sesi\u00f3n de trabajo de la Comisi\u00f3n de Seguimiento Electoral, durante la cual se estructurar\u00e1 el plan de seguridad para las elecciones territoriales del 29 de octubre de 2023.<\/p>\n\n\n\n<p>\u201cHay que trabajar con los gobernadores en mejorar las condiciones de seguridad. La reuni\u00f3n de la Comisi\u00f3n de Seguimiento Electoral, de hecho, la pr\u00f3xima, la haremos en la Direcci\u00f3n Nacional de la Polic\u00eda, donde esperamos contar con algunos de los gobernadores\u201d, precis\u00f3 el ministro de la pol\u00edtica en entrevista con Colombia Hoy Radio, el informativo de la Presidencia de la Rep\u00fablica.<\/p>\n\n\n\n<p>El ministro Velasco anunci\u00f3 que para este prop\u00f3sito el gobierno movilizar\u00e1 en el territorio alrededor de 300 mil hombres y mujeres de la fuerza p\u00fablica.<\/p>\n\n\n\n<p>Dijo que se trata de que los gobernadores \u201cvengan tranquilamente, conozcan c\u00f3mo los se\u00f1ores generales de las Fuerzas Militares, de Ej\u00e9rcito, Armada, FAC, el Director de la Polic\u00eda Nacional y su equipo de oficiales y el Director de la Unidad Nacional de Protecci\u00f3n (UNP) est\u00e1n trabajando para que precisamente en la regi\u00f3n podamos movilizar para cuidar el proceso electoral m\u00e1s de 300 mil hombres\u201d.<\/p>\n\n\n\n<p>Agreg\u00f3 que en la Comisi\u00f3n de Seguimiento Electoral se establecer\u00e1n las responsabilidades y la ubicaci\u00f3n del personal uniformado, tema en el cual los gobernadores pueden ayudar, tomando en cuenta que \u201cesta tarea no es solo del gobierno nacional sino no tambi\u00e9n de los gobiernos regionales y, por supuesto, \u201cqueremos coordinar esa tarea y ese trabajo con ellos\u201d.<\/p>\n","protected":false},"excerpt":{"rendered":"<p>El Ministro del Interior, Luis Fernando Velasco, invit\u00f3 este jueves a los gobernadores del pa\u00eds a participar \u2013junto con el gobierno nacional y los altos mandos de la fuerza p\u00fablica\u2013 en la sesi\u00f3n de trabajo de la Comisi\u00f3n de Seguimiento Electoral, durante la cual se estructurar\u00e1 el plan de seguridad para las elecciones territoriales del [&hellip;]<\/p>\n","protected":false},"author":2,"featured_media":0,"comment_status":"open","ping_status":"open","sticky":false,"template":"","format":"standard","meta":{"footnotes":""},"categories":[36,32],"tags":[],"class_list":["post-58450","post","type-post","status-publish","format-standard","hentry","category-destacado","category-nacional"],"yoast_head":"<!-- This site is optimized with the Yoast SEO plugin v26.6 - https:\/\/yoast.com\/wordpress\/plugins\/seo\/ -->\n<title>Ministro del Interior invita a gobernadores a trabajar juntos en el plan de seguridad para las elecciones de octubre -<\/title>\n<meta name=\"robots\" content=\"index, follow, max-snippet:-1, max-image-preview:large, max-video-preview:-1\" \/>\n<link rel=\"canonical\" href=\"https:\/\/luchonoticias.com\/editor\/ministro-del-interior-invita-a-gobernadores-a-trabajar-juntos-en-el-plan-de-seguridad-para-las-elecciones-de-octubre\/\" \/>\n<meta property=\"og:locale\" content=\"es_ES\" \/>\n<meta property=\"og:type\" content=\"article\" \/>\n<meta property=\"og:title\" content=\"Ministro del Interior invita a gobernadores a trabajar juntos en el plan de seguridad para las elecciones de octubre -\" \/>\n<meta property=\"og:url\" content=\"https:\/\/luchonoticias.com\/editor\/ministro-del-interior-invita-a-gobernadores-a-trabajar-juntos-en-el-plan-de-seguridad-para-las-elecciones-de-octubre\/\" \/>\n<meta property=\"article:publisher\" content=\"https:\/\/www.facebook.com\/luchonoticiasneiva\" \/>\n<meta property=\"article:published_time\" content=\"2023-08-17T19:42:22+00:00\" \/>\n<meta property=\"article:modified_time\" content=\"2023-08-17T19:42:23+00:00\" \/>\n<meta name=\"author\" content=\"Editor General\" \/>\n<meta name=\"twitter:card\" content=\"summary_large_image\" \/>\n<meta name=\"twitter:label1\" content=\"Escrito por\" \/>\n\t<meta name=\"twitter:data1\" content=\"Editor General\" \/>\n\t<meta name=\"twitter:label2\" content=\"Tiempo de lectura\" \/>\n\t<meta name=\"twitter:data2\" content=\"1 minuto\" \/>\n<script type=\"application\/ld+json\" class=\"yoast-schema-graph\">{\"@context\":\"https:\/\/schema.org\",\"@graph\":[{\"@type\":\"Article\",\"@id\":\"https:\/\/luchonoticias.com\/editor\/ministro-del-interior-invita-a-gobernadores-a-trabajar-juntos-en-el-plan-de-seguridad-para-las-elecciones-de-octubre\/#article\",\"isPartOf\":{\"@id\":\"https:\/\/luchonoticias.com\/editor\/ministro-del-interior-invita-a-gobernadores-a-trabajar-juntos-en-el-plan-de-seguridad-para-las-elecciones-de-octubre\/\"},\"author\":{\"name\":\"Editor General\",\"@id\":\"https:\/\/luchonoticias.com\/editor\/#\/schema\/person\/29217990ddf6f14e35912b2866d591fb\"},\"headline\":\"Ministro del Interior invita a gobernadores a trabajar juntos en el plan de seguridad para las elecciones de octubre\",\"datePublished\":\"2023-08-17T19:42:22+00:00\",\"dateModified\":\"2023-08-17T19:42:23+00:00\",\"mainEntityOfPage\":{\"@id\":\"https:\/\/luchonoticias.com\/editor\/ministro-del-interior-invita-a-gobernadores-a-trabajar-juntos-en-el-plan-de-seguridad-para-las-elecciones-de-octubre\/\"},\"wordCount\":307,\"commentCount\":0,\"publisher\":{\"@id\":\"https:\/\/luchonoticias.com\/editor\/#\/schema\/person\/7a7fd911f58561fd056dbac7b55af9cd\"},\"articleSection\":[\"Destacado\",\"Nacional\"],\"inLanguage\":\"es\",\"potentialAction\":[{\"@type\":\"CommentAction\",\"name\":\"Comment\",\"target\":[\"https:\/\/luchonoticias.com\/editor\/ministro-del-interior-invita-a-gobernadores-a-trabajar-juntos-en-el-plan-de-seguridad-para-las-elecciones-de-octubre\/#respond\"]}]},{\"@type\":\"WebPage\",\"@id\":\"https:\/\/luchonoticias.com\/editor\/ministro-del-interior-invita-a-gobernadores-a-trabajar-juntos-en-el-plan-de-seguridad-para-las-elecciones-de-octubre\/\",\"url\":\"https:\/\/luchonoticias.com\/editor\/ministro-del-interior-invita-a-gobernadores-a-trabajar-juntos-en-el-plan-de-seguridad-para-las-elecciones-de-octubre\/\",\"name\":\"Ministro del Interior invita a gobernadores a trabajar juntos en el plan de seguridad para las elecciones de octubre -\",\"isPartOf\":{\"@id\":\"https:\/\/luchonoticias.com\/editor\/#website\"},\"datePublished\":\"2023-08-17T19:42:22+00:00\",\"dateModified\":\"2023-08-17T19:42:23+00:00\",\"breadcrumb\":{\"@id\":\"https:\/\/luchonoticias.com\/editor\/ministro-del-interior-invita-a-gobernadores-a-trabajar-juntos-en-el-plan-de-seguridad-para-las-elecciones-de-octubre\/#breadcrumb\"},\"inLanguage\":\"es\",\"potentialAction\":[{\"@type\":\"ReadAction\",\"target\":[\"https:\/\/luchonoticias.com\/editor\/ministro-del-interior-invita-a-gobernadores-a-trabajar-juntos-en-el-plan-de-seguridad-para-las-elecciones-de-octubre\/\"]}]},{\"@type\":\"BreadcrumbList\",\"@id\":\"https:\/\/luchonoticias.com\/editor\/ministro-del-interior-invita-a-gobernadores-a-trabajar-juntos-en-el-plan-de-seguridad-para-las-elecciones-de-octubre\/#breadcrumb\",\"itemListElement\":[{\"@type\":\"ListItem\",\"position\":1,\"name\":\"Portada\",\"item\":\"https:\/\/luchonoticias.com\/editor\/\"},{\"@type\":\"ListItem\",\"position\":2,\"name\":\"Ministro del Interior invita a gobernadores a trabajar juntos en el plan de seguridad para las elecciones de octubre\"}]},{\"@type\":\"WebSite\",\"@id\":\"https:\/\/luchonoticias.com\/editor\/#website\",\"url\":\"https:\/\/luchonoticias.com\/editor\/\",\"name\":\"\",\"description\":\"\",\"publisher\":{\"@id\":\"https:\/\/luchonoticias.com\/editor\/#\/schema\/person\/7a7fd911f58561fd056dbac7b55af9cd\"},\"potentialAction\":[{\"@type\":\"SearchAction\",\"target\":{\"@type\":\"EntryPoint\",\"urlTemplate\":\"https:\/\/luchonoticias.com\/editor\/?s={search_term_string}\"},\"query-input\":{\"@type\":\"PropertyValueSpecification\",\"valueRequired\":true,\"valueName\":\"search_term_string\"}}],\"inLanguage\":\"es\"},{\"@type\":[\"Person\",\"Organization\"],\"@id\":\"https:\/\/luchonoticias.com\/editor\/#\/schema\/person\/7a7fd911f58561fd056dbac7b55af9cd\",\"name\":\"admin\",\"image\":{\"@type\":\"ImageObject\",\"inLanguage\":\"es\",\"@id\":\"https:\/\/luchonoticias.com\/editor\/#\/schema\/person\/image\/\",\"url\":\"https:\/\/luchonoticias.com\/editor\/wp-content\/uploads\/2024\/02\/cropped-cropped-logolu.webp\",\"contentUrl\":\"https:\/\/luchonoticias.com\/editor\/wp-content\/uploads\/2024\/02\/cropped-cropped-logolu.webp\",\"width\":382,\"height\":170,\"caption\":\"admin\"},\"logo\":{\"@id\":\"https:\/\/luchonoticias.com\/editor\/#\/schema\/person\/image\/\"},\"sameAs\":[\"https:\/\/www.facebook.com\/luchonoticiasneiva\"]},{\"@type\":\"Person\",\"@id\":\"https:\/\/luchonoticias.com\/editor\/#\/schema\/person\/29217990ddf6f14e35912b2866d591fb\",\"name\":\"Editor General\",\"image\":{\"@type\":\"ImageObject\",\"inLanguage\":\"es\",\"@id\":\"https:\/\/luchonoticias.com\/editor\/#\/schema\/person\/image\/\",\"url\":\"https:\/\/luchonoticias.com\/editor\/wp-content\/uploads\/2024\/02\/cropped-cropped-logolu-150x150.webp\",\"contentUrl\":\"https:\/\/luchonoticias.com\/editor\/wp-content\/uploads\/2024\/02\/cropped-cropped-logolu-150x150.webp\",\"caption\":\"Editor General\"},\"sameAs\":[\"https:\/\/luchonoticias.com\/\"],\"url\":\"https:\/\/luchonoticias.com\/editor\/author\/editor-general\/\"}]}<\/script>\n<!-- \/ Yoast SEO plugin. -->","yoast_head_json":{"title":"Ministro del Interior invita a gobernadores a trabajar juntos en el plan de seguridad para las elecciones de octubre -","robots":{"index":"index","follow":"follow","max-snippet":"max-snippet:-1","max-image-preview":"max-image-preview:large","max-video-preview":"max-video-preview:-1"},"canonical":"https:\/\/luchonoticias.com\/editor\/ministro-del-interior-invita-a-gobernadores-a-trabajar-juntos-en-el-plan-de-seguridad-para-las-elecciones-de-octubre\/","og_locale":"es_ES","og_type":"article","og_title":"Ministro del Interior invita a gobernadores a trabajar juntos en el plan de seguridad para las elecciones de octubre -","og_url":"https:\/\/luchonoticias.com\/editor\/ministro-del-interior-invita-a-gobernadores-a-trabajar-juntos-en-el-plan-de-seguridad-para-las-elecciones-de-octubre\/","article_publisher":"https:\/\/www.facebook.com\/luchonoticiasneiva","article_published_time":"2023-08-17T19:42:22+00:00","article_modified_time":"2023-08-17T19:42:23+00:00","author":"Editor General","twitter_card":"summary_large_image","twitter_misc":{"Escrito por":"Editor General","Tiempo de lectura":"1 minuto"},"schema":{"@context":"https:\/\/schema.org","@graph":[{"@type":"Article","@id":"https:\/\/luchonoticias.com\/editor\/ministro-del-interior-invita-a-gobernadores-a-trabajar-juntos-en-el-plan-de-seguridad-para-las-elecciones-de-octubre\/#article","isPartOf":{"@id":"https:\/\/luchonoticias.com\/editor\/ministro-del-interior-invita-a-gobernadores-a-trabajar-juntos-en-el-plan-de-seguridad-para-las-elecciones-de-octubre\/"},"author":{"name":"Editor General","@id":"https:\/\/luchonoticias.com\/editor\/#\/schema\/person\/29217990ddf6f14e35912b2866d591fb"},"headline":"Ministro del Interior invita a gobernadores a trabajar juntos en el plan de seguridad para las elecciones de octubre","datePublished":"2023-08-17T19:42:22+00:00","dateModified":"2023-08-17T19:42:23+00:00","mainEntityOfPage":{"@id":"https:\/\/luchonoticias.com\/editor\/ministro-del-interior-invita-a-gobernadores-a-trabajar-juntos-en-el-plan-de-seguridad-para-las-elecciones-de-octubre\/"},"wordCount":307,"commentCount":0,"publisher":{"@id":"https:\/\/luchonoticias.com\/editor\/#\/schema\/person\/7a7fd911f58561fd056dbac7b55af9cd"},"articleSection":["Destacado","Nacional"],"inLanguage":"es","potentialAction":[{"@type":"CommentAction","name":"Comment","target":["https:\/\/luchonoticias.com\/editor\/ministro-del-interior-invita-a-gobernadores-a-trabajar-juntos-en-el-plan-de-seguridad-para-las-elecciones-de-octubre\/#respond"]}]},{"@type":"WebPage","@id":"https:\/\/luchonoticias.com\/editor\/ministro-del-interior-invita-a-gobernadores-a-trabajar-juntos-en-el-plan-de-seguridad-para-las-elecciones-de-octubre\/","url":"https:\/\/luchonoticias.com\/editor\/ministro-del-interior-invita-a-gobernadores-a-trabajar-juntos-en-el-plan-de-seguridad-para-las-elecciones-de-octubre\/","name":"Ministro del Interior invita a gobernadores a trabajar juntos en el plan de seguridad para las elecciones de octubre -","isPartOf":{"@id":"https:\/\/luchonoticias.com\/editor\/#website"},"datePublished":"2023-08-17T19:42:22+00:00","dateModified":"2023-08-17T19:42:23+00:00","breadcrumb":{"@id":"https:\/\/luchonoticias.com\/editor\/ministro-del-interior-invita-a-gobernadores-a-trabajar-juntos-en-el-plan-de-seguridad-para-las-elecciones-de-octubre\/#breadcrumb"},"inLanguage":"es","potentialAction":[{"@type":"ReadAction","target":["https:\/\/luchonoticias.com\/editor\/ministro-del-interior-invita-a-gobernadores-a-trabajar-juntos-en-el-plan-de-seguridad-para-las-elecciones-de-octubre\/"]}]},{"@type":"BreadcrumbList","@id":"https:\/\/luchonoticias.com\/editor\/ministro-del-interior-invita-a-gobernadores-a-trabajar-juntos-en-el-plan-de-seguridad-para-las-elecciones-de-octubre\/#breadcrumb","itemListElement":[{"@type":"ListItem","position":1,"name":"Portada","item":"https:\/\/luchonoticias.com\/editor\/"},{"@type":"ListItem","position":2,"name":"Ministro del Interior invita a gobernadores a trabajar juntos en el plan de seguridad para las elecciones de octubre"}]},{"@type":"WebSite","@id":"https:\/\/luchonoticias.com\/editor\/#website","url":"https:\/\/luchonoticias.com\/editor\/","name":"","description":"","publisher":{"@id":"https:\/\/luchonoticias.com\/editor\/#\/schema\/person\/7a7fd911f58561fd056dbac7b55af9cd"},"potentialAction":[{"@type":"SearchAction","target":{"@type":"EntryPoint","urlTemplate":"https:\/\/luchonoticias.com\/editor\/?s={search_term_string}"},"query-input":{"@type":"PropertyValueSpecification","valueRequired":true,"valueName":"search_term_string"}}],"inLanguage":"es"},{"@type":["Person","Organization"],"@id":"https:\/\/luchonoticias.com\/editor\/#\/schema\/person\/7a7fd911f58561fd056dbac7b55af9cd","name":"admin","image":{"@type":"ImageObject","inLanguage":"es","@id":"https:\/\/luchonoticias.com\/editor\/#\/schema\/person\/image\/","url":"https:\/\/luchonoticias.com\/editor\/wp-content\/uploads\/2024\/02\/cropped-cropped-logolu.webp","contentUrl":"https:\/\/luchonoticias.com\/editor\/wp-content\/uploads\/2024\/02\/cropped-cropped-logolu.webp","width":382,"height":170,"caption":"admin"},"logo":{"@id":"https:\/\/luchonoticias.com\/editor\/#\/schema\/person\/image\/"},"sameAs":["https:\/\/www.facebook.com\/luchonoticiasneiva"]},{"@type":"Person","@id":"https:\/\/luchonoticias.com\/editor\/#\/schema\/person\/29217990ddf6f14e35912b2866d591fb","name":"Editor General","image":{"@type":"ImageObject","inLanguage":"es","@id":"https:\/\/luchonoticias.com\/editor\/#\/schema\/person\/image\/","url":"https:\/\/luchonoticias.com\/editor\/wp-content\/uploads\/2024\/02\/cropped-cropped-logolu-150x150.webp","contentUrl":"https:\/\/luchonoticias.com\/editor\/wp-content\/uploads\/2024\/02\/cropped-cropped-logolu-150x150.webp","caption":"Editor General"},"sameAs":["https:\/\/luchonoticias.com\/"],"url":"https:\/\/luchonoticias.com\/editor\/author\/editor-general\/"}]}},"_links":{"self":[{"href":"https:\/\/luchonoticias.com\/editor\/wp-json\/wp\/v2\/posts\/58450","targetHints":{"allow":["GET"]}}],"collection":[{"href":"https:\/\/luchonoticias.com\/editor\/wp-json\/wp\/v2\/posts"}],"about":[{"href":"https:\/\/luchonoticias.com\/editor\/wp-json\/wp\/v2\/types\/post"}],"author":[{"embeddable":true,"href":"https:\/\/luchonoticias.com\/editor\/wp-json\/wp\/v2\/users\/2"}],"replies":[{"embeddable":true,"href":"https:\/\/luchonoticias.com\/editor\/wp-json\/wp\/v2\/comments?post=58450"}],"version-history":[{"count":0,"href":"https:\/\/luchonoticias.com\/editor\/wp-json\/wp\/v2\/posts\/58450\/revisions"}],"wp:attachment":[{"href":"https:\/\/luchonoticias.com\/editor\/wp-json\/wp\/v2\/media?parent=58450"}],"wp:term":[{"taxonomy":"category","embeddable":true,"href":"https:\/\/luchonoticias.com\/editor\/wp-json\/wp\/v2\/categories?post=58450"},{"taxonomy":"post_tag","embeddable":true,"href":"https:\/\/luchonoticias.com\/editor\/wp-json\/wp\/v2\/tags?post=58450"}],"curies":[{"name":"wp","href":"https:\/\/api.w.org\/{rel}","templated":true}]}}