{"id":58456,"date":"2023-08-17T14:47:47","date_gmt":"2023-08-17T19:47:47","guid":{"rendered":"https:\/\/luchonoticias.com\/?p=58456"},"modified":"2023-08-17T14:47:48","modified_gmt":"2023-08-17T19:47:48","slug":"se-aprueba-en-camara-de-representantes-proyecto-de-ley-que-garantiza-derechos-a-mujeres-y-personas-buscadoras-de-victimas-de-desaparicion-forzada","status":"publish","type":"post","link":"https:\/\/luchonoticias.com\/editor\/se-aprueba-en-camara-de-representantes-proyecto-de-ley-que-garantiza-derechos-a-mujeres-y-personas-buscadoras-de-victimas-de-desaparicion-forzada\/","title":{"rendered":"Se aprueba en C\u00e1mara de Representantes proyecto de ley que garantiza derechos a mujeres y personas buscadoras de v\u00edctimas de desaparici\u00f3n forzada"},"content":{"rendered":"\n<p>Se aprob\u00f3 en C\u00e1mara de Representantes Proyecto de Ley N\u00b0 242 de 2022 que tiene por objeto la protecci\u00f3n integral, el reconocimiento de la labor y la protecci\u00f3n de los derechos de las mujeres y personas buscadoras de v\u00edctimas de desaparici\u00f3n forzada como constructoras de paz y sujetos de especial protecci\u00f3n constitucional. Este reconocimiento y protecci\u00f3n tienen como fundamento el contexto al que se exponen las mujeres y personas buscadoras durante su labor de b\u00fasqueda de las y los desaparecidos, caracterizado por el sufrimiento de distintos tipos de violaci\u00f3n a derechos humanos y otros delitos con afectaciones a su salud f\u00edsica y mental.<\/p>\n\n\n\n<p>Este proyecto de ley liderado por el ponente el HR. Alirio Uribe Mu\u00f1oz, adopta medidas de sensibilizaci\u00f3n, informaci\u00f3n, atenci\u00f3n y prevenci\u00f3n, de acuerdo a est\u00e1ndares e instrumentos internacionales ratificados por Colombia, as\u00ed como la jurisprudencia constitucional y mandatos legales previos.<\/p>\n\n\n\n<p>\u00c9ste, comprende entre otras, los principios que deben guiar la interpretaci\u00f3n y aplicaci\u00f3n de la ley (dignidad, igualdad y no discriminaci\u00f3n, atenci\u00f3n diferenciada, entre otros), los deberes del Estado frente a las mujeres y personas buscadoras, el reconocimiento del rol de las mujeres y personas buscadoras como constructoras de paz, y determina su participaci\u00f3n dentro del marco de implementaci\u00f3n de las pol\u00edticas p\u00fablicas de paz.<\/p>\n\n\n\n<p>Define medidas de sensibilizaci\u00f3n p\u00fablica, contempla el deber de rendir un informe anual ante la Comisi\u00f3n de Derechos Humanos y de la Comisi\u00f3n Legal para la Equidad de la Mujer del Congreso de la Rep\u00fablica con la participaci\u00f3n efectiva de las mujeres y personas buscadoras y sus organizaciones; adem\u00e1s, consagra el 23 de octubre como D\u00eda Nacional de Reconocimiento a las Mujeres y Personas Buscadoras de V\u00edctimas de Desaparici\u00f3n Forzada, en homenaje a su contribuci\u00f3n a la b\u00fasqueda y al esclarecimiento de la Verdad, recordando que en dicha fecha Fabiola Lalinde fue detenida y encarcelada junto con su hijo Jorge Iv\u00e1n bajo cargos falsos de narcotr\u00e1fico, cuando desarrollaba una intensa b\u00fasqueda de su hijo Luis Fernando Lalinde, desaparecido en el municipio de Jard\u00edn, Antioquia y determina medidas de atenci\u00f3n y prevenci\u00f3n en el orden territorial.<\/p>\n\n\n\n<p>Asimismo, otorga oportunidades de acceso a los subsidios o programas de vivienda de inter\u00e9s social y de mejoramiento de vivienda a las unidades familiares en las cuales, por lo menos uno de sus integrantes, sean mujeres y personas buscadoras de v\u00edctimas de desaparici\u00f3n forzada, da garant\u00edas de salud, participaci\u00f3n y reparaci\u00f3n.<\/p>\n\n\n\n<p>En buena hora avanza este proyecto a favor de la Paz y la reconstrucci\u00f3n de la memoria a favor de las v\u00edctimas en Colombia. Ver Plenaria:\u00a0<\/p>\n\n\n\n<figure class=\"wp-block-embed is-type-video is-provider-youtube wp-block-embed-youtube wp-embed-aspect-16-9 wp-has-aspect-ratio\"><div class=\"wp-block-embed__wrapper\">\n<iframe loading=\"lazy\" title=\"Plenaria C\u00e1mara de Representantes: Proyectos de Ley - 15\/08\/2023\" width=\"500\" height=\"281\" src=\"https:\/\/www.youtube.com\/embed\/9y00a9_mJDE?feature=oembed\" frameborder=\"0\" allow=\"accelerometer; autoplay; clipboard-write; encrypted-media; gyroscope; picture-in-picture; web-share\" referrerpolicy=\"strict-origin-when-cross-origin\" allowfullscreen><\/iframe>\n<\/div><\/figure>\n","protected":false},"excerpt":{"rendered":"<p>Se aprob\u00f3 en C\u00e1mara de Representantes Proyecto de Ley N\u00b0 242 de 2022 que tiene por objeto la protecci\u00f3n integral, el reconocimiento de la labor y la protecci\u00f3n de los derechos de las mujeres y personas buscadoras de v\u00edctimas de desaparici\u00f3n forzada como constructoras de paz y sujetos de especial protecci\u00f3n constitucional. Este reconocimiento y [&hellip;]<\/p>\n","protected":false},"author":2,"featured_media":0,"comment_status":"open","ping_status":"open","sticky":false,"template":"","format":"standard","meta":{"footnotes":""},"categories":[36,617,3962],"tags":[],"class_list":["post-58456","post","type-post","status-publish","format-standard","hentry","category-destacado","category-politica","category-videos"],"yoast_head":"<!-- This site is optimized with the Yoast SEO plugin v26.6 - https:\/\/yoast.com\/wordpress\/plugins\/seo\/ -->\n<title>Se aprueba en C\u00e1mara de Representantes proyecto de ley que garantiza derechos a mujeres y personas buscadoras de v\u00edctimas de desaparici\u00f3n forzada -<\/title>\n<meta name=\"robots\" content=\"index, follow, max-snippet:-1, max-image-preview:large, max-video-preview:-1\" \/>\n<link rel=\"canonical\" href=\"https:\/\/luchonoticias.com\/editor\/se-aprueba-en-camara-de-representantes-proyecto-de-ley-que-garantiza-derechos-a-mujeres-y-personas-buscadoras-de-victimas-de-desaparicion-forzada\/\" \/>\n<meta property=\"og:locale\" content=\"es_ES\" \/>\n<meta property=\"og:type\" content=\"article\" \/>\n<meta property=\"og:title\" content=\"Se aprueba en C\u00e1mara de Representantes proyecto de ley que garantiza derechos a mujeres y personas buscadoras de v\u00edctimas de desaparici\u00f3n forzada -\" \/>\n<meta property=\"og:url\" content=\"https:\/\/luchonoticias.com\/editor\/se-aprueba-en-camara-de-representantes-proyecto-de-ley-que-garantiza-derechos-a-mujeres-y-personas-buscadoras-de-victimas-de-desaparicion-forzada\/\" \/>\n<meta property=\"article:publisher\" content=\"https:\/\/www.facebook.com\/luchonoticiasneiva\" \/>\n<meta property=\"article:published_time\" content=\"2023-08-17T19:47:47+00:00\" \/>\n<meta property=\"article:modified_time\" content=\"2023-08-17T19:47:48+00:00\" \/>\n<meta name=\"author\" content=\"Editor General\" \/>\n<meta name=\"twitter:card\" content=\"summary_large_image\" \/>\n<meta name=\"twitter:label1\" content=\"Escrito por\" \/>\n\t<meta name=\"twitter:data1\" content=\"Editor General\" \/>\n\t<meta name=\"twitter:label2\" content=\"Tiempo de lectura\" \/>\n\t<meta name=\"twitter:data2\" content=\"2 minutos\" \/>\n<script type=\"application\/ld+json\" class=\"yoast-schema-graph\">{\"@context\":\"https:\/\/schema.org\",\"@graph\":[{\"@type\":\"Article\",\"@id\":\"https:\/\/luchonoticias.com\/editor\/se-aprueba-en-camara-de-representantes-proyecto-de-ley-que-garantiza-derechos-a-mujeres-y-personas-buscadoras-de-victimas-de-desaparicion-forzada\/#article\",\"isPartOf\":{\"@id\":\"https:\/\/luchonoticias.com\/editor\/se-aprueba-en-camara-de-representantes-proyecto-de-ley-que-garantiza-derechos-a-mujeres-y-personas-buscadoras-de-victimas-de-desaparicion-forzada\/\"},\"author\":{\"name\":\"Editor General\",\"@id\":\"https:\/\/luchonoticias.com\/editor\/#\/schema\/person\/29217990ddf6f14e35912b2866d591fb\"},\"headline\":\"Se aprueba en C\u00e1mara de Representantes proyecto de ley que garantiza derechos a mujeres y personas buscadoras de v\u00edctimas de desaparici\u00f3n forzada\",\"datePublished\":\"2023-08-17T19:47:47+00:00\",\"dateModified\":\"2023-08-17T19:47:48+00:00\",\"mainEntityOfPage\":{\"@id\":\"https:\/\/luchonoticias.com\/editor\/se-aprueba-en-camara-de-representantes-proyecto-de-ley-que-garantiza-derechos-a-mujeres-y-personas-buscadoras-de-victimas-de-desaparicion-forzada\/\"},\"wordCount\":501,\"commentCount\":0,\"publisher\":{\"@id\":\"https:\/\/luchonoticias.com\/editor\/#\/schema\/person\/7a7fd911f58561fd056dbac7b55af9cd\"},\"articleSection\":[\"Destacado\",\"Pol\u00edtica\",\"Videos\"],\"inLanguage\":\"es\",\"potentialAction\":[{\"@type\":\"CommentAction\",\"name\":\"Comment\",\"target\":[\"https:\/\/luchonoticias.com\/editor\/se-aprueba-en-camara-de-representantes-proyecto-de-ley-que-garantiza-derechos-a-mujeres-y-personas-buscadoras-de-victimas-de-desaparicion-forzada\/#respond\"]}]},{\"@type\":\"WebPage\",\"@id\":\"https:\/\/luchonoticias.com\/editor\/se-aprueba-en-camara-de-representantes-proyecto-de-ley-que-garantiza-derechos-a-mujeres-y-personas-buscadoras-de-victimas-de-desaparicion-forzada\/\",\"url\":\"https:\/\/luchonoticias.com\/editor\/se-aprueba-en-camara-de-representantes-proyecto-de-ley-que-garantiza-derechos-a-mujeres-y-personas-buscadoras-de-victimas-de-desaparicion-forzada\/\",\"name\":\"Se aprueba en C\u00e1mara de Representantes proyecto de ley que garantiza derechos a mujeres y personas buscadoras de v\u00edctimas de desaparici\u00f3n forzada -\",\"isPartOf\":{\"@id\":\"https:\/\/luchonoticias.com\/editor\/#website\"},\"datePublished\":\"2023-08-17T19:47:47+00:00\",\"dateModified\":\"2023-08-17T19:47:48+00:00\",\"breadcrumb\":{\"@id\":\"https:\/\/luchonoticias.com\/editor\/se-aprueba-en-camara-de-representantes-proyecto-de-ley-que-garantiza-derechos-a-mujeres-y-personas-buscadoras-de-victimas-de-desaparicion-forzada\/#breadcrumb\"},\"inLanguage\":\"es\",\"potentialAction\":[{\"@type\":\"ReadAction\",\"target\":[\"https:\/\/luchonoticias.com\/editor\/se-aprueba-en-camara-de-representantes-proyecto-de-ley-que-garantiza-derechos-a-mujeres-y-personas-buscadoras-de-victimas-de-desaparicion-forzada\/\"]}]},{\"@type\":\"BreadcrumbList\",\"@id\":\"https:\/\/luchonoticias.com\/editor\/se-aprueba-en-camara-de-representantes-proyecto-de-ley-que-garantiza-derechos-a-mujeres-y-personas-buscadoras-de-victimas-de-desaparicion-forzada\/#breadcrumb\",\"itemListElement\":[{\"@type\":\"ListItem\",\"position\":1,\"name\":\"Portada\",\"item\":\"https:\/\/luchonoticias.com\/editor\/\"},{\"@type\":\"ListItem\",\"position\":2,\"name\":\"Se aprueba en C\u00e1mara de Representantes proyecto de ley que garantiza derechos a mujeres y personas buscadoras de v\u00edctimas de desaparici\u00f3n forzada\"}]},{\"@type\":\"WebSite\",\"@id\":\"https:\/\/luchonoticias.com\/editor\/#website\",\"url\":\"https:\/\/luchonoticias.com\/editor\/\",\"name\":\"\",\"description\":\"\",\"publisher\":{\"@id\":\"https:\/\/luchonoticias.com\/editor\/#\/schema\/person\/7a7fd911f58561fd056dbac7b55af9cd\"},\"potentialAction\":[{\"@type\":\"SearchAction\",\"target\":{\"@type\":\"EntryPoint\",\"urlTemplate\":\"https:\/\/luchonoticias.com\/editor\/?s={search_term_string}\"},\"query-input\":{\"@type\":\"PropertyValueSpecification\",\"valueRequired\":true,\"valueName\":\"search_term_string\"}}],\"inLanguage\":\"es\"},{\"@type\":[\"Person\",\"Organization\"],\"@id\":\"https:\/\/luchonoticias.com\/editor\/#\/schema\/person\/7a7fd911f58561fd056dbac7b55af9cd\",\"name\":\"admin\",\"image\":{\"@type\":\"ImageObject\",\"inLanguage\":\"es\",\"@id\":\"https:\/\/luchonoticias.com\/editor\/#\/schema\/person\/image\/\",\"url\":\"https:\/\/luchonoticias.com\/editor\/wp-content\/uploads\/2024\/02\/cropped-cropped-logolu.webp\",\"contentUrl\":\"https:\/\/luchonoticias.com\/editor\/wp-content\/uploads\/2024\/02\/cropped-cropped-logolu.webp\",\"width\":382,\"height\":170,\"caption\":\"admin\"},\"logo\":{\"@id\":\"https:\/\/luchonoticias.com\/editor\/#\/schema\/person\/image\/\"},\"sameAs\":[\"https:\/\/www.facebook.com\/luchonoticiasneiva\"]},{\"@type\":\"Person\",\"@id\":\"https:\/\/luchonoticias.com\/editor\/#\/schema\/person\/29217990ddf6f14e35912b2866d591fb\",\"name\":\"Editor General\",\"image\":{\"@type\":\"ImageObject\",\"inLanguage\":\"es\",\"@id\":\"https:\/\/luchonoticias.com\/editor\/#\/schema\/person\/image\/\",\"url\":\"https:\/\/luchonoticias.com\/editor\/wp-content\/uploads\/2024\/02\/cropped-cropped-logolu-150x150.webp\",\"contentUrl\":\"https:\/\/luchonoticias.com\/editor\/wp-content\/uploads\/2024\/02\/cropped-cropped-logolu-150x150.webp\",\"caption\":\"Editor General\"},\"sameAs\":[\"https:\/\/luchonoticias.com\/\"],\"url\":\"https:\/\/luchonoticias.com\/editor\/author\/editor-general\/\"}]}<\/script>\n<!-- \/ Yoast SEO plugin. -->","yoast_head_json":{"title":"Se aprueba en C\u00e1mara de Representantes proyecto de ley que garantiza derechos a mujeres y personas buscadoras de v\u00edctimas de desaparici\u00f3n forzada -","robots":{"index":"index","follow":"follow","max-snippet":"max-snippet:-1","max-image-preview":"max-image-preview:large","max-video-preview":"max-video-preview:-1"},"canonical":"https:\/\/luchonoticias.com\/editor\/se-aprueba-en-camara-de-representantes-proyecto-de-ley-que-garantiza-derechos-a-mujeres-y-personas-buscadoras-de-victimas-de-desaparicion-forzada\/","og_locale":"es_ES","og_type":"article","og_title":"Se aprueba en C\u00e1mara de Representantes proyecto de ley que garantiza derechos a mujeres y personas buscadoras de v\u00edctimas de desaparici\u00f3n forzada -","og_url":"https:\/\/luchonoticias.com\/editor\/se-aprueba-en-camara-de-representantes-proyecto-de-ley-que-garantiza-derechos-a-mujeres-y-personas-buscadoras-de-victimas-de-desaparicion-forzada\/","article_publisher":"https:\/\/www.facebook.com\/luchonoticiasneiva","article_published_time":"2023-08-17T19:47:47+00:00","article_modified_time":"2023-08-17T19:47:48+00:00","author":"Editor General","twitter_card":"summary_large_image","twitter_misc":{"Escrito por":"Editor General","Tiempo de lectura":"2 minutos"},"schema":{"@context":"https:\/\/schema.org","@graph":[{"@type":"Article","@id":"https:\/\/luchonoticias.com\/editor\/se-aprueba-en-camara-de-representantes-proyecto-de-ley-que-garantiza-derechos-a-mujeres-y-personas-buscadoras-de-victimas-de-desaparicion-forzada\/#article","isPartOf":{"@id":"https:\/\/luchonoticias.com\/editor\/se-aprueba-en-camara-de-representantes-proyecto-de-ley-que-garantiza-derechos-a-mujeres-y-personas-buscadoras-de-victimas-de-desaparicion-forzada\/"},"author":{"name":"Editor General","@id":"https:\/\/luchonoticias.com\/editor\/#\/schema\/person\/29217990ddf6f14e35912b2866d591fb"},"headline":"Se aprueba en C\u00e1mara de Representantes proyecto de ley que garantiza derechos a mujeres y personas buscadoras de v\u00edctimas de desaparici\u00f3n forzada","datePublished":"2023-08-17T19:47:47+00:00","dateModified":"2023-08-17T19:47:48+00:00","mainEntityOfPage":{"@id":"https:\/\/luchonoticias.com\/editor\/se-aprueba-en-camara-de-representantes-proyecto-de-ley-que-garantiza-derechos-a-mujeres-y-personas-buscadoras-de-victimas-de-desaparicion-forzada\/"},"wordCount":501,"commentCount":0,"publisher":{"@id":"https:\/\/luchonoticias.com\/editor\/#\/schema\/person\/7a7fd911f58561fd056dbac7b55af9cd"},"articleSection":["Destacado","Pol\u00edtica","Videos"],"inLanguage":"es","potentialAction":[{"@type":"CommentAction","name":"Comment","target":["https:\/\/luchonoticias.com\/editor\/se-aprueba-en-camara-de-representantes-proyecto-de-ley-que-garantiza-derechos-a-mujeres-y-personas-buscadoras-de-victimas-de-desaparicion-forzada\/#respond"]}]},{"@type":"WebPage","@id":"https:\/\/luchonoticias.com\/editor\/se-aprueba-en-camara-de-representantes-proyecto-de-ley-que-garantiza-derechos-a-mujeres-y-personas-buscadoras-de-victimas-de-desaparicion-forzada\/","url":"https:\/\/luchonoticias.com\/editor\/se-aprueba-en-camara-de-representantes-proyecto-de-ley-que-garantiza-derechos-a-mujeres-y-personas-buscadoras-de-victimas-de-desaparicion-forzada\/","name":"Se aprueba en C\u00e1mara de Representantes proyecto de ley que garantiza derechos a mujeres y personas buscadoras de v\u00edctimas de desaparici\u00f3n forzada -","isPartOf":{"@id":"https:\/\/luchonoticias.com\/editor\/#website"},"datePublished":"2023-08-17T19:47:47+00:00","dateModified":"2023-08-17T19:47:48+00:00","breadcrumb":{"@id":"https:\/\/luchonoticias.com\/editor\/se-aprueba-en-camara-de-representantes-proyecto-de-ley-que-garantiza-derechos-a-mujeres-y-personas-buscadoras-de-victimas-de-desaparicion-forzada\/#breadcrumb"},"inLanguage":"es","potentialAction":[{"@type":"ReadAction","target":["https:\/\/luchonoticias.com\/editor\/se-aprueba-en-camara-de-representantes-proyecto-de-ley-que-garantiza-derechos-a-mujeres-y-personas-buscadoras-de-victimas-de-desaparicion-forzada\/"]}]},{"@type":"BreadcrumbList","@id":"https:\/\/luchonoticias.com\/editor\/se-aprueba-en-camara-de-representantes-proyecto-de-ley-que-garantiza-derechos-a-mujeres-y-personas-buscadoras-de-victimas-de-desaparicion-forzada\/#breadcrumb","itemListElement":[{"@type":"ListItem","position":1,"name":"Portada","item":"https:\/\/luchonoticias.com\/editor\/"},{"@type":"ListItem","position":2,"name":"Se aprueba en C\u00e1mara de Representantes proyecto de ley que garantiza derechos a mujeres y personas buscadoras de v\u00edctimas de desaparici\u00f3n forzada"}]},{"@type":"WebSite","@id":"https:\/\/luchonoticias.com\/editor\/#website","url":"https:\/\/luchonoticias.com\/editor\/","name":"","description":"","publisher":{"@id":"https:\/\/luchonoticias.com\/editor\/#\/schema\/person\/7a7fd911f58561fd056dbac7b55af9cd"},"potentialAction":[{"@type":"SearchAction","target":{"@type":"EntryPoint","urlTemplate":"https:\/\/luchonoticias.com\/editor\/?s={search_term_string}"},"query-input":{"@type":"PropertyValueSpecification","valueRequired":true,"valueName":"search_term_string"}}],"inLanguage":"es"},{"@type":["Person","Organization"],"@id":"https:\/\/luchonoticias.com\/editor\/#\/schema\/person\/7a7fd911f58561fd056dbac7b55af9cd","name":"admin","image":{"@type":"ImageObject","inLanguage":"es","@id":"https:\/\/luchonoticias.com\/editor\/#\/schema\/person\/image\/","url":"https:\/\/luchonoticias.com\/editor\/wp-content\/uploads\/2024\/02\/cropped-cropped-logolu.webp","contentUrl":"https:\/\/luchonoticias.com\/editor\/wp-content\/uploads\/2024\/02\/cropped-cropped-logolu.webp","width":382,"height":170,"caption":"admin"},"logo":{"@id":"https:\/\/luchonoticias.com\/editor\/#\/schema\/person\/image\/"},"sameAs":["https:\/\/www.facebook.com\/luchonoticiasneiva"]},{"@type":"Person","@id":"https:\/\/luchonoticias.com\/editor\/#\/schema\/person\/29217990ddf6f14e35912b2866d591fb","name":"Editor General","image":{"@type":"ImageObject","inLanguage":"es","@id":"https:\/\/luchonoticias.com\/editor\/#\/schema\/person\/image\/","url":"https:\/\/luchonoticias.com\/editor\/wp-content\/uploads\/2024\/02\/cropped-cropped-logolu-150x150.webp","contentUrl":"https:\/\/luchonoticias.com\/editor\/wp-content\/uploads\/2024\/02\/cropped-cropped-logolu-150x150.webp","caption":"Editor General"},"sameAs":["https:\/\/luchonoticias.com\/"],"url":"https:\/\/luchonoticias.com\/editor\/author\/editor-general\/"}]}},"_links":{"self":[{"href":"https:\/\/luchonoticias.com\/editor\/wp-json\/wp\/v2\/posts\/58456","targetHints":{"allow":["GET"]}}],"collection":[{"href":"https:\/\/luchonoticias.com\/editor\/wp-json\/wp\/v2\/posts"}],"about":[{"href":"https:\/\/luchonoticias.com\/editor\/wp-json\/wp\/v2\/types\/post"}],"author":[{"embeddable":true,"href":"https:\/\/luchonoticias.com\/editor\/wp-json\/wp\/v2\/users\/2"}],"replies":[{"embeddable":true,"href":"https:\/\/luchonoticias.com\/editor\/wp-json\/wp\/v2\/comments?post=58456"}],"version-history":[{"count":0,"href":"https:\/\/luchonoticias.com\/editor\/wp-json\/wp\/v2\/posts\/58456\/revisions"}],"wp:attachment":[{"href":"https:\/\/luchonoticias.com\/editor\/wp-json\/wp\/v2\/media?parent=58456"}],"wp:term":[{"taxonomy":"category","embeddable":true,"href":"https:\/\/luchonoticias.com\/editor\/wp-json\/wp\/v2\/categories?post=58456"},{"taxonomy":"post_tag","embeddable":true,"href":"https:\/\/luchonoticias.com\/editor\/wp-json\/wp\/v2\/tags?post=58456"}],"curies":[{"name":"wp","href":"https:\/\/api.w.org\/{rel}","templated":true}]}}