{"id":58637,"date":"2023-08-20T07:25:22","date_gmt":"2023-08-20T12:25:22","guid":{"rendered":"https:\/\/luchonoticias.com\/?p=58637"},"modified":"2023-08-20T07:25:26","modified_gmt":"2023-08-20T12:25:26","slug":"policia-busca-al-dueno-de-esta-motocicleta-recuperada-en-tello-huila","status":"publish","type":"post","link":"https:\/\/luchonoticias.com\/editor\/policia-busca-al-dueno-de-esta-motocicleta-recuperada-en-tello-huila\/","title":{"rendered":"Polic\u00eda busca al due\u00f1o de esta motocicleta recuperada en Tello, Huila"},"content":{"rendered":"\n<p>En desarrollo del Plan Choque por la Seguridad 360 y la ofensiva contra el hurto que se adelanta en el departamento del Huila, fue recuperada una motocicleta hurtada en el barrio La Portada de Tello.<\/p>\n\n\n\n<p>De acuerdo a la informaci\u00f3n suministrada por una persona de profesi\u00f3n mec\u00e1nico, un sujeto habr\u00eda dejado all\u00ed la motocicleta para que la reparara, sin embargo, al notar la presencia policial no regres\u00f3 al taller por el velomotor.<\/p>\n\n\n\n<p>La Polic\u00eda Nacional busca al due\u00f1o de la motocicleta con el fin de poder devolv\u00e9rsela. Moto de placas: KUC 23D, No. de Chasis 9FLPAC2Z3EAB08267, No. de motor JBZWDG722011, l\u00ednea Bajaj Discovery 100 S, modelo 2014 color negro.<\/p>\n","protected":false},"excerpt":{"rendered":"<p>En desarrollo del Plan Choque por la Seguridad 360 y la ofensiva contra el hurto que se adelanta en el departamento del Huila, fue recuperada una motocicleta hurtada en el barrio La Portada de Tello. De acuerdo a la informaci\u00f3n suministrada por una persona de profesi\u00f3n mec\u00e1nico, un sujeto habr\u00eda dejado all\u00ed la motocicleta para [&hellip;]<\/p>\n","protected":false},"author":2,"featured_media":0,"comment_status":"open","ping_status":"open","sticky":false,"template":"","format":"standard","meta":{"footnotes":""},"categories":[36,29],"tags":[],"class_list":["post-58637","post","type-post","status-publish","format-standard","hentry","category-destacado","category-judicial"],"yoast_head":"<!-- This site is optimized with the Yoast SEO plugin v26.6 - https:\/\/yoast.com\/wordpress\/plugins\/seo\/ -->\n<title>Polic\u00eda busca al due\u00f1o de esta motocicleta recuperada en Tello, Huila -<\/title>\n<meta name=\"robots\" content=\"index, follow, max-snippet:-1, max-image-preview:large, max-video-preview:-1\" \/>\n<link rel=\"canonical\" href=\"https:\/\/luchonoticias.com\/editor\/policia-busca-al-dueno-de-esta-motocicleta-recuperada-en-tello-huila\/\" \/>\n<meta property=\"og:locale\" content=\"es_ES\" \/>\n<meta property=\"og:type\" content=\"article\" \/>\n<meta property=\"og:title\" content=\"Polic\u00eda busca al due\u00f1o de esta motocicleta recuperada en Tello, Huila -\" \/>\n<meta property=\"og:url\" content=\"https:\/\/luchonoticias.com\/editor\/policia-busca-al-dueno-de-esta-motocicleta-recuperada-en-tello-huila\/\" \/>\n<meta property=\"article:publisher\" content=\"https:\/\/www.facebook.com\/luchonoticiasneiva\" \/>\n<meta property=\"article:published_time\" content=\"2023-08-20T12:25:22+00:00\" \/>\n<meta property=\"article:modified_time\" content=\"2023-08-20T12:25:26+00:00\" \/>\n<meta name=\"author\" content=\"Editor General\" \/>\n<meta name=\"twitter:card\" content=\"summary_large_image\" \/>\n<meta name=\"twitter:label1\" content=\"Escrito por\" \/>\n\t<meta name=\"twitter:data1\" content=\"Editor General\" \/>\n\t<meta name=\"twitter:label2\" content=\"Tiempo de lectura\" \/>\n\t<meta name=\"twitter:data2\" content=\"1 minuto\" \/>\n<script type=\"application\/ld+json\" class=\"yoast-schema-graph\">{\"@context\":\"https:\/\/schema.org\",\"@graph\":[{\"@type\":\"Article\",\"@id\":\"https:\/\/luchonoticias.com\/editor\/policia-busca-al-dueno-de-esta-motocicleta-recuperada-en-tello-huila\/#article\",\"isPartOf\":{\"@id\":\"https:\/\/luchonoticias.com\/editor\/policia-busca-al-dueno-de-esta-motocicleta-recuperada-en-tello-huila\/\"},\"author\":{\"name\":\"Editor General\",\"@id\":\"https:\/\/luchonoticias.com\/editor\/#\/schema\/person\/29217990ddf6f14e35912b2866d591fb\"},\"headline\":\"Polic\u00eda busca al due\u00f1o de esta motocicleta recuperada en Tello, Huila\",\"datePublished\":\"2023-08-20T12:25:22+00:00\",\"dateModified\":\"2023-08-20T12:25:26+00:00\",\"mainEntityOfPage\":{\"@id\":\"https:\/\/luchonoticias.com\/editor\/policia-busca-al-dueno-de-esta-motocicleta-recuperada-en-tello-huila\/\"},\"wordCount\":129,\"commentCount\":0,\"publisher\":{\"@id\":\"https:\/\/luchonoticias.com\/editor\/#\/schema\/person\/7a7fd911f58561fd056dbac7b55af9cd\"},\"articleSection\":[\"Destacado\",\"Judicial\"],\"inLanguage\":\"es\",\"potentialAction\":[{\"@type\":\"CommentAction\",\"name\":\"Comment\",\"target\":[\"https:\/\/luchonoticias.com\/editor\/policia-busca-al-dueno-de-esta-motocicleta-recuperada-en-tello-huila\/#respond\"]}]},{\"@type\":\"WebPage\",\"@id\":\"https:\/\/luchonoticias.com\/editor\/policia-busca-al-dueno-de-esta-motocicleta-recuperada-en-tello-huila\/\",\"url\":\"https:\/\/luchonoticias.com\/editor\/policia-busca-al-dueno-de-esta-motocicleta-recuperada-en-tello-huila\/\",\"name\":\"Polic\u00eda busca al due\u00f1o de esta motocicleta recuperada en Tello, Huila -\",\"isPartOf\":{\"@id\":\"https:\/\/luchonoticias.com\/editor\/#website\"},\"datePublished\":\"2023-08-20T12:25:22+00:00\",\"dateModified\":\"2023-08-20T12:25:26+00:00\",\"breadcrumb\":{\"@id\":\"https:\/\/luchonoticias.com\/editor\/policia-busca-al-dueno-de-esta-motocicleta-recuperada-en-tello-huila\/#breadcrumb\"},\"inLanguage\":\"es\",\"potentialAction\":[{\"@type\":\"ReadAction\",\"target\":[\"https:\/\/luchonoticias.com\/editor\/policia-busca-al-dueno-de-esta-motocicleta-recuperada-en-tello-huila\/\"]}]},{\"@type\":\"BreadcrumbList\",\"@id\":\"https:\/\/luchonoticias.com\/editor\/policia-busca-al-dueno-de-esta-motocicleta-recuperada-en-tello-huila\/#breadcrumb\",\"itemListElement\":[{\"@type\":\"ListItem\",\"position\":1,\"name\":\"Portada\",\"item\":\"https:\/\/luchonoticias.com\/editor\/\"},{\"@type\":\"ListItem\",\"position\":2,\"name\":\"Polic\u00eda busca al due\u00f1o de esta motocicleta recuperada en Tello, Huila\"}]},{\"@type\":\"WebSite\",\"@id\":\"https:\/\/luchonoticias.com\/editor\/#website\",\"url\":\"https:\/\/luchonoticias.com\/editor\/\",\"name\":\"\",\"description\":\"\",\"publisher\":{\"@id\":\"https:\/\/luchonoticias.com\/editor\/#\/schema\/person\/7a7fd911f58561fd056dbac7b55af9cd\"},\"potentialAction\":[{\"@type\":\"SearchAction\",\"target\":{\"@type\":\"EntryPoint\",\"urlTemplate\":\"https:\/\/luchonoticias.com\/editor\/?s={search_term_string}\"},\"query-input\":{\"@type\":\"PropertyValueSpecification\",\"valueRequired\":true,\"valueName\":\"search_term_string\"}}],\"inLanguage\":\"es\"},{\"@type\":[\"Person\",\"Organization\"],\"@id\":\"https:\/\/luchonoticias.com\/editor\/#\/schema\/person\/7a7fd911f58561fd056dbac7b55af9cd\",\"name\":\"admin\",\"image\":{\"@type\":\"ImageObject\",\"inLanguage\":\"es\",\"@id\":\"https:\/\/luchonoticias.com\/editor\/#\/schema\/person\/image\/\",\"url\":\"https:\/\/luchonoticias.com\/editor\/wp-content\/uploads\/2024\/02\/cropped-cropped-logolu.webp\",\"contentUrl\":\"https:\/\/luchonoticias.com\/editor\/wp-content\/uploads\/2024\/02\/cropped-cropped-logolu.webp\",\"width\":382,\"height\":170,\"caption\":\"admin\"},\"logo\":{\"@id\":\"https:\/\/luchonoticias.com\/editor\/#\/schema\/person\/image\/\"},\"sameAs\":[\"https:\/\/www.facebook.com\/luchonoticiasneiva\"]},{\"@type\":\"Person\",\"@id\":\"https:\/\/luchonoticias.com\/editor\/#\/schema\/person\/29217990ddf6f14e35912b2866d591fb\",\"name\":\"Editor General\",\"image\":{\"@type\":\"ImageObject\",\"inLanguage\":\"es\",\"@id\":\"https:\/\/luchonoticias.com\/editor\/#\/schema\/person\/image\/\",\"url\":\"https:\/\/luchonoticias.com\/editor\/wp-content\/uploads\/2024\/02\/cropped-cropped-logolu-150x150.webp\",\"contentUrl\":\"https:\/\/luchonoticias.com\/editor\/wp-content\/uploads\/2024\/02\/cropped-cropped-logolu-150x150.webp\",\"caption\":\"Editor General\"},\"sameAs\":[\"https:\/\/luchonoticias.com\/\"],\"url\":\"https:\/\/luchonoticias.com\/editor\/author\/editor-general\/\"}]}<\/script>\n<!-- \/ Yoast SEO plugin. -->","yoast_head_json":{"title":"Polic\u00eda busca al due\u00f1o de esta motocicleta recuperada en Tello, Huila -","robots":{"index":"index","follow":"follow","max-snippet":"max-snippet:-1","max-image-preview":"max-image-preview:large","max-video-preview":"max-video-preview:-1"},"canonical":"https:\/\/luchonoticias.com\/editor\/policia-busca-al-dueno-de-esta-motocicleta-recuperada-en-tello-huila\/","og_locale":"es_ES","og_type":"article","og_title":"Polic\u00eda busca al due\u00f1o de esta motocicleta recuperada en Tello, Huila -","og_url":"https:\/\/luchonoticias.com\/editor\/policia-busca-al-dueno-de-esta-motocicleta-recuperada-en-tello-huila\/","article_publisher":"https:\/\/www.facebook.com\/luchonoticiasneiva","article_published_time":"2023-08-20T12:25:22+00:00","article_modified_time":"2023-08-20T12:25:26+00:00","author":"Editor General","twitter_card":"summary_large_image","twitter_misc":{"Escrito por":"Editor General","Tiempo de lectura":"1 minuto"},"schema":{"@context":"https:\/\/schema.org","@graph":[{"@type":"Article","@id":"https:\/\/luchonoticias.com\/editor\/policia-busca-al-dueno-de-esta-motocicleta-recuperada-en-tello-huila\/#article","isPartOf":{"@id":"https:\/\/luchonoticias.com\/editor\/policia-busca-al-dueno-de-esta-motocicleta-recuperada-en-tello-huila\/"},"author":{"name":"Editor General","@id":"https:\/\/luchonoticias.com\/editor\/#\/schema\/person\/29217990ddf6f14e35912b2866d591fb"},"headline":"Polic\u00eda busca al due\u00f1o de esta motocicleta recuperada en Tello, Huila","datePublished":"2023-08-20T12:25:22+00:00","dateModified":"2023-08-20T12:25:26+00:00","mainEntityOfPage":{"@id":"https:\/\/luchonoticias.com\/editor\/policia-busca-al-dueno-de-esta-motocicleta-recuperada-en-tello-huila\/"},"wordCount":129,"commentCount":0,"publisher":{"@id":"https:\/\/luchonoticias.com\/editor\/#\/schema\/person\/7a7fd911f58561fd056dbac7b55af9cd"},"articleSection":["Destacado","Judicial"],"inLanguage":"es","potentialAction":[{"@type":"CommentAction","name":"Comment","target":["https:\/\/luchonoticias.com\/editor\/policia-busca-al-dueno-de-esta-motocicleta-recuperada-en-tello-huila\/#respond"]}]},{"@type":"WebPage","@id":"https:\/\/luchonoticias.com\/editor\/policia-busca-al-dueno-de-esta-motocicleta-recuperada-en-tello-huila\/","url":"https:\/\/luchonoticias.com\/editor\/policia-busca-al-dueno-de-esta-motocicleta-recuperada-en-tello-huila\/","name":"Polic\u00eda busca al due\u00f1o de esta motocicleta recuperada en Tello, Huila -","isPartOf":{"@id":"https:\/\/luchonoticias.com\/editor\/#website"},"datePublished":"2023-08-20T12:25:22+00:00","dateModified":"2023-08-20T12:25:26+00:00","breadcrumb":{"@id":"https:\/\/luchonoticias.com\/editor\/policia-busca-al-dueno-de-esta-motocicleta-recuperada-en-tello-huila\/#breadcrumb"},"inLanguage":"es","potentialAction":[{"@type":"ReadAction","target":["https:\/\/luchonoticias.com\/editor\/policia-busca-al-dueno-de-esta-motocicleta-recuperada-en-tello-huila\/"]}]},{"@type":"BreadcrumbList","@id":"https:\/\/luchonoticias.com\/editor\/policia-busca-al-dueno-de-esta-motocicleta-recuperada-en-tello-huila\/#breadcrumb","itemListElement":[{"@type":"ListItem","position":1,"name":"Portada","item":"https:\/\/luchonoticias.com\/editor\/"},{"@type":"ListItem","position":2,"name":"Polic\u00eda busca al due\u00f1o de esta motocicleta recuperada en Tello, Huila"}]},{"@type":"WebSite","@id":"https:\/\/luchonoticias.com\/editor\/#website","url":"https:\/\/luchonoticias.com\/editor\/","name":"","description":"","publisher":{"@id":"https:\/\/luchonoticias.com\/editor\/#\/schema\/person\/7a7fd911f58561fd056dbac7b55af9cd"},"potentialAction":[{"@type":"SearchAction","target":{"@type":"EntryPoint","urlTemplate":"https:\/\/luchonoticias.com\/editor\/?s={search_term_string}"},"query-input":{"@type":"PropertyValueSpecification","valueRequired":true,"valueName":"search_term_string"}}],"inLanguage":"es"},{"@type":["Person","Organization"],"@id":"https:\/\/luchonoticias.com\/editor\/#\/schema\/person\/7a7fd911f58561fd056dbac7b55af9cd","name":"admin","image":{"@type":"ImageObject","inLanguage":"es","@id":"https:\/\/luchonoticias.com\/editor\/#\/schema\/person\/image\/","url":"https:\/\/luchonoticias.com\/editor\/wp-content\/uploads\/2024\/02\/cropped-cropped-logolu.webp","contentUrl":"https:\/\/luchonoticias.com\/editor\/wp-content\/uploads\/2024\/02\/cropped-cropped-logolu.webp","width":382,"height":170,"caption":"admin"},"logo":{"@id":"https:\/\/luchonoticias.com\/editor\/#\/schema\/person\/image\/"},"sameAs":["https:\/\/www.facebook.com\/luchonoticiasneiva"]},{"@type":"Person","@id":"https:\/\/luchonoticias.com\/editor\/#\/schema\/person\/29217990ddf6f14e35912b2866d591fb","name":"Editor General","image":{"@type":"ImageObject","inLanguage":"es","@id":"https:\/\/luchonoticias.com\/editor\/#\/schema\/person\/image\/","url":"https:\/\/luchonoticias.com\/editor\/wp-content\/uploads\/2024\/02\/cropped-cropped-logolu-150x150.webp","contentUrl":"https:\/\/luchonoticias.com\/editor\/wp-content\/uploads\/2024\/02\/cropped-cropped-logolu-150x150.webp","caption":"Editor General"},"sameAs":["https:\/\/luchonoticias.com\/"],"url":"https:\/\/luchonoticias.com\/editor\/author\/editor-general\/"}]}},"_links":{"self":[{"href":"https:\/\/luchonoticias.com\/editor\/wp-json\/wp\/v2\/posts\/58637","targetHints":{"allow":["GET"]}}],"collection":[{"href":"https:\/\/luchonoticias.com\/editor\/wp-json\/wp\/v2\/posts"}],"about":[{"href":"https:\/\/luchonoticias.com\/editor\/wp-json\/wp\/v2\/types\/post"}],"author":[{"embeddable":true,"href":"https:\/\/luchonoticias.com\/editor\/wp-json\/wp\/v2\/users\/2"}],"replies":[{"embeddable":true,"href":"https:\/\/luchonoticias.com\/editor\/wp-json\/wp\/v2\/comments?post=58637"}],"version-history":[{"count":0,"href":"https:\/\/luchonoticias.com\/editor\/wp-json\/wp\/v2\/posts\/58637\/revisions"}],"wp:attachment":[{"href":"https:\/\/luchonoticias.com\/editor\/wp-json\/wp\/v2\/media?parent=58637"}],"wp:term":[{"taxonomy":"category","embeddable":true,"href":"https:\/\/luchonoticias.com\/editor\/wp-json\/wp\/v2\/categories?post=58637"},{"taxonomy":"post_tag","embeddable":true,"href":"https:\/\/luchonoticias.com\/editor\/wp-json\/wp\/v2\/tags?post=58637"}],"curies":[{"name":"wp","href":"https:\/\/api.w.org\/{rel}","templated":true}]}}