{"id":58792,"date":"2023-08-22T15:52:59","date_gmt":"2023-08-22T20:52:59","guid":{"rendered":"https:\/\/luchonoticias.com\/?p=58792"},"modified":"2023-08-22T15:53:00","modified_gmt":"2023-08-22T20:53:00","slug":"congresistas-de-la-comision-septima-solicitan-la-presencia-del-ministro-de-hacienda","status":"publish","type":"post","link":"https:\/\/luchonoticias.com\/editor\/congresistas-de-la-comision-septima-solicitan-la-presencia-del-ministro-de-hacienda\/","title":{"rendered":"Congresistas de la Comisi\u00f3n S\u00e9ptima solicitan la presencia del ministro de Hacienda"},"content":{"rendered":"\n<p>En el debate debate de control pol\u00edtico sobre la sustentaci\u00f3n presencial de los informes del presupuesto de gastos vigencia fiscal 2024 de las entidades de competencia de la Comisi\u00f3n S\u00e9ptima del Senado. Los altos funcionarios del Gobierno Nacional, citados informaron sobre la ejecuci\u00f3n y desfinanciaci\u00f3n de esas carteras.<\/p>\n\n\n\n<p>En su presentaci\u00f3n el&nbsp;<strong>director del Instituto Nacional de Salud \u2013 INS; Giovanny Rubiano Garc\u00eda,&nbsp;<\/strong>dijo que esa entidad, tiene un d\u00e9ficit presupuestal para el a\u00f1o 2024, de 51 mil 200 millones de pesos, \u00abno tendremos los recursos necesarios para los insumos biol\u00f3gicos, investigaci\u00f3n cient\u00edfica y dem\u00e1s compromisos del instituto\u00bb, afirm\u00f3 Rubiano Garc\u00eda.<\/p>\n\n\n\n<p>Entre tanto la&nbsp;<strong>directora de Prosperidad Social, Cielo Rusinque,&nbsp;<\/strong>dio a conocer el presupuesto para el a\u00f1o 2024, tendr\u00e1 un d\u00e9ficit de 5.7 billones de pesos, ante lo solicitado de 16.4 billones de pesos. Agreg\u00f3 que varios programas sociales quedaran con d\u00e9ficit presupuestal.<\/p>\n\n\n\n<p>Por su parte&nbsp;<strong>la ministra del Deporte; Astrid Bibiana Rodr\u00edguez Cort\u00e9s,<\/strong>&nbsp;inform\u00f3 que han ejecutado en materia de funcionamiento el 45% del presupuesto asignado y el 55% en inversi\u00f3n. Se\u00f1al\u00f3 que el total del presupuesto est\u00e1 comprometido en un 54%.<\/p>\n\n\n\n<p>Igualmente, la&nbsp;<strong>ministra de Trabajo; Gloria In\u00e9s Ram\u00edrez<\/strong>, inform\u00f3 en el debate de control pol\u00edtico, que la ejecuci\u00f3n presupuestal de esa cartera del a\u00f1o 2023, est\u00e1 en 86.7% en funcionamiento, de los cuales el 97% es para el pago de pensiones. Tambi\u00e9n anunci\u00f3 que para el a\u00f1o 2024, tendr\u00e1n un d\u00e9ficit de un bill\u00f3n, 357 mil millones de pesos, afectando a los programas como Estado Joven, Subsidio Familiar entre otros.<\/p>\n\n\n\n<p>Por su parte el&nbsp;<strong>director General del SENA; Jorge Londo\u00f1o<\/strong>, inform\u00f3 que para el a\u00f1o 2024, tendr\u00e1n un d\u00e9ficit en el presupuesto de unos 542 mil millones de pesos, afectando la formaci\u00f3n profesional de los estudiantes, el fortalecimiento de las sedes f\u00edsica, al igual que el funcionamiento de la entidad. Asever\u00f3 que a la fecha han ejecutado el 63.17%, esperan ejecutar el 100% a diciembre del presente a\u00f1o. &nbsp;&nbsp;<\/p>\n\n\n\n<p>En la \u00faltima parte del debate de control pol\u00edtico, la&nbsp;<strong>directora del Instituto Colombiano de Bienestar Familiar-ICBF; Astrid Eliana C\u00e1ceres C\u00e1rdenas<\/strong>, sostuvo que el presupuesto lo han ejecutado en un 80.6%. Se\u00f1al\u00f3 que para el a\u00f1o 2024 el presupuesto tuvo un incremento del 16%, de los cuales 6 billones estar\u00e1n dirigido al programa Primera Infancia. A pesar del aumento la entidad tendr\u00e1 un d\u00e9ficit del 14%.<\/p>\n\n\n\n<p><strong><em>Los senadores en el debate:<\/em><\/strong><\/p>\n\n\n\n<p>El&nbsp;<strong>senador Honorio Henr\u00edquez (Centro Democr\u00e1tico),<\/strong>&nbsp;resalt\u00f3 la ejecuci\u00f3n presupuestal del INS que es del 60% y de la Superintendencia de Salud que va en el 82%.\u201d En este debate reiteramos la presencia del ministro de Hacienda\u201d.<\/p>\n\n\n\n<p>Por su parte la&nbsp;<strong>senadora Paola Agudelo (Partido MIRA),<\/strong>&nbsp;dijo que los 10 mil 500 millones de pesos, asignados para las mujeres deportistas no son suficientes, \u00bb hay que apoyarlas m\u00e1s econ\u00f3micamente y en su profesionalizaci\u00f3n, para que nos sigan representando en los escenarios internacionales\u00bb La senadora se\u00f1al\u00f3 que no se conseguir\u00e1n los objetivos del debate con la ausencia del ministro de Hacienda.<\/p>\n\n\n\n<p>As\u00ed mismo, el&nbsp;<strong>senador Polibio Rosales (Movimiento de Autoridades Ind\u00edgenas),<\/strong>&nbsp;manifest\u00f3 su preocupaci\u00f3n sobre la poca ejecuci\u00f3n del presupuesto en los programas para la poblaci\u00f3n ind\u00edgena del pa\u00eds, especialmente en la seguridad alimentaria.<\/p>\n\n\n\n<p>De la misma manera el&nbsp;<strong>senador Fabi\u00e1n Diaz (Alianza Verde),<\/strong>&nbsp;solicit\u00f3 a la Superintendencia de Salud para que haga los pagos a las EPS y hospitales \u00abmientras se hace la reforma que requiere el Sistema de Salud del pa\u00eds, se debe ofrecer un mejor servicio de salud a los colombianos, necesitamos un verdadero cambio\u00bb.<\/p>\n\n\n\n<p>Finalmente la&nbsp;<strong>senadora Nadia Blel(Partido Conservador),<\/strong>&nbsp;pidi\u00f2 a la directora del ICBF, que indique la ruta sobre la inversi\u00f2n de los recursos, especialmente en los programas para la protecci\u00f2n de los ni\u00f1os en las calles, \u00abexplique directora que hacen ustedes para que los ni\u00f1os no esten en las calles a altas horas de la noche y de la madrugada. Tengo dolor de madre al ver la situaci\u00f2n de esos infantes sin protecci\u00f2n\u00bb.<\/p>\n","protected":false},"excerpt":{"rendered":"<p>En el debate debate de control pol\u00edtico sobre la sustentaci\u00f3n presencial de los informes del presupuesto de gastos vigencia fiscal 2024 de las entidades de competencia de la Comisi\u00f3n S\u00e9ptima del Senado. Los altos funcionarios del Gobierno Nacional, citados informaron sobre la ejecuci\u00f3n y desfinanciaci\u00f3n de esas carteras. En su presentaci\u00f3n el&nbsp;director del Instituto Nacional [&hellip;]<\/p>\n","protected":false},"author":2,"featured_media":0,"comment_status":"open","ping_status":"open","sticky":false,"template":"","format":"standard","meta":{"footnotes":""},"categories":[36,617],"tags":[],"class_list":["post-58792","post","type-post","status-publish","format-standard","hentry","category-destacado","category-politica"],"yoast_head":"<!-- This site is optimized with the Yoast SEO plugin v26.6 - https:\/\/yoast.com\/wordpress\/plugins\/seo\/ -->\n<title>Congresistas de la Comisi\u00f3n S\u00e9ptima solicitan la presencia del ministro de Hacienda -<\/title>\n<meta name=\"robots\" content=\"index, follow, max-snippet:-1, max-image-preview:large, max-video-preview:-1\" \/>\n<link rel=\"canonical\" href=\"https:\/\/luchonoticias.com\/editor\/congresistas-de-la-comision-septima-solicitan-la-presencia-del-ministro-de-hacienda\/\" \/>\n<meta property=\"og:locale\" content=\"es_ES\" \/>\n<meta property=\"og:type\" content=\"article\" \/>\n<meta property=\"og:title\" content=\"Congresistas de la Comisi\u00f3n S\u00e9ptima solicitan la presencia del ministro de Hacienda -\" \/>\n<meta property=\"og:url\" content=\"https:\/\/luchonoticias.com\/editor\/congresistas-de-la-comision-septima-solicitan-la-presencia-del-ministro-de-hacienda\/\" \/>\n<meta property=\"article:publisher\" content=\"https:\/\/www.facebook.com\/luchonoticiasneiva\" \/>\n<meta property=\"article:published_time\" content=\"2023-08-22T20:52:59+00:00\" \/>\n<meta property=\"article:modified_time\" content=\"2023-08-22T20:53:00+00:00\" \/>\n<meta name=\"author\" content=\"Editor General\" \/>\n<meta name=\"twitter:card\" content=\"summary_large_image\" \/>\n<meta name=\"twitter:label1\" content=\"Escrito por\" \/>\n\t<meta name=\"twitter:data1\" content=\"Editor General\" \/>\n\t<meta name=\"twitter:label2\" content=\"Tiempo de lectura\" \/>\n\t<meta name=\"twitter:data2\" content=\"4 minutos\" \/>\n<script type=\"application\/ld+json\" class=\"yoast-schema-graph\">{\"@context\":\"https:\/\/schema.org\",\"@graph\":[{\"@type\":\"Article\",\"@id\":\"https:\/\/luchonoticias.com\/editor\/congresistas-de-la-comision-septima-solicitan-la-presencia-del-ministro-de-hacienda\/#article\",\"isPartOf\":{\"@id\":\"https:\/\/luchonoticias.com\/editor\/congresistas-de-la-comision-septima-solicitan-la-presencia-del-ministro-de-hacienda\/\"},\"author\":{\"name\":\"Editor General\",\"@id\":\"https:\/\/luchonoticias.com\/editor\/#\/schema\/person\/29217990ddf6f14e35912b2866d591fb\"},\"headline\":\"Congresistas de la Comisi\u00f3n S\u00e9ptima solicitan la presencia del ministro de Hacienda\",\"datePublished\":\"2023-08-22T20:52:59+00:00\",\"dateModified\":\"2023-08-22T20:53:00+00:00\",\"mainEntityOfPage\":{\"@id\":\"https:\/\/luchonoticias.com\/editor\/congresistas-de-la-comision-septima-solicitan-la-presencia-del-ministro-de-hacienda\/\"},\"wordCount\":726,\"commentCount\":0,\"publisher\":{\"@id\":\"https:\/\/luchonoticias.com\/editor\/#\/schema\/person\/7a7fd911f58561fd056dbac7b55af9cd\"},\"articleSection\":[\"Destacado\",\"Pol\u00edtica\"],\"inLanguage\":\"es\",\"potentialAction\":[{\"@type\":\"CommentAction\",\"name\":\"Comment\",\"target\":[\"https:\/\/luchonoticias.com\/editor\/congresistas-de-la-comision-septima-solicitan-la-presencia-del-ministro-de-hacienda\/#respond\"]}]},{\"@type\":\"WebPage\",\"@id\":\"https:\/\/luchonoticias.com\/editor\/congresistas-de-la-comision-septima-solicitan-la-presencia-del-ministro-de-hacienda\/\",\"url\":\"https:\/\/luchonoticias.com\/editor\/congresistas-de-la-comision-septima-solicitan-la-presencia-del-ministro-de-hacienda\/\",\"name\":\"Congresistas de la Comisi\u00f3n S\u00e9ptima solicitan la presencia del ministro de Hacienda -\",\"isPartOf\":{\"@id\":\"https:\/\/luchonoticias.com\/editor\/#website\"},\"datePublished\":\"2023-08-22T20:52:59+00:00\",\"dateModified\":\"2023-08-22T20:53:00+00:00\",\"breadcrumb\":{\"@id\":\"https:\/\/luchonoticias.com\/editor\/congresistas-de-la-comision-septima-solicitan-la-presencia-del-ministro-de-hacienda\/#breadcrumb\"},\"inLanguage\":\"es\",\"potentialAction\":[{\"@type\":\"ReadAction\",\"target\":[\"https:\/\/luchonoticias.com\/editor\/congresistas-de-la-comision-septima-solicitan-la-presencia-del-ministro-de-hacienda\/\"]}]},{\"@type\":\"BreadcrumbList\",\"@id\":\"https:\/\/luchonoticias.com\/editor\/congresistas-de-la-comision-septima-solicitan-la-presencia-del-ministro-de-hacienda\/#breadcrumb\",\"itemListElement\":[{\"@type\":\"ListItem\",\"position\":1,\"name\":\"Portada\",\"item\":\"https:\/\/luchonoticias.com\/editor\/\"},{\"@type\":\"ListItem\",\"position\":2,\"name\":\"Congresistas de la Comisi\u00f3n S\u00e9ptima solicitan la presencia del ministro de Hacienda\"}]},{\"@type\":\"WebSite\",\"@id\":\"https:\/\/luchonoticias.com\/editor\/#website\",\"url\":\"https:\/\/luchonoticias.com\/editor\/\",\"name\":\"\",\"description\":\"\",\"publisher\":{\"@id\":\"https:\/\/luchonoticias.com\/editor\/#\/schema\/person\/7a7fd911f58561fd056dbac7b55af9cd\"},\"potentialAction\":[{\"@type\":\"SearchAction\",\"target\":{\"@type\":\"EntryPoint\",\"urlTemplate\":\"https:\/\/luchonoticias.com\/editor\/?s={search_term_string}\"},\"query-input\":{\"@type\":\"PropertyValueSpecification\",\"valueRequired\":true,\"valueName\":\"search_term_string\"}}],\"inLanguage\":\"es\"},{\"@type\":[\"Person\",\"Organization\"],\"@id\":\"https:\/\/luchonoticias.com\/editor\/#\/schema\/person\/7a7fd911f58561fd056dbac7b55af9cd\",\"name\":\"admin\",\"image\":{\"@type\":\"ImageObject\",\"inLanguage\":\"es\",\"@id\":\"https:\/\/luchonoticias.com\/editor\/#\/schema\/person\/image\/\",\"url\":\"https:\/\/luchonoticias.com\/editor\/wp-content\/uploads\/2024\/02\/cropped-cropped-logolu.webp\",\"contentUrl\":\"https:\/\/luchonoticias.com\/editor\/wp-content\/uploads\/2024\/02\/cropped-cropped-logolu.webp\",\"width\":382,\"height\":170,\"caption\":\"admin\"},\"logo\":{\"@id\":\"https:\/\/luchonoticias.com\/editor\/#\/schema\/person\/image\/\"},\"sameAs\":[\"https:\/\/www.facebook.com\/luchonoticiasneiva\"]},{\"@type\":\"Person\",\"@id\":\"https:\/\/luchonoticias.com\/editor\/#\/schema\/person\/29217990ddf6f14e35912b2866d591fb\",\"name\":\"Editor General\",\"image\":{\"@type\":\"ImageObject\",\"inLanguage\":\"es\",\"@id\":\"https:\/\/luchonoticias.com\/editor\/#\/schema\/person\/image\/\",\"url\":\"https:\/\/luchonoticias.com\/editor\/wp-content\/uploads\/2024\/02\/cropped-cropped-logolu-150x150.webp\",\"contentUrl\":\"https:\/\/luchonoticias.com\/editor\/wp-content\/uploads\/2024\/02\/cropped-cropped-logolu-150x150.webp\",\"caption\":\"Editor General\"},\"sameAs\":[\"https:\/\/luchonoticias.com\/\"],\"url\":\"https:\/\/luchonoticias.com\/editor\/author\/editor-general\/\"}]}<\/script>\n<!-- \/ Yoast SEO plugin. -->","yoast_head_json":{"title":"Congresistas de la Comisi\u00f3n S\u00e9ptima solicitan la presencia del ministro de Hacienda -","robots":{"index":"index","follow":"follow","max-snippet":"max-snippet:-1","max-image-preview":"max-image-preview:large","max-video-preview":"max-video-preview:-1"},"canonical":"https:\/\/luchonoticias.com\/editor\/congresistas-de-la-comision-septima-solicitan-la-presencia-del-ministro-de-hacienda\/","og_locale":"es_ES","og_type":"article","og_title":"Congresistas de la Comisi\u00f3n S\u00e9ptima solicitan la presencia del ministro de Hacienda -","og_url":"https:\/\/luchonoticias.com\/editor\/congresistas-de-la-comision-septima-solicitan-la-presencia-del-ministro-de-hacienda\/","article_publisher":"https:\/\/www.facebook.com\/luchonoticiasneiva","article_published_time":"2023-08-22T20:52:59+00:00","article_modified_time":"2023-08-22T20:53:00+00:00","author":"Editor General","twitter_card":"summary_large_image","twitter_misc":{"Escrito por":"Editor General","Tiempo de lectura":"4 minutos"},"schema":{"@context":"https:\/\/schema.org","@graph":[{"@type":"Article","@id":"https:\/\/luchonoticias.com\/editor\/congresistas-de-la-comision-septima-solicitan-la-presencia-del-ministro-de-hacienda\/#article","isPartOf":{"@id":"https:\/\/luchonoticias.com\/editor\/congresistas-de-la-comision-septima-solicitan-la-presencia-del-ministro-de-hacienda\/"},"author":{"name":"Editor General","@id":"https:\/\/luchonoticias.com\/editor\/#\/schema\/person\/29217990ddf6f14e35912b2866d591fb"},"headline":"Congresistas de la Comisi\u00f3n S\u00e9ptima solicitan la presencia del ministro de Hacienda","datePublished":"2023-08-22T20:52:59+00:00","dateModified":"2023-08-22T20:53:00+00:00","mainEntityOfPage":{"@id":"https:\/\/luchonoticias.com\/editor\/congresistas-de-la-comision-septima-solicitan-la-presencia-del-ministro-de-hacienda\/"},"wordCount":726,"commentCount":0,"publisher":{"@id":"https:\/\/luchonoticias.com\/editor\/#\/schema\/person\/7a7fd911f58561fd056dbac7b55af9cd"},"articleSection":["Destacado","Pol\u00edtica"],"inLanguage":"es","potentialAction":[{"@type":"CommentAction","name":"Comment","target":["https:\/\/luchonoticias.com\/editor\/congresistas-de-la-comision-septima-solicitan-la-presencia-del-ministro-de-hacienda\/#respond"]}]},{"@type":"WebPage","@id":"https:\/\/luchonoticias.com\/editor\/congresistas-de-la-comision-septima-solicitan-la-presencia-del-ministro-de-hacienda\/","url":"https:\/\/luchonoticias.com\/editor\/congresistas-de-la-comision-septima-solicitan-la-presencia-del-ministro-de-hacienda\/","name":"Congresistas de la Comisi\u00f3n S\u00e9ptima solicitan la presencia del ministro de Hacienda -","isPartOf":{"@id":"https:\/\/luchonoticias.com\/editor\/#website"},"datePublished":"2023-08-22T20:52:59+00:00","dateModified":"2023-08-22T20:53:00+00:00","breadcrumb":{"@id":"https:\/\/luchonoticias.com\/editor\/congresistas-de-la-comision-septima-solicitan-la-presencia-del-ministro-de-hacienda\/#breadcrumb"},"inLanguage":"es","potentialAction":[{"@type":"ReadAction","target":["https:\/\/luchonoticias.com\/editor\/congresistas-de-la-comision-septima-solicitan-la-presencia-del-ministro-de-hacienda\/"]}]},{"@type":"BreadcrumbList","@id":"https:\/\/luchonoticias.com\/editor\/congresistas-de-la-comision-septima-solicitan-la-presencia-del-ministro-de-hacienda\/#breadcrumb","itemListElement":[{"@type":"ListItem","position":1,"name":"Portada","item":"https:\/\/luchonoticias.com\/editor\/"},{"@type":"ListItem","position":2,"name":"Congresistas de la Comisi\u00f3n S\u00e9ptima solicitan la presencia del ministro de Hacienda"}]},{"@type":"WebSite","@id":"https:\/\/luchonoticias.com\/editor\/#website","url":"https:\/\/luchonoticias.com\/editor\/","name":"","description":"","publisher":{"@id":"https:\/\/luchonoticias.com\/editor\/#\/schema\/person\/7a7fd911f58561fd056dbac7b55af9cd"},"potentialAction":[{"@type":"SearchAction","target":{"@type":"EntryPoint","urlTemplate":"https:\/\/luchonoticias.com\/editor\/?s={search_term_string}"},"query-input":{"@type":"PropertyValueSpecification","valueRequired":true,"valueName":"search_term_string"}}],"inLanguage":"es"},{"@type":["Person","Organization"],"@id":"https:\/\/luchonoticias.com\/editor\/#\/schema\/person\/7a7fd911f58561fd056dbac7b55af9cd","name":"admin","image":{"@type":"ImageObject","inLanguage":"es","@id":"https:\/\/luchonoticias.com\/editor\/#\/schema\/person\/image\/","url":"https:\/\/luchonoticias.com\/editor\/wp-content\/uploads\/2024\/02\/cropped-cropped-logolu.webp","contentUrl":"https:\/\/luchonoticias.com\/editor\/wp-content\/uploads\/2024\/02\/cropped-cropped-logolu.webp","width":382,"height":170,"caption":"admin"},"logo":{"@id":"https:\/\/luchonoticias.com\/editor\/#\/schema\/person\/image\/"},"sameAs":["https:\/\/www.facebook.com\/luchonoticiasneiva"]},{"@type":"Person","@id":"https:\/\/luchonoticias.com\/editor\/#\/schema\/person\/29217990ddf6f14e35912b2866d591fb","name":"Editor General","image":{"@type":"ImageObject","inLanguage":"es","@id":"https:\/\/luchonoticias.com\/editor\/#\/schema\/person\/image\/","url":"https:\/\/luchonoticias.com\/editor\/wp-content\/uploads\/2024\/02\/cropped-cropped-logolu-150x150.webp","contentUrl":"https:\/\/luchonoticias.com\/editor\/wp-content\/uploads\/2024\/02\/cropped-cropped-logolu-150x150.webp","caption":"Editor General"},"sameAs":["https:\/\/luchonoticias.com\/"],"url":"https:\/\/luchonoticias.com\/editor\/author\/editor-general\/"}]}},"_links":{"self":[{"href":"https:\/\/luchonoticias.com\/editor\/wp-json\/wp\/v2\/posts\/58792","targetHints":{"allow":["GET"]}}],"collection":[{"href":"https:\/\/luchonoticias.com\/editor\/wp-json\/wp\/v2\/posts"}],"about":[{"href":"https:\/\/luchonoticias.com\/editor\/wp-json\/wp\/v2\/types\/post"}],"author":[{"embeddable":true,"href":"https:\/\/luchonoticias.com\/editor\/wp-json\/wp\/v2\/users\/2"}],"replies":[{"embeddable":true,"href":"https:\/\/luchonoticias.com\/editor\/wp-json\/wp\/v2\/comments?post=58792"}],"version-history":[{"count":0,"href":"https:\/\/luchonoticias.com\/editor\/wp-json\/wp\/v2\/posts\/58792\/revisions"}],"wp:attachment":[{"href":"https:\/\/luchonoticias.com\/editor\/wp-json\/wp\/v2\/media?parent=58792"}],"wp:term":[{"taxonomy":"category","embeddable":true,"href":"https:\/\/luchonoticias.com\/editor\/wp-json\/wp\/v2\/categories?post=58792"},{"taxonomy":"post_tag","embeddable":true,"href":"https:\/\/luchonoticias.com\/editor\/wp-json\/wp\/v2\/tags?post=58792"}],"curies":[{"name":"wp","href":"https:\/\/api.w.org\/{rel}","templated":true}]}}