{"id":58795,"date":"2023-08-22T16:28:45","date_gmt":"2023-08-22T21:28:45","guid":{"rendered":"https:\/\/luchonoticias.com\/?p=58795"},"modified":"2023-08-22T16:28:48","modified_gmt":"2023-08-22T21:28:48","slug":"iniciativas-de-placa-huella-en-cuatro-municipios-del-huila","status":"publish","type":"post","link":"https:\/\/luchonoticias.com\/editor\/iniciativas-de-placa-huella-en-cuatro-municipios-del-huila\/","title":{"rendered":"Iniciativas de placa huella en cuatro municipios del Huila"},"content":{"rendered":"\n<p class=\"has-medium-font-size\">Las obras de&nbsp;<strong>construcci\u00f3n de placas huellas<\/strong>&nbsp;est\u00e1n llegando a los sectores m\u00e1s necesitados de las zonas campesinas en los municipios de&nbsp;<strong>Neiva, Aipe, Colombia y Rivera<\/strong>.<\/p>\n\n\n\n<p class=\"has-medium-font-size\">Seg\u00fan inform\u00f3 el Ingeniero Davison Leonardo C\u00f3rdoba, profesional de apoyo t\u00e9cnico de la Secretar\u00eda de V\u00edas e Infraestructura de la Gobernaci\u00f3n del Huila,&nbsp;<strong>la inversi\u00f3n para estos proyectos supera los 8 mil millones de pesos<\/strong>. \u201cEste es el contrato 1329 del 2022, es el mejoramiento mediante la construcci\u00f3n de placa huella en sitios cr\u00edticos de estos cuatro municipios, son m\u00e1s de 5.0000 metros lineales de construcci\u00f3n de placa huella que est\u00e1 invirtiendo el gobierno departamental\u201d.<\/p>\n\n\n\n<p class=\"has-medium-font-size\">El contrato&nbsp;<strong>tiene un plazo de ejecuci\u00f3n de 8 meses<\/strong>, y se espera las obras sean entregadas en el mes de noviembre de este a\u00f1o.<\/p>\n","protected":false},"excerpt":{"rendered":"<p>Las obras de&nbsp;construcci\u00f3n de placas huellas&nbsp;est\u00e1n llegando a los sectores m\u00e1s necesitados de las zonas campesinas en los municipios de&nbsp;Neiva, Aipe, Colombia y Rivera. Seg\u00fan inform\u00f3 el Ingeniero Davison Leonardo C\u00f3rdoba, profesional de apoyo t\u00e9cnico de la Secretar\u00eda de V\u00edas e Infraestructura de la Gobernaci\u00f3n del Huila,&nbsp;la inversi\u00f3n para estos proyectos supera los 8 mil [&hellip;]<\/p>\n","protected":false},"author":2,"featured_media":0,"comment_status":"open","ping_status":"open","sticky":false,"template":"","format":"standard","meta":{"footnotes":""},"categories":[33],"tags":[],"class_list":["post-58795","post","type-post","status-publish","format-standard","hentry","category-huila"],"yoast_head":"<!-- This site is optimized with the Yoast SEO plugin v26.6 - https:\/\/yoast.com\/wordpress\/plugins\/seo\/ -->\n<title>Iniciativas de placa huella en cuatro municipios del Huila -<\/title>\n<meta name=\"robots\" content=\"index, follow, max-snippet:-1, max-image-preview:large, max-video-preview:-1\" \/>\n<link rel=\"canonical\" href=\"https:\/\/luchonoticias.com\/editor\/iniciativas-de-placa-huella-en-cuatro-municipios-del-huila\/\" \/>\n<meta property=\"og:locale\" content=\"es_ES\" \/>\n<meta property=\"og:type\" content=\"article\" \/>\n<meta property=\"og:title\" content=\"Iniciativas de placa huella en cuatro municipios del Huila -\" \/>\n<meta property=\"og:url\" content=\"https:\/\/luchonoticias.com\/editor\/iniciativas-de-placa-huella-en-cuatro-municipios-del-huila\/\" \/>\n<meta property=\"article:publisher\" content=\"https:\/\/www.facebook.com\/luchonoticiasneiva\" \/>\n<meta property=\"article:published_time\" content=\"2023-08-22T21:28:45+00:00\" \/>\n<meta property=\"article:modified_time\" content=\"2023-08-22T21:28:48+00:00\" \/>\n<meta name=\"author\" content=\"Editor General\" \/>\n<meta name=\"twitter:card\" content=\"summary_large_image\" \/>\n<meta name=\"twitter:label1\" content=\"Escrito por\" \/>\n\t<meta name=\"twitter:data1\" content=\"Editor General\" \/>\n\t<meta name=\"twitter:label2\" content=\"Tiempo de lectura\" \/>\n\t<meta name=\"twitter:data2\" content=\"1 minuto\" \/>\n<script type=\"application\/ld+json\" class=\"yoast-schema-graph\">{\"@context\":\"https:\/\/schema.org\",\"@graph\":[{\"@type\":\"Article\",\"@id\":\"https:\/\/luchonoticias.com\/editor\/iniciativas-de-placa-huella-en-cuatro-municipios-del-huila\/#article\",\"isPartOf\":{\"@id\":\"https:\/\/luchonoticias.com\/editor\/iniciativas-de-placa-huella-en-cuatro-municipios-del-huila\/\"},\"author\":{\"name\":\"Editor General\",\"@id\":\"https:\/\/luchonoticias.com\/editor\/#\/schema\/person\/29217990ddf6f14e35912b2866d591fb\"},\"headline\":\"Iniciativas de placa huella en cuatro municipios del Huila\",\"datePublished\":\"2023-08-22T21:28:45+00:00\",\"dateModified\":\"2023-08-22T21:28:48+00:00\",\"mainEntityOfPage\":{\"@id\":\"https:\/\/luchonoticias.com\/editor\/iniciativas-de-placa-huella-en-cuatro-municipios-del-huila\/\"},\"wordCount\":152,\"commentCount\":0,\"publisher\":{\"@id\":\"https:\/\/luchonoticias.com\/editor\/#\/schema\/person\/7a7fd911f58561fd056dbac7b55af9cd\"},\"articleSection\":[\"Huila\"],\"inLanguage\":\"es\",\"potentialAction\":[{\"@type\":\"CommentAction\",\"name\":\"Comment\",\"target\":[\"https:\/\/luchonoticias.com\/editor\/iniciativas-de-placa-huella-en-cuatro-municipios-del-huila\/#respond\"]}]},{\"@type\":\"WebPage\",\"@id\":\"https:\/\/luchonoticias.com\/editor\/iniciativas-de-placa-huella-en-cuatro-municipios-del-huila\/\",\"url\":\"https:\/\/luchonoticias.com\/editor\/iniciativas-de-placa-huella-en-cuatro-municipios-del-huila\/\",\"name\":\"Iniciativas de placa huella en cuatro municipios del Huila -\",\"isPartOf\":{\"@id\":\"https:\/\/luchonoticias.com\/editor\/#website\"},\"datePublished\":\"2023-08-22T21:28:45+00:00\",\"dateModified\":\"2023-08-22T21:28:48+00:00\",\"breadcrumb\":{\"@id\":\"https:\/\/luchonoticias.com\/editor\/iniciativas-de-placa-huella-en-cuatro-municipios-del-huila\/#breadcrumb\"},\"inLanguage\":\"es\",\"potentialAction\":[{\"@type\":\"ReadAction\",\"target\":[\"https:\/\/luchonoticias.com\/editor\/iniciativas-de-placa-huella-en-cuatro-municipios-del-huila\/\"]}]},{\"@type\":\"BreadcrumbList\",\"@id\":\"https:\/\/luchonoticias.com\/editor\/iniciativas-de-placa-huella-en-cuatro-municipios-del-huila\/#breadcrumb\",\"itemListElement\":[{\"@type\":\"ListItem\",\"position\":1,\"name\":\"Portada\",\"item\":\"https:\/\/luchonoticias.com\/editor\/\"},{\"@type\":\"ListItem\",\"position\":2,\"name\":\"Iniciativas de placa huella en cuatro municipios del Huila\"}]},{\"@type\":\"WebSite\",\"@id\":\"https:\/\/luchonoticias.com\/editor\/#website\",\"url\":\"https:\/\/luchonoticias.com\/editor\/\",\"name\":\"\",\"description\":\"\",\"publisher\":{\"@id\":\"https:\/\/luchonoticias.com\/editor\/#\/schema\/person\/7a7fd911f58561fd056dbac7b55af9cd\"},\"potentialAction\":[{\"@type\":\"SearchAction\",\"target\":{\"@type\":\"EntryPoint\",\"urlTemplate\":\"https:\/\/luchonoticias.com\/editor\/?s={search_term_string}\"},\"query-input\":{\"@type\":\"PropertyValueSpecification\",\"valueRequired\":true,\"valueName\":\"search_term_string\"}}],\"inLanguage\":\"es\"},{\"@type\":[\"Person\",\"Organization\"],\"@id\":\"https:\/\/luchonoticias.com\/editor\/#\/schema\/person\/7a7fd911f58561fd056dbac7b55af9cd\",\"name\":\"admin\",\"image\":{\"@type\":\"ImageObject\",\"inLanguage\":\"es\",\"@id\":\"https:\/\/luchonoticias.com\/editor\/#\/schema\/person\/image\/\",\"url\":\"https:\/\/luchonoticias.com\/editor\/wp-content\/uploads\/2024\/02\/cropped-cropped-logolu.webp\",\"contentUrl\":\"https:\/\/luchonoticias.com\/editor\/wp-content\/uploads\/2024\/02\/cropped-cropped-logolu.webp\",\"width\":382,\"height\":170,\"caption\":\"admin\"},\"logo\":{\"@id\":\"https:\/\/luchonoticias.com\/editor\/#\/schema\/person\/image\/\"},\"sameAs\":[\"https:\/\/www.facebook.com\/luchonoticiasneiva\"]},{\"@type\":\"Person\",\"@id\":\"https:\/\/luchonoticias.com\/editor\/#\/schema\/person\/29217990ddf6f14e35912b2866d591fb\",\"name\":\"Editor General\",\"image\":{\"@type\":\"ImageObject\",\"inLanguage\":\"es\",\"@id\":\"https:\/\/luchonoticias.com\/editor\/#\/schema\/person\/image\/\",\"url\":\"https:\/\/luchonoticias.com\/editor\/wp-content\/uploads\/2024\/02\/cropped-cropped-logolu-150x150.webp\",\"contentUrl\":\"https:\/\/luchonoticias.com\/editor\/wp-content\/uploads\/2024\/02\/cropped-cropped-logolu-150x150.webp\",\"caption\":\"Editor General\"},\"sameAs\":[\"https:\/\/luchonoticias.com\/\"],\"url\":\"https:\/\/luchonoticias.com\/editor\/author\/editor-general\/\"}]}<\/script>\n<!-- \/ Yoast SEO plugin. -->","yoast_head_json":{"title":"Iniciativas de placa huella en cuatro municipios del Huila -","robots":{"index":"index","follow":"follow","max-snippet":"max-snippet:-1","max-image-preview":"max-image-preview:large","max-video-preview":"max-video-preview:-1"},"canonical":"https:\/\/luchonoticias.com\/editor\/iniciativas-de-placa-huella-en-cuatro-municipios-del-huila\/","og_locale":"es_ES","og_type":"article","og_title":"Iniciativas de placa huella en cuatro municipios del Huila -","og_url":"https:\/\/luchonoticias.com\/editor\/iniciativas-de-placa-huella-en-cuatro-municipios-del-huila\/","article_publisher":"https:\/\/www.facebook.com\/luchonoticiasneiva","article_published_time":"2023-08-22T21:28:45+00:00","article_modified_time":"2023-08-22T21:28:48+00:00","author":"Editor General","twitter_card":"summary_large_image","twitter_misc":{"Escrito por":"Editor General","Tiempo de lectura":"1 minuto"},"schema":{"@context":"https:\/\/schema.org","@graph":[{"@type":"Article","@id":"https:\/\/luchonoticias.com\/editor\/iniciativas-de-placa-huella-en-cuatro-municipios-del-huila\/#article","isPartOf":{"@id":"https:\/\/luchonoticias.com\/editor\/iniciativas-de-placa-huella-en-cuatro-municipios-del-huila\/"},"author":{"name":"Editor General","@id":"https:\/\/luchonoticias.com\/editor\/#\/schema\/person\/29217990ddf6f14e35912b2866d591fb"},"headline":"Iniciativas de placa huella en cuatro municipios del Huila","datePublished":"2023-08-22T21:28:45+00:00","dateModified":"2023-08-22T21:28:48+00:00","mainEntityOfPage":{"@id":"https:\/\/luchonoticias.com\/editor\/iniciativas-de-placa-huella-en-cuatro-municipios-del-huila\/"},"wordCount":152,"commentCount":0,"publisher":{"@id":"https:\/\/luchonoticias.com\/editor\/#\/schema\/person\/7a7fd911f58561fd056dbac7b55af9cd"},"articleSection":["Huila"],"inLanguage":"es","potentialAction":[{"@type":"CommentAction","name":"Comment","target":["https:\/\/luchonoticias.com\/editor\/iniciativas-de-placa-huella-en-cuatro-municipios-del-huila\/#respond"]}]},{"@type":"WebPage","@id":"https:\/\/luchonoticias.com\/editor\/iniciativas-de-placa-huella-en-cuatro-municipios-del-huila\/","url":"https:\/\/luchonoticias.com\/editor\/iniciativas-de-placa-huella-en-cuatro-municipios-del-huila\/","name":"Iniciativas de placa huella en cuatro municipios del Huila -","isPartOf":{"@id":"https:\/\/luchonoticias.com\/editor\/#website"},"datePublished":"2023-08-22T21:28:45+00:00","dateModified":"2023-08-22T21:28:48+00:00","breadcrumb":{"@id":"https:\/\/luchonoticias.com\/editor\/iniciativas-de-placa-huella-en-cuatro-municipios-del-huila\/#breadcrumb"},"inLanguage":"es","potentialAction":[{"@type":"ReadAction","target":["https:\/\/luchonoticias.com\/editor\/iniciativas-de-placa-huella-en-cuatro-municipios-del-huila\/"]}]},{"@type":"BreadcrumbList","@id":"https:\/\/luchonoticias.com\/editor\/iniciativas-de-placa-huella-en-cuatro-municipios-del-huila\/#breadcrumb","itemListElement":[{"@type":"ListItem","position":1,"name":"Portada","item":"https:\/\/luchonoticias.com\/editor\/"},{"@type":"ListItem","position":2,"name":"Iniciativas de placa huella en cuatro municipios del Huila"}]},{"@type":"WebSite","@id":"https:\/\/luchonoticias.com\/editor\/#website","url":"https:\/\/luchonoticias.com\/editor\/","name":"","description":"","publisher":{"@id":"https:\/\/luchonoticias.com\/editor\/#\/schema\/person\/7a7fd911f58561fd056dbac7b55af9cd"},"potentialAction":[{"@type":"SearchAction","target":{"@type":"EntryPoint","urlTemplate":"https:\/\/luchonoticias.com\/editor\/?s={search_term_string}"},"query-input":{"@type":"PropertyValueSpecification","valueRequired":true,"valueName":"search_term_string"}}],"inLanguage":"es"},{"@type":["Person","Organization"],"@id":"https:\/\/luchonoticias.com\/editor\/#\/schema\/person\/7a7fd911f58561fd056dbac7b55af9cd","name":"admin","image":{"@type":"ImageObject","inLanguage":"es","@id":"https:\/\/luchonoticias.com\/editor\/#\/schema\/person\/image\/","url":"https:\/\/luchonoticias.com\/editor\/wp-content\/uploads\/2024\/02\/cropped-cropped-logolu.webp","contentUrl":"https:\/\/luchonoticias.com\/editor\/wp-content\/uploads\/2024\/02\/cropped-cropped-logolu.webp","width":382,"height":170,"caption":"admin"},"logo":{"@id":"https:\/\/luchonoticias.com\/editor\/#\/schema\/person\/image\/"},"sameAs":["https:\/\/www.facebook.com\/luchonoticiasneiva"]},{"@type":"Person","@id":"https:\/\/luchonoticias.com\/editor\/#\/schema\/person\/29217990ddf6f14e35912b2866d591fb","name":"Editor General","image":{"@type":"ImageObject","inLanguage":"es","@id":"https:\/\/luchonoticias.com\/editor\/#\/schema\/person\/image\/","url":"https:\/\/luchonoticias.com\/editor\/wp-content\/uploads\/2024\/02\/cropped-cropped-logolu-150x150.webp","contentUrl":"https:\/\/luchonoticias.com\/editor\/wp-content\/uploads\/2024\/02\/cropped-cropped-logolu-150x150.webp","caption":"Editor General"},"sameAs":["https:\/\/luchonoticias.com\/"],"url":"https:\/\/luchonoticias.com\/editor\/author\/editor-general\/"}]}},"_links":{"self":[{"href":"https:\/\/luchonoticias.com\/editor\/wp-json\/wp\/v2\/posts\/58795","targetHints":{"allow":["GET"]}}],"collection":[{"href":"https:\/\/luchonoticias.com\/editor\/wp-json\/wp\/v2\/posts"}],"about":[{"href":"https:\/\/luchonoticias.com\/editor\/wp-json\/wp\/v2\/types\/post"}],"author":[{"embeddable":true,"href":"https:\/\/luchonoticias.com\/editor\/wp-json\/wp\/v2\/users\/2"}],"replies":[{"embeddable":true,"href":"https:\/\/luchonoticias.com\/editor\/wp-json\/wp\/v2\/comments?post=58795"}],"version-history":[{"count":0,"href":"https:\/\/luchonoticias.com\/editor\/wp-json\/wp\/v2\/posts\/58795\/revisions"}],"wp:attachment":[{"href":"https:\/\/luchonoticias.com\/editor\/wp-json\/wp\/v2\/media?parent=58795"}],"wp:term":[{"taxonomy":"category","embeddable":true,"href":"https:\/\/luchonoticias.com\/editor\/wp-json\/wp\/v2\/categories?post=58795"},{"taxonomy":"post_tag","embeddable":true,"href":"https:\/\/luchonoticias.com\/editor\/wp-json\/wp\/v2\/tags?post=58795"}],"curies":[{"name":"wp","href":"https:\/\/api.w.org\/{rel}","templated":true}]}}