{"id":58801,"date":"2023-08-23T05:12:16","date_gmt":"2023-08-23T10:12:16","guid":{"rendered":"https:\/\/luchonoticias.com\/?p=58801"},"modified":"2023-08-23T05:12:17","modified_gmt":"2023-08-23T10:12:17","slug":"consejo-de-seguridad-extraordinario","status":"publish","type":"post","link":"https:\/\/luchonoticias.com\/editor\/consejo-de-seguridad-extraordinario\/","title":{"rendered":"Consejo de Seguridad Extraordinario"},"content":{"rendered":"\n<p>La Gobernaci\u00f3n del Huila lider\u00f3 un&nbsp;<strong>Consejo de Seguridad extraordinario&nbsp;<\/strong>que ha sentado las bases para implementar estrategias integrales en la ciudad de Neiva y todo el departamento.<\/p>\n\n\n\n<p>En el encuentro, en el que participaron representantes de las fuerzas militares, la polic\u00eda y diversos organismos de seguridad, se abordaron&nbsp;<strong>hechos espec\u00edficos que han impactado al departamento.<\/strong>&nbsp;El Gobernador Luis Enrique Duss\u00e1n destac\u00f3 la importancia de las estrategias, afirmando que \u00abes vital para nosotros consolidar estrategias contundentes que permitan preservar la seguridad en nuestro departamento\u00bb.<\/p>\n\n\n\n<p>Una de las iniciativas clave que se est\u00e1 desarrollando es la&nbsp;<strong>intervenci\u00f3n en las comunas m\u00e1s afectadas por la inseguridad en Neiva<\/strong>. Esta operaci\u00f3n tiene como objetivo focalizar esfuerzos en \u00e1reas de alto riesgo, y llevar a cabo acciones coordinadas que resulten en capturas efectivas. El Gobernador resalt\u00f3 la colaboraci\u00f3n y apoyo interinstitucional, afirmando que \u00abtodos los esfuerzos que podamos hacer son bienvenidos, porque la seguridad es un compromiso compartido\u00bb.<\/p>\n\n\n\n<p>Adem\u00e1s, en el encuentro se destac\u00f3 la importancia de<strong>&nbsp;priorizar la seguridad en centros poblados estrat\u00e9gicos como Bel\u00e9n, Valencia de la Paz, y Zuluaga<\/strong>. Se ha enfatizado en la necesidad de mantener una presencia constante del Ej\u00e9rcito en estas \u00e1reas. Esta presencia no solo fortalecer\u00e1 la seguridad, sino que tambi\u00e9n servir\u00e1 como un factor disuasorio ante posibles actividades delictivas.<\/p>\n\n\n\n<p>Por otro lado,&nbsp;<strong>frente al delito de la extorsi\u00f3n en el Huila<\/strong>, el grupo de Acci\u00f3n Unificada por la Libertad Personal (GAULA), ha logrado&nbsp;<strong>evitar 720 casos de extorsi\u00f3n<\/strong>, representando un hito significativo.<\/p>\n","protected":false},"excerpt":{"rendered":"<p>La Gobernaci\u00f3n del Huila lider\u00f3 un&nbsp;Consejo de Seguridad extraordinario&nbsp;que ha sentado las bases para implementar estrategias integrales en la ciudad de Neiva y todo el departamento. En el encuentro, en el que participaron representantes de las fuerzas militares, la polic\u00eda y diversos organismos de seguridad, se abordaron&nbsp;hechos espec\u00edficos que han impactado al departamento.&nbsp;El Gobernador Luis [&hellip;]<\/p>\n","protected":false},"author":2,"featured_media":0,"comment_status":"open","ping_status":"open","sticky":false,"template":"","format":"standard","meta":{"footnotes":""},"categories":[33],"tags":[],"class_list":["post-58801","post","type-post","status-publish","format-standard","hentry","category-huila"],"yoast_head":"<!-- This site is optimized with the Yoast SEO plugin v26.6 - https:\/\/yoast.com\/wordpress\/plugins\/seo\/ -->\n<title>Consejo de Seguridad Extraordinario -<\/title>\n<meta name=\"robots\" content=\"index, follow, max-snippet:-1, max-image-preview:large, max-video-preview:-1\" \/>\n<link rel=\"canonical\" href=\"https:\/\/luchonoticias.com\/editor\/consejo-de-seguridad-extraordinario\/\" \/>\n<meta property=\"og:locale\" content=\"es_ES\" \/>\n<meta property=\"og:type\" content=\"article\" \/>\n<meta property=\"og:title\" content=\"Consejo de Seguridad Extraordinario -\" \/>\n<meta property=\"og:url\" content=\"https:\/\/luchonoticias.com\/editor\/consejo-de-seguridad-extraordinario\/\" \/>\n<meta property=\"article:publisher\" content=\"https:\/\/www.facebook.com\/luchonoticiasneiva\" \/>\n<meta property=\"article:published_time\" content=\"2023-08-23T10:12:16+00:00\" \/>\n<meta property=\"article:modified_time\" content=\"2023-08-23T10:12:17+00:00\" \/>\n<meta name=\"author\" content=\"Editor General\" \/>\n<meta name=\"twitter:card\" content=\"summary_large_image\" \/>\n<meta name=\"twitter:label1\" content=\"Escrito por\" \/>\n\t<meta name=\"twitter:data1\" content=\"Editor General\" \/>\n\t<meta name=\"twitter:label2\" content=\"Tiempo de lectura\" \/>\n\t<meta name=\"twitter:data2\" content=\"1 minuto\" \/>\n<script type=\"application\/ld+json\" class=\"yoast-schema-graph\">{\"@context\":\"https:\/\/schema.org\",\"@graph\":[{\"@type\":\"Article\",\"@id\":\"https:\/\/luchonoticias.com\/editor\/consejo-de-seguridad-extraordinario\/#article\",\"isPartOf\":{\"@id\":\"https:\/\/luchonoticias.com\/editor\/consejo-de-seguridad-extraordinario\/\"},\"author\":{\"name\":\"Editor General\",\"@id\":\"https:\/\/luchonoticias.com\/editor\/#\/schema\/person\/29217990ddf6f14e35912b2866d591fb\"},\"headline\":\"Consejo de Seguridad Extraordinario\",\"datePublished\":\"2023-08-23T10:12:16+00:00\",\"dateModified\":\"2023-08-23T10:12:17+00:00\",\"mainEntityOfPage\":{\"@id\":\"https:\/\/luchonoticias.com\/editor\/consejo-de-seguridad-extraordinario\/\"},\"wordCount\":273,\"commentCount\":0,\"publisher\":{\"@id\":\"https:\/\/luchonoticias.com\/editor\/#\/schema\/person\/7a7fd911f58561fd056dbac7b55af9cd\"},\"articleSection\":[\"Huila\"],\"inLanguage\":\"es\",\"potentialAction\":[{\"@type\":\"CommentAction\",\"name\":\"Comment\",\"target\":[\"https:\/\/luchonoticias.com\/editor\/consejo-de-seguridad-extraordinario\/#respond\"]}]},{\"@type\":\"WebPage\",\"@id\":\"https:\/\/luchonoticias.com\/editor\/consejo-de-seguridad-extraordinario\/\",\"url\":\"https:\/\/luchonoticias.com\/editor\/consejo-de-seguridad-extraordinario\/\",\"name\":\"Consejo de Seguridad Extraordinario -\",\"isPartOf\":{\"@id\":\"https:\/\/luchonoticias.com\/editor\/#website\"},\"datePublished\":\"2023-08-23T10:12:16+00:00\",\"dateModified\":\"2023-08-23T10:12:17+00:00\",\"breadcrumb\":{\"@id\":\"https:\/\/luchonoticias.com\/editor\/consejo-de-seguridad-extraordinario\/#breadcrumb\"},\"inLanguage\":\"es\",\"potentialAction\":[{\"@type\":\"ReadAction\",\"target\":[\"https:\/\/luchonoticias.com\/editor\/consejo-de-seguridad-extraordinario\/\"]}]},{\"@type\":\"BreadcrumbList\",\"@id\":\"https:\/\/luchonoticias.com\/editor\/consejo-de-seguridad-extraordinario\/#breadcrumb\",\"itemListElement\":[{\"@type\":\"ListItem\",\"position\":1,\"name\":\"Portada\",\"item\":\"https:\/\/luchonoticias.com\/editor\/\"},{\"@type\":\"ListItem\",\"position\":2,\"name\":\"Consejo de Seguridad Extraordinario\"}]},{\"@type\":\"WebSite\",\"@id\":\"https:\/\/luchonoticias.com\/editor\/#website\",\"url\":\"https:\/\/luchonoticias.com\/editor\/\",\"name\":\"\",\"description\":\"\",\"publisher\":{\"@id\":\"https:\/\/luchonoticias.com\/editor\/#\/schema\/person\/7a7fd911f58561fd056dbac7b55af9cd\"},\"potentialAction\":[{\"@type\":\"SearchAction\",\"target\":{\"@type\":\"EntryPoint\",\"urlTemplate\":\"https:\/\/luchonoticias.com\/editor\/?s={search_term_string}\"},\"query-input\":{\"@type\":\"PropertyValueSpecification\",\"valueRequired\":true,\"valueName\":\"search_term_string\"}}],\"inLanguage\":\"es\"},{\"@type\":[\"Person\",\"Organization\"],\"@id\":\"https:\/\/luchonoticias.com\/editor\/#\/schema\/person\/7a7fd911f58561fd056dbac7b55af9cd\",\"name\":\"admin\",\"image\":{\"@type\":\"ImageObject\",\"inLanguage\":\"es\",\"@id\":\"https:\/\/luchonoticias.com\/editor\/#\/schema\/person\/image\/\",\"url\":\"https:\/\/luchonoticias.com\/editor\/wp-content\/uploads\/2024\/02\/cropped-cropped-logolu.webp\",\"contentUrl\":\"https:\/\/luchonoticias.com\/editor\/wp-content\/uploads\/2024\/02\/cropped-cropped-logolu.webp\",\"width\":382,\"height\":170,\"caption\":\"admin\"},\"logo\":{\"@id\":\"https:\/\/luchonoticias.com\/editor\/#\/schema\/person\/image\/\"},\"sameAs\":[\"https:\/\/www.facebook.com\/luchonoticiasneiva\"]},{\"@type\":\"Person\",\"@id\":\"https:\/\/luchonoticias.com\/editor\/#\/schema\/person\/29217990ddf6f14e35912b2866d591fb\",\"name\":\"Editor General\",\"image\":{\"@type\":\"ImageObject\",\"inLanguage\":\"es\",\"@id\":\"https:\/\/luchonoticias.com\/editor\/#\/schema\/person\/image\/\",\"url\":\"https:\/\/luchonoticias.com\/editor\/wp-content\/uploads\/2024\/02\/cropped-cropped-logolu-150x150.webp\",\"contentUrl\":\"https:\/\/luchonoticias.com\/editor\/wp-content\/uploads\/2024\/02\/cropped-cropped-logolu-150x150.webp\",\"caption\":\"Editor General\"},\"sameAs\":[\"https:\/\/luchonoticias.com\/\"],\"url\":\"https:\/\/luchonoticias.com\/editor\/author\/editor-general\/\"}]}<\/script>\n<!-- \/ Yoast SEO plugin. -->","yoast_head_json":{"title":"Consejo de Seguridad Extraordinario -","robots":{"index":"index","follow":"follow","max-snippet":"max-snippet:-1","max-image-preview":"max-image-preview:large","max-video-preview":"max-video-preview:-1"},"canonical":"https:\/\/luchonoticias.com\/editor\/consejo-de-seguridad-extraordinario\/","og_locale":"es_ES","og_type":"article","og_title":"Consejo de Seguridad Extraordinario -","og_url":"https:\/\/luchonoticias.com\/editor\/consejo-de-seguridad-extraordinario\/","article_publisher":"https:\/\/www.facebook.com\/luchonoticiasneiva","article_published_time":"2023-08-23T10:12:16+00:00","article_modified_time":"2023-08-23T10:12:17+00:00","author":"Editor General","twitter_card":"summary_large_image","twitter_misc":{"Escrito por":"Editor General","Tiempo de lectura":"1 minuto"},"schema":{"@context":"https:\/\/schema.org","@graph":[{"@type":"Article","@id":"https:\/\/luchonoticias.com\/editor\/consejo-de-seguridad-extraordinario\/#article","isPartOf":{"@id":"https:\/\/luchonoticias.com\/editor\/consejo-de-seguridad-extraordinario\/"},"author":{"name":"Editor General","@id":"https:\/\/luchonoticias.com\/editor\/#\/schema\/person\/29217990ddf6f14e35912b2866d591fb"},"headline":"Consejo de Seguridad Extraordinario","datePublished":"2023-08-23T10:12:16+00:00","dateModified":"2023-08-23T10:12:17+00:00","mainEntityOfPage":{"@id":"https:\/\/luchonoticias.com\/editor\/consejo-de-seguridad-extraordinario\/"},"wordCount":273,"commentCount":0,"publisher":{"@id":"https:\/\/luchonoticias.com\/editor\/#\/schema\/person\/7a7fd911f58561fd056dbac7b55af9cd"},"articleSection":["Huila"],"inLanguage":"es","potentialAction":[{"@type":"CommentAction","name":"Comment","target":["https:\/\/luchonoticias.com\/editor\/consejo-de-seguridad-extraordinario\/#respond"]}]},{"@type":"WebPage","@id":"https:\/\/luchonoticias.com\/editor\/consejo-de-seguridad-extraordinario\/","url":"https:\/\/luchonoticias.com\/editor\/consejo-de-seguridad-extraordinario\/","name":"Consejo de Seguridad Extraordinario -","isPartOf":{"@id":"https:\/\/luchonoticias.com\/editor\/#website"},"datePublished":"2023-08-23T10:12:16+00:00","dateModified":"2023-08-23T10:12:17+00:00","breadcrumb":{"@id":"https:\/\/luchonoticias.com\/editor\/consejo-de-seguridad-extraordinario\/#breadcrumb"},"inLanguage":"es","potentialAction":[{"@type":"ReadAction","target":["https:\/\/luchonoticias.com\/editor\/consejo-de-seguridad-extraordinario\/"]}]},{"@type":"BreadcrumbList","@id":"https:\/\/luchonoticias.com\/editor\/consejo-de-seguridad-extraordinario\/#breadcrumb","itemListElement":[{"@type":"ListItem","position":1,"name":"Portada","item":"https:\/\/luchonoticias.com\/editor\/"},{"@type":"ListItem","position":2,"name":"Consejo de Seguridad Extraordinario"}]},{"@type":"WebSite","@id":"https:\/\/luchonoticias.com\/editor\/#website","url":"https:\/\/luchonoticias.com\/editor\/","name":"","description":"","publisher":{"@id":"https:\/\/luchonoticias.com\/editor\/#\/schema\/person\/7a7fd911f58561fd056dbac7b55af9cd"},"potentialAction":[{"@type":"SearchAction","target":{"@type":"EntryPoint","urlTemplate":"https:\/\/luchonoticias.com\/editor\/?s={search_term_string}"},"query-input":{"@type":"PropertyValueSpecification","valueRequired":true,"valueName":"search_term_string"}}],"inLanguage":"es"},{"@type":["Person","Organization"],"@id":"https:\/\/luchonoticias.com\/editor\/#\/schema\/person\/7a7fd911f58561fd056dbac7b55af9cd","name":"admin","image":{"@type":"ImageObject","inLanguage":"es","@id":"https:\/\/luchonoticias.com\/editor\/#\/schema\/person\/image\/","url":"https:\/\/luchonoticias.com\/editor\/wp-content\/uploads\/2024\/02\/cropped-cropped-logolu.webp","contentUrl":"https:\/\/luchonoticias.com\/editor\/wp-content\/uploads\/2024\/02\/cropped-cropped-logolu.webp","width":382,"height":170,"caption":"admin"},"logo":{"@id":"https:\/\/luchonoticias.com\/editor\/#\/schema\/person\/image\/"},"sameAs":["https:\/\/www.facebook.com\/luchonoticiasneiva"]},{"@type":"Person","@id":"https:\/\/luchonoticias.com\/editor\/#\/schema\/person\/29217990ddf6f14e35912b2866d591fb","name":"Editor General","image":{"@type":"ImageObject","inLanguage":"es","@id":"https:\/\/luchonoticias.com\/editor\/#\/schema\/person\/image\/","url":"https:\/\/luchonoticias.com\/editor\/wp-content\/uploads\/2024\/02\/cropped-cropped-logolu-150x150.webp","contentUrl":"https:\/\/luchonoticias.com\/editor\/wp-content\/uploads\/2024\/02\/cropped-cropped-logolu-150x150.webp","caption":"Editor General"},"sameAs":["https:\/\/luchonoticias.com\/"],"url":"https:\/\/luchonoticias.com\/editor\/author\/editor-general\/"}]}},"_links":{"self":[{"href":"https:\/\/luchonoticias.com\/editor\/wp-json\/wp\/v2\/posts\/58801","targetHints":{"allow":["GET"]}}],"collection":[{"href":"https:\/\/luchonoticias.com\/editor\/wp-json\/wp\/v2\/posts"}],"about":[{"href":"https:\/\/luchonoticias.com\/editor\/wp-json\/wp\/v2\/types\/post"}],"author":[{"embeddable":true,"href":"https:\/\/luchonoticias.com\/editor\/wp-json\/wp\/v2\/users\/2"}],"replies":[{"embeddable":true,"href":"https:\/\/luchonoticias.com\/editor\/wp-json\/wp\/v2\/comments?post=58801"}],"version-history":[{"count":0,"href":"https:\/\/luchonoticias.com\/editor\/wp-json\/wp\/v2\/posts\/58801\/revisions"}],"wp:attachment":[{"href":"https:\/\/luchonoticias.com\/editor\/wp-json\/wp\/v2\/media?parent=58801"}],"wp:term":[{"taxonomy":"category","embeddable":true,"href":"https:\/\/luchonoticias.com\/editor\/wp-json\/wp\/v2\/categories?post=58801"},{"taxonomy":"post_tag","embeddable":true,"href":"https:\/\/luchonoticias.com\/editor\/wp-json\/wp\/v2\/tags?post=58801"}],"curies":[{"name":"wp","href":"https:\/\/api.w.org\/{rel}","templated":true}]}}