{"id":58814,"date":"2023-08-23T06:38:38","date_gmt":"2023-08-23T11:38:38","guid":{"rendered":"https:\/\/luchonoticias.com\/?p=58814"},"modified":"2023-08-23T06:38:39","modified_gmt":"2023-08-23T11:38:39","slug":"implementan-en-neiva-plan-choque-seguridad-360","status":"publish","type":"post","link":"https:\/\/luchonoticias.com\/editor\/implementan-en-neiva-plan-choque-seguridad-360\/","title":{"rendered":"Implementan en Neiva Plan Choque Seguridad 360"},"content":{"rendered":"\n<p>El ministro de Defensa Iv\u00e1n Vel\u00e1squez, a trav\u00e9s de viodeoconferencia, se reuni\u00f3 con el alcalde encargado de Neiva, Germ\u00e1n Yobany Beltr\u00e1n Rond\u00f3n, el coronel de la Polic\u00eda Metropolitana, Domingo Alfredo L\u00f3pez Dales, el secretario de Gobierno, Ra\u00fal Rivera Cort\u00e9s, el director de Seguridad y Convivencia Ciudadana, Andr\u00e9s Felipe Mart\u00ednez y otras autoridades de la regi\u00f3n, exponiendo la nueva estrategia con la cual se le har\u00e1 frente a la inseguridad y le devolver\u00e1n la tranquilidad a los ciudadanos.<\/p>\n\n\n\n<p>El Plan Choque Seguridad 360, es la estrategia con la cual actuar\u00e1n desde este momento la Alcald\u00eda de Neiva y las autoridades de Polic\u00eda y Ej\u00e9rcito, para combatir a la delincuencia. Su prop\u00f3sito es reducir los \u00edndices de delitos como el hurto y el homicidio.<\/p>\n\n\n\n<p>\u00abEl plan directo va hacia los puntos de la ciudad que m\u00e1s afectaci\u00f3n, en t\u00e9rminos de inseguridad, est\u00e1 presentando. A trav\u00e9s de la intervenci\u00f3n de la oferta interinstitucional y ese trabajo nos permitir\u00e1 solucionar, intervenir y proponer nuevas situaciones de seguridad a los territorios del municipio de Neiva\u00bb, asegur\u00f3 el coronel Domingo Alfredo L\u00f3pez Dales, comandante de la Polic\u00eda Metropolitana.<\/p>\n\n\n\n<p>Con el Plan Choque Seguridad 360, las autoridades llegar\u00e1n a los barrios, comunas y corregimientos, inicialmente desarrollando campa\u00f1as de sensibilizaci\u00f3n, prevenci\u00f3n y contenci\u00f3n de delitos a trav\u00e9s de la actuaci\u00f3n contundente contra manifestaciones de delitos que en este momento est\u00e1n afectando a los neivanos.<\/p>\n\n\n\n<p>\u00abEsta es la continuidad de lo que ya se ha venido haciendo. Se desarrollar\u00e1 en tres etapas fundamentales: La prevenci\u00f3n, desarticulaci\u00f3n y la contenci\u00f3n del delito. Aqu\u00ed se unir\u00e1n los esfuerzos del Ej\u00e9rcito, la Polic\u00eda, el CTI de la Fiscal\u00eda, Sipol, Sijin, y la Secretar\u00eda de Movilidad, para dar golpes contundentes. Vamos a actuar de frente para darle a los neivanos un territorio de vida y paz\u00bb, dijo el secretario de Gobierno, Ra\u00fal Rivera Cort\u00e9s.<\/p>\n\n\n\n<p><strong>Golpe a la delincuencia<\/strong><\/p>\n\n\n\n<p>En el mapa delictivo que tiene la Alcald\u00eda y la Polic\u00eda Metropolitana de Neiva, se encuentran diez peligrosas estructuras delictivas, las cuales se vienen tomando las principales comunas de la ciudad para la comisi\u00f3n de delitos. Con la puesta en marcha de esta estrategia, se pondr\u00e1 en cintura a estas organizaciones y a sus cabecillas.<\/p>\n\n\n\n<p>\u00abTenemos un poco m\u00e1s de diez organizaciones, unas de menor y otras de mayor jerarqu\u00eda, que suman m\u00e1s de 200 actores delincuenciales. A estos sujetos los tenemos plenamente identificados en su actuar y modus operandi. Hay unos con \u00f3rdenes de captura vigentes otros que est\u00e1n en proceso de que se efect\u00fae la orden.<\/p>\n\n\n\n<p>\u201cHemos llegado con estrategias para lograr bajar los \u00edndices de delincuencia y los focos donde se generan los delitos. Vamos a cerrar entornos y comunas donde hay mayor comisi\u00f3n de hechos delincuenciales\u00bb, agreg\u00f3 Rivera Cort\u00e9s.<\/p>\n\n\n\n<p>Plan Choque Seguridad 360 inicia su operaci\u00f3n desde este momento y se extender\u00e1 el tiempo que sea necesario con el prop\u00f3sito de devolverle la tranquilidad a los ciudadanos.<\/p>\n\n\n\n<p>\u00abVamos a atender cualquier manifestaci\u00f3n del delito. Actualmente el que m\u00e1s est\u00e1 afectando a los ciudadanos es el hurto en todas sus modalidades. El hurto a personas, comercio, residencias, el hurto de motos tiene un comportamiento de reducci\u00f3n, debido a un plan que venimos desarrollando. En el marco de este plan choque, vamos a garantizarle seguridad a las personas\u00bb, puntualiz\u00f3 el Comandante de la Polic\u00eda Metropolitana de Neiva.<\/p>\n","protected":false},"excerpt":{"rendered":"<p>El ministro de Defensa Iv\u00e1n Vel\u00e1squez, a trav\u00e9s de viodeoconferencia, se reuni\u00f3 con el alcalde encargado de Neiva, Germ\u00e1n Yobany Beltr\u00e1n Rond\u00f3n, el coronel de la Polic\u00eda Metropolitana, Domingo Alfredo L\u00f3pez Dales, el secretario de Gobierno, Ra\u00fal Rivera Cort\u00e9s, el director de Seguridad y Convivencia Ciudadana, Andr\u00e9s Felipe Mart\u00ednez y otras autoridades de la regi\u00f3n, [&hellip;]<\/p>\n","protected":false},"author":2,"featured_media":0,"comment_status":"open","ping_status":"open","sticky":false,"template":"","format":"standard","meta":{"footnotes":""},"categories":[36,31],"tags":[],"class_list":["post-58814","post","type-post","status-publish","format-standard","hentry","category-destacado","category-local"],"yoast_head":"<!-- This site is optimized with the Yoast SEO plugin v26.6 - https:\/\/yoast.com\/wordpress\/plugins\/seo\/ -->\n<title>Implementan en Neiva Plan Choque Seguridad 360 -<\/title>\n<meta name=\"robots\" content=\"index, follow, max-snippet:-1, max-image-preview:large, max-video-preview:-1\" \/>\n<link rel=\"canonical\" href=\"https:\/\/luchonoticias.com\/editor\/implementan-en-neiva-plan-choque-seguridad-360\/\" \/>\n<meta property=\"og:locale\" content=\"es_ES\" \/>\n<meta property=\"og:type\" content=\"article\" \/>\n<meta property=\"og:title\" content=\"Implementan en Neiva Plan Choque Seguridad 360 -\" \/>\n<meta property=\"og:url\" content=\"https:\/\/luchonoticias.com\/editor\/implementan-en-neiva-plan-choque-seguridad-360\/\" \/>\n<meta property=\"article:publisher\" content=\"https:\/\/www.facebook.com\/luchonoticiasneiva\" \/>\n<meta property=\"article:published_time\" content=\"2023-08-23T11:38:38+00:00\" \/>\n<meta property=\"article:modified_time\" content=\"2023-08-23T11:38:39+00:00\" \/>\n<meta name=\"author\" content=\"Editor General\" \/>\n<meta name=\"twitter:card\" content=\"summary_large_image\" \/>\n<meta name=\"twitter:label1\" content=\"Escrito por\" \/>\n\t<meta name=\"twitter:data1\" content=\"Editor General\" \/>\n\t<meta name=\"twitter:label2\" content=\"Tiempo de lectura\" \/>\n\t<meta name=\"twitter:data2\" content=\"3 minutos\" \/>\n<script type=\"application\/ld+json\" class=\"yoast-schema-graph\">{\"@context\":\"https:\/\/schema.org\",\"@graph\":[{\"@type\":\"Article\",\"@id\":\"https:\/\/luchonoticias.com\/editor\/implementan-en-neiva-plan-choque-seguridad-360\/#article\",\"isPartOf\":{\"@id\":\"https:\/\/luchonoticias.com\/editor\/implementan-en-neiva-plan-choque-seguridad-360\/\"},\"author\":{\"name\":\"Editor General\",\"@id\":\"https:\/\/luchonoticias.com\/editor\/#\/schema\/person\/29217990ddf6f14e35912b2866d591fb\"},\"headline\":\"Implementan en Neiva Plan Choque Seguridad 360\",\"datePublished\":\"2023-08-23T11:38:38+00:00\",\"dateModified\":\"2023-08-23T11:38:39+00:00\",\"mainEntityOfPage\":{\"@id\":\"https:\/\/luchonoticias.com\/editor\/implementan-en-neiva-plan-choque-seguridad-360\/\"},\"wordCount\":606,\"commentCount\":0,\"publisher\":{\"@id\":\"https:\/\/luchonoticias.com\/editor\/#\/schema\/person\/7a7fd911f58561fd056dbac7b55af9cd\"},\"articleSection\":[\"Destacado\",\"Local\"],\"inLanguage\":\"es\",\"potentialAction\":[{\"@type\":\"CommentAction\",\"name\":\"Comment\",\"target\":[\"https:\/\/luchonoticias.com\/editor\/implementan-en-neiva-plan-choque-seguridad-360\/#respond\"]}]},{\"@type\":\"WebPage\",\"@id\":\"https:\/\/luchonoticias.com\/editor\/implementan-en-neiva-plan-choque-seguridad-360\/\",\"url\":\"https:\/\/luchonoticias.com\/editor\/implementan-en-neiva-plan-choque-seguridad-360\/\",\"name\":\"Implementan en Neiva Plan Choque Seguridad 360 -\",\"isPartOf\":{\"@id\":\"https:\/\/luchonoticias.com\/editor\/#website\"},\"datePublished\":\"2023-08-23T11:38:38+00:00\",\"dateModified\":\"2023-08-23T11:38:39+00:00\",\"breadcrumb\":{\"@id\":\"https:\/\/luchonoticias.com\/editor\/implementan-en-neiva-plan-choque-seguridad-360\/#breadcrumb\"},\"inLanguage\":\"es\",\"potentialAction\":[{\"@type\":\"ReadAction\",\"target\":[\"https:\/\/luchonoticias.com\/editor\/implementan-en-neiva-plan-choque-seguridad-360\/\"]}]},{\"@type\":\"BreadcrumbList\",\"@id\":\"https:\/\/luchonoticias.com\/editor\/implementan-en-neiva-plan-choque-seguridad-360\/#breadcrumb\",\"itemListElement\":[{\"@type\":\"ListItem\",\"position\":1,\"name\":\"Portada\",\"item\":\"https:\/\/luchonoticias.com\/editor\/\"},{\"@type\":\"ListItem\",\"position\":2,\"name\":\"Implementan en Neiva Plan Choque Seguridad 360\"}]},{\"@type\":\"WebSite\",\"@id\":\"https:\/\/luchonoticias.com\/editor\/#website\",\"url\":\"https:\/\/luchonoticias.com\/editor\/\",\"name\":\"\",\"description\":\"\",\"publisher\":{\"@id\":\"https:\/\/luchonoticias.com\/editor\/#\/schema\/person\/7a7fd911f58561fd056dbac7b55af9cd\"},\"potentialAction\":[{\"@type\":\"SearchAction\",\"target\":{\"@type\":\"EntryPoint\",\"urlTemplate\":\"https:\/\/luchonoticias.com\/editor\/?s={search_term_string}\"},\"query-input\":{\"@type\":\"PropertyValueSpecification\",\"valueRequired\":true,\"valueName\":\"search_term_string\"}}],\"inLanguage\":\"es\"},{\"@type\":[\"Person\",\"Organization\"],\"@id\":\"https:\/\/luchonoticias.com\/editor\/#\/schema\/person\/7a7fd911f58561fd056dbac7b55af9cd\",\"name\":\"admin\",\"image\":{\"@type\":\"ImageObject\",\"inLanguage\":\"es\",\"@id\":\"https:\/\/luchonoticias.com\/editor\/#\/schema\/person\/image\/\",\"url\":\"https:\/\/luchonoticias.com\/editor\/wp-content\/uploads\/2024\/02\/cropped-cropped-logolu.webp\",\"contentUrl\":\"https:\/\/luchonoticias.com\/editor\/wp-content\/uploads\/2024\/02\/cropped-cropped-logolu.webp\",\"width\":382,\"height\":170,\"caption\":\"admin\"},\"logo\":{\"@id\":\"https:\/\/luchonoticias.com\/editor\/#\/schema\/person\/image\/\"},\"sameAs\":[\"https:\/\/www.facebook.com\/luchonoticiasneiva\"]},{\"@type\":\"Person\",\"@id\":\"https:\/\/luchonoticias.com\/editor\/#\/schema\/person\/29217990ddf6f14e35912b2866d591fb\",\"name\":\"Editor General\",\"image\":{\"@type\":\"ImageObject\",\"inLanguage\":\"es\",\"@id\":\"https:\/\/luchonoticias.com\/editor\/#\/schema\/person\/image\/\",\"url\":\"https:\/\/luchonoticias.com\/editor\/wp-content\/uploads\/2024\/02\/cropped-cropped-logolu-150x150.webp\",\"contentUrl\":\"https:\/\/luchonoticias.com\/editor\/wp-content\/uploads\/2024\/02\/cropped-cropped-logolu-150x150.webp\",\"caption\":\"Editor General\"},\"sameAs\":[\"https:\/\/luchonoticias.com\/\"],\"url\":\"https:\/\/luchonoticias.com\/editor\/author\/editor-general\/\"}]}<\/script>\n<!-- \/ Yoast SEO plugin. -->","yoast_head_json":{"title":"Implementan en Neiva Plan Choque Seguridad 360 -","robots":{"index":"index","follow":"follow","max-snippet":"max-snippet:-1","max-image-preview":"max-image-preview:large","max-video-preview":"max-video-preview:-1"},"canonical":"https:\/\/luchonoticias.com\/editor\/implementan-en-neiva-plan-choque-seguridad-360\/","og_locale":"es_ES","og_type":"article","og_title":"Implementan en Neiva Plan Choque Seguridad 360 -","og_url":"https:\/\/luchonoticias.com\/editor\/implementan-en-neiva-plan-choque-seguridad-360\/","article_publisher":"https:\/\/www.facebook.com\/luchonoticiasneiva","article_published_time":"2023-08-23T11:38:38+00:00","article_modified_time":"2023-08-23T11:38:39+00:00","author":"Editor General","twitter_card":"summary_large_image","twitter_misc":{"Escrito por":"Editor General","Tiempo de lectura":"3 minutos"},"schema":{"@context":"https:\/\/schema.org","@graph":[{"@type":"Article","@id":"https:\/\/luchonoticias.com\/editor\/implementan-en-neiva-plan-choque-seguridad-360\/#article","isPartOf":{"@id":"https:\/\/luchonoticias.com\/editor\/implementan-en-neiva-plan-choque-seguridad-360\/"},"author":{"name":"Editor General","@id":"https:\/\/luchonoticias.com\/editor\/#\/schema\/person\/29217990ddf6f14e35912b2866d591fb"},"headline":"Implementan en Neiva Plan Choque Seguridad 360","datePublished":"2023-08-23T11:38:38+00:00","dateModified":"2023-08-23T11:38:39+00:00","mainEntityOfPage":{"@id":"https:\/\/luchonoticias.com\/editor\/implementan-en-neiva-plan-choque-seguridad-360\/"},"wordCount":606,"commentCount":0,"publisher":{"@id":"https:\/\/luchonoticias.com\/editor\/#\/schema\/person\/7a7fd911f58561fd056dbac7b55af9cd"},"articleSection":["Destacado","Local"],"inLanguage":"es","potentialAction":[{"@type":"CommentAction","name":"Comment","target":["https:\/\/luchonoticias.com\/editor\/implementan-en-neiva-plan-choque-seguridad-360\/#respond"]}]},{"@type":"WebPage","@id":"https:\/\/luchonoticias.com\/editor\/implementan-en-neiva-plan-choque-seguridad-360\/","url":"https:\/\/luchonoticias.com\/editor\/implementan-en-neiva-plan-choque-seguridad-360\/","name":"Implementan en Neiva Plan Choque Seguridad 360 -","isPartOf":{"@id":"https:\/\/luchonoticias.com\/editor\/#website"},"datePublished":"2023-08-23T11:38:38+00:00","dateModified":"2023-08-23T11:38:39+00:00","breadcrumb":{"@id":"https:\/\/luchonoticias.com\/editor\/implementan-en-neiva-plan-choque-seguridad-360\/#breadcrumb"},"inLanguage":"es","potentialAction":[{"@type":"ReadAction","target":["https:\/\/luchonoticias.com\/editor\/implementan-en-neiva-plan-choque-seguridad-360\/"]}]},{"@type":"BreadcrumbList","@id":"https:\/\/luchonoticias.com\/editor\/implementan-en-neiva-plan-choque-seguridad-360\/#breadcrumb","itemListElement":[{"@type":"ListItem","position":1,"name":"Portada","item":"https:\/\/luchonoticias.com\/editor\/"},{"@type":"ListItem","position":2,"name":"Implementan en Neiva Plan Choque Seguridad 360"}]},{"@type":"WebSite","@id":"https:\/\/luchonoticias.com\/editor\/#website","url":"https:\/\/luchonoticias.com\/editor\/","name":"","description":"","publisher":{"@id":"https:\/\/luchonoticias.com\/editor\/#\/schema\/person\/7a7fd911f58561fd056dbac7b55af9cd"},"potentialAction":[{"@type":"SearchAction","target":{"@type":"EntryPoint","urlTemplate":"https:\/\/luchonoticias.com\/editor\/?s={search_term_string}"},"query-input":{"@type":"PropertyValueSpecification","valueRequired":true,"valueName":"search_term_string"}}],"inLanguage":"es"},{"@type":["Person","Organization"],"@id":"https:\/\/luchonoticias.com\/editor\/#\/schema\/person\/7a7fd911f58561fd056dbac7b55af9cd","name":"admin","image":{"@type":"ImageObject","inLanguage":"es","@id":"https:\/\/luchonoticias.com\/editor\/#\/schema\/person\/image\/","url":"https:\/\/luchonoticias.com\/editor\/wp-content\/uploads\/2024\/02\/cropped-cropped-logolu.webp","contentUrl":"https:\/\/luchonoticias.com\/editor\/wp-content\/uploads\/2024\/02\/cropped-cropped-logolu.webp","width":382,"height":170,"caption":"admin"},"logo":{"@id":"https:\/\/luchonoticias.com\/editor\/#\/schema\/person\/image\/"},"sameAs":["https:\/\/www.facebook.com\/luchonoticiasneiva"]},{"@type":"Person","@id":"https:\/\/luchonoticias.com\/editor\/#\/schema\/person\/29217990ddf6f14e35912b2866d591fb","name":"Editor General","image":{"@type":"ImageObject","inLanguage":"es","@id":"https:\/\/luchonoticias.com\/editor\/#\/schema\/person\/image\/","url":"https:\/\/luchonoticias.com\/editor\/wp-content\/uploads\/2024\/02\/cropped-cropped-logolu-150x150.webp","contentUrl":"https:\/\/luchonoticias.com\/editor\/wp-content\/uploads\/2024\/02\/cropped-cropped-logolu-150x150.webp","caption":"Editor General"},"sameAs":["https:\/\/luchonoticias.com\/"],"url":"https:\/\/luchonoticias.com\/editor\/author\/editor-general\/"}]}},"_links":{"self":[{"href":"https:\/\/luchonoticias.com\/editor\/wp-json\/wp\/v2\/posts\/58814","targetHints":{"allow":["GET"]}}],"collection":[{"href":"https:\/\/luchonoticias.com\/editor\/wp-json\/wp\/v2\/posts"}],"about":[{"href":"https:\/\/luchonoticias.com\/editor\/wp-json\/wp\/v2\/types\/post"}],"author":[{"embeddable":true,"href":"https:\/\/luchonoticias.com\/editor\/wp-json\/wp\/v2\/users\/2"}],"replies":[{"embeddable":true,"href":"https:\/\/luchonoticias.com\/editor\/wp-json\/wp\/v2\/comments?post=58814"}],"version-history":[{"count":0,"href":"https:\/\/luchonoticias.com\/editor\/wp-json\/wp\/v2\/posts\/58814\/revisions"}],"wp:attachment":[{"href":"https:\/\/luchonoticias.com\/editor\/wp-json\/wp\/v2\/media?parent=58814"}],"wp:term":[{"taxonomy":"category","embeddable":true,"href":"https:\/\/luchonoticias.com\/editor\/wp-json\/wp\/v2\/categories?post=58814"},{"taxonomy":"post_tag","embeddable":true,"href":"https:\/\/luchonoticias.com\/editor\/wp-json\/wp\/v2\/tags?post=58814"}],"curies":[{"name":"wp","href":"https:\/\/api.w.org\/{rel}","templated":true}]}}