{"id":58912,"date":"2023-08-24T07:12:59","date_gmt":"2023-08-24T12:12:59","guid":{"rendered":"https:\/\/luchonoticias.com\/?p=58912"},"modified":"2023-08-24T07:13:14","modified_gmt":"2023-08-24T12:13:14","slug":"alcaldia-de-neiva-celebro-mes-del-adulto-mayor-en-la-comuna-6","status":"publish","type":"post","link":"https:\/\/luchonoticias.com\/editor\/alcaldia-de-neiva-celebro-mes-del-adulto-mayor-en-la-comuna-6\/","title":{"rendered":"Alcald\u00eda de Neiva celebr\u00f3 mes del adulto mayor en la comuna 6"},"content":{"rendered":"\n<p>La celebraci\u00f3n del mes del adulto mayor, contin\u00faa y hoy a trav\u00e9s de la Secretar\u00eda de Desarrollo Social e Inclusi\u00f3n estuvo en la Comuna 6, en el Parque Mirador del Sur, compartiendo con m\u00e1s de 450 personas de la tercera edad.<\/p>\n\n\n\n<p>El compromiso de esta Administraci\u00f3n siempre ha sido dignificar a los neivanos, por eso brindan una atenci\u00f3n integral a esta poblaci\u00f3n por medio de actividades d\u00f3nde se promueve el autocuidado, el bienestar y la calidad de vida de los adultos mayores de Neiva.<\/p>\n\n\n\n<p>\u201cEl mes de agosto es la celebraci\u00f3n del adulto mayor y por instrucci\u00f3n de nuestro alcalde Gorky Mu\u00f1oz estamos haciendo cinco celebraciones en cada d\u00eda espec\u00edfico, donde estamos cubriendo la mayor cantidad de poblaci\u00f3n en todas las comunas, en la celebraci\u00f3n puedan estar todos nuestros adultos mayores, aproximadamente 2.500 estar\u00e1n con nosotros en estas celebraciones donde se les est\u00e1 dando el desayuno, un refrigerio, el almuerzo, pero tambi\u00e9n escuelas de belleza que nos est\u00e1n apoyando con todo el tema de peinados, cortes, hemos tenido obras de teatro, actividades musicales donde ellos son los protagonistas de este gran d\u00eda tan especial\u201d, explic\u00f3 Ren\u00e9 Jim\u00e9nez, secretario de Desarrollo Social e Inclusi\u00f3n.<\/p>\n\n\n\n<figure class=\"wp-block-gallery has-nested-images columns-default is-cropped wp-block-gallery-1 is-layout-flex wp-block-gallery-is-layout-flex\">\n<figure class=\"wp-block-image size-large\"><img decoding=\"async\" data-id=\"58916\" src=\"https:\/\/luchonoticias.com\/wp-content\/uploads\/2023\/08\/IMG_8188-01-1024x768.jpeg\" alt=\"\" class=\"wp-image-58916\"\/><\/figure>\n\n\n\n<figure class=\"wp-block-image size-large\"><img decoding=\"async\" data-id=\"58914\" src=\"https:\/\/luchonoticias.com\/wp-content\/uploads\/2023\/08\/IMG_8175-01-1024x768.jpeg\" alt=\"\" class=\"wp-image-58914\"\/><\/figure>\n\n\n\n<figure class=\"wp-block-image size-large\"><img decoding=\"async\" data-id=\"58915\" src=\"https:\/\/luchonoticias.com\/wp-content\/uploads\/2023\/08\/IMG_8178-01-1024x768.jpeg\" alt=\"\" class=\"wp-image-58915\"\/><\/figure>\n<\/figure>\n\n\n\n<p>En este d\u00eda, tambi\u00e9n disfrutaron de una jornada de m\u00fasica, baile y esparcimiento que brinda estos espacios, implementando el buen uso del tiempo libre con pr\u00e1cticas que les permiten disfrutar y sentirse incluidos.<\/p>\n\n\n\n<p>\u201cEstas actividades son muy buenas, est\u00e1n pendientes del adulto mayor, quiero aprovechar la oportunidad para darle gracias al se\u00f1or Alcalde por todo lo que ha contribuido para el adulto mayor, esta jornada ha sido buen\u00edsima, hacemos deporte, ejercicio, bailamos, lo que me gusta a m\u00ed, muy bueno\u201d, expres\u00f3 Rosalba Medina, de la Comuna 6.<\/p>\n\n\n\n<p>Finalmente, el Secretario dio a conocer que estar\u00e1n en tres lugares diferentes, realizando esta actividad, con el objetivo de regalarles un d\u00eda de esparcimiento y diversi\u00f3n en los adultos de la ciudad.<\/p>\n\n\n\n<figure class=\"wp-block-gallery has-nested-images columns-default is-cropped wp-block-gallery-2 is-layout-flex wp-block-gallery-is-layout-flex\">\n<figure class=\"wp-block-image size-large\"><img decoding=\"async\" data-id=\"58917\" src=\"https:\/\/luchonoticias.com\/wp-content\/uploads\/2023\/08\/IMG_8171-01-1024x768.jpeg\" alt=\"\" class=\"wp-image-58917\"\/><\/figure>\n\n\n\n<figure class=\"wp-block-image size-large\"><img decoding=\"async\" data-id=\"58919\" src=\"https:\/\/luchonoticias.com\/wp-content\/uploads\/2023\/08\/IMG_8200-01-1024x768.jpeg\" alt=\"\" class=\"wp-image-58919\"\/><\/figure>\n\n\n\n<figure class=\"wp-block-image size-large\"><img decoding=\"async\" data-id=\"58918\" src=\"https:\/\/luchonoticias.com\/wp-content\/uploads\/2023\/08\/IMG_8184-01-1024x768.jpeg\" alt=\"\" class=\"wp-image-58918\"\/><\/figure>\n<\/figure>\n\n\n\n<p>\u201cEsta celebraci\u00f3n tambi\u00e9n se realizar\u00e1 en el \u2018Eduardo Santos\u2019, La Rebeca y Parque Metropolitano, el objetivo es llegar aproximadamente a 2.500 adultos mayores con estas actividades\u201d, concluy\u00f3 el funcionario.<\/p>\n","protected":false},"excerpt":{"rendered":"<p>La celebraci\u00f3n del mes del adulto mayor, contin\u00faa y hoy a trav\u00e9s de la Secretar\u00eda de Desarrollo Social e Inclusi\u00f3n estuvo en la Comuna 6, en el Parque Mirador del Sur, compartiendo con m\u00e1s de 450 personas de la tercera edad. El compromiso de esta Administraci\u00f3n siempre ha sido dignificar a los neivanos, por eso [&hellip;]<\/p>\n","protected":false},"author":2,"featured_media":0,"comment_status":"open","ping_status":"open","sticky":false,"template":"","format":"standard","meta":{"footnotes":""},"categories":[36,53],"tags":[],"class_list":["post-58912","post","type-post","status-publish","format-standard","hentry","category-destacado","category-neiva"],"yoast_head":"<!-- This site is optimized with the Yoast SEO plugin v26.6 - https:\/\/yoast.com\/wordpress\/plugins\/seo\/ -->\n<title>Alcald\u00eda de Neiva celebr\u00f3 mes del adulto mayor en la comuna 6 -<\/title>\n<meta name=\"robots\" content=\"index, follow, max-snippet:-1, max-image-preview:large, max-video-preview:-1\" \/>\n<link rel=\"canonical\" href=\"https:\/\/luchonoticias.com\/editor\/alcaldia-de-neiva-celebro-mes-del-adulto-mayor-en-la-comuna-6\/\" \/>\n<meta property=\"og:locale\" content=\"es_ES\" \/>\n<meta property=\"og:type\" content=\"article\" \/>\n<meta property=\"og:title\" content=\"Alcald\u00eda de Neiva celebr\u00f3 mes del adulto mayor en la comuna 6 -\" \/>\n<meta property=\"og:url\" content=\"https:\/\/luchonoticias.com\/editor\/alcaldia-de-neiva-celebro-mes-del-adulto-mayor-en-la-comuna-6\/\" \/>\n<meta property=\"article:publisher\" content=\"https:\/\/www.facebook.com\/luchonoticiasneiva\" \/>\n<meta property=\"article:published_time\" content=\"2023-08-24T12:12:59+00:00\" \/>\n<meta property=\"article:modified_time\" content=\"2023-08-24T12:13:14+00:00\" \/>\n<meta property=\"og:image\" content=\"https:\/\/luchonoticias.com\/wp-content\/uploads\/2023\/08\/IMG_8188-01-1024x768.jpeg\" \/>\n<meta name=\"author\" content=\"Editor General\" \/>\n<meta name=\"twitter:card\" content=\"summary_large_image\" \/>\n<meta name=\"twitter:label1\" content=\"Escrito por\" \/>\n\t<meta name=\"twitter:data1\" content=\"Editor General\" \/>\n\t<meta name=\"twitter:label2\" content=\"Tiempo de lectura\" \/>\n\t<meta name=\"twitter:data2\" content=\"2 minutos\" \/>\n<script type=\"application\/ld+json\" class=\"yoast-schema-graph\">{\"@context\":\"https:\/\/schema.org\",\"@graph\":[{\"@type\":\"Article\",\"@id\":\"https:\/\/luchonoticias.com\/editor\/alcaldia-de-neiva-celebro-mes-del-adulto-mayor-en-la-comuna-6\/#article\",\"isPartOf\":{\"@id\":\"https:\/\/luchonoticias.com\/editor\/alcaldia-de-neiva-celebro-mes-del-adulto-mayor-en-la-comuna-6\/\"},\"author\":{\"name\":\"Editor General\",\"@id\":\"https:\/\/luchonoticias.com\/editor\/#\/schema\/person\/29217990ddf6f14e35912b2866d591fb\"},\"headline\":\"Alcald\u00eda de Neiva celebr\u00f3 mes del adulto mayor en la comuna 6\",\"datePublished\":\"2023-08-24T12:12:59+00:00\",\"dateModified\":\"2023-08-24T12:13:14+00:00\",\"mainEntityOfPage\":{\"@id\":\"https:\/\/luchonoticias.com\/editor\/alcaldia-de-neiva-celebro-mes-del-adulto-mayor-en-la-comuna-6\/\"},\"wordCount\":383,\"commentCount\":0,\"publisher\":{\"@id\":\"https:\/\/luchonoticias.com\/editor\/#\/schema\/person\/7a7fd911f58561fd056dbac7b55af9cd\"},\"image\":{\"@id\":\"https:\/\/luchonoticias.com\/editor\/alcaldia-de-neiva-celebro-mes-del-adulto-mayor-en-la-comuna-6\/#primaryimage\"},\"thumbnailUrl\":\"https:\/\/luchonoticias.com\/wp-content\/uploads\/2023\/08\/IMG_8188-01-1024x768.jpeg\",\"articleSection\":[\"Destacado\",\"Neiva\"],\"inLanguage\":\"es\",\"potentialAction\":[{\"@type\":\"CommentAction\",\"name\":\"Comment\",\"target\":[\"https:\/\/luchonoticias.com\/editor\/alcaldia-de-neiva-celebro-mes-del-adulto-mayor-en-la-comuna-6\/#respond\"]}]},{\"@type\":\"WebPage\",\"@id\":\"https:\/\/luchonoticias.com\/editor\/alcaldia-de-neiva-celebro-mes-del-adulto-mayor-en-la-comuna-6\/\",\"url\":\"https:\/\/luchonoticias.com\/editor\/alcaldia-de-neiva-celebro-mes-del-adulto-mayor-en-la-comuna-6\/\",\"name\":\"Alcald\u00eda de Neiva celebr\u00f3 mes del adulto mayor en la comuna 6 -\",\"isPartOf\":{\"@id\":\"https:\/\/luchonoticias.com\/editor\/#website\"},\"primaryImageOfPage\":{\"@id\":\"https:\/\/luchonoticias.com\/editor\/alcaldia-de-neiva-celebro-mes-del-adulto-mayor-en-la-comuna-6\/#primaryimage\"},\"image\":{\"@id\":\"https:\/\/luchonoticias.com\/editor\/alcaldia-de-neiva-celebro-mes-del-adulto-mayor-en-la-comuna-6\/#primaryimage\"},\"thumbnailUrl\":\"https:\/\/luchonoticias.com\/wp-content\/uploads\/2023\/08\/IMG_8188-01-1024x768.jpeg\",\"datePublished\":\"2023-08-24T12:12:59+00:00\",\"dateModified\":\"2023-08-24T12:13:14+00:00\",\"breadcrumb\":{\"@id\":\"https:\/\/luchonoticias.com\/editor\/alcaldia-de-neiva-celebro-mes-del-adulto-mayor-en-la-comuna-6\/#breadcrumb\"},\"inLanguage\":\"es\",\"potentialAction\":[{\"@type\":\"ReadAction\",\"target\":[\"https:\/\/luchonoticias.com\/editor\/alcaldia-de-neiva-celebro-mes-del-adulto-mayor-en-la-comuna-6\/\"]}]},{\"@type\":\"ImageObject\",\"inLanguage\":\"es\",\"@id\":\"https:\/\/luchonoticias.com\/editor\/alcaldia-de-neiva-celebro-mes-del-adulto-mayor-en-la-comuna-6\/#primaryimage\",\"url\":\"https:\/\/luchonoticias.com\/wp-content\/uploads\/2023\/08\/IMG_8188-01-1024x768.jpeg\",\"contentUrl\":\"https:\/\/luchonoticias.com\/wp-content\/uploads\/2023\/08\/IMG_8188-01-1024x768.jpeg\"},{\"@type\":\"BreadcrumbList\",\"@id\":\"https:\/\/luchonoticias.com\/editor\/alcaldia-de-neiva-celebro-mes-del-adulto-mayor-en-la-comuna-6\/#breadcrumb\",\"itemListElement\":[{\"@type\":\"ListItem\",\"position\":1,\"name\":\"Portada\",\"item\":\"https:\/\/luchonoticias.com\/editor\/\"},{\"@type\":\"ListItem\",\"position\":2,\"name\":\"Alcald\u00eda de Neiva celebr\u00f3 mes del adulto mayor en la comuna 6\"}]},{\"@type\":\"WebSite\",\"@id\":\"https:\/\/luchonoticias.com\/editor\/#website\",\"url\":\"https:\/\/luchonoticias.com\/editor\/\",\"name\":\"\",\"description\":\"\",\"publisher\":{\"@id\":\"https:\/\/luchonoticias.com\/editor\/#\/schema\/person\/7a7fd911f58561fd056dbac7b55af9cd\"},\"potentialAction\":[{\"@type\":\"SearchAction\",\"target\":{\"@type\":\"EntryPoint\",\"urlTemplate\":\"https:\/\/luchonoticias.com\/editor\/?s={search_term_string}\"},\"query-input\":{\"@type\":\"PropertyValueSpecification\",\"valueRequired\":true,\"valueName\":\"search_term_string\"}}],\"inLanguage\":\"es\"},{\"@type\":[\"Person\",\"Organization\"],\"@id\":\"https:\/\/luchonoticias.com\/editor\/#\/schema\/person\/7a7fd911f58561fd056dbac7b55af9cd\",\"name\":\"admin\",\"image\":{\"@type\":\"ImageObject\",\"inLanguage\":\"es\",\"@id\":\"https:\/\/luchonoticias.com\/editor\/#\/schema\/person\/image\/\",\"url\":\"https:\/\/luchonoticias.com\/editor\/wp-content\/uploads\/2024\/02\/cropped-cropped-logolu.webp\",\"contentUrl\":\"https:\/\/luchonoticias.com\/editor\/wp-content\/uploads\/2024\/02\/cropped-cropped-logolu.webp\",\"width\":382,\"height\":170,\"caption\":\"admin\"},\"logo\":{\"@id\":\"https:\/\/luchonoticias.com\/editor\/#\/schema\/person\/image\/\"},\"sameAs\":[\"https:\/\/www.facebook.com\/luchonoticiasneiva\"]},{\"@type\":\"Person\",\"@id\":\"https:\/\/luchonoticias.com\/editor\/#\/schema\/person\/29217990ddf6f14e35912b2866d591fb\",\"name\":\"Editor General\",\"image\":{\"@type\":\"ImageObject\",\"inLanguage\":\"es\",\"@id\":\"https:\/\/luchonoticias.com\/editor\/#\/schema\/person\/image\/\",\"url\":\"https:\/\/luchonoticias.com\/editor\/wp-content\/uploads\/2024\/02\/cropped-cropped-logolu-150x150.webp\",\"contentUrl\":\"https:\/\/luchonoticias.com\/editor\/wp-content\/uploads\/2024\/02\/cropped-cropped-logolu-150x150.webp\",\"caption\":\"Editor General\"},\"sameAs\":[\"https:\/\/luchonoticias.com\/\"],\"url\":\"https:\/\/luchonoticias.com\/editor\/author\/editor-general\/\"}]}<\/script>\n<!-- \/ Yoast SEO plugin. -->","yoast_head_json":{"title":"Alcald\u00eda de Neiva celebr\u00f3 mes del adulto mayor en la comuna 6 -","robots":{"index":"index","follow":"follow","max-snippet":"max-snippet:-1","max-image-preview":"max-image-preview:large","max-video-preview":"max-video-preview:-1"},"canonical":"https:\/\/luchonoticias.com\/editor\/alcaldia-de-neiva-celebro-mes-del-adulto-mayor-en-la-comuna-6\/","og_locale":"es_ES","og_type":"article","og_title":"Alcald\u00eda de Neiva celebr\u00f3 mes del adulto mayor en la comuna 6 -","og_url":"https:\/\/luchonoticias.com\/editor\/alcaldia-de-neiva-celebro-mes-del-adulto-mayor-en-la-comuna-6\/","article_publisher":"https:\/\/www.facebook.com\/luchonoticiasneiva","article_published_time":"2023-08-24T12:12:59+00:00","article_modified_time":"2023-08-24T12:13:14+00:00","og_image":[{"url":"https:\/\/luchonoticias.com\/wp-content\/uploads\/2023\/08\/IMG_8188-01-1024x768.jpeg","type":"","width":"","height":""}],"author":"Editor General","twitter_card":"summary_large_image","twitter_misc":{"Escrito por":"Editor General","Tiempo de lectura":"2 minutos"},"schema":{"@context":"https:\/\/schema.org","@graph":[{"@type":"Article","@id":"https:\/\/luchonoticias.com\/editor\/alcaldia-de-neiva-celebro-mes-del-adulto-mayor-en-la-comuna-6\/#article","isPartOf":{"@id":"https:\/\/luchonoticias.com\/editor\/alcaldia-de-neiva-celebro-mes-del-adulto-mayor-en-la-comuna-6\/"},"author":{"name":"Editor General","@id":"https:\/\/luchonoticias.com\/editor\/#\/schema\/person\/29217990ddf6f14e35912b2866d591fb"},"headline":"Alcald\u00eda de Neiva celebr\u00f3 mes del adulto mayor en la comuna 6","datePublished":"2023-08-24T12:12:59+00:00","dateModified":"2023-08-24T12:13:14+00:00","mainEntityOfPage":{"@id":"https:\/\/luchonoticias.com\/editor\/alcaldia-de-neiva-celebro-mes-del-adulto-mayor-en-la-comuna-6\/"},"wordCount":383,"commentCount":0,"publisher":{"@id":"https:\/\/luchonoticias.com\/editor\/#\/schema\/person\/7a7fd911f58561fd056dbac7b55af9cd"},"image":{"@id":"https:\/\/luchonoticias.com\/editor\/alcaldia-de-neiva-celebro-mes-del-adulto-mayor-en-la-comuna-6\/#primaryimage"},"thumbnailUrl":"https:\/\/luchonoticias.com\/wp-content\/uploads\/2023\/08\/IMG_8188-01-1024x768.jpeg","articleSection":["Destacado","Neiva"],"inLanguage":"es","potentialAction":[{"@type":"CommentAction","name":"Comment","target":["https:\/\/luchonoticias.com\/editor\/alcaldia-de-neiva-celebro-mes-del-adulto-mayor-en-la-comuna-6\/#respond"]}]},{"@type":"WebPage","@id":"https:\/\/luchonoticias.com\/editor\/alcaldia-de-neiva-celebro-mes-del-adulto-mayor-en-la-comuna-6\/","url":"https:\/\/luchonoticias.com\/editor\/alcaldia-de-neiva-celebro-mes-del-adulto-mayor-en-la-comuna-6\/","name":"Alcald\u00eda de Neiva celebr\u00f3 mes del adulto mayor en la comuna 6 -","isPartOf":{"@id":"https:\/\/luchonoticias.com\/editor\/#website"},"primaryImageOfPage":{"@id":"https:\/\/luchonoticias.com\/editor\/alcaldia-de-neiva-celebro-mes-del-adulto-mayor-en-la-comuna-6\/#primaryimage"},"image":{"@id":"https:\/\/luchonoticias.com\/editor\/alcaldia-de-neiva-celebro-mes-del-adulto-mayor-en-la-comuna-6\/#primaryimage"},"thumbnailUrl":"https:\/\/luchonoticias.com\/wp-content\/uploads\/2023\/08\/IMG_8188-01-1024x768.jpeg","datePublished":"2023-08-24T12:12:59+00:00","dateModified":"2023-08-24T12:13:14+00:00","breadcrumb":{"@id":"https:\/\/luchonoticias.com\/editor\/alcaldia-de-neiva-celebro-mes-del-adulto-mayor-en-la-comuna-6\/#breadcrumb"},"inLanguage":"es","potentialAction":[{"@type":"ReadAction","target":["https:\/\/luchonoticias.com\/editor\/alcaldia-de-neiva-celebro-mes-del-adulto-mayor-en-la-comuna-6\/"]}]},{"@type":"ImageObject","inLanguage":"es","@id":"https:\/\/luchonoticias.com\/editor\/alcaldia-de-neiva-celebro-mes-del-adulto-mayor-en-la-comuna-6\/#primaryimage","url":"https:\/\/luchonoticias.com\/wp-content\/uploads\/2023\/08\/IMG_8188-01-1024x768.jpeg","contentUrl":"https:\/\/luchonoticias.com\/wp-content\/uploads\/2023\/08\/IMG_8188-01-1024x768.jpeg"},{"@type":"BreadcrumbList","@id":"https:\/\/luchonoticias.com\/editor\/alcaldia-de-neiva-celebro-mes-del-adulto-mayor-en-la-comuna-6\/#breadcrumb","itemListElement":[{"@type":"ListItem","position":1,"name":"Portada","item":"https:\/\/luchonoticias.com\/editor\/"},{"@type":"ListItem","position":2,"name":"Alcald\u00eda de Neiva celebr\u00f3 mes del adulto mayor en la comuna 6"}]},{"@type":"WebSite","@id":"https:\/\/luchonoticias.com\/editor\/#website","url":"https:\/\/luchonoticias.com\/editor\/","name":"","description":"","publisher":{"@id":"https:\/\/luchonoticias.com\/editor\/#\/schema\/person\/7a7fd911f58561fd056dbac7b55af9cd"},"potentialAction":[{"@type":"SearchAction","target":{"@type":"EntryPoint","urlTemplate":"https:\/\/luchonoticias.com\/editor\/?s={search_term_string}"},"query-input":{"@type":"PropertyValueSpecification","valueRequired":true,"valueName":"search_term_string"}}],"inLanguage":"es"},{"@type":["Person","Organization"],"@id":"https:\/\/luchonoticias.com\/editor\/#\/schema\/person\/7a7fd911f58561fd056dbac7b55af9cd","name":"admin","image":{"@type":"ImageObject","inLanguage":"es","@id":"https:\/\/luchonoticias.com\/editor\/#\/schema\/person\/image\/","url":"https:\/\/luchonoticias.com\/editor\/wp-content\/uploads\/2024\/02\/cropped-cropped-logolu.webp","contentUrl":"https:\/\/luchonoticias.com\/editor\/wp-content\/uploads\/2024\/02\/cropped-cropped-logolu.webp","width":382,"height":170,"caption":"admin"},"logo":{"@id":"https:\/\/luchonoticias.com\/editor\/#\/schema\/person\/image\/"},"sameAs":["https:\/\/www.facebook.com\/luchonoticiasneiva"]},{"@type":"Person","@id":"https:\/\/luchonoticias.com\/editor\/#\/schema\/person\/29217990ddf6f14e35912b2866d591fb","name":"Editor General","image":{"@type":"ImageObject","inLanguage":"es","@id":"https:\/\/luchonoticias.com\/editor\/#\/schema\/person\/image\/","url":"https:\/\/luchonoticias.com\/editor\/wp-content\/uploads\/2024\/02\/cropped-cropped-logolu-150x150.webp","contentUrl":"https:\/\/luchonoticias.com\/editor\/wp-content\/uploads\/2024\/02\/cropped-cropped-logolu-150x150.webp","caption":"Editor General"},"sameAs":["https:\/\/luchonoticias.com\/"],"url":"https:\/\/luchonoticias.com\/editor\/author\/editor-general\/"}]}},"_links":{"self":[{"href":"https:\/\/luchonoticias.com\/editor\/wp-json\/wp\/v2\/posts\/58912","targetHints":{"allow":["GET"]}}],"collection":[{"href":"https:\/\/luchonoticias.com\/editor\/wp-json\/wp\/v2\/posts"}],"about":[{"href":"https:\/\/luchonoticias.com\/editor\/wp-json\/wp\/v2\/types\/post"}],"author":[{"embeddable":true,"href":"https:\/\/luchonoticias.com\/editor\/wp-json\/wp\/v2\/users\/2"}],"replies":[{"embeddable":true,"href":"https:\/\/luchonoticias.com\/editor\/wp-json\/wp\/v2\/comments?post=58912"}],"version-history":[{"count":0,"href":"https:\/\/luchonoticias.com\/editor\/wp-json\/wp\/v2\/posts\/58912\/revisions"}],"wp:attachment":[{"href":"https:\/\/luchonoticias.com\/editor\/wp-json\/wp\/v2\/media?parent=58912"}],"wp:term":[{"taxonomy":"category","embeddable":true,"href":"https:\/\/luchonoticias.com\/editor\/wp-json\/wp\/v2\/categories?post=58912"},{"taxonomy":"post_tag","embeddable":true,"href":"https:\/\/luchonoticias.com\/editor\/wp-json\/wp\/v2\/tags?post=58912"}],"curies":[{"name":"wp","href":"https:\/\/api.w.org\/{rel}","templated":true}]}}