{"id":58956,"date":"2023-08-24T17:07:29","date_gmt":"2023-08-24T22:07:29","guid":{"rendered":"https:\/\/luchonoticias.com\/?p=58956"},"modified":"2023-08-24T17:07:30","modified_gmt":"2023-08-24T22:07:30","slug":"capturado-un-sujeto-conocido-como-mario-con-una-motocicleta-hurtada","status":"publish","type":"post","link":"https:\/\/luchonoticias.com\/editor\/capturado-un-sujeto-conocido-como-mario-con-una-motocicleta-hurtada\/","title":{"rendered":"Capturado un sujeto conocido como \u2018Mario\u2019 con una motocicleta hurtada"},"content":{"rendered":"\n<p>Es as\u00ed como uniformados adscritos al Grupo FENIX de la Polic\u00eda Metropolitana de Neiva, mediante actividades de registro y control, logra la captura de una persona de 19 a\u00f1os de edad y la aprehensi\u00f3n de un menor de 17 , quienes ten\u00edan en su poder una motocicleta que presuntamente habr\u00edan hurtado<\/p>\n\n\n\n<p>El capturado y el aprehendido ser\u00e1n puestos a disposici\u00f3n de la autoridad competente por el delito de hurto, donde un juez decidir\u00e1 su situaci\u00f3n jur\u00eddica.<\/p>\n\n\n\n<p>El Coronel Domingo Alfredo L\u00f3pez Dales comandante de la Polic\u00eda Metropolitana de Neiva, manifest\u00f3 que seguiremos de manera contundente, contrarrestando el hurto de motocicletas en el \u00e1rea metropolitana, por lo cual invitamos a la ciudadan\u00eda a que denuncie cualquier actividad sospechosa a trav\u00e9s de la l\u00ednea 123 o con la patrulla del cuadrante m\u00e1s cercano.<\/p>\n","protected":false},"excerpt":{"rendered":"<p>Es as\u00ed como uniformados adscritos al Grupo FENIX de la Polic\u00eda Metropolitana de Neiva, mediante actividades de registro y control, logra la captura de una persona de 19 a\u00f1os de edad y la aprehensi\u00f3n de un menor de 17 , quienes ten\u00edan en su poder una motocicleta que presuntamente habr\u00edan hurtado El capturado y el [&hellip;]<\/p>\n","protected":false},"author":2,"featured_media":0,"comment_status":"open","ping_status":"open","sticky":false,"template":"","format":"standard","meta":{"footnotes":""},"categories":[36,29],"tags":[],"class_list":["post-58956","post","type-post","status-publish","format-standard","hentry","category-destacado","category-judicial"],"yoast_head":"<!-- This site is optimized with the Yoast SEO plugin v26.6 - https:\/\/yoast.com\/wordpress\/plugins\/seo\/ -->\n<title>Capturado un sujeto conocido como \u2018Mario\u2019 con una motocicleta hurtada -<\/title>\n<meta name=\"robots\" content=\"index, follow, max-snippet:-1, max-image-preview:large, max-video-preview:-1\" \/>\n<link rel=\"canonical\" href=\"https:\/\/luchonoticias.com\/editor\/capturado-un-sujeto-conocido-como-mario-con-una-motocicleta-hurtada\/\" \/>\n<meta property=\"og:locale\" content=\"es_ES\" \/>\n<meta property=\"og:type\" content=\"article\" \/>\n<meta property=\"og:title\" content=\"Capturado un sujeto conocido como \u2018Mario\u2019 con una motocicleta hurtada -\" \/>\n<meta property=\"og:url\" content=\"https:\/\/luchonoticias.com\/editor\/capturado-un-sujeto-conocido-como-mario-con-una-motocicleta-hurtada\/\" \/>\n<meta property=\"article:publisher\" content=\"https:\/\/www.facebook.com\/luchonoticiasneiva\" \/>\n<meta property=\"article:published_time\" content=\"2023-08-24T22:07:29+00:00\" \/>\n<meta property=\"article:modified_time\" content=\"2023-08-24T22:07:30+00:00\" \/>\n<meta name=\"author\" content=\"Editor General\" \/>\n<meta name=\"twitter:card\" content=\"summary_large_image\" \/>\n<meta name=\"twitter:label1\" content=\"Escrito por\" \/>\n\t<meta name=\"twitter:data1\" content=\"Editor General\" \/>\n\t<meta name=\"twitter:label2\" content=\"Tiempo de lectura\" \/>\n\t<meta name=\"twitter:data2\" content=\"1 minuto\" \/>\n<script type=\"application\/ld+json\" class=\"yoast-schema-graph\">{\"@context\":\"https:\/\/schema.org\",\"@graph\":[{\"@type\":\"Article\",\"@id\":\"https:\/\/luchonoticias.com\/editor\/capturado-un-sujeto-conocido-como-mario-con-una-motocicleta-hurtada\/#article\",\"isPartOf\":{\"@id\":\"https:\/\/luchonoticias.com\/editor\/capturado-un-sujeto-conocido-como-mario-con-una-motocicleta-hurtada\/\"},\"author\":{\"name\":\"Editor General\",\"@id\":\"https:\/\/luchonoticias.com\/editor\/#\/schema\/person\/29217990ddf6f14e35912b2866d591fb\"},\"headline\":\"Capturado un sujeto conocido como \u2018Mario\u2019 con una motocicleta hurtada\",\"datePublished\":\"2023-08-24T22:07:29+00:00\",\"dateModified\":\"2023-08-24T22:07:30+00:00\",\"mainEntityOfPage\":{\"@id\":\"https:\/\/luchonoticias.com\/editor\/capturado-un-sujeto-conocido-como-mario-con-una-motocicleta-hurtada\/\"},\"wordCount\":152,\"commentCount\":0,\"publisher\":{\"@id\":\"https:\/\/luchonoticias.com\/editor\/#\/schema\/person\/7a7fd911f58561fd056dbac7b55af9cd\"},\"articleSection\":[\"Destacado\",\"Judicial\"],\"inLanguage\":\"es\",\"potentialAction\":[{\"@type\":\"CommentAction\",\"name\":\"Comment\",\"target\":[\"https:\/\/luchonoticias.com\/editor\/capturado-un-sujeto-conocido-como-mario-con-una-motocicleta-hurtada\/#respond\"]}]},{\"@type\":\"WebPage\",\"@id\":\"https:\/\/luchonoticias.com\/editor\/capturado-un-sujeto-conocido-como-mario-con-una-motocicleta-hurtada\/\",\"url\":\"https:\/\/luchonoticias.com\/editor\/capturado-un-sujeto-conocido-como-mario-con-una-motocicleta-hurtada\/\",\"name\":\"Capturado un sujeto conocido como \u2018Mario\u2019 con una motocicleta hurtada -\",\"isPartOf\":{\"@id\":\"https:\/\/luchonoticias.com\/editor\/#website\"},\"datePublished\":\"2023-08-24T22:07:29+00:00\",\"dateModified\":\"2023-08-24T22:07:30+00:00\",\"breadcrumb\":{\"@id\":\"https:\/\/luchonoticias.com\/editor\/capturado-un-sujeto-conocido-como-mario-con-una-motocicleta-hurtada\/#breadcrumb\"},\"inLanguage\":\"es\",\"potentialAction\":[{\"@type\":\"ReadAction\",\"target\":[\"https:\/\/luchonoticias.com\/editor\/capturado-un-sujeto-conocido-como-mario-con-una-motocicleta-hurtada\/\"]}]},{\"@type\":\"BreadcrumbList\",\"@id\":\"https:\/\/luchonoticias.com\/editor\/capturado-un-sujeto-conocido-como-mario-con-una-motocicleta-hurtada\/#breadcrumb\",\"itemListElement\":[{\"@type\":\"ListItem\",\"position\":1,\"name\":\"Portada\",\"item\":\"https:\/\/luchonoticias.com\/editor\/\"},{\"@type\":\"ListItem\",\"position\":2,\"name\":\"Capturado un sujeto conocido como \u2018Mario\u2019 con una motocicleta hurtada\"}]},{\"@type\":\"WebSite\",\"@id\":\"https:\/\/luchonoticias.com\/editor\/#website\",\"url\":\"https:\/\/luchonoticias.com\/editor\/\",\"name\":\"\",\"description\":\"\",\"publisher\":{\"@id\":\"https:\/\/luchonoticias.com\/editor\/#\/schema\/person\/7a7fd911f58561fd056dbac7b55af9cd\"},\"potentialAction\":[{\"@type\":\"SearchAction\",\"target\":{\"@type\":\"EntryPoint\",\"urlTemplate\":\"https:\/\/luchonoticias.com\/editor\/?s={search_term_string}\"},\"query-input\":{\"@type\":\"PropertyValueSpecification\",\"valueRequired\":true,\"valueName\":\"search_term_string\"}}],\"inLanguage\":\"es\"},{\"@type\":[\"Person\",\"Organization\"],\"@id\":\"https:\/\/luchonoticias.com\/editor\/#\/schema\/person\/7a7fd911f58561fd056dbac7b55af9cd\",\"name\":\"admin\",\"image\":{\"@type\":\"ImageObject\",\"inLanguage\":\"es\",\"@id\":\"https:\/\/luchonoticias.com\/editor\/#\/schema\/person\/image\/\",\"url\":\"https:\/\/luchonoticias.com\/editor\/wp-content\/uploads\/2024\/02\/cropped-cropped-logolu.webp\",\"contentUrl\":\"https:\/\/luchonoticias.com\/editor\/wp-content\/uploads\/2024\/02\/cropped-cropped-logolu.webp\",\"width\":382,\"height\":170,\"caption\":\"admin\"},\"logo\":{\"@id\":\"https:\/\/luchonoticias.com\/editor\/#\/schema\/person\/image\/\"},\"sameAs\":[\"https:\/\/www.facebook.com\/luchonoticiasneiva\"]},{\"@type\":\"Person\",\"@id\":\"https:\/\/luchonoticias.com\/editor\/#\/schema\/person\/29217990ddf6f14e35912b2866d591fb\",\"name\":\"Editor General\",\"image\":{\"@type\":\"ImageObject\",\"inLanguage\":\"es\",\"@id\":\"https:\/\/luchonoticias.com\/editor\/#\/schema\/person\/image\/\",\"url\":\"https:\/\/luchonoticias.com\/editor\/wp-content\/uploads\/2024\/02\/cropped-cropped-logolu-150x150.webp\",\"contentUrl\":\"https:\/\/luchonoticias.com\/editor\/wp-content\/uploads\/2024\/02\/cropped-cropped-logolu-150x150.webp\",\"caption\":\"Editor General\"},\"sameAs\":[\"https:\/\/luchonoticias.com\/\"],\"url\":\"https:\/\/luchonoticias.com\/editor\/author\/editor-general\/\"}]}<\/script>\n<!-- \/ Yoast SEO plugin. -->","yoast_head_json":{"title":"Capturado un sujeto conocido como \u2018Mario\u2019 con una motocicleta hurtada -","robots":{"index":"index","follow":"follow","max-snippet":"max-snippet:-1","max-image-preview":"max-image-preview:large","max-video-preview":"max-video-preview:-1"},"canonical":"https:\/\/luchonoticias.com\/editor\/capturado-un-sujeto-conocido-como-mario-con-una-motocicleta-hurtada\/","og_locale":"es_ES","og_type":"article","og_title":"Capturado un sujeto conocido como \u2018Mario\u2019 con una motocicleta hurtada -","og_url":"https:\/\/luchonoticias.com\/editor\/capturado-un-sujeto-conocido-como-mario-con-una-motocicleta-hurtada\/","article_publisher":"https:\/\/www.facebook.com\/luchonoticiasneiva","article_published_time":"2023-08-24T22:07:29+00:00","article_modified_time":"2023-08-24T22:07:30+00:00","author":"Editor General","twitter_card":"summary_large_image","twitter_misc":{"Escrito por":"Editor General","Tiempo de lectura":"1 minuto"},"schema":{"@context":"https:\/\/schema.org","@graph":[{"@type":"Article","@id":"https:\/\/luchonoticias.com\/editor\/capturado-un-sujeto-conocido-como-mario-con-una-motocicleta-hurtada\/#article","isPartOf":{"@id":"https:\/\/luchonoticias.com\/editor\/capturado-un-sujeto-conocido-como-mario-con-una-motocicleta-hurtada\/"},"author":{"name":"Editor General","@id":"https:\/\/luchonoticias.com\/editor\/#\/schema\/person\/29217990ddf6f14e35912b2866d591fb"},"headline":"Capturado un sujeto conocido como \u2018Mario\u2019 con una motocicleta hurtada","datePublished":"2023-08-24T22:07:29+00:00","dateModified":"2023-08-24T22:07:30+00:00","mainEntityOfPage":{"@id":"https:\/\/luchonoticias.com\/editor\/capturado-un-sujeto-conocido-como-mario-con-una-motocicleta-hurtada\/"},"wordCount":152,"commentCount":0,"publisher":{"@id":"https:\/\/luchonoticias.com\/editor\/#\/schema\/person\/7a7fd911f58561fd056dbac7b55af9cd"},"articleSection":["Destacado","Judicial"],"inLanguage":"es","potentialAction":[{"@type":"CommentAction","name":"Comment","target":["https:\/\/luchonoticias.com\/editor\/capturado-un-sujeto-conocido-como-mario-con-una-motocicleta-hurtada\/#respond"]}]},{"@type":"WebPage","@id":"https:\/\/luchonoticias.com\/editor\/capturado-un-sujeto-conocido-como-mario-con-una-motocicleta-hurtada\/","url":"https:\/\/luchonoticias.com\/editor\/capturado-un-sujeto-conocido-como-mario-con-una-motocicleta-hurtada\/","name":"Capturado un sujeto conocido como \u2018Mario\u2019 con una motocicleta hurtada -","isPartOf":{"@id":"https:\/\/luchonoticias.com\/editor\/#website"},"datePublished":"2023-08-24T22:07:29+00:00","dateModified":"2023-08-24T22:07:30+00:00","breadcrumb":{"@id":"https:\/\/luchonoticias.com\/editor\/capturado-un-sujeto-conocido-como-mario-con-una-motocicleta-hurtada\/#breadcrumb"},"inLanguage":"es","potentialAction":[{"@type":"ReadAction","target":["https:\/\/luchonoticias.com\/editor\/capturado-un-sujeto-conocido-como-mario-con-una-motocicleta-hurtada\/"]}]},{"@type":"BreadcrumbList","@id":"https:\/\/luchonoticias.com\/editor\/capturado-un-sujeto-conocido-como-mario-con-una-motocicleta-hurtada\/#breadcrumb","itemListElement":[{"@type":"ListItem","position":1,"name":"Portada","item":"https:\/\/luchonoticias.com\/editor\/"},{"@type":"ListItem","position":2,"name":"Capturado un sujeto conocido como \u2018Mario\u2019 con una motocicleta hurtada"}]},{"@type":"WebSite","@id":"https:\/\/luchonoticias.com\/editor\/#website","url":"https:\/\/luchonoticias.com\/editor\/","name":"","description":"","publisher":{"@id":"https:\/\/luchonoticias.com\/editor\/#\/schema\/person\/7a7fd911f58561fd056dbac7b55af9cd"},"potentialAction":[{"@type":"SearchAction","target":{"@type":"EntryPoint","urlTemplate":"https:\/\/luchonoticias.com\/editor\/?s={search_term_string}"},"query-input":{"@type":"PropertyValueSpecification","valueRequired":true,"valueName":"search_term_string"}}],"inLanguage":"es"},{"@type":["Person","Organization"],"@id":"https:\/\/luchonoticias.com\/editor\/#\/schema\/person\/7a7fd911f58561fd056dbac7b55af9cd","name":"admin","image":{"@type":"ImageObject","inLanguage":"es","@id":"https:\/\/luchonoticias.com\/editor\/#\/schema\/person\/image\/","url":"https:\/\/luchonoticias.com\/editor\/wp-content\/uploads\/2024\/02\/cropped-cropped-logolu.webp","contentUrl":"https:\/\/luchonoticias.com\/editor\/wp-content\/uploads\/2024\/02\/cropped-cropped-logolu.webp","width":382,"height":170,"caption":"admin"},"logo":{"@id":"https:\/\/luchonoticias.com\/editor\/#\/schema\/person\/image\/"},"sameAs":["https:\/\/www.facebook.com\/luchonoticiasneiva"]},{"@type":"Person","@id":"https:\/\/luchonoticias.com\/editor\/#\/schema\/person\/29217990ddf6f14e35912b2866d591fb","name":"Editor General","image":{"@type":"ImageObject","inLanguage":"es","@id":"https:\/\/luchonoticias.com\/editor\/#\/schema\/person\/image\/","url":"https:\/\/luchonoticias.com\/editor\/wp-content\/uploads\/2024\/02\/cropped-cropped-logolu-150x150.webp","contentUrl":"https:\/\/luchonoticias.com\/editor\/wp-content\/uploads\/2024\/02\/cropped-cropped-logolu-150x150.webp","caption":"Editor General"},"sameAs":["https:\/\/luchonoticias.com\/"],"url":"https:\/\/luchonoticias.com\/editor\/author\/editor-general\/"}]}},"_links":{"self":[{"href":"https:\/\/luchonoticias.com\/editor\/wp-json\/wp\/v2\/posts\/58956","targetHints":{"allow":["GET"]}}],"collection":[{"href":"https:\/\/luchonoticias.com\/editor\/wp-json\/wp\/v2\/posts"}],"about":[{"href":"https:\/\/luchonoticias.com\/editor\/wp-json\/wp\/v2\/types\/post"}],"author":[{"embeddable":true,"href":"https:\/\/luchonoticias.com\/editor\/wp-json\/wp\/v2\/users\/2"}],"replies":[{"embeddable":true,"href":"https:\/\/luchonoticias.com\/editor\/wp-json\/wp\/v2\/comments?post=58956"}],"version-history":[{"count":0,"href":"https:\/\/luchonoticias.com\/editor\/wp-json\/wp\/v2\/posts\/58956\/revisions"}],"wp:attachment":[{"href":"https:\/\/luchonoticias.com\/editor\/wp-json\/wp\/v2\/media?parent=58956"}],"wp:term":[{"taxonomy":"category","embeddable":true,"href":"https:\/\/luchonoticias.com\/editor\/wp-json\/wp\/v2\/categories?post=58956"},{"taxonomy":"post_tag","embeddable":true,"href":"https:\/\/luchonoticias.com\/editor\/wp-json\/wp\/v2\/tags?post=58956"}],"curies":[{"name":"wp","href":"https:\/\/api.w.org\/{rel}","templated":true}]}}