{"id":59103,"date":"2023-08-27T04:23:05","date_gmt":"2023-08-27T09:23:05","guid":{"rendered":"https:\/\/luchonoticias.com\/?p=59103"},"modified":"2023-08-27T04:23:07","modified_gmt":"2023-08-27T09:23:07","slug":"huilense-fue-convocada-para-la-seleccion-colombia-sub-20-femenina","status":"publish","type":"post","link":"https:\/\/luchonoticias.com\/editor\/huilense-fue-convocada-para-la-seleccion-colombia-sub-20-femenina\/","title":{"rendered":"Huilense fue convocada para la Selecci\u00f3n Colombia sub &#8211; 20 femenina"},"content":{"rendered":"\n<p>La defensora huilense\u00a0<strong>Cristina Motta retorn\u00f3<\/strong>\u00a0a las convocatorias de la\u00a0<strong>Selecci\u00f3n Colombia femenina<\/strong>, en esta oportunidad para una nueva categor\u00eda.<\/p>\n\n\n\n<p>Motta ha sido llamada para un\u00a0<strong>nuevo ciclo de preparaci\u00f3n con la Selecci\u00f3n Colombia sub \u2013 20<\/strong>, la cual comenz\u00f3 ayer en la sede de la Federaci\u00f3n Colombiana en Bogot\u00e1.<\/p>\n\n\n\n<p>Los trabajos ir\u00e1n hasta el 6 de septiembre; en lo que va de este a\u00f1o&nbsp;<strong>Motta disput\u00f3 el campeonato de liga con el Boyac\u00e1 Chic\u00f3<\/strong>&nbsp;y en este semestre&nbsp;<strong>se encuentra con Santa Fe<\/strong>, equipo con el que disputar\u00e1 la Copa Libertadores.<\/p>\n","protected":false},"excerpt":{"rendered":"<p>La defensora huilense\u00a0Cristina Motta retorn\u00f3\u00a0a las convocatorias de la\u00a0Selecci\u00f3n Colombia femenina, en esta oportunidad para una nueva categor\u00eda. Motta ha sido llamada para un\u00a0nuevo ciclo de preparaci\u00f3n con la Selecci\u00f3n Colombia sub \u2013 20, la cual comenz\u00f3 ayer en la sede de la Federaci\u00f3n Colombiana en Bogot\u00e1. Los trabajos ir\u00e1n hasta el 6 de septiembre; [&hellip;]<\/p>\n","protected":false},"author":2,"featured_media":0,"comment_status":"open","ping_status":"open","sticky":false,"template":"","format":"standard","meta":{"footnotes":""},"categories":[34],"tags":[],"class_list":["post-59103","post","type-post","status-publish","format-standard","hentry","category-deportes"],"yoast_head":"<!-- This site is optimized with the Yoast SEO plugin v26.6 - https:\/\/yoast.com\/wordpress\/plugins\/seo\/ -->\n<title>Huilense fue convocada para la Selecci\u00f3n Colombia sub - 20 femenina -<\/title>\n<meta name=\"robots\" content=\"index, follow, max-snippet:-1, max-image-preview:large, max-video-preview:-1\" \/>\n<link rel=\"canonical\" href=\"https:\/\/luchonoticias.com\/editor\/huilense-fue-convocada-para-la-seleccion-colombia-sub-20-femenina\/\" \/>\n<meta property=\"og:locale\" content=\"es_ES\" \/>\n<meta property=\"og:type\" content=\"article\" \/>\n<meta property=\"og:title\" content=\"Huilense fue convocada para la Selecci\u00f3n Colombia sub - 20 femenina -\" \/>\n<meta property=\"og:url\" content=\"https:\/\/luchonoticias.com\/editor\/huilense-fue-convocada-para-la-seleccion-colombia-sub-20-femenina\/\" \/>\n<meta property=\"article:publisher\" content=\"https:\/\/www.facebook.com\/luchonoticiasneiva\" \/>\n<meta property=\"article:published_time\" content=\"2023-08-27T09:23:05+00:00\" \/>\n<meta property=\"article:modified_time\" content=\"2023-08-27T09:23:07+00:00\" \/>\n<meta name=\"author\" content=\"Editor General\" \/>\n<meta name=\"twitter:card\" content=\"summary_large_image\" \/>\n<meta name=\"twitter:label1\" content=\"Escrito por\" \/>\n\t<meta name=\"twitter:data1\" content=\"Editor General\" \/>\n\t<meta name=\"twitter:label2\" content=\"Tiempo de lectura\" \/>\n\t<meta name=\"twitter:data2\" content=\"1 minuto\" \/>\n<script type=\"application\/ld+json\" class=\"yoast-schema-graph\">{\"@context\":\"https:\/\/schema.org\",\"@graph\":[{\"@type\":\"Article\",\"@id\":\"https:\/\/luchonoticias.com\/editor\/huilense-fue-convocada-para-la-seleccion-colombia-sub-20-femenina\/#article\",\"isPartOf\":{\"@id\":\"https:\/\/luchonoticias.com\/editor\/huilense-fue-convocada-para-la-seleccion-colombia-sub-20-femenina\/\"},\"author\":{\"name\":\"Editor General\",\"@id\":\"https:\/\/luchonoticias.com\/editor\/#\/schema\/person\/29217990ddf6f14e35912b2866d591fb\"},\"headline\":\"Huilense fue convocada para la Selecci\u00f3n Colombia sub &#8211; 20 femenina\",\"datePublished\":\"2023-08-27T09:23:05+00:00\",\"dateModified\":\"2023-08-27T09:23:07+00:00\",\"mainEntityOfPage\":{\"@id\":\"https:\/\/luchonoticias.com\/editor\/huilense-fue-convocada-para-la-seleccion-colombia-sub-20-femenina\/\"},\"wordCount\":111,\"commentCount\":0,\"publisher\":{\"@id\":\"https:\/\/luchonoticias.com\/editor\/#\/schema\/person\/7a7fd911f58561fd056dbac7b55af9cd\"},\"articleSection\":[\"Deportes\"],\"inLanguage\":\"es\",\"potentialAction\":[{\"@type\":\"CommentAction\",\"name\":\"Comment\",\"target\":[\"https:\/\/luchonoticias.com\/editor\/huilense-fue-convocada-para-la-seleccion-colombia-sub-20-femenina\/#respond\"]}]},{\"@type\":\"WebPage\",\"@id\":\"https:\/\/luchonoticias.com\/editor\/huilense-fue-convocada-para-la-seleccion-colombia-sub-20-femenina\/\",\"url\":\"https:\/\/luchonoticias.com\/editor\/huilense-fue-convocada-para-la-seleccion-colombia-sub-20-femenina\/\",\"name\":\"Huilense fue convocada para la Selecci\u00f3n Colombia sub - 20 femenina -\",\"isPartOf\":{\"@id\":\"https:\/\/luchonoticias.com\/editor\/#website\"},\"datePublished\":\"2023-08-27T09:23:05+00:00\",\"dateModified\":\"2023-08-27T09:23:07+00:00\",\"breadcrumb\":{\"@id\":\"https:\/\/luchonoticias.com\/editor\/huilense-fue-convocada-para-la-seleccion-colombia-sub-20-femenina\/#breadcrumb\"},\"inLanguage\":\"es\",\"potentialAction\":[{\"@type\":\"ReadAction\",\"target\":[\"https:\/\/luchonoticias.com\/editor\/huilense-fue-convocada-para-la-seleccion-colombia-sub-20-femenina\/\"]}]},{\"@type\":\"BreadcrumbList\",\"@id\":\"https:\/\/luchonoticias.com\/editor\/huilense-fue-convocada-para-la-seleccion-colombia-sub-20-femenina\/#breadcrumb\",\"itemListElement\":[{\"@type\":\"ListItem\",\"position\":1,\"name\":\"Portada\",\"item\":\"https:\/\/luchonoticias.com\/editor\/\"},{\"@type\":\"ListItem\",\"position\":2,\"name\":\"Huilense fue convocada para la Selecci\u00f3n Colombia sub &#8211; 20 femenina\"}]},{\"@type\":\"WebSite\",\"@id\":\"https:\/\/luchonoticias.com\/editor\/#website\",\"url\":\"https:\/\/luchonoticias.com\/editor\/\",\"name\":\"\",\"description\":\"\",\"publisher\":{\"@id\":\"https:\/\/luchonoticias.com\/editor\/#\/schema\/person\/7a7fd911f58561fd056dbac7b55af9cd\"},\"potentialAction\":[{\"@type\":\"SearchAction\",\"target\":{\"@type\":\"EntryPoint\",\"urlTemplate\":\"https:\/\/luchonoticias.com\/editor\/?s={search_term_string}\"},\"query-input\":{\"@type\":\"PropertyValueSpecification\",\"valueRequired\":true,\"valueName\":\"search_term_string\"}}],\"inLanguage\":\"es\"},{\"@type\":[\"Person\",\"Organization\"],\"@id\":\"https:\/\/luchonoticias.com\/editor\/#\/schema\/person\/7a7fd911f58561fd056dbac7b55af9cd\",\"name\":\"admin\",\"image\":{\"@type\":\"ImageObject\",\"inLanguage\":\"es\",\"@id\":\"https:\/\/luchonoticias.com\/editor\/#\/schema\/person\/image\/\",\"url\":\"https:\/\/luchonoticias.com\/editor\/wp-content\/uploads\/2024\/02\/cropped-cropped-logolu.webp\",\"contentUrl\":\"https:\/\/luchonoticias.com\/editor\/wp-content\/uploads\/2024\/02\/cropped-cropped-logolu.webp\",\"width\":382,\"height\":170,\"caption\":\"admin\"},\"logo\":{\"@id\":\"https:\/\/luchonoticias.com\/editor\/#\/schema\/person\/image\/\"},\"sameAs\":[\"https:\/\/www.facebook.com\/luchonoticiasneiva\"]},{\"@type\":\"Person\",\"@id\":\"https:\/\/luchonoticias.com\/editor\/#\/schema\/person\/29217990ddf6f14e35912b2866d591fb\",\"name\":\"Editor General\",\"image\":{\"@type\":\"ImageObject\",\"inLanguage\":\"es\",\"@id\":\"https:\/\/luchonoticias.com\/editor\/#\/schema\/person\/image\/\",\"url\":\"https:\/\/luchonoticias.com\/editor\/wp-content\/uploads\/2024\/02\/cropped-cropped-logolu-150x150.webp\",\"contentUrl\":\"https:\/\/luchonoticias.com\/editor\/wp-content\/uploads\/2024\/02\/cropped-cropped-logolu-150x150.webp\",\"caption\":\"Editor General\"},\"sameAs\":[\"https:\/\/luchonoticias.com\/\"],\"url\":\"https:\/\/luchonoticias.com\/editor\/author\/editor-general\/\"}]}<\/script>\n<!-- \/ Yoast SEO plugin. -->","yoast_head_json":{"title":"Huilense fue convocada para la Selecci\u00f3n Colombia sub - 20 femenina -","robots":{"index":"index","follow":"follow","max-snippet":"max-snippet:-1","max-image-preview":"max-image-preview:large","max-video-preview":"max-video-preview:-1"},"canonical":"https:\/\/luchonoticias.com\/editor\/huilense-fue-convocada-para-la-seleccion-colombia-sub-20-femenina\/","og_locale":"es_ES","og_type":"article","og_title":"Huilense fue convocada para la Selecci\u00f3n Colombia sub - 20 femenina -","og_url":"https:\/\/luchonoticias.com\/editor\/huilense-fue-convocada-para-la-seleccion-colombia-sub-20-femenina\/","article_publisher":"https:\/\/www.facebook.com\/luchonoticiasneiva","article_published_time":"2023-08-27T09:23:05+00:00","article_modified_time":"2023-08-27T09:23:07+00:00","author":"Editor General","twitter_card":"summary_large_image","twitter_misc":{"Escrito por":"Editor General","Tiempo de lectura":"1 minuto"},"schema":{"@context":"https:\/\/schema.org","@graph":[{"@type":"Article","@id":"https:\/\/luchonoticias.com\/editor\/huilense-fue-convocada-para-la-seleccion-colombia-sub-20-femenina\/#article","isPartOf":{"@id":"https:\/\/luchonoticias.com\/editor\/huilense-fue-convocada-para-la-seleccion-colombia-sub-20-femenina\/"},"author":{"name":"Editor General","@id":"https:\/\/luchonoticias.com\/editor\/#\/schema\/person\/29217990ddf6f14e35912b2866d591fb"},"headline":"Huilense fue convocada para la Selecci\u00f3n Colombia sub &#8211; 20 femenina","datePublished":"2023-08-27T09:23:05+00:00","dateModified":"2023-08-27T09:23:07+00:00","mainEntityOfPage":{"@id":"https:\/\/luchonoticias.com\/editor\/huilense-fue-convocada-para-la-seleccion-colombia-sub-20-femenina\/"},"wordCount":111,"commentCount":0,"publisher":{"@id":"https:\/\/luchonoticias.com\/editor\/#\/schema\/person\/7a7fd911f58561fd056dbac7b55af9cd"},"articleSection":["Deportes"],"inLanguage":"es","potentialAction":[{"@type":"CommentAction","name":"Comment","target":["https:\/\/luchonoticias.com\/editor\/huilense-fue-convocada-para-la-seleccion-colombia-sub-20-femenina\/#respond"]}]},{"@type":"WebPage","@id":"https:\/\/luchonoticias.com\/editor\/huilense-fue-convocada-para-la-seleccion-colombia-sub-20-femenina\/","url":"https:\/\/luchonoticias.com\/editor\/huilense-fue-convocada-para-la-seleccion-colombia-sub-20-femenina\/","name":"Huilense fue convocada para la Selecci\u00f3n Colombia sub - 20 femenina -","isPartOf":{"@id":"https:\/\/luchonoticias.com\/editor\/#website"},"datePublished":"2023-08-27T09:23:05+00:00","dateModified":"2023-08-27T09:23:07+00:00","breadcrumb":{"@id":"https:\/\/luchonoticias.com\/editor\/huilense-fue-convocada-para-la-seleccion-colombia-sub-20-femenina\/#breadcrumb"},"inLanguage":"es","potentialAction":[{"@type":"ReadAction","target":["https:\/\/luchonoticias.com\/editor\/huilense-fue-convocada-para-la-seleccion-colombia-sub-20-femenina\/"]}]},{"@type":"BreadcrumbList","@id":"https:\/\/luchonoticias.com\/editor\/huilense-fue-convocada-para-la-seleccion-colombia-sub-20-femenina\/#breadcrumb","itemListElement":[{"@type":"ListItem","position":1,"name":"Portada","item":"https:\/\/luchonoticias.com\/editor\/"},{"@type":"ListItem","position":2,"name":"Huilense fue convocada para la Selecci\u00f3n Colombia sub &#8211; 20 femenina"}]},{"@type":"WebSite","@id":"https:\/\/luchonoticias.com\/editor\/#website","url":"https:\/\/luchonoticias.com\/editor\/","name":"","description":"","publisher":{"@id":"https:\/\/luchonoticias.com\/editor\/#\/schema\/person\/7a7fd911f58561fd056dbac7b55af9cd"},"potentialAction":[{"@type":"SearchAction","target":{"@type":"EntryPoint","urlTemplate":"https:\/\/luchonoticias.com\/editor\/?s={search_term_string}"},"query-input":{"@type":"PropertyValueSpecification","valueRequired":true,"valueName":"search_term_string"}}],"inLanguage":"es"},{"@type":["Person","Organization"],"@id":"https:\/\/luchonoticias.com\/editor\/#\/schema\/person\/7a7fd911f58561fd056dbac7b55af9cd","name":"admin","image":{"@type":"ImageObject","inLanguage":"es","@id":"https:\/\/luchonoticias.com\/editor\/#\/schema\/person\/image\/","url":"https:\/\/luchonoticias.com\/editor\/wp-content\/uploads\/2024\/02\/cropped-cropped-logolu.webp","contentUrl":"https:\/\/luchonoticias.com\/editor\/wp-content\/uploads\/2024\/02\/cropped-cropped-logolu.webp","width":382,"height":170,"caption":"admin"},"logo":{"@id":"https:\/\/luchonoticias.com\/editor\/#\/schema\/person\/image\/"},"sameAs":["https:\/\/www.facebook.com\/luchonoticiasneiva"]},{"@type":"Person","@id":"https:\/\/luchonoticias.com\/editor\/#\/schema\/person\/29217990ddf6f14e35912b2866d591fb","name":"Editor General","image":{"@type":"ImageObject","inLanguage":"es","@id":"https:\/\/luchonoticias.com\/editor\/#\/schema\/person\/image\/","url":"https:\/\/luchonoticias.com\/editor\/wp-content\/uploads\/2024\/02\/cropped-cropped-logolu-150x150.webp","contentUrl":"https:\/\/luchonoticias.com\/editor\/wp-content\/uploads\/2024\/02\/cropped-cropped-logolu-150x150.webp","caption":"Editor General"},"sameAs":["https:\/\/luchonoticias.com\/"],"url":"https:\/\/luchonoticias.com\/editor\/author\/editor-general\/"}]}},"_links":{"self":[{"href":"https:\/\/luchonoticias.com\/editor\/wp-json\/wp\/v2\/posts\/59103","targetHints":{"allow":["GET"]}}],"collection":[{"href":"https:\/\/luchonoticias.com\/editor\/wp-json\/wp\/v2\/posts"}],"about":[{"href":"https:\/\/luchonoticias.com\/editor\/wp-json\/wp\/v2\/types\/post"}],"author":[{"embeddable":true,"href":"https:\/\/luchonoticias.com\/editor\/wp-json\/wp\/v2\/users\/2"}],"replies":[{"embeddable":true,"href":"https:\/\/luchonoticias.com\/editor\/wp-json\/wp\/v2\/comments?post=59103"}],"version-history":[{"count":0,"href":"https:\/\/luchonoticias.com\/editor\/wp-json\/wp\/v2\/posts\/59103\/revisions"}],"wp:attachment":[{"href":"https:\/\/luchonoticias.com\/editor\/wp-json\/wp\/v2\/media?parent=59103"}],"wp:term":[{"taxonomy":"category","embeddable":true,"href":"https:\/\/luchonoticias.com\/editor\/wp-json\/wp\/v2\/categories?post=59103"},{"taxonomy":"post_tag","embeddable":true,"href":"https:\/\/luchonoticias.com\/editor\/wp-json\/wp\/v2\/tags?post=59103"}],"curies":[{"name":"wp","href":"https:\/\/api.w.org\/{rel}","templated":true}]}}