{"id":59108,"date":"2023-08-27T04:30:50","date_gmt":"2023-08-27T09:30:50","guid":{"rendered":"https:\/\/luchonoticias.com\/?p=59108"},"modified":"2023-08-27T04:30:51","modified_gmt":"2023-08-27T09:30:51","slug":"deportistas-huilenses-compitieron-en-mundial-sub-16-de-jiu-jitsu","status":"publish","type":"post","link":"https:\/\/luchonoticias.com\/editor\/deportistas-huilenses-compitieron-en-mundial-sub-16-de-jiu-jitsu\/","title":{"rendered":"Deportistas huilenses compitieron en mundial sub &#8211; 16 de jiu &#8211; jitsu"},"content":{"rendered":"\n<p>Esta semana la ex rep\u00fablica sovi\u00e9tica de Kazajst\u00e1n fue escenario del\u00a0<strong>mundial sub \u2013 16 de jiu jitsu<\/strong>, en donde estuvieron dos huilenses participando por Colombia:\u00a0<strong>Sharick Montenegro y Paloma Vargas.\u00a0<\/strong><\/p>\n\n\n\n<p>En tierras kazajas las huilenses intervinieron en las\u00a0<strong>modalidades de Newaza y Duoshow<\/strong>, este \u00faltimo en parejas en donde lograron la\u00a0<strong>cuarta plaza.<\/strong><\/p>\n\n\n\n<p>Ya en la modalidad de Newaza, donde Montenegro fue&nbsp;<strong>s\u00e9ptima&nbsp;<\/strong>en los 48 kilogramos y Vargas fue&nbsp;<strong>novena&nbsp;<\/strong>en los 52 kilogramos.<\/p>\n","protected":false},"excerpt":{"rendered":"<p>Esta semana la ex rep\u00fablica sovi\u00e9tica de Kazajst\u00e1n fue escenario del\u00a0mundial sub \u2013 16 de jiu jitsu, en donde estuvieron dos huilenses participando por Colombia:\u00a0Sharick Montenegro y Paloma Vargas.\u00a0 En tierras kazajas las huilenses intervinieron en las\u00a0modalidades de Newaza y Duoshow, este \u00faltimo en parejas en donde lograron la\u00a0cuarta plaza. Ya en la modalidad de [&hellip;]<\/p>\n","protected":false},"author":2,"featured_media":0,"comment_status":"open","ping_status":"open","sticky":false,"template":"","format":"standard","meta":{"footnotes":""},"categories":[34],"tags":[],"class_list":["post-59108","post","type-post","status-publish","format-standard","hentry","category-deportes"],"yoast_head":"<!-- This site is optimized with the Yoast SEO plugin v26.6 - https:\/\/yoast.com\/wordpress\/plugins\/seo\/ -->\n<title>Deportistas huilenses compitieron en mundial sub - 16 de jiu - jitsu -<\/title>\n<meta name=\"robots\" content=\"index, follow, max-snippet:-1, max-image-preview:large, max-video-preview:-1\" \/>\n<link rel=\"canonical\" href=\"https:\/\/luchonoticias.com\/editor\/deportistas-huilenses-compitieron-en-mundial-sub-16-de-jiu-jitsu\/\" \/>\n<meta property=\"og:locale\" content=\"es_ES\" \/>\n<meta property=\"og:type\" content=\"article\" \/>\n<meta property=\"og:title\" content=\"Deportistas huilenses compitieron en mundial sub - 16 de jiu - jitsu -\" \/>\n<meta property=\"og:url\" content=\"https:\/\/luchonoticias.com\/editor\/deportistas-huilenses-compitieron-en-mundial-sub-16-de-jiu-jitsu\/\" \/>\n<meta property=\"article:publisher\" content=\"https:\/\/www.facebook.com\/luchonoticiasneiva\" \/>\n<meta property=\"article:published_time\" content=\"2023-08-27T09:30:50+00:00\" \/>\n<meta property=\"article:modified_time\" content=\"2023-08-27T09:30:51+00:00\" \/>\n<meta name=\"author\" content=\"Editor General\" \/>\n<meta name=\"twitter:card\" content=\"summary_large_image\" \/>\n<meta name=\"twitter:label1\" content=\"Escrito por\" \/>\n\t<meta name=\"twitter:data1\" content=\"Editor General\" \/>\n<script type=\"application\/ld+json\" class=\"yoast-schema-graph\">{\"@context\":\"https:\/\/schema.org\",\"@graph\":[{\"@type\":\"Article\",\"@id\":\"https:\/\/luchonoticias.com\/editor\/deportistas-huilenses-compitieron-en-mundial-sub-16-de-jiu-jitsu\/#article\",\"isPartOf\":{\"@id\":\"https:\/\/luchonoticias.com\/editor\/deportistas-huilenses-compitieron-en-mundial-sub-16-de-jiu-jitsu\/\"},\"author\":{\"name\":\"Editor General\",\"@id\":\"https:\/\/luchonoticias.com\/editor\/#\/schema\/person\/29217990ddf6f14e35912b2866d591fb\"},\"headline\":\"Deportistas huilenses compitieron en mundial sub &#8211; 16 de jiu &#8211; jitsu\",\"datePublished\":\"2023-08-27T09:30:50+00:00\",\"dateModified\":\"2023-08-27T09:30:51+00:00\",\"mainEntityOfPage\":{\"@id\":\"https:\/\/luchonoticias.com\/editor\/deportistas-huilenses-compitieron-en-mundial-sub-16-de-jiu-jitsu\/\"},\"wordCount\":91,\"commentCount\":0,\"publisher\":{\"@id\":\"https:\/\/luchonoticias.com\/editor\/#\/schema\/person\/7a7fd911f58561fd056dbac7b55af9cd\"},\"articleSection\":[\"Deportes\"],\"inLanguage\":\"es\",\"potentialAction\":[{\"@type\":\"CommentAction\",\"name\":\"Comment\",\"target\":[\"https:\/\/luchonoticias.com\/editor\/deportistas-huilenses-compitieron-en-mundial-sub-16-de-jiu-jitsu\/#respond\"]}]},{\"@type\":\"WebPage\",\"@id\":\"https:\/\/luchonoticias.com\/editor\/deportistas-huilenses-compitieron-en-mundial-sub-16-de-jiu-jitsu\/\",\"url\":\"https:\/\/luchonoticias.com\/editor\/deportistas-huilenses-compitieron-en-mundial-sub-16-de-jiu-jitsu\/\",\"name\":\"Deportistas huilenses compitieron en mundial sub - 16 de jiu - jitsu -\",\"isPartOf\":{\"@id\":\"https:\/\/luchonoticias.com\/editor\/#website\"},\"datePublished\":\"2023-08-27T09:30:50+00:00\",\"dateModified\":\"2023-08-27T09:30:51+00:00\",\"breadcrumb\":{\"@id\":\"https:\/\/luchonoticias.com\/editor\/deportistas-huilenses-compitieron-en-mundial-sub-16-de-jiu-jitsu\/#breadcrumb\"},\"inLanguage\":\"es\",\"potentialAction\":[{\"@type\":\"ReadAction\",\"target\":[\"https:\/\/luchonoticias.com\/editor\/deportistas-huilenses-compitieron-en-mundial-sub-16-de-jiu-jitsu\/\"]}]},{\"@type\":\"BreadcrumbList\",\"@id\":\"https:\/\/luchonoticias.com\/editor\/deportistas-huilenses-compitieron-en-mundial-sub-16-de-jiu-jitsu\/#breadcrumb\",\"itemListElement\":[{\"@type\":\"ListItem\",\"position\":1,\"name\":\"Portada\",\"item\":\"https:\/\/luchonoticias.com\/editor\/\"},{\"@type\":\"ListItem\",\"position\":2,\"name\":\"Deportistas huilenses compitieron en mundial sub &#8211; 16 de jiu &#8211; jitsu\"}]},{\"@type\":\"WebSite\",\"@id\":\"https:\/\/luchonoticias.com\/editor\/#website\",\"url\":\"https:\/\/luchonoticias.com\/editor\/\",\"name\":\"\",\"description\":\"\",\"publisher\":{\"@id\":\"https:\/\/luchonoticias.com\/editor\/#\/schema\/person\/7a7fd911f58561fd056dbac7b55af9cd\"},\"potentialAction\":[{\"@type\":\"SearchAction\",\"target\":{\"@type\":\"EntryPoint\",\"urlTemplate\":\"https:\/\/luchonoticias.com\/editor\/?s={search_term_string}\"},\"query-input\":{\"@type\":\"PropertyValueSpecification\",\"valueRequired\":true,\"valueName\":\"search_term_string\"}}],\"inLanguage\":\"es\"},{\"@type\":[\"Person\",\"Organization\"],\"@id\":\"https:\/\/luchonoticias.com\/editor\/#\/schema\/person\/7a7fd911f58561fd056dbac7b55af9cd\",\"name\":\"admin\",\"image\":{\"@type\":\"ImageObject\",\"inLanguage\":\"es\",\"@id\":\"https:\/\/luchonoticias.com\/editor\/#\/schema\/person\/image\/\",\"url\":\"https:\/\/luchonoticias.com\/editor\/wp-content\/uploads\/2024\/02\/cropped-cropped-logolu.webp\",\"contentUrl\":\"https:\/\/luchonoticias.com\/editor\/wp-content\/uploads\/2024\/02\/cropped-cropped-logolu.webp\",\"width\":382,\"height\":170,\"caption\":\"admin\"},\"logo\":{\"@id\":\"https:\/\/luchonoticias.com\/editor\/#\/schema\/person\/image\/\"},\"sameAs\":[\"https:\/\/www.facebook.com\/luchonoticiasneiva\"]},{\"@type\":\"Person\",\"@id\":\"https:\/\/luchonoticias.com\/editor\/#\/schema\/person\/29217990ddf6f14e35912b2866d591fb\",\"name\":\"Editor General\",\"image\":{\"@type\":\"ImageObject\",\"inLanguage\":\"es\",\"@id\":\"https:\/\/luchonoticias.com\/editor\/#\/schema\/person\/image\/\",\"url\":\"https:\/\/luchonoticias.com\/editor\/wp-content\/uploads\/2024\/02\/cropped-cropped-logolu-150x150.webp\",\"contentUrl\":\"https:\/\/luchonoticias.com\/editor\/wp-content\/uploads\/2024\/02\/cropped-cropped-logolu-150x150.webp\",\"caption\":\"Editor General\"},\"sameAs\":[\"https:\/\/luchonoticias.com\/\"],\"url\":\"https:\/\/luchonoticias.com\/editor\/author\/editor-general\/\"}]}<\/script>\n<!-- \/ Yoast SEO plugin. -->","yoast_head_json":{"title":"Deportistas huilenses compitieron en mundial sub - 16 de jiu - jitsu -","robots":{"index":"index","follow":"follow","max-snippet":"max-snippet:-1","max-image-preview":"max-image-preview:large","max-video-preview":"max-video-preview:-1"},"canonical":"https:\/\/luchonoticias.com\/editor\/deportistas-huilenses-compitieron-en-mundial-sub-16-de-jiu-jitsu\/","og_locale":"es_ES","og_type":"article","og_title":"Deportistas huilenses compitieron en mundial sub - 16 de jiu - jitsu -","og_url":"https:\/\/luchonoticias.com\/editor\/deportistas-huilenses-compitieron-en-mundial-sub-16-de-jiu-jitsu\/","article_publisher":"https:\/\/www.facebook.com\/luchonoticiasneiva","article_published_time":"2023-08-27T09:30:50+00:00","article_modified_time":"2023-08-27T09:30:51+00:00","author":"Editor General","twitter_card":"summary_large_image","twitter_misc":{"Escrito por":"Editor General"},"schema":{"@context":"https:\/\/schema.org","@graph":[{"@type":"Article","@id":"https:\/\/luchonoticias.com\/editor\/deportistas-huilenses-compitieron-en-mundial-sub-16-de-jiu-jitsu\/#article","isPartOf":{"@id":"https:\/\/luchonoticias.com\/editor\/deportistas-huilenses-compitieron-en-mundial-sub-16-de-jiu-jitsu\/"},"author":{"name":"Editor General","@id":"https:\/\/luchonoticias.com\/editor\/#\/schema\/person\/29217990ddf6f14e35912b2866d591fb"},"headline":"Deportistas huilenses compitieron en mundial sub &#8211; 16 de jiu &#8211; jitsu","datePublished":"2023-08-27T09:30:50+00:00","dateModified":"2023-08-27T09:30:51+00:00","mainEntityOfPage":{"@id":"https:\/\/luchonoticias.com\/editor\/deportistas-huilenses-compitieron-en-mundial-sub-16-de-jiu-jitsu\/"},"wordCount":91,"commentCount":0,"publisher":{"@id":"https:\/\/luchonoticias.com\/editor\/#\/schema\/person\/7a7fd911f58561fd056dbac7b55af9cd"},"articleSection":["Deportes"],"inLanguage":"es","potentialAction":[{"@type":"CommentAction","name":"Comment","target":["https:\/\/luchonoticias.com\/editor\/deportistas-huilenses-compitieron-en-mundial-sub-16-de-jiu-jitsu\/#respond"]}]},{"@type":"WebPage","@id":"https:\/\/luchonoticias.com\/editor\/deportistas-huilenses-compitieron-en-mundial-sub-16-de-jiu-jitsu\/","url":"https:\/\/luchonoticias.com\/editor\/deportistas-huilenses-compitieron-en-mundial-sub-16-de-jiu-jitsu\/","name":"Deportistas huilenses compitieron en mundial sub - 16 de jiu - jitsu -","isPartOf":{"@id":"https:\/\/luchonoticias.com\/editor\/#website"},"datePublished":"2023-08-27T09:30:50+00:00","dateModified":"2023-08-27T09:30:51+00:00","breadcrumb":{"@id":"https:\/\/luchonoticias.com\/editor\/deportistas-huilenses-compitieron-en-mundial-sub-16-de-jiu-jitsu\/#breadcrumb"},"inLanguage":"es","potentialAction":[{"@type":"ReadAction","target":["https:\/\/luchonoticias.com\/editor\/deportistas-huilenses-compitieron-en-mundial-sub-16-de-jiu-jitsu\/"]}]},{"@type":"BreadcrumbList","@id":"https:\/\/luchonoticias.com\/editor\/deportistas-huilenses-compitieron-en-mundial-sub-16-de-jiu-jitsu\/#breadcrumb","itemListElement":[{"@type":"ListItem","position":1,"name":"Portada","item":"https:\/\/luchonoticias.com\/editor\/"},{"@type":"ListItem","position":2,"name":"Deportistas huilenses compitieron en mundial sub &#8211; 16 de jiu &#8211; jitsu"}]},{"@type":"WebSite","@id":"https:\/\/luchonoticias.com\/editor\/#website","url":"https:\/\/luchonoticias.com\/editor\/","name":"","description":"","publisher":{"@id":"https:\/\/luchonoticias.com\/editor\/#\/schema\/person\/7a7fd911f58561fd056dbac7b55af9cd"},"potentialAction":[{"@type":"SearchAction","target":{"@type":"EntryPoint","urlTemplate":"https:\/\/luchonoticias.com\/editor\/?s={search_term_string}"},"query-input":{"@type":"PropertyValueSpecification","valueRequired":true,"valueName":"search_term_string"}}],"inLanguage":"es"},{"@type":["Person","Organization"],"@id":"https:\/\/luchonoticias.com\/editor\/#\/schema\/person\/7a7fd911f58561fd056dbac7b55af9cd","name":"admin","image":{"@type":"ImageObject","inLanguage":"es","@id":"https:\/\/luchonoticias.com\/editor\/#\/schema\/person\/image\/","url":"https:\/\/luchonoticias.com\/editor\/wp-content\/uploads\/2024\/02\/cropped-cropped-logolu.webp","contentUrl":"https:\/\/luchonoticias.com\/editor\/wp-content\/uploads\/2024\/02\/cropped-cropped-logolu.webp","width":382,"height":170,"caption":"admin"},"logo":{"@id":"https:\/\/luchonoticias.com\/editor\/#\/schema\/person\/image\/"},"sameAs":["https:\/\/www.facebook.com\/luchonoticiasneiva"]},{"@type":"Person","@id":"https:\/\/luchonoticias.com\/editor\/#\/schema\/person\/29217990ddf6f14e35912b2866d591fb","name":"Editor General","image":{"@type":"ImageObject","inLanguage":"es","@id":"https:\/\/luchonoticias.com\/editor\/#\/schema\/person\/image\/","url":"https:\/\/luchonoticias.com\/editor\/wp-content\/uploads\/2024\/02\/cropped-cropped-logolu-150x150.webp","contentUrl":"https:\/\/luchonoticias.com\/editor\/wp-content\/uploads\/2024\/02\/cropped-cropped-logolu-150x150.webp","caption":"Editor General"},"sameAs":["https:\/\/luchonoticias.com\/"],"url":"https:\/\/luchonoticias.com\/editor\/author\/editor-general\/"}]}},"_links":{"self":[{"href":"https:\/\/luchonoticias.com\/editor\/wp-json\/wp\/v2\/posts\/59108","targetHints":{"allow":["GET"]}}],"collection":[{"href":"https:\/\/luchonoticias.com\/editor\/wp-json\/wp\/v2\/posts"}],"about":[{"href":"https:\/\/luchonoticias.com\/editor\/wp-json\/wp\/v2\/types\/post"}],"author":[{"embeddable":true,"href":"https:\/\/luchonoticias.com\/editor\/wp-json\/wp\/v2\/users\/2"}],"replies":[{"embeddable":true,"href":"https:\/\/luchonoticias.com\/editor\/wp-json\/wp\/v2\/comments?post=59108"}],"version-history":[{"count":0,"href":"https:\/\/luchonoticias.com\/editor\/wp-json\/wp\/v2\/posts\/59108\/revisions"}],"wp:attachment":[{"href":"https:\/\/luchonoticias.com\/editor\/wp-json\/wp\/v2\/media?parent=59108"}],"wp:term":[{"taxonomy":"category","embeddable":true,"href":"https:\/\/luchonoticias.com\/editor\/wp-json\/wp\/v2\/categories?post=59108"},{"taxonomy":"post_tag","embeddable":true,"href":"https:\/\/luchonoticias.com\/editor\/wp-json\/wp\/v2\/tags?post=59108"}],"curies":[{"name":"wp","href":"https:\/\/api.w.org\/{rel}","templated":true}]}}