{"id":59114,"date":"2023-08-27T07:49:10","date_gmt":"2023-08-27T12:49:10","guid":{"rendered":"https:\/\/luchonoticias.com\/?p=59114"},"modified":"2023-08-27T07:49:12","modified_gmt":"2023-08-27T12:49:12","slug":"capturado-sujeto-en-acevedo-requerido-por-orden-judicial-por-violencia-intrafamiliar","status":"publish","type":"post","link":"https:\/\/luchonoticias.com\/editor\/capturado-sujeto-en-acevedo-requerido-por-orden-judicial-por-violencia-intrafamiliar\/","title":{"rendered":"Capturado sujeto en Acevedo requerido por orden judicial por violencia intrafamiliar"},"content":{"rendered":"\n<p>En el marco del Plan Choque seguridad 360, la Polic\u00eda del municipio de Acevedo, logra hacer efectiva la captura por orden judicial de un hombre de 32 a\u00f1os de edad, el cual es requerido por el delito de violencia intrafamiliar.<\/p>\n\n\n\n<p>Este individuo que fue detenido en el barrio Andaki, pretend\u00eda evadir la orden judicial, ya que se presume que se escond\u00eda en este municipio, teniendo en cuenta que era requerido desde el 9 de agosto del presente a\u00f1o, por un juzgado del municipio de Andes en el departamento de Antioquia.<\/p>\n\n\n\n<p>El Teniente Coronel Henry Alexander Mu\u00f1oz, comandante encargado de Polic\u00eda Huila, inform\u00f3 que el capturado fue puesto a disposici\u00f3n de la autoridad judicial solicitante para que responda por sus delitos y le sea definida su situaci\u00f3n judicial.<\/p>\n","protected":false},"excerpt":{"rendered":"<p>En el marco del Plan Choque seguridad 360, la Polic\u00eda del municipio de Acevedo, logra hacer efectiva la captura por orden judicial de un hombre de 32 a\u00f1os de edad, el cual es requerido por el delito de violencia intrafamiliar. Este individuo que fue detenido en el barrio Andaki, pretend\u00eda evadir la orden judicial, ya [&hellip;]<\/p>\n","protected":false},"author":2,"featured_media":0,"comment_status":"open","ping_status":"open","sticky":false,"template":"","format":"standard","meta":{"footnotes":""},"categories":[36,29],"tags":[],"class_list":["post-59114","post","type-post","status-publish","format-standard","hentry","category-destacado","category-judicial"],"yoast_head":"<!-- This site is optimized with the Yoast SEO plugin v26.6 - https:\/\/yoast.com\/wordpress\/plugins\/seo\/ -->\n<title>Capturado sujeto en Acevedo requerido por orden judicial por violencia intrafamiliar -<\/title>\n<meta name=\"robots\" content=\"index, follow, max-snippet:-1, max-image-preview:large, max-video-preview:-1\" \/>\n<link rel=\"canonical\" href=\"https:\/\/luchonoticias.com\/editor\/capturado-sujeto-en-acevedo-requerido-por-orden-judicial-por-violencia-intrafamiliar\/\" \/>\n<meta property=\"og:locale\" content=\"es_ES\" \/>\n<meta property=\"og:type\" content=\"article\" \/>\n<meta property=\"og:title\" content=\"Capturado sujeto en Acevedo requerido por orden judicial por violencia intrafamiliar -\" \/>\n<meta property=\"og:url\" content=\"https:\/\/luchonoticias.com\/editor\/capturado-sujeto-en-acevedo-requerido-por-orden-judicial-por-violencia-intrafamiliar\/\" \/>\n<meta property=\"article:publisher\" content=\"https:\/\/www.facebook.com\/luchonoticiasneiva\" \/>\n<meta property=\"article:published_time\" content=\"2023-08-27T12:49:10+00:00\" \/>\n<meta property=\"article:modified_time\" content=\"2023-08-27T12:49:12+00:00\" \/>\n<meta name=\"author\" content=\"Editor General\" \/>\n<meta name=\"twitter:card\" content=\"summary_large_image\" \/>\n<meta name=\"twitter:label1\" content=\"Escrito por\" \/>\n\t<meta name=\"twitter:data1\" content=\"Editor General\" \/>\n\t<meta name=\"twitter:label2\" content=\"Tiempo de lectura\" \/>\n\t<meta name=\"twitter:data2\" content=\"1 minuto\" \/>\n<script type=\"application\/ld+json\" class=\"yoast-schema-graph\">{\"@context\":\"https:\/\/schema.org\",\"@graph\":[{\"@type\":\"Article\",\"@id\":\"https:\/\/luchonoticias.com\/editor\/capturado-sujeto-en-acevedo-requerido-por-orden-judicial-por-violencia-intrafamiliar\/#article\",\"isPartOf\":{\"@id\":\"https:\/\/luchonoticias.com\/editor\/capturado-sujeto-en-acevedo-requerido-por-orden-judicial-por-violencia-intrafamiliar\/\"},\"author\":{\"name\":\"Editor General\",\"@id\":\"https:\/\/luchonoticias.com\/editor\/#\/schema\/person\/29217990ddf6f14e35912b2866d591fb\"},\"headline\":\"Capturado sujeto en Acevedo requerido por orden judicial por violencia intrafamiliar\",\"datePublished\":\"2023-08-27T12:49:10+00:00\",\"dateModified\":\"2023-08-27T12:49:12+00:00\",\"mainEntityOfPage\":{\"@id\":\"https:\/\/luchonoticias.com\/editor\/capturado-sujeto-en-acevedo-requerido-por-orden-judicial-por-violencia-intrafamiliar\/\"},\"wordCount\":144,\"commentCount\":0,\"publisher\":{\"@id\":\"https:\/\/luchonoticias.com\/editor\/#\/schema\/person\/7a7fd911f58561fd056dbac7b55af9cd\"},\"articleSection\":[\"Destacado\",\"Judicial\"],\"inLanguage\":\"es\",\"potentialAction\":[{\"@type\":\"CommentAction\",\"name\":\"Comment\",\"target\":[\"https:\/\/luchonoticias.com\/editor\/capturado-sujeto-en-acevedo-requerido-por-orden-judicial-por-violencia-intrafamiliar\/#respond\"]}]},{\"@type\":\"WebPage\",\"@id\":\"https:\/\/luchonoticias.com\/editor\/capturado-sujeto-en-acevedo-requerido-por-orden-judicial-por-violencia-intrafamiliar\/\",\"url\":\"https:\/\/luchonoticias.com\/editor\/capturado-sujeto-en-acevedo-requerido-por-orden-judicial-por-violencia-intrafamiliar\/\",\"name\":\"Capturado sujeto en Acevedo requerido por orden judicial por violencia intrafamiliar -\",\"isPartOf\":{\"@id\":\"https:\/\/luchonoticias.com\/editor\/#website\"},\"datePublished\":\"2023-08-27T12:49:10+00:00\",\"dateModified\":\"2023-08-27T12:49:12+00:00\",\"breadcrumb\":{\"@id\":\"https:\/\/luchonoticias.com\/editor\/capturado-sujeto-en-acevedo-requerido-por-orden-judicial-por-violencia-intrafamiliar\/#breadcrumb\"},\"inLanguage\":\"es\",\"potentialAction\":[{\"@type\":\"ReadAction\",\"target\":[\"https:\/\/luchonoticias.com\/editor\/capturado-sujeto-en-acevedo-requerido-por-orden-judicial-por-violencia-intrafamiliar\/\"]}]},{\"@type\":\"BreadcrumbList\",\"@id\":\"https:\/\/luchonoticias.com\/editor\/capturado-sujeto-en-acevedo-requerido-por-orden-judicial-por-violencia-intrafamiliar\/#breadcrumb\",\"itemListElement\":[{\"@type\":\"ListItem\",\"position\":1,\"name\":\"Portada\",\"item\":\"https:\/\/luchonoticias.com\/editor\/\"},{\"@type\":\"ListItem\",\"position\":2,\"name\":\"Capturado sujeto en Acevedo requerido por orden judicial por violencia intrafamiliar\"}]},{\"@type\":\"WebSite\",\"@id\":\"https:\/\/luchonoticias.com\/editor\/#website\",\"url\":\"https:\/\/luchonoticias.com\/editor\/\",\"name\":\"\",\"description\":\"\",\"publisher\":{\"@id\":\"https:\/\/luchonoticias.com\/editor\/#\/schema\/person\/7a7fd911f58561fd056dbac7b55af9cd\"},\"potentialAction\":[{\"@type\":\"SearchAction\",\"target\":{\"@type\":\"EntryPoint\",\"urlTemplate\":\"https:\/\/luchonoticias.com\/editor\/?s={search_term_string}\"},\"query-input\":{\"@type\":\"PropertyValueSpecification\",\"valueRequired\":true,\"valueName\":\"search_term_string\"}}],\"inLanguage\":\"es\"},{\"@type\":[\"Person\",\"Organization\"],\"@id\":\"https:\/\/luchonoticias.com\/editor\/#\/schema\/person\/7a7fd911f58561fd056dbac7b55af9cd\",\"name\":\"admin\",\"image\":{\"@type\":\"ImageObject\",\"inLanguage\":\"es\",\"@id\":\"https:\/\/luchonoticias.com\/editor\/#\/schema\/person\/image\/\",\"url\":\"https:\/\/luchonoticias.com\/editor\/wp-content\/uploads\/2024\/02\/cropped-cropped-logolu.webp\",\"contentUrl\":\"https:\/\/luchonoticias.com\/editor\/wp-content\/uploads\/2024\/02\/cropped-cropped-logolu.webp\",\"width\":382,\"height\":170,\"caption\":\"admin\"},\"logo\":{\"@id\":\"https:\/\/luchonoticias.com\/editor\/#\/schema\/person\/image\/\"},\"sameAs\":[\"https:\/\/www.facebook.com\/luchonoticiasneiva\"]},{\"@type\":\"Person\",\"@id\":\"https:\/\/luchonoticias.com\/editor\/#\/schema\/person\/29217990ddf6f14e35912b2866d591fb\",\"name\":\"Editor General\",\"image\":{\"@type\":\"ImageObject\",\"inLanguage\":\"es\",\"@id\":\"https:\/\/luchonoticias.com\/editor\/#\/schema\/person\/image\/\",\"url\":\"https:\/\/luchonoticias.com\/editor\/wp-content\/uploads\/2024\/02\/cropped-cropped-logolu-150x150.webp\",\"contentUrl\":\"https:\/\/luchonoticias.com\/editor\/wp-content\/uploads\/2024\/02\/cropped-cropped-logolu-150x150.webp\",\"caption\":\"Editor General\"},\"sameAs\":[\"https:\/\/luchonoticias.com\/\"],\"url\":\"https:\/\/luchonoticias.com\/editor\/author\/editor-general\/\"}]}<\/script>\n<!-- \/ Yoast SEO plugin. -->","yoast_head_json":{"title":"Capturado sujeto en Acevedo requerido por orden judicial por violencia intrafamiliar -","robots":{"index":"index","follow":"follow","max-snippet":"max-snippet:-1","max-image-preview":"max-image-preview:large","max-video-preview":"max-video-preview:-1"},"canonical":"https:\/\/luchonoticias.com\/editor\/capturado-sujeto-en-acevedo-requerido-por-orden-judicial-por-violencia-intrafamiliar\/","og_locale":"es_ES","og_type":"article","og_title":"Capturado sujeto en Acevedo requerido por orden judicial por violencia intrafamiliar -","og_url":"https:\/\/luchonoticias.com\/editor\/capturado-sujeto-en-acevedo-requerido-por-orden-judicial-por-violencia-intrafamiliar\/","article_publisher":"https:\/\/www.facebook.com\/luchonoticiasneiva","article_published_time":"2023-08-27T12:49:10+00:00","article_modified_time":"2023-08-27T12:49:12+00:00","author":"Editor General","twitter_card":"summary_large_image","twitter_misc":{"Escrito por":"Editor General","Tiempo de lectura":"1 minuto"},"schema":{"@context":"https:\/\/schema.org","@graph":[{"@type":"Article","@id":"https:\/\/luchonoticias.com\/editor\/capturado-sujeto-en-acevedo-requerido-por-orden-judicial-por-violencia-intrafamiliar\/#article","isPartOf":{"@id":"https:\/\/luchonoticias.com\/editor\/capturado-sujeto-en-acevedo-requerido-por-orden-judicial-por-violencia-intrafamiliar\/"},"author":{"name":"Editor General","@id":"https:\/\/luchonoticias.com\/editor\/#\/schema\/person\/29217990ddf6f14e35912b2866d591fb"},"headline":"Capturado sujeto en Acevedo requerido por orden judicial por violencia intrafamiliar","datePublished":"2023-08-27T12:49:10+00:00","dateModified":"2023-08-27T12:49:12+00:00","mainEntityOfPage":{"@id":"https:\/\/luchonoticias.com\/editor\/capturado-sujeto-en-acevedo-requerido-por-orden-judicial-por-violencia-intrafamiliar\/"},"wordCount":144,"commentCount":0,"publisher":{"@id":"https:\/\/luchonoticias.com\/editor\/#\/schema\/person\/7a7fd911f58561fd056dbac7b55af9cd"},"articleSection":["Destacado","Judicial"],"inLanguage":"es","potentialAction":[{"@type":"CommentAction","name":"Comment","target":["https:\/\/luchonoticias.com\/editor\/capturado-sujeto-en-acevedo-requerido-por-orden-judicial-por-violencia-intrafamiliar\/#respond"]}]},{"@type":"WebPage","@id":"https:\/\/luchonoticias.com\/editor\/capturado-sujeto-en-acevedo-requerido-por-orden-judicial-por-violencia-intrafamiliar\/","url":"https:\/\/luchonoticias.com\/editor\/capturado-sujeto-en-acevedo-requerido-por-orden-judicial-por-violencia-intrafamiliar\/","name":"Capturado sujeto en Acevedo requerido por orden judicial por violencia intrafamiliar -","isPartOf":{"@id":"https:\/\/luchonoticias.com\/editor\/#website"},"datePublished":"2023-08-27T12:49:10+00:00","dateModified":"2023-08-27T12:49:12+00:00","breadcrumb":{"@id":"https:\/\/luchonoticias.com\/editor\/capturado-sujeto-en-acevedo-requerido-por-orden-judicial-por-violencia-intrafamiliar\/#breadcrumb"},"inLanguage":"es","potentialAction":[{"@type":"ReadAction","target":["https:\/\/luchonoticias.com\/editor\/capturado-sujeto-en-acevedo-requerido-por-orden-judicial-por-violencia-intrafamiliar\/"]}]},{"@type":"BreadcrumbList","@id":"https:\/\/luchonoticias.com\/editor\/capturado-sujeto-en-acevedo-requerido-por-orden-judicial-por-violencia-intrafamiliar\/#breadcrumb","itemListElement":[{"@type":"ListItem","position":1,"name":"Portada","item":"https:\/\/luchonoticias.com\/editor\/"},{"@type":"ListItem","position":2,"name":"Capturado sujeto en Acevedo requerido por orden judicial por violencia intrafamiliar"}]},{"@type":"WebSite","@id":"https:\/\/luchonoticias.com\/editor\/#website","url":"https:\/\/luchonoticias.com\/editor\/","name":"","description":"","publisher":{"@id":"https:\/\/luchonoticias.com\/editor\/#\/schema\/person\/7a7fd911f58561fd056dbac7b55af9cd"},"potentialAction":[{"@type":"SearchAction","target":{"@type":"EntryPoint","urlTemplate":"https:\/\/luchonoticias.com\/editor\/?s={search_term_string}"},"query-input":{"@type":"PropertyValueSpecification","valueRequired":true,"valueName":"search_term_string"}}],"inLanguage":"es"},{"@type":["Person","Organization"],"@id":"https:\/\/luchonoticias.com\/editor\/#\/schema\/person\/7a7fd911f58561fd056dbac7b55af9cd","name":"admin","image":{"@type":"ImageObject","inLanguage":"es","@id":"https:\/\/luchonoticias.com\/editor\/#\/schema\/person\/image\/","url":"https:\/\/luchonoticias.com\/editor\/wp-content\/uploads\/2024\/02\/cropped-cropped-logolu.webp","contentUrl":"https:\/\/luchonoticias.com\/editor\/wp-content\/uploads\/2024\/02\/cropped-cropped-logolu.webp","width":382,"height":170,"caption":"admin"},"logo":{"@id":"https:\/\/luchonoticias.com\/editor\/#\/schema\/person\/image\/"},"sameAs":["https:\/\/www.facebook.com\/luchonoticiasneiva"]},{"@type":"Person","@id":"https:\/\/luchonoticias.com\/editor\/#\/schema\/person\/29217990ddf6f14e35912b2866d591fb","name":"Editor General","image":{"@type":"ImageObject","inLanguage":"es","@id":"https:\/\/luchonoticias.com\/editor\/#\/schema\/person\/image\/","url":"https:\/\/luchonoticias.com\/editor\/wp-content\/uploads\/2024\/02\/cropped-cropped-logolu-150x150.webp","contentUrl":"https:\/\/luchonoticias.com\/editor\/wp-content\/uploads\/2024\/02\/cropped-cropped-logolu-150x150.webp","caption":"Editor General"},"sameAs":["https:\/\/luchonoticias.com\/"],"url":"https:\/\/luchonoticias.com\/editor\/author\/editor-general\/"}]}},"_links":{"self":[{"href":"https:\/\/luchonoticias.com\/editor\/wp-json\/wp\/v2\/posts\/59114","targetHints":{"allow":["GET"]}}],"collection":[{"href":"https:\/\/luchonoticias.com\/editor\/wp-json\/wp\/v2\/posts"}],"about":[{"href":"https:\/\/luchonoticias.com\/editor\/wp-json\/wp\/v2\/types\/post"}],"author":[{"embeddable":true,"href":"https:\/\/luchonoticias.com\/editor\/wp-json\/wp\/v2\/users\/2"}],"replies":[{"embeddable":true,"href":"https:\/\/luchonoticias.com\/editor\/wp-json\/wp\/v2\/comments?post=59114"}],"version-history":[{"count":0,"href":"https:\/\/luchonoticias.com\/editor\/wp-json\/wp\/v2\/posts\/59114\/revisions"}],"wp:attachment":[{"href":"https:\/\/luchonoticias.com\/editor\/wp-json\/wp\/v2\/media?parent=59114"}],"wp:term":[{"taxonomy":"category","embeddable":true,"href":"https:\/\/luchonoticias.com\/editor\/wp-json\/wp\/v2\/categories?post=59114"},{"taxonomy":"post_tag","embeddable":true,"href":"https:\/\/luchonoticias.com\/editor\/wp-json\/wp\/v2\/tags?post=59114"}],"curies":[{"name":"wp","href":"https:\/\/api.w.org\/{rel}","templated":true}]}}