{"id":59124,"date":"2023-08-27T19:12:03","date_gmt":"2023-08-28T00:12:03","guid":{"rendered":"https:\/\/luchonoticias.com\/?p=59124"},"modified":"2023-08-27T19:12:04","modified_gmt":"2023-08-28T00:12:04","slug":"capturados-dos-personas-en-flagrancia-con-un-revolver-ilegal-en-neiva","status":"publish","type":"post","link":"https:\/\/luchonoticias.com\/editor\/capturados-dos-personas-en-flagrancia-con-un-revolver-ilegal-en-neiva\/","title":{"rendered":"Capturados dos personas en flagrancia con un rev\u00f3lver ilegal en Neiva"},"content":{"rendered":"\n<p>Es as\u00ed como uniformados de los cuadrantes 11 y 36, adscritos al CAI Circunvalar, cuando realizaban labores de patrullaje por la carrera 2 con calle 11 del barrio Los M\u00e1rtires, logran interceptar dos sujetos que se movilizaban en una motocicleta, quienes al notar la presencia policial emprende la huida, siendo alcanzados metros m\u00e1s adelante.<\/p>\n\n\n\n<p>Es de resaltar que los Capturados, se encontraba por este sector y gracias a la informaci\u00f3n ciudadana se logra la captura, por el delito de porte ilegal de armas de fuego, ya que ten\u00eda en su poder, un arma tipo rev\u00f3lver con 03 cartuchos para la misma.<\/p>\n\n\n\n<p>Estas personas ser\u00e1n presentadas ante un juez de control de garant\u00edas por el delito de Porte ilegal de armas de fuego, donde un juez de control y garant\u00edas le definir\u00e1n la situaci\u00f3n judicial.<\/p>\n\n\n\n<p>El se\u00f1or Coronel Domingo Alfredo L\u00f3pez Dales comandante de la Polic\u00eda Metropolitana de Neiva, hace el llamado a la ciudadan\u00eda para que denuncie cualquier situaci\u00f3n a trav\u00e9s de la l\u00ednea de emergencia 123 o con la patrulla del cuadrante m\u00e1s cercano.<\/p>\n","protected":false},"excerpt":{"rendered":"<p>Es as\u00ed como uniformados de los cuadrantes 11 y 36, adscritos al CAI Circunvalar, cuando realizaban labores de patrullaje por la carrera 2 con calle 11 del barrio Los M\u00e1rtires, logran interceptar dos sujetos que se movilizaban en una motocicleta, quienes al notar la presencia policial emprende la huida, siendo alcanzados metros m\u00e1s adelante. Es [&hellip;]<\/p>\n","protected":false},"author":2,"featured_media":0,"comment_status":"open","ping_status":"open","sticky":false,"template":"","format":"standard","meta":{"footnotes":""},"categories":[36,29],"tags":[],"class_list":["post-59124","post","type-post","status-publish","format-standard","hentry","category-destacado","category-judicial"],"yoast_head":"<!-- This site is optimized with the Yoast SEO plugin v26.6 - https:\/\/yoast.com\/wordpress\/plugins\/seo\/ -->\n<title>Capturados dos personas en flagrancia con un rev\u00f3lver ilegal en Neiva -<\/title>\n<meta name=\"robots\" content=\"index, follow, max-snippet:-1, max-image-preview:large, max-video-preview:-1\" \/>\n<link rel=\"canonical\" href=\"https:\/\/luchonoticias.com\/editor\/capturados-dos-personas-en-flagrancia-con-un-revolver-ilegal-en-neiva\/\" \/>\n<meta property=\"og:locale\" content=\"es_ES\" \/>\n<meta property=\"og:type\" content=\"article\" \/>\n<meta property=\"og:title\" content=\"Capturados dos personas en flagrancia con un rev\u00f3lver ilegal en Neiva -\" \/>\n<meta property=\"og:url\" content=\"https:\/\/luchonoticias.com\/editor\/capturados-dos-personas-en-flagrancia-con-un-revolver-ilegal-en-neiva\/\" \/>\n<meta property=\"article:publisher\" content=\"https:\/\/www.facebook.com\/luchonoticiasneiva\" \/>\n<meta property=\"article:published_time\" content=\"2023-08-28T00:12:03+00:00\" \/>\n<meta property=\"article:modified_time\" content=\"2023-08-28T00:12:04+00:00\" \/>\n<meta name=\"author\" content=\"Editor General\" \/>\n<meta name=\"twitter:card\" content=\"summary_large_image\" \/>\n<meta name=\"twitter:label1\" content=\"Escrito por\" \/>\n\t<meta name=\"twitter:data1\" content=\"Editor General\" \/>\n\t<meta name=\"twitter:label2\" content=\"Tiempo de lectura\" \/>\n\t<meta name=\"twitter:data2\" content=\"1 minuto\" \/>\n<script type=\"application\/ld+json\" class=\"yoast-schema-graph\">{\"@context\":\"https:\/\/schema.org\",\"@graph\":[{\"@type\":\"Article\",\"@id\":\"https:\/\/luchonoticias.com\/editor\/capturados-dos-personas-en-flagrancia-con-un-revolver-ilegal-en-neiva\/#article\",\"isPartOf\":{\"@id\":\"https:\/\/luchonoticias.com\/editor\/capturados-dos-personas-en-flagrancia-con-un-revolver-ilegal-en-neiva\/\"},\"author\":{\"name\":\"Editor General\",\"@id\":\"https:\/\/luchonoticias.com\/editor\/#\/schema\/person\/29217990ddf6f14e35912b2866d591fb\"},\"headline\":\"Capturados dos personas en flagrancia con un rev\u00f3lver ilegal en Neiva\",\"datePublished\":\"2023-08-28T00:12:03+00:00\",\"dateModified\":\"2023-08-28T00:12:04+00:00\",\"mainEntityOfPage\":{\"@id\":\"https:\/\/luchonoticias.com\/editor\/capturados-dos-personas-en-flagrancia-con-un-revolver-ilegal-en-neiva\/\"},\"wordCount\":199,\"commentCount\":0,\"publisher\":{\"@id\":\"https:\/\/luchonoticias.com\/editor\/#\/schema\/person\/7a7fd911f58561fd056dbac7b55af9cd\"},\"articleSection\":[\"Destacado\",\"Judicial\"],\"inLanguage\":\"es\",\"potentialAction\":[{\"@type\":\"CommentAction\",\"name\":\"Comment\",\"target\":[\"https:\/\/luchonoticias.com\/editor\/capturados-dos-personas-en-flagrancia-con-un-revolver-ilegal-en-neiva\/#respond\"]}]},{\"@type\":\"WebPage\",\"@id\":\"https:\/\/luchonoticias.com\/editor\/capturados-dos-personas-en-flagrancia-con-un-revolver-ilegal-en-neiva\/\",\"url\":\"https:\/\/luchonoticias.com\/editor\/capturados-dos-personas-en-flagrancia-con-un-revolver-ilegal-en-neiva\/\",\"name\":\"Capturados dos personas en flagrancia con un rev\u00f3lver ilegal en Neiva -\",\"isPartOf\":{\"@id\":\"https:\/\/luchonoticias.com\/editor\/#website\"},\"datePublished\":\"2023-08-28T00:12:03+00:00\",\"dateModified\":\"2023-08-28T00:12:04+00:00\",\"breadcrumb\":{\"@id\":\"https:\/\/luchonoticias.com\/editor\/capturados-dos-personas-en-flagrancia-con-un-revolver-ilegal-en-neiva\/#breadcrumb\"},\"inLanguage\":\"es\",\"potentialAction\":[{\"@type\":\"ReadAction\",\"target\":[\"https:\/\/luchonoticias.com\/editor\/capturados-dos-personas-en-flagrancia-con-un-revolver-ilegal-en-neiva\/\"]}]},{\"@type\":\"BreadcrumbList\",\"@id\":\"https:\/\/luchonoticias.com\/editor\/capturados-dos-personas-en-flagrancia-con-un-revolver-ilegal-en-neiva\/#breadcrumb\",\"itemListElement\":[{\"@type\":\"ListItem\",\"position\":1,\"name\":\"Portada\",\"item\":\"https:\/\/luchonoticias.com\/editor\/\"},{\"@type\":\"ListItem\",\"position\":2,\"name\":\"Capturados dos personas en flagrancia con un rev\u00f3lver ilegal en Neiva\"}]},{\"@type\":\"WebSite\",\"@id\":\"https:\/\/luchonoticias.com\/editor\/#website\",\"url\":\"https:\/\/luchonoticias.com\/editor\/\",\"name\":\"\",\"description\":\"\",\"publisher\":{\"@id\":\"https:\/\/luchonoticias.com\/editor\/#\/schema\/person\/7a7fd911f58561fd056dbac7b55af9cd\"},\"potentialAction\":[{\"@type\":\"SearchAction\",\"target\":{\"@type\":\"EntryPoint\",\"urlTemplate\":\"https:\/\/luchonoticias.com\/editor\/?s={search_term_string}\"},\"query-input\":{\"@type\":\"PropertyValueSpecification\",\"valueRequired\":true,\"valueName\":\"search_term_string\"}}],\"inLanguage\":\"es\"},{\"@type\":[\"Person\",\"Organization\"],\"@id\":\"https:\/\/luchonoticias.com\/editor\/#\/schema\/person\/7a7fd911f58561fd056dbac7b55af9cd\",\"name\":\"admin\",\"image\":{\"@type\":\"ImageObject\",\"inLanguage\":\"es\",\"@id\":\"https:\/\/luchonoticias.com\/editor\/#\/schema\/person\/image\/\",\"url\":\"https:\/\/luchonoticias.com\/editor\/wp-content\/uploads\/2024\/02\/cropped-cropped-logolu.webp\",\"contentUrl\":\"https:\/\/luchonoticias.com\/editor\/wp-content\/uploads\/2024\/02\/cropped-cropped-logolu.webp\",\"width\":382,\"height\":170,\"caption\":\"admin\"},\"logo\":{\"@id\":\"https:\/\/luchonoticias.com\/editor\/#\/schema\/person\/image\/\"},\"sameAs\":[\"https:\/\/www.facebook.com\/luchonoticiasneiva\"]},{\"@type\":\"Person\",\"@id\":\"https:\/\/luchonoticias.com\/editor\/#\/schema\/person\/29217990ddf6f14e35912b2866d591fb\",\"name\":\"Editor General\",\"image\":{\"@type\":\"ImageObject\",\"inLanguage\":\"es\",\"@id\":\"https:\/\/luchonoticias.com\/editor\/#\/schema\/person\/image\/\",\"url\":\"https:\/\/luchonoticias.com\/editor\/wp-content\/uploads\/2024\/02\/cropped-cropped-logolu-150x150.webp\",\"contentUrl\":\"https:\/\/luchonoticias.com\/editor\/wp-content\/uploads\/2024\/02\/cropped-cropped-logolu-150x150.webp\",\"caption\":\"Editor General\"},\"sameAs\":[\"https:\/\/luchonoticias.com\/\"],\"url\":\"https:\/\/luchonoticias.com\/editor\/author\/editor-general\/\"}]}<\/script>\n<!-- \/ Yoast SEO plugin. -->","yoast_head_json":{"title":"Capturados dos personas en flagrancia con un rev\u00f3lver ilegal en Neiva -","robots":{"index":"index","follow":"follow","max-snippet":"max-snippet:-1","max-image-preview":"max-image-preview:large","max-video-preview":"max-video-preview:-1"},"canonical":"https:\/\/luchonoticias.com\/editor\/capturados-dos-personas-en-flagrancia-con-un-revolver-ilegal-en-neiva\/","og_locale":"es_ES","og_type":"article","og_title":"Capturados dos personas en flagrancia con un rev\u00f3lver ilegal en Neiva -","og_url":"https:\/\/luchonoticias.com\/editor\/capturados-dos-personas-en-flagrancia-con-un-revolver-ilegal-en-neiva\/","article_publisher":"https:\/\/www.facebook.com\/luchonoticiasneiva","article_published_time":"2023-08-28T00:12:03+00:00","article_modified_time":"2023-08-28T00:12:04+00:00","author":"Editor General","twitter_card":"summary_large_image","twitter_misc":{"Escrito por":"Editor General","Tiempo de lectura":"1 minuto"},"schema":{"@context":"https:\/\/schema.org","@graph":[{"@type":"Article","@id":"https:\/\/luchonoticias.com\/editor\/capturados-dos-personas-en-flagrancia-con-un-revolver-ilegal-en-neiva\/#article","isPartOf":{"@id":"https:\/\/luchonoticias.com\/editor\/capturados-dos-personas-en-flagrancia-con-un-revolver-ilegal-en-neiva\/"},"author":{"name":"Editor General","@id":"https:\/\/luchonoticias.com\/editor\/#\/schema\/person\/29217990ddf6f14e35912b2866d591fb"},"headline":"Capturados dos personas en flagrancia con un rev\u00f3lver ilegal en Neiva","datePublished":"2023-08-28T00:12:03+00:00","dateModified":"2023-08-28T00:12:04+00:00","mainEntityOfPage":{"@id":"https:\/\/luchonoticias.com\/editor\/capturados-dos-personas-en-flagrancia-con-un-revolver-ilegal-en-neiva\/"},"wordCount":199,"commentCount":0,"publisher":{"@id":"https:\/\/luchonoticias.com\/editor\/#\/schema\/person\/7a7fd911f58561fd056dbac7b55af9cd"},"articleSection":["Destacado","Judicial"],"inLanguage":"es","potentialAction":[{"@type":"CommentAction","name":"Comment","target":["https:\/\/luchonoticias.com\/editor\/capturados-dos-personas-en-flagrancia-con-un-revolver-ilegal-en-neiva\/#respond"]}]},{"@type":"WebPage","@id":"https:\/\/luchonoticias.com\/editor\/capturados-dos-personas-en-flagrancia-con-un-revolver-ilegal-en-neiva\/","url":"https:\/\/luchonoticias.com\/editor\/capturados-dos-personas-en-flagrancia-con-un-revolver-ilegal-en-neiva\/","name":"Capturados dos personas en flagrancia con un rev\u00f3lver ilegal en Neiva -","isPartOf":{"@id":"https:\/\/luchonoticias.com\/editor\/#website"},"datePublished":"2023-08-28T00:12:03+00:00","dateModified":"2023-08-28T00:12:04+00:00","breadcrumb":{"@id":"https:\/\/luchonoticias.com\/editor\/capturados-dos-personas-en-flagrancia-con-un-revolver-ilegal-en-neiva\/#breadcrumb"},"inLanguage":"es","potentialAction":[{"@type":"ReadAction","target":["https:\/\/luchonoticias.com\/editor\/capturados-dos-personas-en-flagrancia-con-un-revolver-ilegal-en-neiva\/"]}]},{"@type":"BreadcrumbList","@id":"https:\/\/luchonoticias.com\/editor\/capturados-dos-personas-en-flagrancia-con-un-revolver-ilegal-en-neiva\/#breadcrumb","itemListElement":[{"@type":"ListItem","position":1,"name":"Portada","item":"https:\/\/luchonoticias.com\/editor\/"},{"@type":"ListItem","position":2,"name":"Capturados dos personas en flagrancia con un rev\u00f3lver ilegal en Neiva"}]},{"@type":"WebSite","@id":"https:\/\/luchonoticias.com\/editor\/#website","url":"https:\/\/luchonoticias.com\/editor\/","name":"","description":"","publisher":{"@id":"https:\/\/luchonoticias.com\/editor\/#\/schema\/person\/7a7fd911f58561fd056dbac7b55af9cd"},"potentialAction":[{"@type":"SearchAction","target":{"@type":"EntryPoint","urlTemplate":"https:\/\/luchonoticias.com\/editor\/?s={search_term_string}"},"query-input":{"@type":"PropertyValueSpecification","valueRequired":true,"valueName":"search_term_string"}}],"inLanguage":"es"},{"@type":["Person","Organization"],"@id":"https:\/\/luchonoticias.com\/editor\/#\/schema\/person\/7a7fd911f58561fd056dbac7b55af9cd","name":"admin","image":{"@type":"ImageObject","inLanguage":"es","@id":"https:\/\/luchonoticias.com\/editor\/#\/schema\/person\/image\/","url":"https:\/\/luchonoticias.com\/editor\/wp-content\/uploads\/2024\/02\/cropped-cropped-logolu.webp","contentUrl":"https:\/\/luchonoticias.com\/editor\/wp-content\/uploads\/2024\/02\/cropped-cropped-logolu.webp","width":382,"height":170,"caption":"admin"},"logo":{"@id":"https:\/\/luchonoticias.com\/editor\/#\/schema\/person\/image\/"},"sameAs":["https:\/\/www.facebook.com\/luchonoticiasneiva"]},{"@type":"Person","@id":"https:\/\/luchonoticias.com\/editor\/#\/schema\/person\/29217990ddf6f14e35912b2866d591fb","name":"Editor General","image":{"@type":"ImageObject","inLanguage":"es","@id":"https:\/\/luchonoticias.com\/editor\/#\/schema\/person\/image\/","url":"https:\/\/luchonoticias.com\/editor\/wp-content\/uploads\/2024\/02\/cropped-cropped-logolu-150x150.webp","contentUrl":"https:\/\/luchonoticias.com\/editor\/wp-content\/uploads\/2024\/02\/cropped-cropped-logolu-150x150.webp","caption":"Editor General"},"sameAs":["https:\/\/luchonoticias.com\/"],"url":"https:\/\/luchonoticias.com\/editor\/author\/editor-general\/"}]}},"_links":{"self":[{"href":"https:\/\/luchonoticias.com\/editor\/wp-json\/wp\/v2\/posts\/59124","targetHints":{"allow":["GET"]}}],"collection":[{"href":"https:\/\/luchonoticias.com\/editor\/wp-json\/wp\/v2\/posts"}],"about":[{"href":"https:\/\/luchonoticias.com\/editor\/wp-json\/wp\/v2\/types\/post"}],"author":[{"embeddable":true,"href":"https:\/\/luchonoticias.com\/editor\/wp-json\/wp\/v2\/users\/2"}],"replies":[{"embeddable":true,"href":"https:\/\/luchonoticias.com\/editor\/wp-json\/wp\/v2\/comments?post=59124"}],"version-history":[{"count":0,"href":"https:\/\/luchonoticias.com\/editor\/wp-json\/wp\/v2\/posts\/59124\/revisions"}],"wp:attachment":[{"href":"https:\/\/luchonoticias.com\/editor\/wp-json\/wp\/v2\/media?parent=59124"}],"wp:term":[{"taxonomy":"category","embeddable":true,"href":"https:\/\/luchonoticias.com\/editor\/wp-json\/wp\/v2\/categories?post=59124"},{"taxonomy":"post_tag","embeddable":true,"href":"https:\/\/luchonoticias.com\/editor\/wp-json\/wp\/v2\/tags?post=59124"}],"curies":[{"name":"wp","href":"https:\/\/api.w.org\/{rel}","templated":true}]}}