{"id":59186,"date":"2023-08-28T08:52:36","date_gmt":"2023-08-28T13:52:36","guid":{"rendered":"https:\/\/luchonoticias.com\/?p=59186"},"modified":"2023-08-28T08:52:47","modified_gmt":"2023-08-28T13:52:47","slug":"esip-llevando-iluminacion-a-las-comunidades-mas-vulnerables","status":"publish","type":"post","link":"https:\/\/luchonoticias.com\/editor\/esip-llevando-iluminacion-a-las-comunidades-mas-vulnerables\/","title":{"rendered":"ESIP llevando iluminaci\u00f3n a las comunidades m\u00e1s vulnerables"},"content":{"rendered":"\n<p>Sin importar las distancias la empresa encargada del alumbrado p\u00fablico, le cumple a los neivanos pese a los obst\u00e1culos y con el objetivo claro de efectuar el plan de expansiones previsto para el a\u00f1o 2023. Esta vez llegaron hasta la localidad de \u00d3rganos, zona rural de la capital huilense.<\/p>\n\n\n\n<p>En este proyecto se instalaron 15 luminarias LED y 5 reflectores LED, lo cual genera un gran beneficio en cuesti\u00f3n de calidad de vida, seguridad y bienestar de los habitantes de este sector de la ciudad, quienes tanto necesitaban contar con este servicio.<\/p>\n\n\n\n<figure class=\"wp-block-gallery has-nested-images columns-default is-cropped wp-block-gallery-1 is-layout-flex wp-block-gallery-is-layout-flex\">\n<figure class=\"wp-block-image size-large\"><img decoding=\"async\" data-id=\"59188\" src=\"https:\/\/luchonoticias.com\/wp-content\/uploads\/2023\/08\/WhatsApp-Image-2023-08-28-at-8.18.41-AM-2.jpeg\" alt=\"\" class=\"wp-image-59188\"\/><\/figure>\n\n\n\n<figure class=\"wp-block-image size-large\"><img decoding=\"async\" data-id=\"59189\" src=\"https:\/\/luchonoticias.com\/wp-content\/uploads\/2023\/08\/WhatsApp-Image-2023-08-28-at-8.18.41-AM-1-769x1024.jpeg\" alt=\"\" class=\"wp-image-59189\"\/><\/figure>\n<\/figure>\n\n\n\n<p>Luego de aproximadamente seis horas de camino, nada fue impedimento para que se llevara a cabo el proceso de instalaci\u00f3n de las luminarias, el cual se realiz\u00f3 en tres d\u00edas debido a que el acceso al lugar fue bastante complejo por el estado vial.<\/p>\n","protected":false},"excerpt":{"rendered":"<p>Sin importar las distancias la empresa encargada del alumbrado p\u00fablico, le cumple a los neivanos pese a los obst\u00e1culos y con el objetivo claro de efectuar el plan de expansiones previsto para el a\u00f1o 2023. Esta vez llegaron hasta la localidad de \u00d3rganos, zona rural de la capital huilense. En este proyecto se instalaron 15 [&hellip;]<\/p>\n","protected":false},"author":2,"featured_media":0,"comment_status":"open","ping_status":"open","sticky":false,"template":"","format":"standard","meta":{"footnotes":""},"categories":[36,31],"tags":[],"class_list":["post-59186","post","type-post","status-publish","format-standard","hentry","category-destacado","category-local"],"yoast_head":"<!-- This site is optimized with the Yoast SEO plugin v26.6 - https:\/\/yoast.com\/wordpress\/plugins\/seo\/ -->\n<title>ESIP llevando iluminaci\u00f3n a las comunidades m\u00e1s vulnerables -<\/title>\n<meta name=\"robots\" content=\"index, follow, max-snippet:-1, max-image-preview:large, max-video-preview:-1\" \/>\n<link rel=\"canonical\" href=\"https:\/\/luchonoticias.com\/editor\/esip-llevando-iluminacion-a-las-comunidades-mas-vulnerables\/\" \/>\n<meta property=\"og:locale\" content=\"es_ES\" \/>\n<meta property=\"og:type\" content=\"article\" \/>\n<meta property=\"og:title\" content=\"ESIP llevando iluminaci\u00f3n a las comunidades m\u00e1s vulnerables -\" \/>\n<meta property=\"og:url\" content=\"https:\/\/luchonoticias.com\/editor\/esip-llevando-iluminacion-a-las-comunidades-mas-vulnerables\/\" \/>\n<meta property=\"article:publisher\" content=\"https:\/\/www.facebook.com\/luchonoticiasneiva\" \/>\n<meta property=\"article:published_time\" content=\"2023-08-28T13:52:36+00:00\" \/>\n<meta property=\"article:modified_time\" content=\"2023-08-28T13:52:47+00:00\" \/>\n<meta property=\"og:image\" content=\"https:\/\/luchonoticias.com\/wp-content\/uploads\/2023\/08\/WhatsApp-Image-2023-08-28-at-8.18.41-AM-2.jpeg\" \/>\n<meta name=\"author\" content=\"Editor General\" \/>\n<meta name=\"twitter:card\" content=\"summary_large_image\" \/>\n<meta name=\"twitter:label1\" content=\"Escrito por\" \/>\n\t<meta name=\"twitter:data1\" content=\"Editor General\" \/>\n\t<meta name=\"twitter:label2\" content=\"Tiempo de lectura\" \/>\n\t<meta name=\"twitter:data2\" content=\"1 minuto\" \/>\n<script type=\"application\/ld+json\" class=\"yoast-schema-graph\">{\"@context\":\"https:\/\/schema.org\",\"@graph\":[{\"@type\":\"Article\",\"@id\":\"https:\/\/luchonoticias.com\/editor\/esip-llevando-iluminacion-a-las-comunidades-mas-vulnerables\/#article\",\"isPartOf\":{\"@id\":\"https:\/\/luchonoticias.com\/editor\/esip-llevando-iluminacion-a-las-comunidades-mas-vulnerables\/\"},\"author\":{\"name\":\"Editor General\",\"@id\":\"https:\/\/luchonoticias.com\/editor\/#\/schema\/person\/29217990ddf6f14e35912b2866d591fb\"},\"headline\":\"ESIP llevando iluminaci\u00f3n a las comunidades m\u00e1s vulnerables\",\"datePublished\":\"2023-08-28T13:52:36+00:00\",\"dateModified\":\"2023-08-28T13:52:47+00:00\",\"mainEntityOfPage\":{\"@id\":\"https:\/\/luchonoticias.com\/editor\/esip-llevando-iluminacion-a-las-comunidades-mas-vulnerables\/\"},\"wordCount\":149,\"commentCount\":0,\"publisher\":{\"@id\":\"https:\/\/luchonoticias.com\/editor\/#\/schema\/person\/7a7fd911f58561fd056dbac7b55af9cd\"},\"image\":{\"@id\":\"https:\/\/luchonoticias.com\/editor\/esip-llevando-iluminacion-a-las-comunidades-mas-vulnerables\/#primaryimage\"},\"thumbnailUrl\":\"https:\/\/luchonoticias.com\/wp-content\/uploads\/2023\/08\/WhatsApp-Image-2023-08-28-at-8.18.41-AM-2.jpeg\",\"articleSection\":[\"Destacado\",\"Local\"],\"inLanguage\":\"es\",\"potentialAction\":[{\"@type\":\"CommentAction\",\"name\":\"Comment\",\"target\":[\"https:\/\/luchonoticias.com\/editor\/esip-llevando-iluminacion-a-las-comunidades-mas-vulnerables\/#respond\"]}]},{\"@type\":\"WebPage\",\"@id\":\"https:\/\/luchonoticias.com\/editor\/esip-llevando-iluminacion-a-las-comunidades-mas-vulnerables\/\",\"url\":\"https:\/\/luchonoticias.com\/editor\/esip-llevando-iluminacion-a-las-comunidades-mas-vulnerables\/\",\"name\":\"ESIP llevando iluminaci\u00f3n a las comunidades m\u00e1s vulnerables -\",\"isPartOf\":{\"@id\":\"https:\/\/luchonoticias.com\/editor\/#website\"},\"primaryImageOfPage\":{\"@id\":\"https:\/\/luchonoticias.com\/editor\/esip-llevando-iluminacion-a-las-comunidades-mas-vulnerables\/#primaryimage\"},\"image\":{\"@id\":\"https:\/\/luchonoticias.com\/editor\/esip-llevando-iluminacion-a-las-comunidades-mas-vulnerables\/#primaryimage\"},\"thumbnailUrl\":\"https:\/\/luchonoticias.com\/wp-content\/uploads\/2023\/08\/WhatsApp-Image-2023-08-28-at-8.18.41-AM-2.jpeg\",\"datePublished\":\"2023-08-28T13:52:36+00:00\",\"dateModified\":\"2023-08-28T13:52:47+00:00\",\"breadcrumb\":{\"@id\":\"https:\/\/luchonoticias.com\/editor\/esip-llevando-iluminacion-a-las-comunidades-mas-vulnerables\/#breadcrumb\"},\"inLanguage\":\"es\",\"potentialAction\":[{\"@type\":\"ReadAction\",\"target\":[\"https:\/\/luchonoticias.com\/editor\/esip-llevando-iluminacion-a-las-comunidades-mas-vulnerables\/\"]}]},{\"@type\":\"ImageObject\",\"inLanguage\":\"es\",\"@id\":\"https:\/\/luchonoticias.com\/editor\/esip-llevando-iluminacion-a-las-comunidades-mas-vulnerables\/#primaryimage\",\"url\":\"https:\/\/luchonoticias.com\/wp-content\/uploads\/2023\/08\/WhatsApp-Image-2023-08-28-at-8.18.41-AM-2.jpeg\",\"contentUrl\":\"https:\/\/luchonoticias.com\/wp-content\/uploads\/2023\/08\/WhatsApp-Image-2023-08-28-at-8.18.41-AM-2.jpeg\"},{\"@type\":\"BreadcrumbList\",\"@id\":\"https:\/\/luchonoticias.com\/editor\/esip-llevando-iluminacion-a-las-comunidades-mas-vulnerables\/#breadcrumb\",\"itemListElement\":[{\"@type\":\"ListItem\",\"position\":1,\"name\":\"Portada\",\"item\":\"https:\/\/luchonoticias.com\/editor\/\"},{\"@type\":\"ListItem\",\"position\":2,\"name\":\"ESIP llevando iluminaci\u00f3n a las comunidades m\u00e1s vulnerables\"}]},{\"@type\":\"WebSite\",\"@id\":\"https:\/\/luchonoticias.com\/editor\/#website\",\"url\":\"https:\/\/luchonoticias.com\/editor\/\",\"name\":\"\",\"description\":\"\",\"publisher\":{\"@id\":\"https:\/\/luchonoticias.com\/editor\/#\/schema\/person\/7a7fd911f58561fd056dbac7b55af9cd\"},\"potentialAction\":[{\"@type\":\"SearchAction\",\"target\":{\"@type\":\"EntryPoint\",\"urlTemplate\":\"https:\/\/luchonoticias.com\/editor\/?s={search_term_string}\"},\"query-input\":{\"@type\":\"PropertyValueSpecification\",\"valueRequired\":true,\"valueName\":\"search_term_string\"}}],\"inLanguage\":\"es\"},{\"@type\":[\"Person\",\"Organization\"],\"@id\":\"https:\/\/luchonoticias.com\/editor\/#\/schema\/person\/7a7fd911f58561fd056dbac7b55af9cd\",\"name\":\"admin\",\"image\":{\"@type\":\"ImageObject\",\"inLanguage\":\"es\",\"@id\":\"https:\/\/luchonoticias.com\/editor\/#\/schema\/person\/image\/\",\"url\":\"https:\/\/luchonoticias.com\/editor\/wp-content\/uploads\/2024\/02\/cropped-cropped-logolu.webp\",\"contentUrl\":\"https:\/\/luchonoticias.com\/editor\/wp-content\/uploads\/2024\/02\/cropped-cropped-logolu.webp\",\"width\":382,\"height\":170,\"caption\":\"admin\"},\"logo\":{\"@id\":\"https:\/\/luchonoticias.com\/editor\/#\/schema\/person\/image\/\"},\"sameAs\":[\"https:\/\/www.facebook.com\/luchonoticiasneiva\"]},{\"@type\":\"Person\",\"@id\":\"https:\/\/luchonoticias.com\/editor\/#\/schema\/person\/29217990ddf6f14e35912b2866d591fb\",\"name\":\"Editor General\",\"image\":{\"@type\":\"ImageObject\",\"inLanguage\":\"es\",\"@id\":\"https:\/\/luchonoticias.com\/editor\/#\/schema\/person\/image\/\",\"url\":\"https:\/\/luchonoticias.com\/editor\/wp-content\/uploads\/2024\/02\/cropped-cropped-logolu-150x150.webp\",\"contentUrl\":\"https:\/\/luchonoticias.com\/editor\/wp-content\/uploads\/2024\/02\/cropped-cropped-logolu-150x150.webp\",\"caption\":\"Editor General\"},\"sameAs\":[\"https:\/\/luchonoticias.com\/\"],\"url\":\"https:\/\/luchonoticias.com\/editor\/author\/editor-general\/\"}]}<\/script>\n<!-- \/ Yoast SEO plugin. -->","yoast_head_json":{"title":"ESIP llevando iluminaci\u00f3n a las comunidades m\u00e1s vulnerables -","robots":{"index":"index","follow":"follow","max-snippet":"max-snippet:-1","max-image-preview":"max-image-preview:large","max-video-preview":"max-video-preview:-1"},"canonical":"https:\/\/luchonoticias.com\/editor\/esip-llevando-iluminacion-a-las-comunidades-mas-vulnerables\/","og_locale":"es_ES","og_type":"article","og_title":"ESIP llevando iluminaci\u00f3n a las comunidades m\u00e1s vulnerables -","og_url":"https:\/\/luchonoticias.com\/editor\/esip-llevando-iluminacion-a-las-comunidades-mas-vulnerables\/","article_publisher":"https:\/\/www.facebook.com\/luchonoticiasneiva","article_published_time":"2023-08-28T13:52:36+00:00","article_modified_time":"2023-08-28T13:52:47+00:00","og_image":[{"url":"https:\/\/luchonoticias.com\/wp-content\/uploads\/2023\/08\/WhatsApp-Image-2023-08-28-at-8.18.41-AM-2.jpeg","type":"","width":"","height":""}],"author":"Editor General","twitter_card":"summary_large_image","twitter_misc":{"Escrito por":"Editor General","Tiempo de lectura":"1 minuto"},"schema":{"@context":"https:\/\/schema.org","@graph":[{"@type":"Article","@id":"https:\/\/luchonoticias.com\/editor\/esip-llevando-iluminacion-a-las-comunidades-mas-vulnerables\/#article","isPartOf":{"@id":"https:\/\/luchonoticias.com\/editor\/esip-llevando-iluminacion-a-las-comunidades-mas-vulnerables\/"},"author":{"name":"Editor General","@id":"https:\/\/luchonoticias.com\/editor\/#\/schema\/person\/29217990ddf6f14e35912b2866d591fb"},"headline":"ESIP llevando iluminaci\u00f3n a las comunidades m\u00e1s vulnerables","datePublished":"2023-08-28T13:52:36+00:00","dateModified":"2023-08-28T13:52:47+00:00","mainEntityOfPage":{"@id":"https:\/\/luchonoticias.com\/editor\/esip-llevando-iluminacion-a-las-comunidades-mas-vulnerables\/"},"wordCount":149,"commentCount":0,"publisher":{"@id":"https:\/\/luchonoticias.com\/editor\/#\/schema\/person\/7a7fd911f58561fd056dbac7b55af9cd"},"image":{"@id":"https:\/\/luchonoticias.com\/editor\/esip-llevando-iluminacion-a-las-comunidades-mas-vulnerables\/#primaryimage"},"thumbnailUrl":"https:\/\/luchonoticias.com\/wp-content\/uploads\/2023\/08\/WhatsApp-Image-2023-08-28-at-8.18.41-AM-2.jpeg","articleSection":["Destacado","Local"],"inLanguage":"es","potentialAction":[{"@type":"CommentAction","name":"Comment","target":["https:\/\/luchonoticias.com\/editor\/esip-llevando-iluminacion-a-las-comunidades-mas-vulnerables\/#respond"]}]},{"@type":"WebPage","@id":"https:\/\/luchonoticias.com\/editor\/esip-llevando-iluminacion-a-las-comunidades-mas-vulnerables\/","url":"https:\/\/luchonoticias.com\/editor\/esip-llevando-iluminacion-a-las-comunidades-mas-vulnerables\/","name":"ESIP llevando iluminaci\u00f3n a las comunidades m\u00e1s vulnerables -","isPartOf":{"@id":"https:\/\/luchonoticias.com\/editor\/#website"},"primaryImageOfPage":{"@id":"https:\/\/luchonoticias.com\/editor\/esip-llevando-iluminacion-a-las-comunidades-mas-vulnerables\/#primaryimage"},"image":{"@id":"https:\/\/luchonoticias.com\/editor\/esip-llevando-iluminacion-a-las-comunidades-mas-vulnerables\/#primaryimage"},"thumbnailUrl":"https:\/\/luchonoticias.com\/wp-content\/uploads\/2023\/08\/WhatsApp-Image-2023-08-28-at-8.18.41-AM-2.jpeg","datePublished":"2023-08-28T13:52:36+00:00","dateModified":"2023-08-28T13:52:47+00:00","breadcrumb":{"@id":"https:\/\/luchonoticias.com\/editor\/esip-llevando-iluminacion-a-las-comunidades-mas-vulnerables\/#breadcrumb"},"inLanguage":"es","potentialAction":[{"@type":"ReadAction","target":["https:\/\/luchonoticias.com\/editor\/esip-llevando-iluminacion-a-las-comunidades-mas-vulnerables\/"]}]},{"@type":"ImageObject","inLanguage":"es","@id":"https:\/\/luchonoticias.com\/editor\/esip-llevando-iluminacion-a-las-comunidades-mas-vulnerables\/#primaryimage","url":"https:\/\/luchonoticias.com\/wp-content\/uploads\/2023\/08\/WhatsApp-Image-2023-08-28-at-8.18.41-AM-2.jpeg","contentUrl":"https:\/\/luchonoticias.com\/wp-content\/uploads\/2023\/08\/WhatsApp-Image-2023-08-28-at-8.18.41-AM-2.jpeg"},{"@type":"BreadcrumbList","@id":"https:\/\/luchonoticias.com\/editor\/esip-llevando-iluminacion-a-las-comunidades-mas-vulnerables\/#breadcrumb","itemListElement":[{"@type":"ListItem","position":1,"name":"Portada","item":"https:\/\/luchonoticias.com\/editor\/"},{"@type":"ListItem","position":2,"name":"ESIP llevando iluminaci\u00f3n a las comunidades m\u00e1s vulnerables"}]},{"@type":"WebSite","@id":"https:\/\/luchonoticias.com\/editor\/#website","url":"https:\/\/luchonoticias.com\/editor\/","name":"","description":"","publisher":{"@id":"https:\/\/luchonoticias.com\/editor\/#\/schema\/person\/7a7fd911f58561fd056dbac7b55af9cd"},"potentialAction":[{"@type":"SearchAction","target":{"@type":"EntryPoint","urlTemplate":"https:\/\/luchonoticias.com\/editor\/?s={search_term_string}"},"query-input":{"@type":"PropertyValueSpecification","valueRequired":true,"valueName":"search_term_string"}}],"inLanguage":"es"},{"@type":["Person","Organization"],"@id":"https:\/\/luchonoticias.com\/editor\/#\/schema\/person\/7a7fd911f58561fd056dbac7b55af9cd","name":"admin","image":{"@type":"ImageObject","inLanguage":"es","@id":"https:\/\/luchonoticias.com\/editor\/#\/schema\/person\/image\/","url":"https:\/\/luchonoticias.com\/editor\/wp-content\/uploads\/2024\/02\/cropped-cropped-logolu.webp","contentUrl":"https:\/\/luchonoticias.com\/editor\/wp-content\/uploads\/2024\/02\/cropped-cropped-logolu.webp","width":382,"height":170,"caption":"admin"},"logo":{"@id":"https:\/\/luchonoticias.com\/editor\/#\/schema\/person\/image\/"},"sameAs":["https:\/\/www.facebook.com\/luchonoticiasneiva"]},{"@type":"Person","@id":"https:\/\/luchonoticias.com\/editor\/#\/schema\/person\/29217990ddf6f14e35912b2866d591fb","name":"Editor General","image":{"@type":"ImageObject","inLanguage":"es","@id":"https:\/\/luchonoticias.com\/editor\/#\/schema\/person\/image\/","url":"https:\/\/luchonoticias.com\/editor\/wp-content\/uploads\/2024\/02\/cropped-cropped-logolu-150x150.webp","contentUrl":"https:\/\/luchonoticias.com\/editor\/wp-content\/uploads\/2024\/02\/cropped-cropped-logolu-150x150.webp","caption":"Editor General"},"sameAs":["https:\/\/luchonoticias.com\/"],"url":"https:\/\/luchonoticias.com\/editor\/author\/editor-general\/"}]}},"_links":{"self":[{"href":"https:\/\/luchonoticias.com\/editor\/wp-json\/wp\/v2\/posts\/59186","targetHints":{"allow":["GET"]}}],"collection":[{"href":"https:\/\/luchonoticias.com\/editor\/wp-json\/wp\/v2\/posts"}],"about":[{"href":"https:\/\/luchonoticias.com\/editor\/wp-json\/wp\/v2\/types\/post"}],"author":[{"embeddable":true,"href":"https:\/\/luchonoticias.com\/editor\/wp-json\/wp\/v2\/users\/2"}],"replies":[{"embeddable":true,"href":"https:\/\/luchonoticias.com\/editor\/wp-json\/wp\/v2\/comments?post=59186"}],"version-history":[{"count":0,"href":"https:\/\/luchonoticias.com\/editor\/wp-json\/wp\/v2\/posts\/59186\/revisions"}],"wp:attachment":[{"href":"https:\/\/luchonoticias.com\/editor\/wp-json\/wp\/v2\/media?parent=59186"}],"wp:term":[{"taxonomy":"category","embeddable":true,"href":"https:\/\/luchonoticias.com\/editor\/wp-json\/wp\/v2\/categories?post=59186"},{"taxonomy":"post_tag","embeddable":true,"href":"https:\/\/luchonoticias.com\/editor\/wp-json\/wp\/v2\/tags?post=59186"}],"curies":[{"name":"wp","href":"https:\/\/api.w.org\/{rel}","templated":true}]}}