{"id":59195,"date":"2023-08-28T14:40:43","date_gmt":"2023-08-28T19:40:43","guid":{"rendered":"https:\/\/luchonoticias.com\/?p=59195"},"modified":"2023-08-28T14:40:50","modified_gmt":"2023-08-28T19:40:50","slug":"policia-logra-una-gran-ofensiva-nacional-contra-el-narcotrafico","status":"publish","type":"post","link":"https:\/\/luchonoticias.com\/editor\/policia-logra-una-gran-ofensiva-nacional-contra-el-narcotrafico\/","title":{"rendered":"Polic\u00eda logra una gran ofensiva nacional contra el narcotr\u00e1fico"},"content":{"rendered":"\n<p>\u00a0La Polic\u00eda Nacional de todos los colombianos a trav\u00e9s de la Direcci\u00f3n de Investigaci\u00f3n Criminal e INTERPOL (DIJIN), en un trabajo articulado con la Oficina Federal de Investigaci\u00f3n (FBI) de Estados Unidos y la Fiscal\u00eda General de la Naci\u00f3n, ejecut\u00f3 una ofensiva contra el narcotr\u00e1fico y delitos conexos, mediante ocho\u00a0 diligencias de allanamiento y registro en el marco de seis operaciones que arrojaron 21 capturas, dentro de las cuales hay 14 con fines de extradici\u00f3n, tres requeridas por autoridades nacionales y cuatro m\u00e1s fuera del territorio nacional; tambi\u00e9n fueron incautados 1.366 kilos de coca\u00edna en Colombia y aguas internacionales, seis armas de fuego y 336 cartuchos de diferentes calibres.<\/p>\n\n\n\n<figure class=\"wp-block-video\"><video autoplay controls src=\"https:\/\/luchonoticias.com\/wp-content\/uploads\/2023\/08\/WhatsApp-Video-2023-08-28-at-11.03.43-AM-1.mp4\"><\/video><\/figure>\n\n\n\n<p><strong>Operaci\u00f3n Balder, captura de alias \u201cEl Pescador\u201d<\/strong><\/p>\n\n\n\n<p>En la ciudad de Cartagena &#8211; Bol\u00edvar, fue capturado con fines de extradici\u00f3n Yesid \u00c1vila, alias \u201cPescador\u201d, se\u00f1alado de liderar una estructura criminal dedicada al tr\u00e1fico de estupefacientes con injerencia en el departamento de Bol\u00edvar, quien al parecer realizaba la coordinaci\u00f3n necesaria para \u00e9l envi\u00f3 de alijos con sustancias il\u00edcitas desde Bogot\u00e1 hacia Washington &#8211; Estados Unidos; esta persona ten\u00eda la capacidad de enviar hasta 50 kilos de coca\u00edna cada mes. Fue el encargado de toda la log\u00edstica y trasporte necesario para la contaminaci\u00f3n con coca\u00edna de una embarcaci\u00f3n que sali\u00f3 desde un astillero de la ciudad de Cartagena, hacia aguas internacionales donde se encontraba un buque mercante en el que llevaron el alcaloide a los Estados Unidos.<\/p>\n\n\n\n<p>Tambi\u00e9n fue capturada Lina Ceballes en Garz\u00f3n &#8211; Huila, esta mujer es presuntamente la encargada de la log\u00edstica para la consecuci\u00f3n del trasporte y env\u00edo de coca\u00edna en aviones particulares que cubren las rutas entre Colombia y la ciudad de Nueva York; otro de los capturados fue Abraham Rodr\u00edguez, conocido como \u201cJudas\u201d, en el municipio de Paipa &#8211; Boyac\u00e1, se\u00f1alado de coordinar y conseguir la sustancia estupefaciente en compa\u00f1\u00eda de alias \u201cPescador\u201d.<\/p>\n\n\n\n<p><strong>Operaci\u00f3n Pez Grande, captura de Elyn Carpio<\/strong><\/p>\n\n\n\n<p>En coordinaci\u00f3n con varias unidades \u00e9lites de la Direcci\u00f3n Nacional de Control de Drogas (DNCD) de Rep\u00fablica Dominicana, se materializ\u00f3 la captura de Elyn Carpio, quien al parecer ser\u00eda el cabecilla de una estructura criminal dedicada al tr\u00e1fico trasnacional de sustancias estupefacientes, desde los departamentos de Magdalena y La Guajira en Colombia, hacia Rep\u00fablica Dominicana donde era acopiada, para su posterior traslado a los Estados Unidos en donde era comercializada. Es requerido por la Corte de los EE. UU. para el Distrito Medio de Florida, para que comparezca por el delito de tr\u00e1fico il\u00edcito de drogas y concierto para delinquir.<\/p>\n\n\n\n<p>Al mismo tiempo, mediante orden de allanamiento y registro a un inmueble ubicado en el Municipio de Maicao \u201cGuajira\u201d, se hallaron al interior seis armas de fuego, entre ellas dos subfusiles (Mini uzi), tres pistolas, un revolver, 330 cartuchos calibre 9 mil\u00edmetros, 6 cartuchos calibre 357, un autom\u00f3vil que presentaba requerimiento de un Juzgado de la ciudad de Santa Marta (Magdalena) y tambi\u00e9n fueron capturadas dos personas responsables del inmueble por el delito de fabricaci\u00f3n, tr\u00e1fico, porte o tenencia de armas de fuego, accesorios, partes o municiones.<\/p>\n\n\n\n<p><strong>Operaci\u00f3n Sea Bee<\/strong><\/p>\n\n\n\n<p>En Santiago de Cali y Buenaventura &#8211; Valle del Cauca, se realiz\u00f3 la captura de cinco ciudadanos colombianos, requeridos por el Distrito Medio de la Florida, por el delito de tr\u00e1fico il\u00edcito de drogas y concierto para delinquir, esta estructura era liderada por el ciudadano Jos\u00e9 Hurtado, alias \u201cLa P\u201d, quien es uno de los principales inversionistas que aporta recursos econ\u00f3micos para la ejecuci\u00f3n de toda la actividad il\u00edcita relacionada con la producci\u00f3n, transporte y comercializaci\u00f3n de sustancia estupefaciente procesada en los laboratorios de propiedad de esta organizaci\u00f3n delincuencial ubicados en Satinga \u201cNari\u00f1o\u201d y Puerto Merizalde \u201cValle del Cauca\u201d, tambi\u00e9n fueron capturadas las personas conocidas como \u201cMellizo\u201d, \u201cChamuco\u201d, Milson\u201d y \u201cPiter\u201d.<\/p>\n\n\n\n<p><strong>Operaci\u00f3n Vuelo Final<\/strong><\/p>\n\n\n\n<p>En las ciudades de Bogot\u00e1 D.C., Medell\u00edn &#8211; Antioquia, Cartagena &#8211; Bol\u00edvar y Barranquilla &#8211; Atl\u00e1ntico, se logr\u00f3 capturar con fines de extradici\u00f3n a cuatro ciudadanos colombianos y un ciudadano ecuatoriano, requeridos por los delitos de concierto para delinquir y tr\u00e1fico de drogas il\u00edcitas, por la Corte Distrital de los Estados Unidos para el Distrito de Columbia y Distrito Sur de Florida.<\/p>\n\n\n\n<p>Estas capturas son el resultado de una investigaci\u00f3n adelantada contra una red de narcotr\u00e1fico desde el a\u00f1o 2017, gracias a t\u00e9cnicas especiales se determin\u00f3 la existencia de esta y la identificaci\u00f3n de sus integrantes, adem\u00e1s de sus roles asignados en las diferentes etapas para enviar estupefacientes hacia el exterior.<\/p>\n\n\n\n<p>Ten\u00edan zona de injerencia criminal en las ciudades de Cali, Medell\u00edn y Bogot\u00e1, camuflaban los estupefacientes al interior de bloques de madera que era trasportada hacia puertos de la costa pac\u00edfica, desde donde era enviada en contenedores que sal\u00edan en embarcaciones hacia los Estados Unidos, all\u00ed era recibida por otros integrantes de la organizaci\u00f3n que se encargaban de su comercializaci\u00f3n al menudeo. Sus tent\u00e1culos criminales tambi\u00e9n eran extendidos en el vecino pa\u00eds de Ecuador.<\/p>\n\n\n\n<p><strong>Incautaci\u00f3n 1.366 kilos de coca\u00edna en Colombia y aguas internacionales<\/strong><\/p>\n\n\n\n<p>En coordinaci\u00f3n con la Oficina de Aduanas y Protecci\u00f3n Fronteriza de los Estados Unidos (CBP) y Grupo de Trabajo Conjunto Interinstitucional Sur (JIATF-S), en aguas internacionales del mar Pac\u00edfico, a 70 millas n\u00e1uticas al Sur de Yabucoa &#8211; Puerto Rico, se logr\u00f3 la incautaci\u00f3n de 1.259 kilogramos de clorhidrato de coca\u00edna y la captura de cuatro personas de nacionalidad puertorrique\u00f1a, el alijo de estupefaciente presuntamente pertenec\u00eda a una organizaci\u00f3n criminal transnacional que comercializa y transporta coca\u00edna desde la Costa Caribe de Colombia, hacia Centro Am\u00e9rica y posteriormente a los Estados Unidos, donde seria distribuida y comercializada.<\/p>\n\n\n\n<p>En Riohacha &#8211; La Guajira, se realiz\u00f3 una segunda incautaci\u00f3n mediante diligencia de allanamiento y registro a un inmueble, donde se ubic\u00f3 un veh\u00edculo tipo camioneta y en su interior se encontraba una caleta que ocultaba 107 kilogramos de clorhidrato de coca\u00edna, tambi\u00e9n se captur\u00f3 una persona, quien presuntamente ser\u00eda el encargado de custodiar el estupefaciente.<\/p>\n","protected":false},"excerpt":{"rendered":"<p>\u00a0La Polic\u00eda Nacional de todos los colombianos a trav\u00e9s de la Direcci\u00f3n de Investigaci\u00f3n Criminal e INTERPOL (DIJIN), en un trabajo articulado con la Oficina Federal de Investigaci\u00f3n (FBI) de Estados Unidos y la Fiscal\u00eda General de la Naci\u00f3n, ejecut\u00f3 una ofensiva contra el narcotr\u00e1fico y delitos conexos, mediante ocho\u00a0 diligencias de allanamiento y registro [&hellip;]<\/p>\n","protected":false},"author":2,"featured_media":0,"comment_status":"open","ping_status":"open","sticky":false,"template":"","format":"standard","meta":{"footnotes":""},"categories":[36,29,3962],"tags":[],"class_list":["post-59195","post","type-post","status-publish","format-standard","hentry","category-destacado","category-judicial","category-videos"],"yoast_head":"<!-- This site is optimized with the Yoast SEO plugin v26.6 - https:\/\/yoast.com\/wordpress\/plugins\/seo\/ -->\n<title>Polic\u00eda logra una gran ofensiva nacional contra el narcotr\u00e1fico -<\/title>\n<meta name=\"robots\" content=\"index, follow, max-snippet:-1, max-image-preview:large, max-video-preview:-1\" \/>\n<link rel=\"canonical\" href=\"https:\/\/luchonoticias.com\/editor\/policia-logra-una-gran-ofensiva-nacional-contra-el-narcotrafico\/\" \/>\n<meta property=\"og:locale\" content=\"es_ES\" \/>\n<meta property=\"og:type\" content=\"article\" \/>\n<meta property=\"og:title\" content=\"Polic\u00eda logra una gran ofensiva nacional contra el narcotr\u00e1fico -\" \/>\n<meta property=\"og:url\" content=\"https:\/\/luchonoticias.com\/editor\/policia-logra-una-gran-ofensiva-nacional-contra-el-narcotrafico\/\" \/>\n<meta property=\"article:publisher\" content=\"https:\/\/www.facebook.com\/luchonoticiasneiva\" \/>\n<meta property=\"article:published_time\" content=\"2023-08-28T19:40:43+00:00\" \/>\n<meta property=\"article:modified_time\" content=\"2023-08-28T19:40:50+00:00\" \/>\n<meta name=\"author\" content=\"Editor General\" \/>\n<meta name=\"twitter:card\" content=\"summary_large_image\" \/>\n<meta name=\"twitter:label1\" content=\"Escrito por\" \/>\n\t<meta name=\"twitter:data1\" content=\"Editor General\" \/>\n\t<meta name=\"twitter:label2\" content=\"Tiempo de lectura\" \/>\n\t<meta name=\"twitter:data2\" content=\"5 minutos\" \/>\n<script type=\"application\/ld+json\" class=\"yoast-schema-graph\">{\"@context\":\"https:\/\/schema.org\",\"@graph\":[{\"@type\":\"Article\",\"@id\":\"https:\/\/luchonoticias.com\/editor\/policia-logra-una-gran-ofensiva-nacional-contra-el-narcotrafico\/#article\",\"isPartOf\":{\"@id\":\"https:\/\/luchonoticias.com\/editor\/policia-logra-una-gran-ofensiva-nacional-contra-el-narcotrafico\/\"},\"author\":{\"name\":\"Editor General\",\"@id\":\"https:\/\/luchonoticias.com\/editor\/#\/schema\/person\/29217990ddf6f14e35912b2866d591fb\"},\"headline\":\"Polic\u00eda logra una gran ofensiva nacional contra el narcotr\u00e1fico\",\"datePublished\":\"2023-08-28T19:40:43+00:00\",\"dateModified\":\"2023-08-28T19:40:50+00:00\",\"mainEntityOfPage\":{\"@id\":\"https:\/\/luchonoticias.com\/editor\/policia-logra-una-gran-ofensiva-nacional-contra-el-narcotrafico\/\"},\"wordCount\":1062,\"commentCount\":0,\"publisher\":{\"@id\":\"https:\/\/luchonoticias.com\/editor\/#\/schema\/person\/7a7fd911f58561fd056dbac7b55af9cd\"},\"articleSection\":[\"Destacado\",\"Judicial\",\"Videos\"],\"inLanguage\":\"es\",\"potentialAction\":[{\"@type\":\"CommentAction\",\"name\":\"Comment\",\"target\":[\"https:\/\/luchonoticias.com\/editor\/policia-logra-una-gran-ofensiva-nacional-contra-el-narcotrafico\/#respond\"]}]},{\"@type\":\"WebPage\",\"@id\":\"https:\/\/luchonoticias.com\/editor\/policia-logra-una-gran-ofensiva-nacional-contra-el-narcotrafico\/\",\"url\":\"https:\/\/luchonoticias.com\/editor\/policia-logra-una-gran-ofensiva-nacional-contra-el-narcotrafico\/\",\"name\":\"Polic\u00eda logra una gran ofensiva nacional contra el narcotr\u00e1fico -\",\"isPartOf\":{\"@id\":\"https:\/\/luchonoticias.com\/editor\/#website\"},\"datePublished\":\"2023-08-28T19:40:43+00:00\",\"dateModified\":\"2023-08-28T19:40:50+00:00\",\"breadcrumb\":{\"@id\":\"https:\/\/luchonoticias.com\/editor\/policia-logra-una-gran-ofensiva-nacional-contra-el-narcotrafico\/#breadcrumb\"},\"inLanguage\":\"es\",\"potentialAction\":[{\"@type\":\"ReadAction\",\"target\":[\"https:\/\/luchonoticias.com\/editor\/policia-logra-una-gran-ofensiva-nacional-contra-el-narcotrafico\/\"]}]},{\"@type\":\"BreadcrumbList\",\"@id\":\"https:\/\/luchonoticias.com\/editor\/policia-logra-una-gran-ofensiva-nacional-contra-el-narcotrafico\/#breadcrumb\",\"itemListElement\":[{\"@type\":\"ListItem\",\"position\":1,\"name\":\"Portada\",\"item\":\"https:\/\/luchonoticias.com\/editor\/\"},{\"@type\":\"ListItem\",\"position\":2,\"name\":\"Polic\u00eda logra una gran ofensiva nacional contra el narcotr\u00e1fico\"}]},{\"@type\":\"WebSite\",\"@id\":\"https:\/\/luchonoticias.com\/editor\/#website\",\"url\":\"https:\/\/luchonoticias.com\/editor\/\",\"name\":\"\",\"description\":\"\",\"publisher\":{\"@id\":\"https:\/\/luchonoticias.com\/editor\/#\/schema\/person\/7a7fd911f58561fd056dbac7b55af9cd\"},\"potentialAction\":[{\"@type\":\"SearchAction\",\"target\":{\"@type\":\"EntryPoint\",\"urlTemplate\":\"https:\/\/luchonoticias.com\/editor\/?s={search_term_string}\"},\"query-input\":{\"@type\":\"PropertyValueSpecification\",\"valueRequired\":true,\"valueName\":\"search_term_string\"}}],\"inLanguage\":\"es\"},{\"@type\":[\"Person\",\"Organization\"],\"@id\":\"https:\/\/luchonoticias.com\/editor\/#\/schema\/person\/7a7fd911f58561fd056dbac7b55af9cd\",\"name\":\"admin\",\"image\":{\"@type\":\"ImageObject\",\"inLanguage\":\"es\",\"@id\":\"https:\/\/luchonoticias.com\/editor\/#\/schema\/person\/image\/\",\"url\":\"https:\/\/luchonoticias.com\/editor\/wp-content\/uploads\/2024\/02\/cropped-cropped-logolu.webp\",\"contentUrl\":\"https:\/\/luchonoticias.com\/editor\/wp-content\/uploads\/2024\/02\/cropped-cropped-logolu.webp\",\"width\":382,\"height\":170,\"caption\":\"admin\"},\"logo\":{\"@id\":\"https:\/\/luchonoticias.com\/editor\/#\/schema\/person\/image\/\"},\"sameAs\":[\"https:\/\/www.facebook.com\/luchonoticiasneiva\"]},{\"@type\":\"Person\",\"@id\":\"https:\/\/luchonoticias.com\/editor\/#\/schema\/person\/29217990ddf6f14e35912b2866d591fb\",\"name\":\"Editor General\",\"image\":{\"@type\":\"ImageObject\",\"inLanguage\":\"es\",\"@id\":\"https:\/\/luchonoticias.com\/editor\/#\/schema\/person\/image\/\",\"url\":\"https:\/\/luchonoticias.com\/editor\/wp-content\/uploads\/2024\/02\/cropped-cropped-logolu-150x150.webp\",\"contentUrl\":\"https:\/\/luchonoticias.com\/editor\/wp-content\/uploads\/2024\/02\/cropped-cropped-logolu-150x150.webp\",\"caption\":\"Editor General\"},\"sameAs\":[\"https:\/\/luchonoticias.com\/\"],\"url\":\"https:\/\/luchonoticias.com\/editor\/author\/editor-general\/\"}]}<\/script>\n<!-- \/ Yoast SEO plugin. -->","yoast_head_json":{"title":"Polic\u00eda logra una gran ofensiva nacional contra el narcotr\u00e1fico -","robots":{"index":"index","follow":"follow","max-snippet":"max-snippet:-1","max-image-preview":"max-image-preview:large","max-video-preview":"max-video-preview:-1"},"canonical":"https:\/\/luchonoticias.com\/editor\/policia-logra-una-gran-ofensiva-nacional-contra-el-narcotrafico\/","og_locale":"es_ES","og_type":"article","og_title":"Polic\u00eda logra una gran ofensiva nacional contra el narcotr\u00e1fico -","og_url":"https:\/\/luchonoticias.com\/editor\/policia-logra-una-gran-ofensiva-nacional-contra-el-narcotrafico\/","article_publisher":"https:\/\/www.facebook.com\/luchonoticiasneiva","article_published_time":"2023-08-28T19:40:43+00:00","article_modified_time":"2023-08-28T19:40:50+00:00","author":"Editor General","twitter_card":"summary_large_image","twitter_misc":{"Escrito por":"Editor General","Tiempo de lectura":"5 minutos"},"schema":{"@context":"https:\/\/schema.org","@graph":[{"@type":"Article","@id":"https:\/\/luchonoticias.com\/editor\/policia-logra-una-gran-ofensiva-nacional-contra-el-narcotrafico\/#article","isPartOf":{"@id":"https:\/\/luchonoticias.com\/editor\/policia-logra-una-gran-ofensiva-nacional-contra-el-narcotrafico\/"},"author":{"name":"Editor General","@id":"https:\/\/luchonoticias.com\/editor\/#\/schema\/person\/29217990ddf6f14e35912b2866d591fb"},"headline":"Polic\u00eda logra una gran ofensiva nacional contra el narcotr\u00e1fico","datePublished":"2023-08-28T19:40:43+00:00","dateModified":"2023-08-28T19:40:50+00:00","mainEntityOfPage":{"@id":"https:\/\/luchonoticias.com\/editor\/policia-logra-una-gran-ofensiva-nacional-contra-el-narcotrafico\/"},"wordCount":1062,"commentCount":0,"publisher":{"@id":"https:\/\/luchonoticias.com\/editor\/#\/schema\/person\/7a7fd911f58561fd056dbac7b55af9cd"},"articleSection":["Destacado","Judicial","Videos"],"inLanguage":"es","potentialAction":[{"@type":"CommentAction","name":"Comment","target":["https:\/\/luchonoticias.com\/editor\/policia-logra-una-gran-ofensiva-nacional-contra-el-narcotrafico\/#respond"]}]},{"@type":"WebPage","@id":"https:\/\/luchonoticias.com\/editor\/policia-logra-una-gran-ofensiva-nacional-contra-el-narcotrafico\/","url":"https:\/\/luchonoticias.com\/editor\/policia-logra-una-gran-ofensiva-nacional-contra-el-narcotrafico\/","name":"Polic\u00eda logra una gran ofensiva nacional contra el narcotr\u00e1fico -","isPartOf":{"@id":"https:\/\/luchonoticias.com\/editor\/#website"},"datePublished":"2023-08-28T19:40:43+00:00","dateModified":"2023-08-28T19:40:50+00:00","breadcrumb":{"@id":"https:\/\/luchonoticias.com\/editor\/policia-logra-una-gran-ofensiva-nacional-contra-el-narcotrafico\/#breadcrumb"},"inLanguage":"es","potentialAction":[{"@type":"ReadAction","target":["https:\/\/luchonoticias.com\/editor\/policia-logra-una-gran-ofensiva-nacional-contra-el-narcotrafico\/"]}]},{"@type":"BreadcrumbList","@id":"https:\/\/luchonoticias.com\/editor\/policia-logra-una-gran-ofensiva-nacional-contra-el-narcotrafico\/#breadcrumb","itemListElement":[{"@type":"ListItem","position":1,"name":"Portada","item":"https:\/\/luchonoticias.com\/editor\/"},{"@type":"ListItem","position":2,"name":"Polic\u00eda logra una gran ofensiva nacional contra el narcotr\u00e1fico"}]},{"@type":"WebSite","@id":"https:\/\/luchonoticias.com\/editor\/#website","url":"https:\/\/luchonoticias.com\/editor\/","name":"","description":"","publisher":{"@id":"https:\/\/luchonoticias.com\/editor\/#\/schema\/person\/7a7fd911f58561fd056dbac7b55af9cd"},"potentialAction":[{"@type":"SearchAction","target":{"@type":"EntryPoint","urlTemplate":"https:\/\/luchonoticias.com\/editor\/?s={search_term_string}"},"query-input":{"@type":"PropertyValueSpecification","valueRequired":true,"valueName":"search_term_string"}}],"inLanguage":"es"},{"@type":["Person","Organization"],"@id":"https:\/\/luchonoticias.com\/editor\/#\/schema\/person\/7a7fd911f58561fd056dbac7b55af9cd","name":"admin","image":{"@type":"ImageObject","inLanguage":"es","@id":"https:\/\/luchonoticias.com\/editor\/#\/schema\/person\/image\/","url":"https:\/\/luchonoticias.com\/editor\/wp-content\/uploads\/2024\/02\/cropped-cropped-logolu.webp","contentUrl":"https:\/\/luchonoticias.com\/editor\/wp-content\/uploads\/2024\/02\/cropped-cropped-logolu.webp","width":382,"height":170,"caption":"admin"},"logo":{"@id":"https:\/\/luchonoticias.com\/editor\/#\/schema\/person\/image\/"},"sameAs":["https:\/\/www.facebook.com\/luchonoticiasneiva"]},{"@type":"Person","@id":"https:\/\/luchonoticias.com\/editor\/#\/schema\/person\/29217990ddf6f14e35912b2866d591fb","name":"Editor General","image":{"@type":"ImageObject","inLanguage":"es","@id":"https:\/\/luchonoticias.com\/editor\/#\/schema\/person\/image\/","url":"https:\/\/luchonoticias.com\/editor\/wp-content\/uploads\/2024\/02\/cropped-cropped-logolu-150x150.webp","contentUrl":"https:\/\/luchonoticias.com\/editor\/wp-content\/uploads\/2024\/02\/cropped-cropped-logolu-150x150.webp","caption":"Editor General"},"sameAs":["https:\/\/luchonoticias.com\/"],"url":"https:\/\/luchonoticias.com\/editor\/author\/editor-general\/"}]}},"_links":{"self":[{"href":"https:\/\/luchonoticias.com\/editor\/wp-json\/wp\/v2\/posts\/59195","targetHints":{"allow":["GET"]}}],"collection":[{"href":"https:\/\/luchonoticias.com\/editor\/wp-json\/wp\/v2\/posts"}],"about":[{"href":"https:\/\/luchonoticias.com\/editor\/wp-json\/wp\/v2\/types\/post"}],"author":[{"embeddable":true,"href":"https:\/\/luchonoticias.com\/editor\/wp-json\/wp\/v2\/users\/2"}],"replies":[{"embeddable":true,"href":"https:\/\/luchonoticias.com\/editor\/wp-json\/wp\/v2\/comments?post=59195"}],"version-history":[{"count":0,"href":"https:\/\/luchonoticias.com\/editor\/wp-json\/wp\/v2\/posts\/59195\/revisions"}],"wp:attachment":[{"href":"https:\/\/luchonoticias.com\/editor\/wp-json\/wp\/v2\/media?parent=59195"}],"wp:term":[{"taxonomy":"category","embeddable":true,"href":"https:\/\/luchonoticias.com\/editor\/wp-json\/wp\/v2\/categories?post=59195"},{"taxonomy":"post_tag","embeddable":true,"href":"https:\/\/luchonoticias.com\/editor\/wp-json\/wp\/v2\/tags?post=59195"}],"curies":[{"name":"wp","href":"https:\/\/api.w.org\/{rel}","templated":true}]}}