{"id":59199,"date":"2023-08-28T14:44:24","date_gmt":"2023-08-28T19:44:24","guid":{"rendered":"https:\/\/luchonoticias.com\/?p=59199"},"modified":"2023-08-28T14:44:27","modified_gmt":"2023-08-28T19:44:27","slug":"lafaurie-revelo-que-ministra-de-agricultura-ofrecio-mesa-de-trabajo-para-revisar-proyecto-de-decreto-sobre-extincion-de-dominio","status":"publish","type":"post","link":"https:\/\/luchonoticias.com\/editor\/lafaurie-revelo-que-ministra-de-agricultura-ofrecio-mesa-de-trabajo-para-revisar-proyecto-de-decreto-sobre-extincion-de-dominio\/","title":{"rendered":"Lafaurie revel\u00f3 que Ministra de Agricultura ofreci\u00f3 mesa de trabajo para revisar proyecto de decreto sobre extinci\u00f3n de dominio"},"content":{"rendered":"\n<p>En su m\u00e1s reciente columna de opini\u00f3n, Jos\u00e9 F\u00e9lix Lafaurie Rivera, presidente ejecutivo de Fedeg\u00e1n, plante\u00f3 sus reparos contra el proyecto de decreto reglamentario que modifica las normas relacionadas con la extinci\u00f3n de dominio.<\/p>\n\n\n\n<p>\u00bfQui\u00e9n est\u00e1 detr\u00e1s de la extinci\u00f3n de dominio? \u00bfQui\u00e9n est\u00e1 detr\u00e1s de esto?, se pregunt\u00f3 al tiempo que manifest\u00f3 que la Ley del Plan de Desarrollo, promulgada el pasado mes de mayo, termin\u00f3 con un \u201ca\u00f1adido\u201d de \u00faltima hora, los numerales 5 y 6 del art\u00edculo 61, sobre \u201cMecanismos para facilitar y dinamizar los procesos de compra de tierras por oferta voluntaria\u201d.<\/p>\n\n\n\n<p>Manifest\u00f3 que el t\u00edtulo es enga\u00f1oso, \u201cpues al eliminar garant\u00edas procesales y endurecer los t\u00e9rminos de la extinci\u00f3n de dominio, la convirti\u00f3 en un instrumento sumario y administrativo, es decir, sin la intervenci\u00f3n de un juez, reemplazado por la Agencia Nacional de Tierras, ANT, para \u2018obligar\u2019 al propietario a la \u2018oferta voluntaria\u2019\u201d.<\/p>\n\n\n\n<figure class=\"wp-block-embed is-type-rich is-provider-twitter wp-block-embed-twitter\"><div class=\"wp-block-embed__wrapper\">\n<blockquote class=\"twitter-tweet\" data-width=\"500\" data-dnt=\"true\"><p lang=\"es\" dir=\"ltr\"><a href=\"https:\/\/twitter.com\/hashtag\/Opini%C3%B3n?src=hash&amp;ref_src=twsrc%5Etfw\">#Opini\u00f3n<\/a> <br><br>La ministra de Agricultura, <a href=\"https:\/\/twitter.com\/jmojicaflorez?ref_src=twsrc%5Etfw\">@jmojicaflorez<\/a>, en quien reconozco una actitud asertiva, ofreci\u00f3 una mesa de trabajo para revisar el proyecto de decreto. All\u00e1 estar\u00e1 <a href=\"https:\/\/twitter.com\/Fedegan?ref_src=twsrc%5Etfw\">@Fedegan<\/a> y, en el entretanto, los ganaderos\u2026 seguiremos expectantes.<a href=\"https:\/\/t.co\/q4AifoZfb6\">https:\/\/t.co\/q4AifoZfb6<\/a><\/p>&mdash; Jos\u00e9 F\u00e9lix Lafaurie (@jflafaurie) <a href=\"https:\/\/twitter.com\/jflafaurie\/status\/1695453798397775928?ref_src=twsrc%5Etfw\">August 26, 2023<\/a><\/blockquote><script async src=\"https:\/\/platform.twitter.com\/widgets.js\" charset=\"utf-8\"><\/script>\n<\/div><\/figure>\n\n\n\n<p><strong>Dilema extorsivo<\/strong><\/p>\n\n\n\n<p>El alto ejecutivo agreg\u00f3 que esto es grav\u00edsimo porque lo que plantea el art\u00edculo es un verdadero \u201cdilema extorsivo\u201d: o me vende la tierra que quiero comprar\u2026, o se la quito; no en vano fue bautizado como \u201cexpropiaci\u00f3n expr\u00e9s\u201d, un t\u00e9rmino que le queda corto, pues la expropiaci\u00f3n conlleva indemnizaci\u00f3n, en tanto que la extinci\u00f3n de dominio es un castigo equiparable al impuesto a un criminal.<\/p>\n\n\n\n<p>\u201cSemejante mecanismo represent\u00f3 un mensaje contrario a lo que el presidente, pocos meses atr\u00e1s, calificaba de hist\u00f3rico: el Acuerdo entre Fedeg\u00e1n y el Gobierno para la compra directa y voluntaria de tierras para Reforma Agraria, bautizado como \u2018Acuerdo para la materializaci\u00f3n de la paz territorial\u2019\u201d, indic\u00f3.<\/p>\n\n\n\n<p>El dirigente gremial record\u00f3 que en ese entonces, manifest\u00f3 que \u201cLos ganaderos seguiremos cumpliendo el acuerdo (\u2026) a pesar de la inclusi\u00f3n del art\u00edculo 61, que abre caminos sumarios a la expropiaci\u00f3n y alcanz\u00f3 a destruir la confianza\u2026\u201d, a\u00f1adiendo, en modo de reclamo, que \u201cconstruir confianza est\u00e1 detr\u00e1s de los resultados, y los resultados est\u00e1n detr\u00e1s de la paz\u201d.<\/p>\n\n\n\n<p>\u201cNosotros no estamos proponiendo expropiaci\u00f3n\u201d, dijo Petro<\/p>\n\n\n\n<p>Otro recorderis de la columna fue que Petro, desde el comienzo de su gobierno, reiter\u00f3 que no habr\u00eda expropiaci\u00f3n, sino compra, muy en l\u00ednea con el Acuerdo firmado con Fedeg\u00e1n. En mayo, a ra\u00edz de las reacciones al art\u00edculo 61, desde Espa\u00f1a dej\u00f3 claro algo que es cierto: \u201cNosotros no estamos proponiendo expropiaci\u00f3n, eso existe en la ley. No necesitamos ley para eso\u201d; pero al mismo tiempo qued\u00f3 el interrogante, que hoy resurge con el proyecto de decreto reglamentario.<\/p>\n\n\n\n<p>Y se cuestion\u00f3 que si ya existe ley para eso\u2026, entonces, \u00bfpor qu\u00e9 el art\u00edculo 61, que le resta garant\u00edas al propietario y convierte en sumaria y administrativa la extinci\u00f3n de dominio?; \u00bfpor qu\u00e9, ahora, un decreto que rebasa la potestad reglamentaria del Gobierno y concentra en la ANT competencias ambientales y hasta tributarias? \u00bfQui\u00e9n est\u00e1 detr\u00e1s de esto?<\/p>\n\n\n\n<p>En su escrito, Lafaurie Rivera sostuvo que en un pa\u00eds con una institucionalidad ambiental \u201caut\u00f3noma\u201d y \u201cclientelizada\u201d a nivel regional, y una normatividad inaplicable en vastas regiones, ya sea por falta de gesti\u00f3n o por la presencia de grupos ilegales; es m\u00e1s, en un pa\u00eds en que 300.000 hect\u00e1reas de coca no logran ser objeto de extinci\u00f3n judicial de dominio, \u00bfesta misma figura se aplicar\u00eda sin reparos, como una mera decisi\u00f3n administrativa contra propietarios legales que no quieran vender?<\/p>\n\n\n\n<p>Minagricultura anunci\u00f3 Mesa de trabajo para revisar el proyecto de decreto<\/p>\n\n\n\n<p>\u201cSi el Gobierno ha decidido comprar la tierra; si tiene 5 billones para ello en esta vigencia, y si hay tierras disponibles, como manifest\u00f3 el director de la ANT en reciente entrevista, entonces, \u00bfpara qu\u00e9 minar la confianza y enrarecer el ambiente, cuando hay un proceso de oferta voluntaria que ha funcionado, a pesar de la lentitud en la compra, de apenas 33.000 hect\u00e1reas? Repito, \u00bfqui\u00e9n est\u00e1 detr\u00e1s de esto?\u201d, reiter\u00f3.<\/p>\n\n\n\n<p>Y concluy\u00f3 reconociendo en la ministra de Agricultura, Jhenifer Mojica Fl\u00f3rez, una actitud asertiva. Seg\u00fan revel\u00f3 Lafaurie, la alta funcionaria ofreci\u00f3 una mesa de trabajo para revisar el proyecto de decreto. \u201cAll\u00e1 estar\u00e1 Fedeg\u00e1n y, en el entretanto, los ganaderos\u2026 seguiremos expectantes\u201d.<\/p>\n","protected":false},"excerpt":{"rendered":"<p>En su m\u00e1s reciente columna de opini\u00f3n, Jos\u00e9 F\u00e9lix Lafaurie Rivera, presidente ejecutivo de Fedeg\u00e1n, plante\u00f3 sus reparos contra el proyecto de decreto reglamentario que modifica las normas relacionadas con la extinci\u00f3n de dominio. \u00bfQui\u00e9n est\u00e1 detr\u00e1s de la extinci\u00f3n de dominio? \u00bfQui\u00e9n est\u00e1 detr\u00e1s de esto?, se pregunt\u00f3 al tiempo que manifest\u00f3 que la [&hellip;]<\/p>\n","protected":false},"author":2,"featured_media":0,"comment_status":"open","ping_status":"open","sticky":false,"template":"","format":"standard","meta":{"footnotes":""},"categories":[28,36],"tags":[],"class_list":["post-59199","post","type-post","status-publish","format-standard","hentry","category-actualidad","category-destacado"],"yoast_head":"<!-- This site is optimized with the Yoast SEO plugin v26.6 - https:\/\/yoast.com\/wordpress\/plugins\/seo\/ -->\n<title>Lafaurie revel\u00f3 que Ministra de Agricultura ofreci\u00f3 mesa de trabajo para revisar proyecto de decreto sobre extinci\u00f3n de dominio -<\/title>\n<meta name=\"robots\" content=\"index, follow, max-snippet:-1, max-image-preview:large, max-video-preview:-1\" \/>\n<link rel=\"canonical\" href=\"https:\/\/luchonoticias.com\/editor\/lafaurie-revelo-que-ministra-de-agricultura-ofrecio-mesa-de-trabajo-para-revisar-proyecto-de-decreto-sobre-extincion-de-dominio\/\" \/>\n<meta property=\"og:locale\" content=\"es_ES\" \/>\n<meta property=\"og:type\" content=\"article\" \/>\n<meta property=\"og:title\" content=\"Lafaurie revel\u00f3 que Ministra de Agricultura ofreci\u00f3 mesa de trabajo para revisar proyecto de decreto sobre extinci\u00f3n de dominio -\" \/>\n<meta property=\"og:url\" content=\"https:\/\/luchonoticias.com\/editor\/lafaurie-revelo-que-ministra-de-agricultura-ofrecio-mesa-de-trabajo-para-revisar-proyecto-de-decreto-sobre-extincion-de-dominio\/\" \/>\n<meta property=\"article:publisher\" content=\"https:\/\/www.facebook.com\/luchonoticiasneiva\" \/>\n<meta property=\"article:published_time\" content=\"2023-08-28T19:44:24+00:00\" \/>\n<meta property=\"article:modified_time\" content=\"2023-08-28T19:44:27+00:00\" \/>\n<meta name=\"author\" content=\"Editor General\" \/>\n<meta name=\"twitter:card\" content=\"summary_large_image\" \/>\n<meta name=\"twitter:label1\" content=\"Escrito por\" \/>\n\t<meta name=\"twitter:data1\" content=\"Editor General\" \/>\n\t<meta name=\"twitter:label2\" content=\"Tiempo de lectura\" \/>\n\t<meta name=\"twitter:data2\" content=\"4 minutos\" \/>\n<script type=\"application\/ld+json\" class=\"yoast-schema-graph\">{\"@context\":\"https:\/\/schema.org\",\"@graph\":[{\"@type\":\"Article\",\"@id\":\"https:\/\/luchonoticias.com\/editor\/lafaurie-revelo-que-ministra-de-agricultura-ofrecio-mesa-de-trabajo-para-revisar-proyecto-de-decreto-sobre-extincion-de-dominio\/#article\",\"isPartOf\":{\"@id\":\"https:\/\/luchonoticias.com\/editor\/lafaurie-revelo-que-ministra-de-agricultura-ofrecio-mesa-de-trabajo-para-revisar-proyecto-de-decreto-sobre-extincion-de-dominio\/\"},\"author\":{\"name\":\"Editor General\",\"@id\":\"https:\/\/luchonoticias.com\/editor\/#\/schema\/person\/29217990ddf6f14e35912b2866d591fb\"},\"headline\":\"Lafaurie revel\u00f3 que Ministra de Agricultura ofreci\u00f3 mesa de trabajo para revisar proyecto de decreto sobre extinci\u00f3n de dominio\",\"datePublished\":\"2023-08-28T19:44:24+00:00\",\"dateModified\":\"2023-08-28T19:44:27+00:00\",\"mainEntityOfPage\":{\"@id\":\"https:\/\/luchonoticias.com\/editor\/lafaurie-revelo-que-ministra-de-agricultura-ofrecio-mesa-de-trabajo-para-revisar-proyecto-de-decreto-sobre-extincion-de-dominio\/\"},\"wordCount\":751,\"commentCount\":0,\"publisher\":{\"@id\":\"https:\/\/luchonoticias.com\/editor\/#\/schema\/person\/7a7fd911f58561fd056dbac7b55af9cd\"},\"articleSection\":[\"Actualidad\",\"Destacado\"],\"inLanguage\":\"es\",\"potentialAction\":[{\"@type\":\"CommentAction\",\"name\":\"Comment\",\"target\":[\"https:\/\/luchonoticias.com\/editor\/lafaurie-revelo-que-ministra-de-agricultura-ofrecio-mesa-de-trabajo-para-revisar-proyecto-de-decreto-sobre-extincion-de-dominio\/#respond\"]}]},{\"@type\":\"WebPage\",\"@id\":\"https:\/\/luchonoticias.com\/editor\/lafaurie-revelo-que-ministra-de-agricultura-ofrecio-mesa-de-trabajo-para-revisar-proyecto-de-decreto-sobre-extincion-de-dominio\/\",\"url\":\"https:\/\/luchonoticias.com\/editor\/lafaurie-revelo-que-ministra-de-agricultura-ofrecio-mesa-de-trabajo-para-revisar-proyecto-de-decreto-sobre-extincion-de-dominio\/\",\"name\":\"Lafaurie revel\u00f3 que Ministra de Agricultura ofreci\u00f3 mesa de trabajo para revisar proyecto de decreto sobre extinci\u00f3n de dominio -\",\"isPartOf\":{\"@id\":\"https:\/\/luchonoticias.com\/editor\/#website\"},\"datePublished\":\"2023-08-28T19:44:24+00:00\",\"dateModified\":\"2023-08-28T19:44:27+00:00\",\"breadcrumb\":{\"@id\":\"https:\/\/luchonoticias.com\/editor\/lafaurie-revelo-que-ministra-de-agricultura-ofrecio-mesa-de-trabajo-para-revisar-proyecto-de-decreto-sobre-extincion-de-dominio\/#breadcrumb\"},\"inLanguage\":\"es\",\"potentialAction\":[{\"@type\":\"ReadAction\",\"target\":[\"https:\/\/luchonoticias.com\/editor\/lafaurie-revelo-que-ministra-de-agricultura-ofrecio-mesa-de-trabajo-para-revisar-proyecto-de-decreto-sobre-extincion-de-dominio\/\"]}]},{\"@type\":\"BreadcrumbList\",\"@id\":\"https:\/\/luchonoticias.com\/editor\/lafaurie-revelo-que-ministra-de-agricultura-ofrecio-mesa-de-trabajo-para-revisar-proyecto-de-decreto-sobre-extincion-de-dominio\/#breadcrumb\",\"itemListElement\":[{\"@type\":\"ListItem\",\"position\":1,\"name\":\"Portada\",\"item\":\"https:\/\/luchonoticias.com\/editor\/\"},{\"@type\":\"ListItem\",\"position\":2,\"name\":\"Lafaurie revel\u00f3 que Ministra de Agricultura ofreci\u00f3 mesa de trabajo para revisar proyecto de decreto sobre extinci\u00f3n de dominio\"}]},{\"@type\":\"WebSite\",\"@id\":\"https:\/\/luchonoticias.com\/editor\/#website\",\"url\":\"https:\/\/luchonoticias.com\/editor\/\",\"name\":\"\",\"description\":\"\",\"publisher\":{\"@id\":\"https:\/\/luchonoticias.com\/editor\/#\/schema\/person\/7a7fd911f58561fd056dbac7b55af9cd\"},\"potentialAction\":[{\"@type\":\"SearchAction\",\"target\":{\"@type\":\"EntryPoint\",\"urlTemplate\":\"https:\/\/luchonoticias.com\/editor\/?s={search_term_string}\"},\"query-input\":{\"@type\":\"PropertyValueSpecification\",\"valueRequired\":true,\"valueName\":\"search_term_string\"}}],\"inLanguage\":\"es\"},{\"@type\":[\"Person\",\"Organization\"],\"@id\":\"https:\/\/luchonoticias.com\/editor\/#\/schema\/person\/7a7fd911f58561fd056dbac7b55af9cd\",\"name\":\"admin\",\"image\":{\"@type\":\"ImageObject\",\"inLanguage\":\"es\",\"@id\":\"https:\/\/luchonoticias.com\/editor\/#\/schema\/person\/image\/\",\"url\":\"https:\/\/luchonoticias.com\/editor\/wp-content\/uploads\/2024\/02\/cropped-cropped-logolu.webp\",\"contentUrl\":\"https:\/\/luchonoticias.com\/editor\/wp-content\/uploads\/2024\/02\/cropped-cropped-logolu.webp\",\"width\":382,\"height\":170,\"caption\":\"admin\"},\"logo\":{\"@id\":\"https:\/\/luchonoticias.com\/editor\/#\/schema\/person\/image\/\"},\"sameAs\":[\"https:\/\/www.facebook.com\/luchonoticiasneiva\"]},{\"@type\":\"Person\",\"@id\":\"https:\/\/luchonoticias.com\/editor\/#\/schema\/person\/29217990ddf6f14e35912b2866d591fb\",\"name\":\"Editor General\",\"image\":{\"@type\":\"ImageObject\",\"inLanguage\":\"es\",\"@id\":\"https:\/\/luchonoticias.com\/editor\/#\/schema\/person\/image\/\",\"url\":\"https:\/\/luchonoticias.com\/editor\/wp-content\/uploads\/2024\/02\/cropped-cropped-logolu-150x150.webp\",\"contentUrl\":\"https:\/\/luchonoticias.com\/editor\/wp-content\/uploads\/2024\/02\/cropped-cropped-logolu-150x150.webp\",\"caption\":\"Editor General\"},\"sameAs\":[\"https:\/\/luchonoticias.com\/\"],\"url\":\"https:\/\/luchonoticias.com\/editor\/author\/editor-general\/\"}]}<\/script>\n<!-- \/ Yoast SEO plugin. -->","yoast_head_json":{"title":"Lafaurie revel\u00f3 que Ministra de Agricultura ofreci\u00f3 mesa de trabajo para revisar proyecto de decreto sobre extinci\u00f3n de dominio -","robots":{"index":"index","follow":"follow","max-snippet":"max-snippet:-1","max-image-preview":"max-image-preview:large","max-video-preview":"max-video-preview:-1"},"canonical":"https:\/\/luchonoticias.com\/editor\/lafaurie-revelo-que-ministra-de-agricultura-ofrecio-mesa-de-trabajo-para-revisar-proyecto-de-decreto-sobre-extincion-de-dominio\/","og_locale":"es_ES","og_type":"article","og_title":"Lafaurie revel\u00f3 que Ministra de Agricultura ofreci\u00f3 mesa de trabajo para revisar proyecto de decreto sobre extinci\u00f3n de dominio -","og_url":"https:\/\/luchonoticias.com\/editor\/lafaurie-revelo-que-ministra-de-agricultura-ofrecio-mesa-de-trabajo-para-revisar-proyecto-de-decreto-sobre-extincion-de-dominio\/","article_publisher":"https:\/\/www.facebook.com\/luchonoticiasneiva","article_published_time":"2023-08-28T19:44:24+00:00","article_modified_time":"2023-08-28T19:44:27+00:00","author":"Editor General","twitter_card":"summary_large_image","twitter_misc":{"Escrito por":"Editor General","Tiempo de lectura":"4 minutos"},"schema":{"@context":"https:\/\/schema.org","@graph":[{"@type":"Article","@id":"https:\/\/luchonoticias.com\/editor\/lafaurie-revelo-que-ministra-de-agricultura-ofrecio-mesa-de-trabajo-para-revisar-proyecto-de-decreto-sobre-extincion-de-dominio\/#article","isPartOf":{"@id":"https:\/\/luchonoticias.com\/editor\/lafaurie-revelo-que-ministra-de-agricultura-ofrecio-mesa-de-trabajo-para-revisar-proyecto-de-decreto-sobre-extincion-de-dominio\/"},"author":{"name":"Editor General","@id":"https:\/\/luchonoticias.com\/editor\/#\/schema\/person\/29217990ddf6f14e35912b2866d591fb"},"headline":"Lafaurie revel\u00f3 que Ministra de Agricultura ofreci\u00f3 mesa de trabajo para revisar proyecto de decreto sobre extinci\u00f3n de dominio","datePublished":"2023-08-28T19:44:24+00:00","dateModified":"2023-08-28T19:44:27+00:00","mainEntityOfPage":{"@id":"https:\/\/luchonoticias.com\/editor\/lafaurie-revelo-que-ministra-de-agricultura-ofrecio-mesa-de-trabajo-para-revisar-proyecto-de-decreto-sobre-extincion-de-dominio\/"},"wordCount":751,"commentCount":0,"publisher":{"@id":"https:\/\/luchonoticias.com\/editor\/#\/schema\/person\/7a7fd911f58561fd056dbac7b55af9cd"},"articleSection":["Actualidad","Destacado"],"inLanguage":"es","potentialAction":[{"@type":"CommentAction","name":"Comment","target":["https:\/\/luchonoticias.com\/editor\/lafaurie-revelo-que-ministra-de-agricultura-ofrecio-mesa-de-trabajo-para-revisar-proyecto-de-decreto-sobre-extincion-de-dominio\/#respond"]}]},{"@type":"WebPage","@id":"https:\/\/luchonoticias.com\/editor\/lafaurie-revelo-que-ministra-de-agricultura-ofrecio-mesa-de-trabajo-para-revisar-proyecto-de-decreto-sobre-extincion-de-dominio\/","url":"https:\/\/luchonoticias.com\/editor\/lafaurie-revelo-que-ministra-de-agricultura-ofrecio-mesa-de-trabajo-para-revisar-proyecto-de-decreto-sobre-extincion-de-dominio\/","name":"Lafaurie revel\u00f3 que Ministra de Agricultura ofreci\u00f3 mesa de trabajo para revisar proyecto de decreto sobre extinci\u00f3n de dominio -","isPartOf":{"@id":"https:\/\/luchonoticias.com\/editor\/#website"},"datePublished":"2023-08-28T19:44:24+00:00","dateModified":"2023-08-28T19:44:27+00:00","breadcrumb":{"@id":"https:\/\/luchonoticias.com\/editor\/lafaurie-revelo-que-ministra-de-agricultura-ofrecio-mesa-de-trabajo-para-revisar-proyecto-de-decreto-sobre-extincion-de-dominio\/#breadcrumb"},"inLanguage":"es","potentialAction":[{"@type":"ReadAction","target":["https:\/\/luchonoticias.com\/editor\/lafaurie-revelo-que-ministra-de-agricultura-ofrecio-mesa-de-trabajo-para-revisar-proyecto-de-decreto-sobre-extincion-de-dominio\/"]}]},{"@type":"BreadcrumbList","@id":"https:\/\/luchonoticias.com\/editor\/lafaurie-revelo-que-ministra-de-agricultura-ofrecio-mesa-de-trabajo-para-revisar-proyecto-de-decreto-sobre-extincion-de-dominio\/#breadcrumb","itemListElement":[{"@type":"ListItem","position":1,"name":"Portada","item":"https:\/\/luchonoticias.com\/editor\/"},{"@type":"ListItem","position":2,"name":"Lafaurie revel\u00f3 que Ministra de Agricultura ofreci\u00f3 mesa de trabajo para revisar proyecto de decreto sobre extinci\u00f3n de dominio"}]},{"@type":"WebSite","@id":"https:\/\/luchonoticias.com\/editor\/#website","url":"https:\/\/luchonoticias.com\/editor\/","name":"","description":"","publisher":{"@id":"https:\/\/luchonoticias.com\/editor\/#\/schema\/person\/7a7fd911f58561fd056dbac7b55af9cd"},"potentialAction":[{"@type":"SearchAction","target":{"@type":"EntryPoint","urlTemplate":"https:\/\/luchonoticias.com\/editor\/?s={search_term_string}"},"query-input":{"@type":"PropertyValueSpecification","valueRequired":true,"valueName":"search_term_string"}}],"inLanguage":"es"},{"@type":["Person","Organization"],"@id":"https:\/\/luchonoticias.com\/editor\/#\/schema\/person\/7a7fd911f58561fd056dbac7b55af9cd","name":"admin","image":{"@type":"ImageObject","inLanguage":"es","@id":"https:\/\/luchonoticias.com\/editor\/#\/schema\/person\/image\/","url":"https:\/\/luchonoticias.com\/editor\/wp-content\/uploads\/2024\/02\/cropped-cropped-logolu.webp","contentUrl":"https:\/\/luchonoticias.com\/editor\/wp-content\/uploads\/2024\/02\/cropped-cropped-logolu.webp","width":382,"height":170,"caption":"admin"},"logo":{"@id":"https:\/\/luchonoticias.com\/editor\/#\/schema\/person\/image\/"},"sameAs":["https:\/\/www.facebook.com\/luchonoticiasneiva"]},{"@type":"Person","@id":"https:\/\/luchonoticias.com\/editor\/#\/schema\/person\/29217990ddf6f14e35912b2866d591fb","name":"Editor General","image":{"@type":"ImageObject","inLanguage":"es","@id":"https:\/\/luchonoticias.com\/editor\/#\/schema\/person\/image\/","url":"https:\/\/luchonoticias.com\/editor\/wp-content\/uploads\/2024\/02\/cropped-cropped-logolu-150x150.webp","contentUrl":"https:\/\/luchonoticias.com\/editor\/wp-content\/uploads\/2024\/02\/cropped-cropped-logolu-150x150.webp","caption":"Editor General"},"sameAs":["https:\/\/luchonoticias.com\/"],"url":"https:\/\/luchonoticias.com\/editor\/author\/editor-general\/"}]}},"_links":{"self":[{"href":"https:\/\/luchonoticias.com\/editor\/wp-json\/wp\/v2\/posts\/59199","targetHints":{"allow":["GET"]}}],"collection":[{"href":"https:\/\/luchonoticias.com\/editor\/wp-json\/wp\/v2\/posts"}],"about":[{"href":"https:\/\/luchonoticias.com\/editor\/wp-json\/wp\/v2\/types\/post"}],"author":[{"embeddable":true,"href":"https:\/\/luchonoticias.com\/editor\/wp-json\/wp\/v2\/users\/2"}],"replies":[{"embeddable":true,"href":"https:\/\/luchonoticias.com\/editor\/wp-json\/wp\/v2\/comments?post=59199"}],"version-history":[{"count":0,"href":"https:\/\/luchonoticias.com\/editor\/wp-json\/wp\/v2\/posts\/59199\/revisions"}],"wp:attachment":[{"href":"https:\/\/luchonoticias.com\/editor\/wp-json\/wp\/v2\/media?parent=59199"}],"wp:term":[{"taxonomy":"category","embeddable":true,"href":"https:\/\/luchonoticias.com\/editor\/wp-json\/wp\/v2\/categories?post=59199"},{"taxonomy":"post_tag","embeddable":true,"href":"https:\/\/luchonoticias.com\/editor\/wp-json\/wp\/v2\/tags?post=59199"}],"curies":[{"name":"wp","href":"https:\/\/api.w.org\/{rel}","templated":true}]}}