{"id":59202,"date":"2023-08-28T14:48:31","date_gmt":"2023-08-28T19:48:31","guid":{"rendered":"https:\/\/luchonoticias.com\/?p=59202"},"modified":"2023-08-28T14:48:34","modified_gmt":"2023-08-28T19:48:34","slug":"cti-capturo-en-neiva-a-presunta-integrante-de-los-libertadores-red-dedicada-a-comercializar-estupefacientes","status":"publish","type":"post","link":"https:\/\/luchonoticias.com\/editor\/cti-capturo-en-neiva-a-presunta-integrante-de-los-libertadores-red-dedicada-a-comercializar-estupefacientes\/","title":{"rendered":"CTI captur\u00f3 en Neiva a presunta integrante de \u2018Los Libertadores\u2019, red dedicada a comercializar estupefacientes"},"content":{"rendered":"\n<p>Investigadores del Cuerpo T\u00e9cnico de Investigaci\u00f3n (CTI) adscritos a la Seccional Huila de la Fiscal\u00eda General de la Naci\u00f3n, en coordinaci\u00f3n con el Ej\u00e9rcito Nacional capturaron en el asentamiento Villa Magdalena de Neiva a B\u00e1rbara Valeria Ni\u00f1o Barrag\u00e1n, quien era requerida para que cumpliera una condena a 6 a\u00f1os de prisi\u00f3n.<\/p>\n\n\n\n<p>La investigaci\u00f3n determin\u00f3 que la mujer hac\u00eda parte de la organizaci\u00f3n ilegal Los Libertadores para la cual cumpl\u00eda el rol de expendedora de estupefacientes en la Plaza C\u00edvica de Neiva, donde eran comercializadas sustancias alucin\u00f3genas. A esta red adem\u00e1s se le atribuye el transporte, distribuci\u00f3n y comercializaci\u00f3n de estupefacientes.<\/p>\n\n\n\n<p>La contundencia del material de prueba aportado por la Fiscal\u00eda permiti\u00f3 que un juez de la Rep\u00fablica encontrara a la mujer responsable de los delitos de concierto para delinquir y tr\u00e1fico de estupefacientes.<\/p>\n\n\n\n<p>Tras su captura la sentenciada fue presentada ante el juzgado de ejecuci\u00f3n de penas de Neiva que la requer\u00eda para darle cumplimiento a la pena impuesta.<\/p>\n\n\n\n<figure class=\"wp-block-video\"><video autoplay controls src=\"https:\/\/luchonoticias.com\/wp-content\/uploads\/2023\/08\/082523-OPERATIVO-ESTUPEFACIENTES-MEDIOS.mp4\"><\/video><\/figure>\n","protected":false},"excerpt":{"rendered":"<p>Investigadores del Cuerpo T\u00e9cnico de Investigaci\u00f3n (CTI) adscritos a la Seccional Huila de la Fiscal\u00eda General de la Naci\u00f3n, en coordinaci\u00f3n con el Ej\u00e9rcito Nacional capturaron en el asentamiento Villa Magdalena de Neiva a B\u00e1rbara Valeria Ni\u00f1o Barrag\u00e1n, quien era requerida para que cumpliera una condena a 6 a\u00f1os de prisi\u00f3n. La investigaci\u00f3n determin\u00f3 que [&hellip;]<\/p>\n","protected":false},"author":2,"featured_media":0,"comment_status":"open","ping_status":"open","sticky":false,"template":"","format":"standard","meta":{"footnotes":""},"categories":[36,29,3962],"tags":[],"class_list":["post-59202","post","type-post","status-publish","format-standard","hentry","category-destacado","category-judicial","category-videos"],"yoast_head":"<!-- This site is optimized with the Yoast SEO plugin v26.6 - https:\/\/yoast.com\/wordpress\/plugins\/seo\/ -->\n<title>CTI captur\u00f3 en Neiva a presunta integrante de \u2018Los Libertadores\u2019, red dedicada a comercializar estupefacientes -<\/title>\n<meta name=\"robots\" content=\"index, follow, max-snippet:-1, max-image-preview:large, max-video-preview:-1\" \/>\n<link rel=\"canonical\" href=\"https:\/\/luchonoticias.com\/editor\/cti-capturo-en-neiva-a-presunta-integrante-de-los-libertadores-red-dedicada-a-comercializar-estupefacientes\/\" \/>\n<meta property=\"og:locale\" content=\"es_ES\" \/>\n<meta property=\"og:type\" content=\"article\" \/>\n<meta property=\"og:title\" content=\"CTI captur\u00f3 en Neiva a presunta integrante de \u2018Los Libertadores\u2019, red dedicada a comercializar estupefacientes -\" \/>\n<meta property=\"og:url\" content=\"https:\/\/luchonoticias.com\/editor\/cti-capturo-en-neiva-a-presunta-integrante-de-los-libertadores-red-dedicada-a-comercializar-estupefacientes\/\" \/>\n<meta property=\"article:publisher\" content=\"https:\/\/www.facebook.com\/luchonoticiasneiva\" \/>\n<meta property=\"article:published_time\" content=\"2023-08-28T19:48:31+00:00\" \/>\n<meta property=\"article:modified_time\" content=\"2023-08-28T19:48:34+00:00\" \/>\n<meta name=\"author\" content=\"Editor General\" \/>\n<meta name=\"twitter:card\" content=\"summary_large_image\" \/>\n<meta name=\"twitter:label1\" content=\"Escrito por\" \/>\n\t<meta name=\"twitter:data1\" content=\"Editor General\" \/>\n\t<meta name=\"twitter:label2\" content=\"Tiempo de lectura\" \/>\n\t<meta name=\"twitter:data2\" content=\"1 minuto\" \/>\n<script type=\"application\/ld+json\" class=\"yoast-schema-graph\">{\"@context\":\"https:\/\/schema.org\",\"@graph\":[{\"@type\":\"Article\",\"@id\":\"https:\/\/luchonoticias.com\/editor\/cti-capturo-en-neiva-a-presunta-integrante-de-los-libertadores-red-dedicada-a-comercializar-estupefacientes\/#article\",\"isPartOf\":{\"@id\":\"https:\/\/luchonoticias.com\/editor\/cti-capturo-en-neiva-a-presunta-integrante-de-los-libertadores-red-dedicada-a-comercializar-estupefacientes\/\"},\"author\":{\"name\":\"Editor General\",\"@id\":\"https:\/\/luchonoticias.com\/editor\/#\/schema\/person\/29217990ddf6f14e35912b2866d591fb\"},\"headline\":\"CTI captur\u00f3 en Neiva a presunta integrante de \u2018Los Libertadores\u2019, red dedicada a comercializar estupefacientes\",\"datePublished\":\"2023-08-28T19:48:31+00:00\",\"dateModified\":\"2023-08-28T19:48:34+00:00\",\"mainEntityOfPage\":{\"@id\":\"https:\/\/luchonoticias.com\/editor\/cti-capturo-en-neiva-a-presunta-integrante-de-los-libertadores-red-dedicada-a-comercializar-estupefacientes\/\"},\"wordCount\":198,\"commentCount\":0,\"publisher\":{\"@id\":\"https:\/\/luchonoticias.com\/editor\/#\/schema\/person\/7a7fd911f58561fd056dbac7b55af9cd\"},\"articleSection\":[\"Destacado\",\"Judicial\",\"Videos\"],\"inLanguage\":\"es\",\"potentialAction\":[{\"@type\":\"CommentAction\",\"name\":\"Comment\",\"target\":[\"https:\/\/luchonoticias.com\/editor\/cti-capturo-en-neiva-a-presunta-integrante-de-los-libertadores-red-dedicada-a-comercializar-estupefacientes\/#respond\"]}]},{\"@type\":\"WebPage\",\"@id\":\"https:\/\/luchonoticias.com\/editor\/cti-capturo-en-neiva-a-presunta-integrante-de-los-libertadores-red-dedicada-a-comercializar-estupefacientes\/\",\"url\":\"https:\/\/luchonoticias.com\/editor\/cti-capturo-en-neiva-a-presunta-integrante-de-los-libertadores-red-dedicada-a-comercializar-estupefacientes\/\",\"name\":\"CTI captur\u00f3 en Neiva a presunta integrante de \u2018Los Libertadores\u2019, red dedicada a comercializar estupefacientes -\",\"isPartOf\":{\"@id\":\"https:\/\/luchonoticias.com\/editor\/#website\"},\"datePublished\":\"2023-08-28T19:48:31+00:00\",\"dateModified\":\"2023-08-28T19:48:34+00:00\",\"breadcrumb\":{\"@id\":\"https:\/\/luchonoticias.com\/editor\/cti-capturo-en-neiva-a-presunta-integrante-de-los-libertadores-red-dedicada-a-comercializar-estupefacientes\/#breadcrumb\"},\"inLanguage\":\"es\",\"potentialAction\":[{\"@type\":\"ReadAction\",\"target\":[\"https:\/\/luchonoticias.com\/editor\/cti-capturo-en-neiva-a-presunta-integrante-de-los-libertadores-red-dedicada-a-comercializar-estupefacientes\/\"]}]},{\"@type\":\"BreadcrumbList\",\"@id\":\"https:\/\/luchonoticias.com\/editor\/cti-capturo-en-neiva-a-presunta-integrante-de-los-libertadores-red-dedicada-a-comercializar-estupefacientes\/#breadcrumb\",\"itemListElement\":[{\"@type\":\"ListItem\",\"position\":1,\"name\":\"Portada\",\"item\":\"https:\/\/luchonoticias.com\/editor\/\"},{\"@type\":\"ListItem\",\"position\":2,\"name\":\"CTI captur\u00f3 en Neiva a presunta integrante de \u2018Los Libertadores\u2019, red dedicada a comercializar estupefacientes\"}]},{\"@type\":\"WebSite\",\"@id\":\"https:\/\/luchonoticias.com\/editor\/#website\",\"url\":\"https:\/\/luchonoticias.com\/editor\/\",\"name\":\"\",\"description\":\"\",\"publisher\":{\"@id\":\"https:\/\/luchonoticias.com\/editor\/#\/schema\/person\/7a7fd911f58561fd056dbac7b55af9cd\"},\"potentialAction\":[{\"@type\":\"SearchAction\",\"target\":{\"@type\":\"EntryPoint\",\"urlTemplate\":\"https:\/\/luchonoticias.com\/editor\/?s={search_term_string}\"},\"query-input\":{\"@type\":\"PropertyValueSpecification\",\"valueRequired\":true,\"valueName\":\"search_term_string\"}}],\"inLanguage\":\"es\"},{\"@type\":[\"Person\",\"Organization\"],\"@id\":\"https:\/\/luchonoticias.com\/editor\/#\/schema\/person\/7a7fd911f58561fd056dbac7b55af9cd\",\"name\":\"admin\",\"image\":{\"@type\":\"ImageObject\",\"inLanguage\":\"es\",\"@id\":\"https:\/\/luchonoticias.com\/editor\/#\/schema\/person\/image\/\",\"url\":\"https:\/\/luchonoticias.com\/editor\/wp-content\/uploads\/2024\/02\/cropped-cropped-logolu.webp\",\"contentUrl\":\"https:\/\/luchonoticias.com\/editor\/wp-content\/uploads\/2024\/02\/cropped-cropped-logolu.webp\",\"width\":382,\"height\":170,\"caption\":\"admin\"},\"logo\":{\"@id\":\"https:\/\/luchonoticias.com\/editor\/#\/schema\/person\/image\/\"},\"sameAs\":[\"https:\/\/www.facebook.com\/luchonoticiasneiva\"]},{\"@type\":\"Person\",\"@id\":\"https:\/\/luchonoticias.com\/editor\/#\/schema\/person\/29217990ddf6f14e35912b2866d591fb\",\"name\":\"Editor General\",\"image\":{\"@type\":\"ImageObject\",\"inLanguage\":\"es\",\"@id\":\"https:\/\/luchonoticias.com\/editor\/#\/schema\/person\/image\/\",\"url\":\"https:\/\/luchonoticias.com\/editor\/wp-content\/uploads\/2024\/02\/cropped-cropped-logolu-150x150.webp\",\"contentUrl\":\"https:\/\/luchonoticias.com\/editor\/wp-content\/uploads\/2024\/02\/cropped-cropped-logolu-150x150.webp\",\"caption\":\"Editor General\"},\"sameAs\":[\"https:\/\/luchonoticias.com\/\"],\"url\":\"https:\/\/luchonoticias.com\/editor\/author\/editor-general\/\"}]}<\/script>\n<!-- \/ Yoast SEO plugin. -->","yoast_head_json":{"title":"CTI captur\u00f3 en Neiva a presunta integrante de \u2018Los Libertadores\u2019, red dedicada a comercializar estupefacientes -","robots":{"index":"index","follow":"follow","max-snippet":"max-snippet:-1","max-image-preview":"max-image-preview:large","max-video-preview":"max-video-preview:-1"},"canonical":"https:\/\/luchonoticias.com\/editor\/cti-capturo-en-neiva-a-presunta-integrante-de-los-libertadores-red-dedicada-a-comercializar-estupefacientes\/","og_locale":"es_ES","og_type":"article","og_title":"CTI captur\u00f3 en Neiva a presunta integrante de \u2018Los Libertadores\u2019, red dedicada a comercializar estupefacientes -","og_url":"https:\/\/luchonoticias.com\/editor\/cti-capturo-en-neiva-a-presunta-integrante-de-los-libertadores-red-dedicada-a-comercializar-estupefacientes\/","article_publisher":"https:\/\/www.facebook.com\/luchonoticiasneiva","article_published_time":"2023-08-28T19:48:31+00:00","article_modified_time":"2023-08-28T19:48:34+00:00","author":"Editor General","twitter_card":"summary_large_image","twitter_misc":{"Escrito por":"Editor General","Tiempo de lectura":"1 minuto"},"schema":{"@context":"https:\/\/schema.org","@graph":[{"@type":"Article","@id":"https:\/\/luchonoticias.com\/editor\/cti-capturo-en-neiva-a-presunta-integrante-de-los-libertadores-red-dedicada-a-comercializar-estupefacientes\/#article","isPartOf":{"@id":"https:\/\/luchonoticias.com\/editor\/cti-capturo-en-neiva-a-presunta-integrante-de-los-libertadores-red-dedicada-a-comercializar-estupefacientes\/"},"author":{"name":"Editor General","@id":"https:\/\/luchonoticias.com\/editor\/#\/schema\/person\/29217990ddf6f14e35912b2866d591fb"},"headline":"CTI captur\u00f3 en Neiva a presunta integrante de \u2018Los Libertadores\u2019, red dedicada a comercializar estupefacientes","datePublished":"2023-08-28T19:48:31+00:00","dateModified":"2023-08-28T19:48:34+00:00","mainEntityOfPage":{"@id":"https:\/\/luchonoticias.com\/editor\/cti-capturo-en-neiva-a-presunta-integrante-de-los-libertadores-red-dedicada-a-comercializar-estupefacientes\/"},"wordCount":198,"commentCount":0,"publisher":{"@id":"https:\/\/luchonoticias.com\/editor\/#\/schema\/person\/7a7fd911f58561fd056dbac7b55af9cd"},"articleSection":["Destacado","Judicial","Videos"],"inLanguage":"es","potentialAction":[{"@type":"CommentAction","name":"Comment","target":["https:\/\/luchonoticias.com\/editor\/cti-capturo-en-neiva-a-presunta-integrante-de-los-libertadores-red-dedicada-a-comercializar-estupefacientes\/#respond"]}]},{"@type":"WebPage","@id":"https:\/\/luchonoticias.com\/editor\/cti-capturo-en-neiva-a-presunta-integrante-de-los-libertadores-red-dedicada-a-comercializar-estupefacientes\/","url":"https:\/\/luchonoticias.com\/editor\/cti-capturo-en-neiva-a-presunta-integrante-de-los-libertadores-red-dedicada-a-comercializar-estupefacientes\/","name":"CTI captur\u00f3 en Neiva a presunta integrante de \u2018Los Libertadores\u2019, red dedicada a comercializar estupefacientes -","isPartOf":{"@id":"https:\/\/luchonoticias.com\/editor\/#website"},"datePublished":"2023-08-28T19:48:31+00:00","dateModified":"2023-08-28T19:48:34+00:00","breadcrumb":{"@id":"https:\/\/luchonoticias.com\/editor\/cti-capturo-en-neiva-a-presunta-integrante-de-los-libertadores-red-dedicada-a-comercializar-estupefacientes\/#breadcrumb"},"inLanguage":"es","potentialAction":[{"@type":"ReadAction","target":["https:\/\/luchonoticias.com\/editor\/cti-capturo-en-neiva-a-presunta-integrante-de-los-libertadores-red-dedicada-a-comercializar-estupefacientes\/"]}]},{"@type":"BreadcrumbList","@id":"https:\/\/luchonoticias.com\/editor\/cti-capturo-en-neiva-a-presunta-integrante-de-los-libertadores-red-dedicada-a-comercializar-estupefacientes\/#breadcrumb","itemListElement":[{"@type":"ListItem","position":1,"name":"Portada","item":"https:\/\/luchonoticias.com\/editor\/"},{"@type":"ListItem","position":2,"name":"CTI captur\u00f3 en Neiva a presunta integrante de \u2018Los Libertadores\u2019, red dedicada a comercializar estupefacientes"}]},{"@type":"WebSite","@id":"https:\/\/luchonoticias.com\/editor\/#website","url":"https:\/\/luchonoticias.com\/editor\/","name":"","description":"","publisher":{"@id":"https:\/\/luchonoticias.com\/editor\/#\/schema\/person\/7a7fd911f58561fd056dbac7b55af9cd"},"potentialAction":[{"@type":"SearchAction","target":{"@type":"EntryPoint","urlTemplate":"https:\/\/luchonoticias.com\/editor\/?s={search_term_string}"},"query-input":{"@type":"PropertyValueSpecification","valueRequired":true,"valueName":"search_term_string"}}],"inLanguage":"es"},{"@type":["Person","Organization"],"@id":"https:\/\/luchonoticias.com\/editor\/#\/schema\/person\/7a7fd911f58561fd056dbac7b55af9cd","name":"admin","image":{"@type":"ImageObject","inLanguage":"es","@id":"https:\/\/luchonoticias.com\/editor\/#\/schema\/person\/image\/","url":"https:\/\/luchonoticias.com\/editor\/wp-content\/uploads\/2024\/02\/cropped-cropped-logolu.webp","contentUrl":"https:\/\/luchonoticias.com\/editor\/wp-content\/uploads\/2024\/02\/cropped-cropped-logolu.webp","width":382,"height":170,"caption":"admin"},"logo":{"@id":"https:\/\/luchonoticias.com\/editor\/#\/schema\/person\/image\/"},"sameAs":["https:\/\/www.facebook.com\/luchonoticiasneiva"]},{"@type":"Person","@id":"https:\/\/luchonoticias.com\/editor\/#\/schema\/person\/29217990ddf6f14e35912b2866d591fb","name":"Editor General","image":{"@type":"ImageObject","inLanguage":"es","@id":"https:\/\/luchonoticias.com\/editor\/#\/schema\/person\/image\/","url":"https:\/\/luchonoticias.com\/editor\/wp-content\/uploads\/2024\/02\/cropped-cropped-logolu-150x150.webp","contentUrl":"https:\/\/luchonoticias.com\/editor\/wp-content\/uploads\/2024\/02\/cropped-cropped-logolu-150x150.webp","caption":"Editor General"},"sameAs":["https:\/\/luchonoticias.com\/"],"url":"https:\/\/luchonoticias.com\/editor\/author\/editor-general\/"}]}},"_links":{"self":[{"href":"https:\/\/luchonoticias.com\/editor\/wp-json\/wp\/v2\/posts\/59202","targetHints":{"allow":["GET"]}}],"collection":[{"href":"https:\/\/luchonoticias.com\/editor\/wp-json\/wp\/v2\/posts"}],"about":[{"href":"https:\/\/luchonoticias.com\/editor\/wp-json\/wp\/v2\/types\/post"}],"author":[{"embeddable":true,"href":"https:\/\/luchonoticias.com\/editor\/wp-json\/wp\/v2\/users\/2"}],"replies":[{"embeddable":true,"href":"https:\/\/luchonoticias.com\/editor\/wp-json\/wp\/v2\/comments?post=59202"}],"version-history":[{"count":0,"href":"https:\/\/luchonoticias.com\/editor\/wp-json\/wp\/v2\/posts\/59202\/revisions"}],"wp:attachment":[{"href":"https:\/\/luchonoticias.com\/editor\/wp-json\/wp\/v2\/media?parent=59202"}],"wp:term":[{"taxonomy":"category","embeddable":true,"href":"https:\/\/luchonoticias.com\/editor\/wp-json\/wp\/v2\/categories?post=59202"},{"taxonomy":"post_tag","embeddable":true,"href":"https:\/\/luchonoticias.com\/editor\/wp-json\/wp\/v2\/tags?post=59202"}],"curies":[{"name":"wp","href":"https:\/\/api.w.org\/{rel}","templated":true}]}}