{"id":59210,"date":"2023-08-28T15:48:39","date_gmt":"2023-08-28T20:48:39","guid":{"rendered":"https:\/\/luchonoticias.com\/?p=59210"},"modified":"2023-08-28T16:36:22","modified_gmt":"2023-08-28T21:36:22","slug":"acuerdo-para-fortalecer-el-cafe-en-el-huila","status":"publish","type":"post","link":"https:\/\/luchonoticias.com\/editor\/acuerdo-para-fortalecer-el-cafe-en-el-huila\/","title":{"rendered":"Acuerdo para fortalecer el caf\u00e9 en el Huila"},"content":{"rendered":"\n<p>Una de las pol\u00edticas trazadas por el gobierno \u201cHuila Crece\u201d en cabeza del ingeniero Luis Enrique Duss\u00e1n, es el fortalecimiento de cadenas, que ha permitido durante los \u00faltimos 3 a\u00f1os, direccionar&nbsp;<strong>proyectos de inversi\u00f3n por cerca de $200.000 millones<\/strong>, y donde la caficultura ha sido uno de los subsectores m\u00e1s beneficiados con m\u00e1s de $106.000 millones.<\/p>\n\n\n\n<p>Ahora se suma el&nbsp;<strong>acuerdo de productividad y competitividad de la cadena del caf\u00e9,<\/strong>&nbsp;alcanzado gracias al compromiso de todos los actores de la caficultura regional y que&nbsp;<strong>tendr\u00e1 un impacto en las m\u00e1s de 84.000 familias caficultoras del departamento.<\/strong><\/p>\n\n\n\n<p>El acuerdo tiene como prop\u00f3sito\u00a0<strong>fortalecer la cadena productiva del sector cafetero, a trav\u00e9s de un proceso din\u00e1mico<\/strong>\u00a0de articulaci\u00f3n, concertaci\u00f3n, capacitaci\u00f3n, investigaci\u00f3n e integraci\u00f3n en los eslabones de producci\u00f3n, transformaci\u00f3n, comercializaci\u00f3n, y exportaci\u00f3n, impulsado desde el Comit\u00e9 Regional de la Cadena de Caf\u00e9, con el fin de fortalecer la productividad, competitividad y sostenibilidad del sector.<\/p>\n\n\n\n<p><\/p>\n\n\n\n<iframe loading=\"lazy\" src=\"https:\/\/www.facebook.com\/plugins\/video.php?height=306&#038;href=https%3A%2F%2Fwww.facebook.com%2Fhuilagob%2Fvideos%2F191473067282863%2F&#038;show_text=false&#038;width=560&#038;t=0\" width=\"560\" height=\"306\" style=\"border:none;overflow:hidden\" scrolling=\"no\" frameborder=\"0\" allowfullscreen=\"true\" allow=\"autoplay; clipboard-write; encrypted-media; picture-in-picture; web-share\" allowFullScreen=\"true\"><\/iframe>\n\n\n\n<p><\/p>\n\n\n\n<p>Para lograr este prop\u00f3sito es\u00a0<strong>fundamental la participaci\u00f3n y el compromiso de los actores\u00a0<\/strong>que intervienen en cada uno de los eslabones de la cadena de valor, del sector p\u00fablico y privado, quienes tendr\u00e1n la tarea de\u00a0<strong>ayudar en la identificaci\u00f3n de las barreras o dificultades que enfrenta el sector<\/strong>, y aportar en las posibles soluciones o formulaci\u00f3n de proyectos sostenibles.<\/p>\n\n\n\n<p>En este importante evento de la firma del acuerdo del sector cafetero, fue exaltado mediante el Decreto 303 de 2023, el gerente de la Federaci\u00f3n Nacional de Cafeteros, Germ\u00e1n Alberto Baham\u00f3n Jaramillo, con la condecoraci\u00f3n \u2018Jos\u00e9 Eustasio Rivera\u2019, como uno de los empresarios m\u00e1s destacados del departamento del Huila.<\/p>\n\n\n\n<p class=\"has-medium-font-size\"><\/p>\n","protected":false},"excerpt":{"rendered":"<p>Una de las pol\u00edticas trazadas por el gobierno \u201cHuila Crece\u201d en cabeza del ingeniero Luis Enrique Duss\u00e1n, es el fortalecimiento de cadenas, que ha permitido durante los \u00faltimos 3 a\u00f1os, direccionar&nbsp;proyectos de inversi\u00f3n por cerca de $200.000 millones, y donde la caficultura ha sido uno de los subsectores m\u00e1s beneficiados con m\u00e1s de $106.000 millones. [&hellip;]<\/p>\n","protected":false},"author":2,"featured_media":0,"comment_status":"open","ping_status":"open","sticky":false,"template":"","format":"standard","meta":{"footnotes":""},"categories":[34],"tags":[],"class_list":["post-59210","post","type-post","status-publish","format-standard","hentry","category-deportes"],"yoast_head":"<!-- This site is optimized with the Yoast SEO plugin v26.6 - https:\/\/yoast.com\/wordpress\/plugins\/seo\/ -->\n<title>Acuerdo para fortalecer el caf\u00e9 en el Huila -<\/title>\n<meta name=\"robots\" content=\"index, follow, max-snippet:-1, max-image-preview:large, max-video-preview:-1\" \/>\n<link rel=\"canonical\" href=\"https:\/\/luchonoticias.com\/editor\/acuerdo-para-fortalecer-el-cafe-en-el-huila\/\" \/>\n<meta property=\"og:locale\" content=\"es_ES\" \/>\n<meta property=\"og:type\" content=\"article\" \/>\n<meta property=\"og:title\" content=\"Acuerdo para fortalecer el caf\u00e9 en el Huila -\" \/>\n<meta property=\"og:url\" content=\"https:\/\/luchonoticias.com\/editor\/acuerdo-para-fortalecer-el-cafe-en-el-huila\/\" \/>\n<meta property=\"article:publisher\" content=\"https:\/\/www.facebook.com\/luchonoticiasneiva\" \/>\n<meta property=\"article:published_time\" content=\"2023-08-28T20:48:39+00:00\" \/>\n<meta property=\"article:modified_time\" content=\"2023-08-28T21:36:22+00:00\" \/>\n<meta name=\"author\" content=\"Editor General\" \/>\n<meta name=\"twitter:card\" content=\"summary_large_image\" \/>\n<meta name=\"twitter:label1\" content=\"Escrito por\" \/>\n\t<meta name=\"twitter:data1\" content=\"Editor General\" \/>\n\t<meta name=\"twitter:label2\" content=\"Tiempo de lectura\" \/>\n\t<meta name=\"twitter:data2\" content=\"1 minuto\" \/>\n<script type=\"application\/ld+json\" class=\"yoast-schema-graph\">{\"@context\":\"https:\/\/schema.org\",\"@graph\":[{\"@type\":\"Article\",\"@id\":\"https:\/\/luchonoticias.com\/editor\/acuerdo-para-fortalecer-el-cafe-en-el-huila\/#article\",\"isPartOf\":{\"@id\":\"https:\/\/luchonoticias.com\/editor\/acuerdo-para-fortalecer-el-cafe-en-el-huila\/\"},\"author\":{\"name\":\"Editor General\",\"@id\":\"https:\/\/luchonoticias.com\/editor\/#\/schema\/person\/29217990ddf6f14e35912b2866d591fb\"},\"headline\":\"Acuerdo para fortalecer el caf\u00e9 en el Huila\",\"datePublished\":\"2023-08-28T20:48:39+00:00\",\"dateModified\":\"2023-08-28T21:36:22+00:00\",\"mainEntityOfPage\":{\"@id\":\"https:\/\/luchonoticias.com\/editor\/acuerdo-para-fortalecer-el-cafe-en-el-huila\/\"},\"wordCount\":298,\"commentCount\":0,\"publisher\":{\"@id\":\"https:\/\/luchonoticias.com\/editor\/#\/schema\/person\/7a7fd911f58561fd056dbac7b55af9cd\"},\"articleSection\":[\"Deportes\"],\"inLanguage\":\"es\",\"potentialAction\":[{\"@type\":\"CommentAction\",\"name\":\"Comment\",\"target\":[\"https:\/\/luchonoticias.com\/editor\/acuerdo-para-fortalecer-el-cafe-en-el-huila\/#respond\"]}]},{\"@type\":\"WebPage\",\"@id\":\"https:\/\/luchonoticias.com\/editor\/acuerdo-para-fortalecer-el-cafe-en-el-huila\/\",\"url\":\"https:\/\/luchonoticias.com\/editor\/acuerdo-para-fortalecer-el-cafe-en-el-huila\/\",\"name\":\"Acuerdo para fortalecer el caf\u00e9 en el Huila -\",\"isPartOf\":{\"@id\":\"https:\/\/luchonoticias.com\/editor\/#website\"},\"datePublished\":\"2023-08-28T20:48:39+00:00\",\"dateModified\":\"2023-08-28T21:36:22+00:00\",\"breadcrumb\":{\"@id\":\"https:\/\/luchonoticias.com\/editor\/acuerdo-para-fortalecer-el-cafe-en-el-huila\/#breadcrumb\"},\"inLanguage\":\"es\",\"potentialAction\":[{\"@type\":\"ReadAction\",\"target\":[\"https:\/\/luchonoticias.com\/editor\/acuerdo-para-fortalecer-el-cafe-en-el-huila\/\"]}]},{\"@type\":\"BreadcrumbList\",\"@id\":\"https:\/\/luchonoticias.com\/editor\/acuerdo-para-fortalecer-el-cafe-en-el-huila\/#breadcrumb\",\"itemListElement\":[{\"@type\":\"ListItem\",\"position\":1,\"name\":\"Portada\",\"item\":\"https:\/\/luchonoticias.com\/editor\/\"},{\"@type\":\"ListItem\",\"position\":2,\"name\":\"Acuerdo para fortalecer el caf\u00e9 en el Huila\"}]},{\"@type\":\"WebSite\",\"@id\":\"https:\/\/luchonoticias.com\/editor\/#website\",\"url\":\"https:\/\/luchonoticias.com\/editor\/\",\"name\":\"\",\"description\":\"\",\"publisher\":{\"@id\":\"https:\/\/luchonoticias.com\/editor\/#\/schema\/person\/7a7fd911f58561fd056dbac7b55af9cd\"},\"potentialAction\":[{\"@type\":\"SearchAction\",\"target\":{\"@type\":\"EntryPoint\",\"urlTemplate\":\"https:\/\/luchonoticias.com\/editor\/?s={search_term_string}\"},\"query-input\":{\"@type\":\"PropertyValueSpecification\",\"valueRequired\":true,\"valueName\":\"search_term_string\"}}],\"inLanguage\":\"es\"},{\"@type\":[\"Person\",\"Organization\"],\"@id\":\"https:\/\/luchonoticias.com\/editor\/#\/schema\/person\/7a7fd911f58561fd056dbac7b55af9cd\",\"name\":\"admin\",\"image\":{\"@type\":\"ImageObject\",\"inLanguage\":\"es\",\"@id\":\"https:\/\/luchonoticias.com\/editor\/#\/schema\/person\/image\/\",\"url\":\"https:\/\/luchonoticias.com\/editor\/wp-content\/uploads\/2024\/02\/cropped-cropped-logolu.webp\",\"contentUrl\":\"https:\/\/luchonoticias.com\/editor\/wp-content\/uploads\/2024\/02\/cropped-cropped-logolu.webp\",\"width\":382,\"height\":170,\"caption\":\"admin\"},\"logo\":{\"@id\":\"https:\/\/luchonoticias.com\/editor\/#\/schema\/person\/image\/\"},\"sameAs\":[\"https:\/\/www.facebook.com\/luchonoticiasneiva\"]},{\"@type\":\"Person\",\"@id\":\"https:\/\/luchonoticias.com\/editor\/#\/schema\/person\/29217990ddf6f14e35912b2866d591fb\",\"name\":\"Editor General\",\"image\":{\"@type\":\"ImageObject\",\"inLanguage\":\"es\",\"@id\":\"https:\/\/luchonoticias.com\/editor\/#\/schema\/person\/image\/\",\"url\":\"https:\/\/luchonoticias.com\/editor\/wp-content\/uploads\/2024\/02\/cropped-cropped-logolu-150x150.webp\",\"contentUrl\":\"https:\/\/luchonoticias.com\/editor\/wp-content\/uploads\/2024\/02\/cropped-cropped-logolu-150x150.webp\",\"caption\":\"Editor General\"},\"sameAs\":[\"https:\/\/luchonoticias.com\/\"],\"url\":\"https:\/\/luchonoticias.com\/editor\/author\/editor-general\/\"}]}<\/script>\n<!-- \/ Yoast SEO plugin. -->","yoast_head_json":{"title":"Acuerdo para fortalecer el caf\u00e9 en el Huila -","robots":{"index":"index","follow":"follow","max-snippet":"max-snippet:-1","max-image-preview":"max-image-preview:large","max-video-preview":"max-video-preview:-1"},"canonical":"https:\/\/luchonoticias.com\/editor\/acuerdo-para-fortalecer-el-cafe-en-el-huila\/","og_locale":"es_ES","og_type":"article","og_title":"Acuerdo para fortalecer el caf\u00e9 en el Huila -","og_url":"https:\/\/luchonoticias.com\/editor\/acuerdo-para-fortalecer-el-cafe-en-el-huila\/","article_publisher":"https:\/\/www.facebook.com\/luchonoticiasneiva","article_published_time":"2023-08-28T20:48:39+00:00","article_modified_time":"2023-08-28T21:36:22+00:00","author":"Editor General","twitter_card":"summary_large_image","twitter_misc":{"Escrito por":"Editor General","Tiempo de lectura":"1 minuto"},"schema":{"@context":"https:\/\/schema.org","@graph":[{"@type":"Article","@id":"https:\/\/luchonoticias.com\/editor\/acuerdo-para-fortalecer-el-cafe-en-el-huila\/#article","isPartOf":{"@id":"https:\/\/luchonoticias.com\/editor\/acuerdo-para-fortalecer-el-cafe-en-el-huila\/"},"author":{"name":"Editor General","@id":"https:\/\/luchonoticias.com\/editor\/#\/schema\/person\/29217990ddf6f14e35912b2866d591fb"},"headline":"Acuerdo para fortalecer el caf\u00e9 en el Huila","datePublished":"2023-08-28T20:48:39+00:00","dateModified":"2023-08-28T21:36:22+00:00","mainEntityOfPage":{"@id":"https:\/\/luchonoticias.com\/editor\/acuerdo-para-fortalecer-el-cafe-en-el-huila\/"},"wordCount":298,"commentCount":0,"publisher":{"@id":"https:\/\/luchonoticias.com\/editor\/#\/schema\/person\/7a7fd911f58561fd056dbac7b55af9cd"},"articleSection":["Deportes"],"inLanguage":"es","potentialAction":[{"@type":"CommentAction","name":"Comment","target":["https:\/\/luchonoticias.com\/editor\/acuerdo-para-fortalecer-el-cafe-en-el-huila\/#respond"]}]},{"@type":"WebPage","@id":"https:\/\/luchonoticias.com\/editor\/acuerdo-para-fortalecer-el-cafe-en-el-huila\/","url":"https:\/\/luchonoticias.com\/editor\/acuerdo-para-fortalecer-el-cafe-en-el-huila\/","name":"Acuerdo para fortalecer el caf\u00e9 en el Huila -","isPartOf":{"@id":"https:\/\/luchonoticias.com\/editor\/#website"},"datePublished":"2023-08-28T20:48:39+00:00","dateModified":"2023-08-28T21:36:22+00:00","breadcrumb":{"@id":"https:\/\/luchonoticias.com\/editor\/acuerdo-para-fortalecer-el-cafe-en-el-huila\/#breadcrumb"},"inLanguage":"es","potentialAction":[{"@type":"ReadAction","target":["https:\/\/luchonoticias.com\/editor\/acuerdo-para-fortalecer-el-cafe-en-el-huila\/"]}]},{"@type":"BreadcrumbList","@id":"https:\/\/luchonoticias.com\/editor\/acuerdo-para-fortalecer-el-cafe-en-el-huila\/#breadcrumb","itemListElement":[{"@type":"ListItem","position":1,"name":"Portada","item":"https:\/\/luchonoticias.com\/editor\/"},{"@type":"ListItem","position":2,"name":"Acuerdo para fortalecer el caf\u00e9 en el Huila"}]},{"@type":"WebSite","@id":"https:\/\/luchonoticias.com\/editor\/#website","url":"https:\/\/luchonoticias.com\/editor\/","name":"","description":"","publisher":{"@id":"https:\/\/luchonoticias.com\/editor\/#\/schema\/person\/7a7fd911f58561fd056dbac7b55af9cd"},"potentialAction":[{"@type":"SearchAction","target":{"@type":"EntryPoint","urlTemplate":"https:\/\/luchonoticias.com\/editor\/?s={search_term_string}"},"query-input":{"@type":"PropertyValueSpecification","valueRequired":true,"valueName":"search_term_string"}}],"inLanguage":"es"},{"@type":["Person","Organization"],"@id":"https:\/\/luchonoticias.com\/editor\/#\/schema\/person\/7a7fd911f58561fd056dbac7b55af9cd","name":"admin","image":{"@type":"ImageObject","inLanguage":"es","@id":"https:\/\/luchonoticias.com\/editor\/#\/schema\/person\/image\/","url":"https:\/\/luchonoticias.com\/editor\/wp-content\/uploads\/2024\/02\/cropped-cropped-logolu.webp","contentUrl":"https:\/\/luchonoticias.com\/editor\/wp-content\/uploads\/2024\/02\/cropped-cropped-logolu.webp","width":382,"height":170,"caption":"admin"},"logo":{"@id":"https:\/\/luchonoticias.com\/editor\/#\/schema\/person\/image\/"},"sameAs":["https:\/\/www.facebook.com\/luchonoticiasneiva"]},{"@type":"Person","@id":"https:\/\/luchonoticias.com\/editor\/#\/schema\/person\/29217990ddf6f14e35912b2866d591fb","name":"Editor General","image":{"@type":"ImageObject","inLanguage":"es","@id":"https:\/\/luchonoticias.com\/editor\/#\/schema\/person\/image\/","url":"https:\/\/luchonoticias.com\/editor\/wp-content\/uploads\/2024\/02\/cropped-cropped-logolu-150x150.webp","contentUrl":"https:\/\/luchonoticias.com\/editor\/wp-content\/uploads\/2024\/02\/cropped-cropped-logolu-150x150.webp","caption":"Editor General"},"sameAs":["https:\/\/luchonoticias.com\/"],"url":"https:\/\/luchonoticias.com\/editor\/author\/editor-general\/"}]}},"_links":{"self":[{"href":"https:\/\/luchonoticias.com\/editor\/wp-json\/wp\/v2\/posts\/59210","targetHints":{"allow":["GET"]}}],"collection":[{"href":"https:\/\/luchonoticias.com\/editor\/wp-json\/wp\/v2\/posts"}],"about":[{"href":"https:\/\/luchonoticias.com\/editor\/wp-json\/wp\/v2\/types\/post"}],"author":[{"embeddable":true,"href":"https:\/\/luchonoticias.com\/editor\/wp-json\/wp\/v2\/users\/2"}],"replies":[{"embeddable":true,"href":"https:\/\/luchonoticias.com\/editor\/wp-json\/wp\/v2\/comments?post=59210"}],"version-history":[{"count":0,"href":"https:\/\/luchonoticias.com\/editor\/wp-json\/wp\/v2\/posts\/59210\/revisions"}],"wp:attachment":[{"href":"https:\/\/luchonoticias.com\/editor\/wp-json\/wp\/v2\/media?parent=59210"}],"wp:term":[{"taxonomy":"category","embeddable":true,"href":"https:\/\/luchonoticias.com\/editor\/wp-json\/wp\/v2\/categories?post=59210"},{"taxonomy":"post_tag","embeddable":true,"href":"https:\/\/luchonoticias.com\/editor\/wp-json\/wp\/v2\/tags?post=59210"}],"curies":[{"name":"wp","href":"https:\/\/api.w.org\/{rel}","templated":true}]}}