{"id":59218,"date":"2023-08-28T17:23:11","date_gmt":"2023-08-28T22:23:11","guid":{"rendered":"https:\/\/luchonoticias.com\/?p=59218"},"modified":"2023-08-28T17:23:12","modified_gmt":"2023-08-28T22:23:12","slug":"siguen-los-trabajos-de-mantenimiento-vial-en-el-huila","status":"publish","type":"post","link":"https:\/\/luchonoticias.com\/editor\/siguen-los-trabajos-de-mantenimiento-vial-en-el-huila\/","title":{"rendered":"Siguen los trabajos de mantenimiento vial en el Huila"},"content":{"rendered":"\n<p>Son&nbsp;<strong>10 los municipios&nbsp;<\/strong>los que han recibido el&nbsp;<strong>mejoramiento y mantenimiento preventivo<\/strong>&nbsp;de cerca de 45 kil\u00f3metros de v\u00edas en los \u00faltimos 15d\u00edas por parte del gobierno departamental.<\/p>\n\n\n\n<p>De acuerdo a lo informado por el ingeniero Hernando Quezada, Director de los kits de maquinaria adscrita la Secretar\u00eda de V\u00edas e Infraestructura de la Gobernaci\u00f3n del Huila,<strong>&nbsp;se est\u00e1 aprovechando la temporada seca en la regi\u00f3n<\/strong>&nbsp;para que los trabajos que se realizan en las v\u00edas obtengan la compactaci\u00f3n necesaria que garantice mayor durabilidad. Municipios como&nbsp;<strong>N\u00e1taga, Gigante, Algeciras&nbsp;<\/strong>entre otros, recibieron mejoramientos viales.<\/p>\n\n\n\n<p><strong>Se ha llegado tambi\u00e9n a municipios como Campoalegre, Suaza y San Agust\u00edn<\/strong>. Las mingas consistentes en la uni\u00f3n de esfuerzos entre gobernaci\u00f3n, alcald\u00edas y comunidad han sido fundamental para el proceso de agilizaci\u00f3n de los trabajos.<\/p>\n\n\n\n<p>Finalmente en<strong>&nbsp;San Agust\u00edn<\/strong>&nbsp;se ha llegado<strong>&nbsp;al sector conocido como El Jab\u00f3n<\/strong>, donde se trabaja con un kit de maquinaria pese a las constantes lluvias que se presentan en el sector.<\/p>\n","protected":false},"excerpt":{"rendered":"<p>Son&nbsp;10 los municipios&nbsp;los que han recibido el&nbsp;mejoramiento y mantenimiento preventivo&nbsp;de cerca de 45 kil\u00f3metros de v\u00edas en los \u00faltimos 15d\u00edas por parte del gobierno departamental. De acuerdo a lo informado por el ingeniero Hernando Quezada, Director de los kits de maquinaria adscrita la Secretar\u00eda de V\u00edas e Infraestructura de la Gobernaci\u00f3n del Huila,&nbsp;se est\u00e1 aprovechando [&hellip;]<\/p>\n","protected":false},"author":2,"featured_media":0,"comment_status":"open","ping_status":"open","sticky":false,"template":"","format":"standard","meta":{"footnotes":""},"categories":[33],"tags":[],"class_list":["post-59218","post","type-post","status-publish","format-standard","hentry","category-huila"],"yoast_head":"<!-- This site is optimized with the Yoast SEO plugin v26.6 - https:\/\/yoast.com\/wordpress\/plugins\/seo\/ -->\n<title>Siguen los trabajos de mantenimiento vial en el Huila -<\/title>\n<meta name=\"robots\" content=\"index, follow, max-snippet:-1, max-image-preview:large, max-video-preview:-1\" \/>\n<link rel=\"canonical\" href=\"https:\/\/luchonoticias.com\/editor\/siguen-los-trabajos-de-mantenimiento-vial-en-el-huila\/\" \/>\n<meta property=\"og:locale\" content=\"es_ES\" \/>\n<meta property=\"og:type\" content=\"article\" \/>\n<meta property=\"og:title\" content=\"Siguen los trabajos de mantenimiento vial en el Huila -\" \/>\n<meta property=\"og:url\" content=\"https:\/\/luchonoticias.com\/editor\/siguen-los-trabajos-de-mantenimiento-vial-en-el-huila\/\" \/>\n<meta property=\"article:publisher\" content=\"https:\/\/www.facebook.com\/luchonoticiasneiva\" \/>\n<meta property=\"article:published_time\" content=\"2023-08-28T22:23:11+00:00\" \/>\n<meta property=\"article:modified_time\" content=\"2023-08-28T22:23:12+00:00\" \/>\n<meta name=\"author\" content=\"Editor General\" \/>\n<meta name=\"twitter:card\" content=\"summary_large_image\" \/>\n<meta name=\"twitter:label1\" content=\"Escrito por\" \/>\n\t<meta name=\"twitter:data1\" content=\"Editor General\" \/>\n\t<meta name=\"twitter:label2\" content=\"Tiempo de lectura\" \/>\n\t<meta name=\"twitter:data2\" content=\"1 minuto\" \/>\n<script type=\"application\/ld+json\" class=\"yoast-schema-graph\">{\"@context\":\"https:\/\/schema.org\",\"@graph\":[{\"@type\":\"Article\",\"@id\":\"https:\/\/luchonoticias.com\/editor\/siguen-los-trabajos-de-mantenimiento-vial-en-el-huila\/#article\",\"isPartOf\":{\"@id\":\"https:\/\/luchonoticias.com\/editor\/siguen-los-trabajos-de-mantenimiento-vial-en-el-huila\/\"},\"author\":{\"name\":\"Editor General\",\"@id\":\"https:\/\/luchonoticias.com\/editor\/#\/schema\/person\/29217990ddf6f14e35912b2866d591fb\"},\"headline\":\"Siguen los trabajos de mantenimiento vial en el Huila\",\"datePublished\":\"2023-08-28T22:23:11+00:00\",\"dateModified\":\"2023-08-28T22:23:12+00:00\",\"mainEntityOfPage\":{\"@id\":\"https:\/\/luchonoticias.com\/editor\/siguen-los-trabajos-de-mantenimiento-vial-en-el-huila\/\"},\"wordCount\":198,\"commentCount\":0,\"publisher\":{\"@id\":\"https:\/\/luchonoticias.com\/editor\/#\/schema\/person\/7a7fd911f58561fd056dbac7b55af9cd\"},\"articleSection\":[\"Huila\"],\"inLanguage\":\"es\",\"potentialAction\":[{\"@type\":\"CommentAction\",\"name\":\"Comment\",\"target\":[\"https:\/\/luchonoticias.com\/editor\/siguen-los-trabajos-de-mantenimiento-vial-en-el-huila\/#respond\"]}]},{\"@type\":\"WebPage\",\"@id\":\"https:\/\/luchonoticias.com\/editor\/siguen-los-trabajos-de-mantenimiento-vial-en-el-huila\/\",\"url\":\"https:\/\/luchonoticias.com\/editor\/siguen-los-trabajos-de-mantenimiento-vial-en-el-huila\/\",\"name\":\"Siguen los trabajos de mantenimiento vial en el Huila -\",\"isPartOf\":{\"@id\":\"https:\/\/luchonoticias.com\/editor\/#website\"},\"datePublished\":\"2023-08-28T22:23:11+00:00\",\"dateModified\":\"2023-08-28T22:23:12+00:00\",\"breadcrumb\":{\"@id\":\"https:\/\/luchonoticias.com\/editor\/siguen-los-trabajos-de-mantenimiento-vial-en-el-huila\/#breadcrumb\"},\"inLanguage\":\"es\",\"potentialAction\":[{\"@type\":\"ReadAction\",\"target\":[\"https:\/\/luchonoticias.com\/editor\/siguen-los-trabajos-de-mantenimiento-vial-en-el-huila\/\"]}]},{\"@type\":\"BreadcrumbList\",\"@id\":\"https:\/\/luchonoticias.com\/editor\/siguen-los-trabajos-de-mantenimiento-vial-en-el-huila\/#breadcrumb\",\"itemListElement\":[{\"@type\":\"ListItem\",\"position\":1,\"name\":\"Portada\",\"item\":\"https:\/\/luchonoticias.com\/editor\/\"},{\"@type\":\"ListItem\",\"position\":2,\"name\":\"Siguen los trabajos de mantenimiento vial en el Huila\"}]},{\"@type\":\"WebSite\",\"@id\":\"https:\/\/luchonoticias.com\/editor\/#website\",\"url\":\"https:\/\/luchonoticias.com\/editor\/\",\"name\":\"\",\"description\":\"\",\"publisher\":{\"@id\":\"https:\/\/luchonoticias.com\/editor\/#\/schema\/person\/7a7fd911f58561fd056dbac7b55af9cd\"},\"potentialAction\":[{\"@type\":\"SearchAction\",\"target\":{\"@type\":\"EntryPoint\",\"urlTemplate\":\"https:\/\/luchonoticias.com\/editor\/?s={search_term_string}\"},\"query-input\":{\"@type\":\"PropertyValueSpecification\",\"valueRequired\":true,\"valueName\":\"search_term_string\"}}],\"inLanguage\":\"es\"},{\"@type\":[\"Person\",\"Organization\"],\"@id\":\"https:\/\/luchonoticias.com\/editor\/#\/schema\/person\/7a7fd911f58561fd056dbac7b55af9cd\",\"name\":\"admin\",\"image\":{\"@type\":\"ImageObject\",\"inLanguage\":\"es\",\"@id\":\"https:\/\/luchonoticias.com\/editor\/#\/schema\/person\/image\/\",\"url\":\"https:\/\/luchonoticias.com\/editor\/wp-content\/uploads\/2024\/02\/cropped-cropped-logolu.webp\",\"contentUrl\":\"https:\/\/luchonoticias.com\/editor\/wp-content\/uploads\/2024\/02\/cropped-cropped-logolu.webp\",\"width\":382,\"height\":170,\"caption\":\"admin\"},\"logo\":{\"@id\":\"https:\/\/luchonoticias.com\/editor\/#\/schema\/person\/image\/\"},\"sameAs\":[\"https:\/\/www.facebook.com\/luchonoticiasneiva\"]},{\"@type\":\"Person\",\"@id\":\"https:\/\/luchonoticias.com\/editor\/#\/schema\/person\/29217990ddf6f14e35912b2866d591fb\",\"name\":\"Editor General\",\"image\":{\"@type\":\"ImageObject\",\"inLanguage\":\"es\",\"@id\":\"https:\/\/luchonoticias.com\/editor\/#\/schema\/person\/image\/\",\"url\":\"https:\/\/luchonoticias.com\/editor\/wp-content\/uploads\/2024\/02\/cropped-cropped-logolu-150x150.webp\",\"contentUrl\":\"https:\/\/luchonoticias.com\/editor\/wp-content\/uploads\/2024\/02\/cropped-cropped-logolu-150x150.webp\",\"caption\":\"Editor General\"},\"sameAs\":[\"https:\/\/luchonoticias.com\/\"],\"url\":\"https:\/\/luchonoticias.com\/editor\/author\/editor-general\/\"}]}<\/script>\n<!-- \/ Yoast SEO plugin. -->","yoast_head_json":{"title":"Siguen los trabajos de mantenimiento vial en el Huila -","robots":{"index":"index","follow":"follow","max-snippet":"max-snippet:-1","max-image-preview":"max-image-preview:large","max-video-preview":"max-video-preview:-1"},"canonical":"https:\/\/luchonoticias.com\/editor\/siguen-los-trabajos-de-mantenimiento-vial-en-el-huila\/","og_locale":"es_ES","og_type":"article","og_title":"Siguen los trabajos de mantenimiento vial en el Huila -","og_url":"https:\/\/luchonoticias.com\/editor\/siguen-los-trabajos-de-mantenimiento-vial-en-el-huila\/","article_publisher":"https:\/\/www.facebook.com\/luchonoticiasneiva","article_published_time":"2023-08-28T22:23:11+00:00","article_modified_time":"2023-08-28T22:23:12+00:00","author":"Editor General","twitter_card":"summary_large_image","twitter_misc":{"Escrito por":"Editor General","Tiempo de lectura":"1 minuto"},"schema":{"@context":"https:\/\/schema.org","@graph":[{"@type":"Article","@id":"https:\/\/luchonoticias.com\/editor\/siguen-los-trabajos-de-mantenimiento-vial-en-el-huila\/#article","isPartOf":{"@id":"https:\/\/luchonoticias.com\/editor\/siguen-los-trabajos-de-mantenimiento-vial-en-el-huila\/"},"author":{"name":"Editor General","@id":"https:\/\/luchonoticias.com\/editor\/#\/schema\/person\/29217990ddf6f14e35912b2866d591fb"},"headline":"Siguen los trabajos de mantenimiento vial en el Huila","datePublished":"2023-08-28T22:23:11+00:00","dateModified":"2023-08-28T22:23:12+00:00","mainEntityOfPage":{"@id":"https:\/\/luchonoticias.com\/editor\/siguen-los-trabajos-de-mantenimiento-vial-en-el-huila\/"},"wordCount":198,"commentCount":0,"publisher":{"@id":"https:\/\/luchonoticias.com\/editor\/#\/schema\/person\/7a7fd911f58561fd056dbac7b55af9cd"},"articleSection":["Huila"],"inLanguage":"es","potentialAction":[{"@type":"CommentAction","name":"Comment","target":["https:\/\/luchonoticias.com\/editor\/siguen-los-trabajos-de-mantenimiento-vial-en-el-huila\/#respond"]}]},{"@type":"WebPage","@id":"https:\/\/luchonoticias.com\/editor\/siguen-los-trabajos-de-mantenimiento-vial-en-el-huila\/","url":"https:\/\/luchonoticias.com\/editor\/siguen-los-trabajos-de-mantenimiento-vial-en-el-huila\/","name":"Siguen los trabajos de mantenimiento vial en el Huila -","isPartOf":{"@id":"https:\/\/luchonoticias.com\/editor\/#website"},"datePublished":"2023-08-28T22:23:11+00:00","dateModified":"2023-08-28T22:23:12+00:00","breadcrumb":{"@id":"https:\/\/luchonoticias.com\/editor\/siguen-los-trabajos-de-mantenimiento-vial-en-el-huila\/#breadcrumb"},"inLanguage":"es","potentialAction":[{"@type":"ReadAction","target":["https:\/\/luchonoticias.com\/editor\/siguen-los-trabajos-de-mantenimiento-vial-en-el-huila\/"]}]},{"@type":"BreadcrumbList","@id":"https:\/\/luchonoticias.com\/editor\/siguen-los-trabajos-de-mantenimiento-vial-en-el-huila\/#breadcrumb","itemListElement":[{"@type":"ListItem","position":1,"name":"Portada","item":"https:\/\/luchonoticias.com\/editor\/"},{"@type":"ListItem","position":2,"name":"Siguen los trabajos de mantenimiento vial en el Huila"}]},{"@type":"WebSite","@id":"https:\/\/luchonoticias.com\/editor\/#website","url":"https:\/\/luchonoticias.com\/editor\/","name":"","description":"","publisher":{"@id":"https:\/\/luchonoticias.com\/editor\/#\/schema\/person\/7a7fd911f58561fd056dbac7b55af9cd"},"potentialAction":[{"@type":"SearchAction","target":{"@type":"EntryPoint","urlTemplate":"https:\/\/luchonoticias.com\/editor\/?s={search_term_string}"},"query-input":{"@type":"PropertyValueSpecification","valueRequired":true,"valueName":"search_term_string"}}],"inLanguage":"es"},{"@type":["Person","Organization"],"@id":"https:\/\/luchonoticias.com\/editor\/#\/schema\/person\/7a7fd911f58561fd056dbac7b55af9cd","name":"admin","image":{"@type":"ImageObject","inLanguage":"es","@id":"https:\/\/luchonoticias.com\/editor\/#\/schema\/person\/image\/","url":"https:\/\/luchonoticias.com\/editor\/wp-content\/uploads\/2024\/02\/cropped-cropped-logolu.webp","contentUrl":"https:\/\/luchonoticias.com\/editor\/wp-content\/uploads\/2024\/02\/cropped-cropped-logolu.webp","width":382,"height":170,"caption":"admin"},"logo":{"@id":"https:\/\/luchonoticias.com\/editor\/#\/schema\/person\/image\/"},"sameAs":["https:\/\/www.facebook.com\/luchonoticiasneiva"]},{"@type":"Person","@id":"https:\/\/luchonoticias.com\/editor\/#\/schema\/person\/29217990ddf6f14e35912b2866d591fb","name":"Editor General","image":{"@type":"ImageObject","inLanguage":"es","@id":"https:\/\/luchonoticias.com\/editor\/#\/schema\/person\/image\/","url":"https:\/\/luchonoticias.com\/editor\/wp-content\/uploads\/2024\/02\/cropped-cropped-logolu-150x150.webp","contentUrl":"https:\/\/luchonoticias.com\/editor\/wp-content\/uploads\/2024\/02\/cropped-cropped-logolu-150x150.webp","caption":"Editor General"},"sameAs":["https:\/\/luchonoticias.com\/"],"url":"https:\/\/luchonoticias.com\/editor\/author\/editor-general\/"}]}},"_links":{"self":[{"href":"https:\/\/luchonoticias.com\/editor\/wp-json\/wp\/v2\/posts\/59218","targetHints":{"allow":["GET"]}}],"collection":[{"href":"https:\/\/luchonoticias.com\/editor\/wp-json\/wp\/v2\/posts"}],"about":[{"href":"https:\/\/luchonoticias.com\/editor\/wp-json\/wp\/v2\/types\/post"}],"author":[{"embeddable":true,"href":"https:\/\/luchonoticias.com\/editor\/wp-json\/wp\/v2\/users\/2"}],"replies":[{"embeddable":true,"href":"https:\/\/luchonoticias.com\/editor\/wp-json\/wp\/v2\/comments?post=59218"}],"version-history":[{"count":0,"href":"https:\/\/luchonoticias.com\/editor\/wp-json\/wp\/v2\/posts\/59218\/revisions"}],"wp:attachment":[{"href":"https:\/\/luchonoticias.com\/editor\/wp-json\/wp\/v2\/media?parent=59218"}],"wp:term":[{"taxonomy":"category","embeddable":true,"href":"https:\/\/luchonoticias.com\/editor\/wp-json\/wp\/v2\/categories?post=59218"},{"taxonomy":"post_tag","embeddable":true,"href":"https:\/\/luchonoticias.com\/editor\/wp-json\/wp\/v2\/tags?post=59218"}],"curies":[{"name":"wp","href":"https:\/\/api.w.org\/{rel}","templated":true}]}}