{"id":59247,"date":"2023-08-29T07:13:47","date_gmt":"2023-08-29T12:13:47","guid":{"rendered":"https:\/\/luchonoticias.com\/?p=59247"},"modified":"2023-08-29T07:13:48","modified_gmt":"2023-08-29T12:13:48","slug":"solo-ampliando-y-fortaleciendo-el-sistema-interamericano-de-derechos-humanos-lograremos-sociedades-en-paz-presidente-petro-urrego-en-la-corte-idh","status":"publish","type":"post","link":"https:\/\/luchonoticias.com\/editor\/solo-ampliando-y-fortaleciendo-el-sistema-interamericano-de-derechos-humanos-lograremos-sociedades-en-paz-presidente-petro-urrego-en-la-corte-idh\/","title":{"rendered":"\u201cSolo ampliando y fortaleciendo el Sistema Interamericano de Derechos Humanos lograremos sociedades en paz\u201d: Presidente Petro Urrego en la Corte IDH"},"content":{"rendered":"\n<p>\u201cNo es acabando el Sistema Interamericano de Derechos Humanos como progresamos, es fortaleci\u00e9ndolo, ampli\u00e1ndolo, como lograremos sociedades libres, sociedades alrededor del derecho y la libertad y la justicia, por tanto, sociedades en paz\u201d.<\/p>\n\n\n\n<p>De esta forma exhort\u00f3 el Presidente Gustavo Petro a las naciones que hacen parte del Sistema Interamericano para fortalecerlo, ampliando la Declaraci\u00f3n de Derechos Humanos, durante su visita oficial a la Corte Interamericana de Derechos Humanos (Corte IDH).<\/p>\n\n\n\n<p>Puede leer: palabras del Presidente Gustavo Petro en la posesi\u00f3n de los Embajadores de Colombia en la OEA, ONU, Argentina, Uruguay, Guatemala y Nicaragua<\/p>\n\n\n\n<p>El jefe de Estado colombiano indic\u00f3 que la Carta de Derechos Interamericana debe ampliarse a la mujer, a la naturaleza y a los derechos colectivos y sociales.<\/p>\n\n\n\n<p>\u201cPusimos aqu\u00ed sobre la mesa varios temas en la discusi\u00f3n. El primero, que, en lugar de acabar el Sistema Americano, lo que tenemos es que fortalecerlo\u201d, se\u00f1al\u00f3 el mandatario.<\/p>\n\n\n\n<p>El Presidente Petro enfatiz\u00f3 en la necesidad de cumplir las sentencias que emite la Corte IDH por parte de los pa\u00edses que hacen parte del Sistema Interamericano.<\/p>\n\n\n\n<p>\u201cLa Convenci\u00f3n Americana, la Declaraci\u00f3n Americana, obliga a todas las partes que la firmaron a hacer obligatorias sus sentencias. Y de una u otra manera, esa obligatoriedad viene siendo combatida por quienes quisieran la destrucci\u00f3n de los derechos humanos, para quienes quisieran la destrucci\u00f3n de las libertades de nuestras gentes, de nuestras sociedades\u201d.<\/p>\n\n\n\n<p>En ese sentido, \u201cyo mismo soy un beneficiario de la Corte Interamericana. Soy presidente gracias a decisiones de nuestra justicia interna y a las decisiones de la Corte Interamericana de Derechos Humanos que generaron incluso una escuela de discusi\u00f3n jur\u00eddica\u201d, subray\u00f3 el Presidente.<\/p>\n\n\n\n<p>Le puede interesar: Audiencia Sentencia del Caso Petro Urrego Vs. Colombia<\/p>\n\n\n\n<p>En la reuni\u00f3n en la Corte IDH, con el mandatario colombiano participaron su presidente, Ricardo P\u00e9rez Manrique; el vicepresidente de este organismo, Eduardo Ferrer Mac Gregor Poisot, y la secretaria general adjunta, Romina Sijniensky.&nbsp;<\/p>\n\n\n\n<p>Plantearon mecanismos para ajustar los tiempos de las sentencias emitidas por la Corte IDH y as\u00ed agilizar la aplicaci\u00f3n de sus decisiones, al igual que su fortalecimiento financiero.<\/p>\n\n\n\n<p>Le puede interesar: VIDEO: \u00bfCu\u00e1les son las funciones de la Corte Interamericana de Derechos Humanos?<\/p>\n\n\n\n<p>El alto tribunal de las am\u00e9ricas \u201cha demostrado que es una barrera contra el autoritarismo, las dictaduras, las circunstancias que en muchos pa\u00edses de nuestras Am\u00e9ricas destruyen los derechos de las personas y los derechos humanos fundamentales\u201d, advirti\u00f3 el jefe de Estado colombiano.<\/p>\n\n\n\n<p>El otro motivo de la visita tiene como antesala la reuni\u00f3n que har\u00e1 la Corte IDH en Bogot\u00e1, en el cumplimiento de los 75 a\u00f1os de su creaci\u00f3n el 9 de abril de 2024, fecha en la se celebr\u00f3 la IX Conferencia Panamericana, la cual dio vida al Sistema Interamericano.<\/p>\n\n\n\n<p>\u201cUna fecha que para los colombianos es supremamente importante. El 9 de abril del 48, precisamente en la ciudad de Bogot\u00e1, y en unos momentos que se convirtieron en un determinante de nuestros d\u00edas, de nuestros a\u00f1os y de nuestra historia contempor\u00e1nea, porque en ese mismo d\u00eda asesinaron a Jorge Eli\u00e9cer Gait\u00e1n y le quitaron los derechos pol\u00edticos, no solamente a trav\u00e9s de quitarle la vida a quien era un gran dirigente del pa\u00eds, sino a los derechos pol\u00edticos de buena parte de la sociedad colombiana\u201d, explic\u00f3 el mandatario.<\/p>\n\n\n\n<p>El jefe de Estado colombiano, previo a su intervenci\u00f3n al tribunal interamericano, recibi\u00f3 de manos del Presidente de la Corte IDH, Ricardo P\u00e9rez Manrique, un mazo s\u00edmbolo de justicia.<\/p>\n","protected":false},"excerpt":{"rendered":"<p>\u201cNo es acabando el Sistema Interamericano de Derechos Humanos como progresamos, es fortaleci\u00e9ndolo, ampli\u00e1ndolo, como lograremos sociedades libres, sociedades alrededor del derecho y la libertad y la justicia, por tanto, sociedades en paz\u201d. De esta forma exhort\u00f3 el Presidente Gustavo Petro a las naciones que hacen parte del Sistema Interamericano para fortalecerlo, ampliando la Declaraci\u00f3n [&hellip;]<\/p>\n","protected":false},"author":2,"featured_media":0,"comment_status":"open","ping_status":"open","sticky":false,"template":"","format":"standard","meta":{"footnotes":""},"categories":[28,36],"tags":[],"class_list":["post-59247","post","type-post","status-publish","format-standard","hentry","category-actualidad","category-destacado"],"yoast_head":"<!-- This site is optimized with the Yoast SEO plugin v26.6 - https:\/\/yoast.com\/wordpress\/plugins\/seo\/ -->\n<title>\u201cSolo ampliando y fortaleciendo el Sistema Interamericano de Derechos Humanos lograremos sociedades en paz\u201d: Presidente Petro Urrego en la Corte IDH -<\/title>\n<meta name=\"robots\" content=\"index, follow, max-snippet:-1, max-image-preview:large, max-video-preview:-1\" \/>\n<link rel=\"canonical\" href=\"https:\/\/luchonoticias.com\/editor\/solo-ampliando-y-fortaleciendo-el-sistema-interamericano-de-derechos-humanos-lograremos-sociedades-en-paz-presidente-petro-urrego-en-la-corte-idh\/\" \/>\n<meta property=\"og:locale\" content=\"es_ES\" \/>\n<meta property=\"og:type\" content=\"article\" \/>\n<meta property=\"og:title\" content=\"\u201cSolo ampliando y fortaleciendo el Sistema Interamericano de Derechos Humanos lograremos sociedades en paz\u201d: Presidente Petro Urrego en la Corte IDH -\" \/>\n<meta property=\"og:url\" content=\"https:\/\/luchonoticias.com\/editor\/solo-ampliando-y-fortaleciendo-el-sistema-interamericano-de-derechos-humanos-lograremos-sociedades-en-paz-presidente-petro-urrego-en-la-corte-idh\/\" \/>\n<meta property=\"article:publisher\" content=\"https:\/\/www.facebook.com\/luchonoticiasneiva\" \/>\n<meta property=\"article:published_time\" content=\"2023-08-29T12:13:47+00:00\" \/>\n<meta property=\"article:modified_time\" content=\"2023-08-29T12:13:48+00:00\" \/>\n<meta name=\"author\" content=\"Editor General\" \/>\n<meta name=\"twitter:card\" content=\"summary_large_image\" \/>\n<meta name=\"twitter:label1\" content=\"Escrito por\" \/>\n\t<meta name=\"twitter:data1\" content=\"Editor General\" \/>\n\t<meta name=\"twitter:label2\" content=\"Tiempo de lectura\" \/>\n\t<meta name=\"twitter:data2\" content=\"3 minutos\" \/>\n<script type=\"application\/ld+json\" class=\"yoast-schema-graph\">{\"@context\":\"https:\/\/schema.org\",\"@graph\":[{\"@type\":\"Article\",\"@id\":\"https:\/\/luchonoticias.com\/editor\/solo-ampliando-y-fortaleciendo-el-sistema-interamericano-de-derechos-humanos-lograremos-sociedades-en-paz-presidente-petro-urrego-en-la-corte-idh\/#article\",\"isPartOf\":{\"@id\":\"https:\/\/luchonoticias.com\/editor\/solo-ampliando-y-fortaleciendo-el-sistema-interamericano-de-derechos-humanos-lograremos-sociedades-en-paz-presidente-petro-urrego-en-la-corte-idh\/\"},\"author\":{\"name\":\"Editor General\",\"@id\":\"https:\/\/luchonoticias.com\/editor\/#\/schema\/person\/29217990ddf6f14e35912b2866d591fb\"},\"headline\":\"\u201cSolo ampliando y fortaleciendo el Sistema Interamericano de Derechos Humanos lograremos sociedades en paz\u201d: Presidente Petro Urrego en la Corte IDH\",\"datePublished\":\"2023-08-29T12:13:47+00:00\",\"dateModified\":\"2023-08-29T12:13:48+00:00\",\"mainEntityOfPage\":{\"@id\":\"https:\/\/luchonoticias.com\/editor\/solo-ampliando-y-fortaleciendo-el-sistema-interamericano-de-derechos-humanos-lograremos-sociedades-en-paz-presidente-petro-urrego-en-la-corte-idh\/\"},\"wordCount\":626,\"commentCount\":0,\"publisher\":{\"@id\":\"https:\/\/luchonoticias.com\/editor\/#\/schema\/person\/7a7fd911f58561fd056dbac7b55af9cd\"},\"articleSection\":[\"Actualidad\",\"Destacado\"],\"inLanguage\":\"es\",\"potentialAction\":[{\"@type\":\"CommentAction\",\"name\":\"Comment\",\"target\":[\"https:\/\/luchonoticias.com\/editor\/solo-ampliando-y-fortaleciendo-el-sistema-interamericano-de-derechos-humanos-lograremos-sociedades-en-paz-presidente-petro-urrego-en-la-corte-idh\/#respond\"]}]},{\"@type\":\"WebPage\",\"@id\":\"https:\/\/luchonoticias.com\/editor\/solo-ampliando-y-fortaleciendo-el-sistema-interamericano-de-derechos-humanos-lograremos-sociedades-en-paz-presidente-petro-urrego-en-la-corte-idh\/\",\"url\":\"https:\/\/luchonoticias.com\/editor\/solo-ampliando-y-fortaleciendo-el-sistema-interamericano-de-derechos-humanos-lograremos-sociedades-en-paz-presidente-petro-urrego-en-la-corte-idh\/\",\"name\":\"\u201cSolo ampliando y fortaleciendo el Sistema Interamericano de Derechos Humanos lograremos sociedades en paz\u201d: Presidente Petro Urrego en la Corte IDH -\",\"isPartOf\":{\"@id\":\"https:\/\/luchonoticias.com\/editor\/#website\"},\"datePublished\":\"2023-08-29T12:13:47+00:00\",\"dateModified\":\"2023-08-29T12:13:48+00:00\",\"breadcrumb\":{\"@id\":\"https:\/\/luchonoticias.com\/editor\/solo-ampliando-y-fortaleciendo-el-sistema-interamericano-de-derechos-humanos-lograremos-sociedades-en-paz-presidente-petro-urrego-en-la-corte-idh\/#breadcrumb\"},\"inLanguage\":\"es\",\"potentialAction\":[{\"@type\":\"ReadAction\",\"target\":[\"https:\/\/luchonoticias.com\/editor\/solo-ampliando-y-fortaleciendo-el-sistema-interamericano-de-derechos-humanos-lograremos-sociedades-en-paz-presidente-petro-urrego-en-la-corte-idh\/\"]}]},{\"@type\":\"BreadcrumbList\",\"@id\":\"https:\/\/luchonoticias.com\/editor\/solo-ampliando-y-fortaleciendo-el-sistema-interamericano-de-derechos-humanos-lograremos-sociedades-en-paz-presidente-petro-urrego-en-la-corte-idh\/#breadcrumb\",\"itemListElement\":[{\"@type\":\"ListItem\",\"position\":1,\"name\":\"Portada\",\"item\":\"https:\/\/luchonoticias.com\/editor\/\"},{\"@type\":\"ListItem\",\"position\":2,\"name\":\"\u201cSolo ampliando y fortaleciendo el Sistema Interamericano de Derechos Humanos lograremos sociedades en paz\u201d: Presidente Petro Urrego en la Corte IDH\"}]},{\"@type\":\"WebSite\",\"@id\":\"https:\/\/luchonoticias.com\/editor\/#website\",\"url\":\"https:\/\/luchonoticias.com\/editor\/\",\"name\":\"\",\"description\":\"\",\"publisher\":{\"@id\":\"https:\/\/luchonoticias.com\/editor\/#\/schema\/person\/7a7fd911f58561fd056dbac7b55af9cd\"},\"potentialAction\":[{\"@type\":\"SearchAction\",\"target\":{\"@type\":\"EntryPoint\",\"urlTemplate\":\"https:\/\/luchonoticias.com\/editor\/?s={search_term_string}\"},\"query-input\":{\"@type\":\"PropertyValueSpecification\",\"valueRequired\":true,\"valueName\":\"search_term_string\"}}],\"inLanguage\":\"es\"},{\"@type\":[\"Person\",\"Organization\"],\"@id\":\"https:\/\/luchonoticias.com\/editor\/#\/schema\/person\/7a7fd911f58561fd056dbac7b55af9cd\",\"name\":\"admin\",\"image\":{\"@type\":\"ImageObject\",\"inLanguage\":\"es\",\"@id\":\"https:\/\/luchonoticias.com\/editor\/#\/schema\/person\/image\/\",\"url\":\"https:\/\/luchonoticias.com\/editor\/wp-content\/uploads\/2024\/02\/cropped-cropped-logolu.webp\",\"contentUrl\":\"https:\/\/luchonoticias.com\/editor\/wp-content\/uploads\/2024\/02\/cropped-cropped-logolu.webp\",\"width\":382,\"height\":170,\"caption\":\"admin\"},\"logo\":{\"@id\":\"https:\/\/luchonoticias.com\/editor\/#\/schema\/person\/image\/\"},\"sameAs\":[\"https:\/\/www.facebook.com\/luchonoticiasneiva\"]},{\"@type\":\"Person\",\"@id\":\"https:\/\/luchonoticias.com\/editor\/#\/schema\/person\/29217990ddf6f14e35912b2866d591fb\",\"name\":\"Editor General\",\"image\":{\"@type\":\"ImageObject\",\"inLanguage\":\"es\",\"@id\":\"https:\/\/luchonoticias.com\/editor\/#\/schema\/person\/image\/\",\"url\":\"https:\/\/luchonoticias.com\/editor\/wp-content\/uploads\/2024\/02\/cropped-cropped-logolu-150x150.webp\",\"contentUrl\":\"https:\/\/luchonoticias.com\/editor\/wp-content\/uploads\/2024\/02\/cropped-cropped-logolu-150x150.webp\",\"caption\":\"Editor General\"},\"sameAs\":[\"https:\/\/luchonoticias.com\/\"],\"url\":\"https:\/\/luchonoticias.com\/editor\/author\/editor-general\/\"}]}<\/script>\n<!-- \/ Yoast SEO plugin. -->","yoast_head_json":{"title":"\u201cSolo ampliando y fortaleciendo el Sistema Interamericano de Derechos Humanos lograremos sociedades en paz\u201d: Presidente Petro Urrego en la Corte IDH -","robots":{"index":"index","follow":"follow","max-snippet":"max-snippet:-1","max-image-preview":"max-image-preview:large","max-video-preview":"max-video-preview:-1"},"canonical":"https:\/\/luchonoticias.com\/editor\/solo-ampliando-y-fortaleciendo-el-sistema-interamericano-de-derechos-humanos-lograremos-sociedades-en-paz-presidente-petro-urrego-en-la-corte-idh\/","og_locale":"es_ES","og_type":"article","og_title":"\u201cSolo ampliando y fortaleciendo el Sistema Interamericano de Derechos Humanos lograremos sociedades en paz\u201d: Presidente Petro Urrego en la Corte IDH -","og_url":"https:\/\/luchonoticias.com\/editor\/solo-ampliando-y-fortaleciendo-el-sistema-interamericano-de-derechos-humanos-lograremos-sociedades-en-paz-presidente-petro-urrego-en-la-corte-idh\/","article_publisher":"https:\/\/www.facebook.com\/luchonoticiasneiva","article_published_time":"2023-08-29T12:13:47+00:00","article_modified_time":"2023-08-29T12:13:48+00:00","author":"Editor General","twitter_card":"summary_large_image","twitter_misc":{"Escrito por":"Editor General","Tiempo de lectura":"3 minutos"},"schema":{"@context":"https:\/\/schema.org","@graph":[{"@type":"Article","@id":"https:\/\/luchonoticias.com\/editor\/solo-ampliando-y-fortaleciendo-el-sistema-interamericano-de-derechos-humanos-lograremos-sociedades-en-paz-presidente-petro-urrego-en-la-corte-idh\/#article","isPartOf":{"@id":"https:\/\/luchonoticias.com\/editor\/solo-ampliando-y-fortaleciendo-el-sistema-interamericano-de-derechos-humanos-lograremos-sociedades-en-paz-presidente-petro-urrego-en-la-corte-idh\/"},"author":{"name":"Editor General","@id":"https:\/\/luchonoticias.com\/editor\/#\/schema\/person\/29217990ddf6f14e35912b2866d591fb"},"headline":"\u201cSolo ampliando y fortaleciendo el Sistema Interamericano de Derechos Humanos lograremos sociedades en paz\u201d: Presidente Petro Urrego en la Corte IDH","datePublished":"2023-08-29T12:13:47+00:00","dateModified":"2023-08-29T12:13:48+00:00","mainEntityOfPage":{"@id":"https:\/\/luchonoticias.com\/editor\/solo-ampliando-y-fortaleciendo-el-sistema-interamericano-de-derechos-humanos-lograremos-sociedades-en-paz-presidente-petro-urrego-en-la-corte-idh\/"},"wordCount":626,"commentCount":0,"publisher":{"@id":"https:\/\/luchonoticias.com\/editor\/#\/schema\/person\/7a7fd911f58561fd056dbac7b55af9cd"},"articleSection":["Actualidad","Destacado"],"inLanguage":"es","potentialAction":[{"@type":"CommentAction","name":"Comment","target":["https:\/\/luchonoticias.com\/editor\/solo-ampliando-y-fortaleciendo-el-sistema-interamericano-de-derechos-humanos-lograremos-sociedades-en-paz-presidente-petro-urrego-en-la-corte-idh\/#respond"]}]},{"@type":"WebPage","@id":"https:\/\/luchonoticias.com\/editor\/solo-ampliando-y-fortaleciendo-el-sistema-interamericano-de-derechos-humanos-lograremos-sociedades-en-paz-presidente-petro-urrego-en-la-corte-idh\/","url":"https:\/\/luchonoticias.com\/editor\/solo-ampliando-y-fortaleciendo-el-sistema-interamericano-de-derechos-humanos-lograremos-sociedades-en-paz-presidente-petro-urrego-en-la-corte-idh\/","name":"\u201cSolo ampliando y fortaleciendo el Sistema Interamericano de Derechos Humanos lograremos sociedades en paz\u201d: Presidente Petro Urrego en la Corte IDH -","isPartOf":{"@id":"https:\/\/luchonoticias.com\/editor\/#website"},"datePublished":"2023-08-29T12:13:47+00:00","dateModified":"2023-08-29T12:13:48+00:00","breadcrumb":{"@id":"https:\/\/luchonoticias.com\/editor\/solo-ampliando-y-fortaleciendo-el-sistema-interamericano-de-derechos-humanos-lograremos-sociedades-en-paz-presidente-petro-urrego-en-la-corte-idh\/#breadcrumb"},"inLanguage":"es","potentialAction":[{"@type":"ReadAction","target":["https:\/\/luchonoticias.com\/editor\/solo-ampliando-y-fortaleciendo-el-sistema-interamericano-de-derechos-humanos-lograremos-sociedades-en-paz-presidente-petro-urrego-en-la-corte-idh\/"]}]},{"@type":"BreadcrumbList","@id":"https:\/\/luchonoticias.com\/editor\/solo-ampliando-y-fortaleciendo-el-sistema-interamericano-de-derechos-humanos-lograremos-sociedades-en-paz-presidente-petro-urrego-en-la-corte-idh\/#breadcrumb","itemListElement":[{"@type":"ListItem","position":1,"name":"Portada","item":"https:\/\/luchonoticias.com\/editor\/"},{"@type":"ListItem","position":2,"name":"\u201cSolo ampliando y fortaleciendo el Sistema Interamericano de Derechos Humanos lograremos sociedades en paz\u201d: Presidente Petro Urrego en la Corte IDH"}]},{"@type":"WebSite","@id":"https:\/\/luchonoticias.com\/editor\/#website","url":"https:\/\/luchonoticias.com\/editor\/","name":"","description":"","publisher":{"@id":"https:\/\/luchonoticias.com\/editor\/#\/schema\/person\/7a7fd911f58561fd056dbac7b55af9cd"},"potentialAction":[{"@type":"SearchAction","target":{"@type":"EntryPoint","urlTemplate":"https:\/\/luchonoticias.com\/editor\/?s={search_term_string}"},"query-input":{"@type":"PropertyValueSpecification","valueRequired":true,"valueName":"search_term_string"}}],"inLanguage":"es"},{"@type":["Person","Organization"],"@id":"https:\/\/luchonoticias.com\/editor\/#\/schema\/person\/7a7fd911f58561fd056dbac7b55af9cd","name":"admin","image":{"@type":"ImageObject","inLanguage":"es","@id":"https:\/\/luchonoticias.com\/editor\/#\/schema\/person\/image\/","url":"https:\/\/luchonoticias.com\/editor\/wp-content\/uploads\/2024\/02\/cropped-cropped-logolu.webp","contentUrl":"https:\/\/luchonoticias.com\/editor\/wp-content\/uploads\/2024\/02\/cropped-cropped-logolu.webp","width":382,"height":170,"caption":"admin"},"logo":{"@id":"https:\/\/luchonoticias.com\/editor\/#\/schema\/person\/image\/"},"sameAs":["https:\/\/www.facebook.com\/luchonoticiasneiva"]},{"@type":"Person","@id":"https:\/\/luchonoticias.com\/editor\/#\/schema\/person\/29217990ddf6f14e35912b2866d591fb","name":"Editor General","image":{"@type":"ImageObject","inLanguage":"es","@id":"https:\/\/luchonoticias.com\/editor\/#\/schema\/person\/image\/","url":"https:\/\/luchonoticias.com\/editor\/wp-content\/uploads\/2024\/02\/cropped-cropped-logolu-150x150.webp","contentUrl":"https:\/\/luchonoticias.com\/editor\/wp-content\/uploads\/2024\/02\/cropped-cropped-logolu-150x150.webp","caption":"Editor General"},"sameAs":["https:\/\/luchonoticias.com\/"],"url":"https:\/\/luchonoticias.com\/editor\/author\/editor-general\/"}]}},"_links":{"self":[{"href":"https:\/\/luchonoticias.com\/editor\/wp-json\/wp\/v2\/posts\/59247","targetHints":{"allow":["GET"]}}],"collection":[{"href":"https:\/\/luchonoticias.com\/editor\/wp-json\/wp\/v2\/posts"}],"about":[{"href":"https:\/\/luchonoticias.com\/editor\/wp-json\/wp\/v2\/types\/post"}],"author":[{"embeddable":true,"href":"https:\/\/luchonoticias.com\/editor\/wp-json\/wp\/v2\/users\/2"}],"replies":[{"embeddable":true,"href":"https:\/\/luchonoticias.com\/editor\/wp-json\/wp\/v2\/comments?post=59247"}],"version-history":[{"count":0,"href":"https:\/\/luchonoticias.com\/editor\/wp-json\/wp\/v2\/posts\/59247\/revisions"}],"wp:attachment":[{"href":"https:\/\/luchonoticias.com\/editor\/wp-json\/wp\/v2\/media?parent=59247"}],"wp:term":[{"taxonomy":"category","embeddable":true,"href":"https:\/\/luchonoticias.com\/editor\/wp-json\/wp\/v2\/categories?post=59247"},{"taxonomy":"post_tag","embeddable":true,"href":"https:\/\/luchonoticias.com\/editor\/wp-json\/wp\/v2\/tags?post=59247"}],"curies":[{"name":"wp","href":"https:\/\/api.w.org\/{rel}","templated":true}]}}