{"id":59466,"date":"2023-09-01T04:52:39","date_gmt":"2023-09-01T09:52:39","guid":{"rendered":"https:\/\/luchonoticias.com\/?p=59466"},"modified":"2023-09-01T04:52:44","modified_gmt":"2023-09-01T09:52:44","slug":"vuelve-el-utrahuilca-a-la-liga-de-futbol-sala","status":"publish","type":"post","link":"https:\/\/luchonoticias.com\/editor\/vuelve-el-utrahuilca-a-la-liga-de-futbol-sala\/","title":{"rendered":"Vuelve el Utrahuilca a la Liga de F\u00fatbol Sala"},"content":{"rendered":"\n<p>Luego de\u00a0<strong>dos fechas de aplazamiento obligatorio<\/strong>, retornan las acciones del\u00a0<strong>Utrahuilca\u00a0<\/strong>en la\u00a0<strong>Liga de F\u00fatbol Sala<\/strong>.<\/p>\n\n\n\n<p>Para el d\u00eda de\u00a0<strong>hoy en horas de la tarde<\/strong>\u00a0el quinteto dirigido por Juli\u00e1n C\u00e1rdenas debutar\u00e1 de visitante, en esta oportunidad\u00a0<strong>en Bogot\u00e1 ante el Sport Team Club\u00a0<\/strong>a las 6:30 de la tarde.\u00a0<\/p>\n\n\n\n<p>Recordar que el conjunto solidario&nbsp;<strong>solo ha jugado un partido:<\/strong>&nbsp;la victoria como local ante la Academia Central de Cajic\u00e1, recordar que debido a que buena parte del equipo intervino en el clasificatorio de f\u00fatbol sala a Juegos Nacionales, la escuadra no hizo presencia en las dos \u00faltimas fechas del campeonato.<\/p>\n","protected":false},"excerpt":{"rendered":"<p>Luego de\u00a0dos fechas de aplazamiento obligatorio, retornan las acciones del\u00a0Utrahuilca\u00a0en la\u00a0Liga de F\u00fatbol Sala. Para el d\u00eda de\u00a0hoy en horas de la tarde\u00a0el quinteto dirigido por Juli\u00e1n C\u00e1rdenas debutar\u00e1 de visitante, en esta oportunidad\u00a0en Bogot\u00e1 ante el Sport Team Club\u00a0a las 6:30 de la tarde.\u00a0 Recordar que el conjunto solidario&nbsp;solo ha jugado un partido:&nbsp;la victoria [&hellip;]<\/p>\n","protected":false},"author":2,"featured_media":0,"comment_status":"open","ping_status":"open","sticky":false,"template":"","format":"standard","meta":{"footnotes":""},"categories":[34],"tags":[],"class_list":["post-59466","post","type-post","status-publish","format-standard","hentry","category-deportes"],"yoast_head":"<!-- This site is optimized with the Yoast SEO plugin v26.6 - https:\/\/yoast.com\/wordpress\/plugins\/seo\/ -->\n<title>Vuelve el Utrahuilca a la Liga de F\u00fatbol Sala -<\/title>\n<meta name=\"robots\" content=\"index, follow, max-snippet:-1, max-image-preview:large, max-video-preview:-1\" \/>\n<link rel=\"canonical\" href=\"https:\/\/luchonoticias.com\/editor\/vuelve-el-utrahuilca-a-la-liga-de-futbol-sala\/\" \/>\n<meta property=\"og:locale\" content=\"es_ES\" \/>\n<meta property=\"og:type\" content=\"article\" \/>\n<meta property=\"og:title\" content=\"Vuelve el Utrahuilca a la Liga de F\u00fatbol Sala -\" \/>\n<meta property=\"og:url\" content=\"https:\/\/luchonoticias.com\/editor\/vuelve-el-utrahuilca-a-la-liga-de-futbol-sala\/\" \/>\n<meta property=\"article:publisher\" content=\"https:\/\/www.facebook.com\/luchonoticiasneiva\" \/>\n<meta property=\"article:published_time\" content=\"2023-09-01T09:52:39+00:00\" \/>\n<meta property=\"article:modified_time\" content=\"2023-09-01T09:52:44+00:00\" \/>\n<meta name=\"author\" content=\"Editor General\" \/>\n<meta name=\"twitter:card\" content=\"summary_large_image\" \/>\n<meta name=\"twitter:label1\" content=\"Escrito por\" \/>\n\t<meta name=\"twitter:data1\" content=\"Editor General\" \/>\n\t<meta name=\"twitter:label2\" content=\"Tiempo de lectura\" \/>\n\t<meta name=\"twitter:data2\" content=\"1 minuto\" \/>\n<script type=\"application\/ld+json\" class=\"yoast-schema-graph\">{\"@context\":\"https:\/\/schema.org\",\"@graph\":[{\"@type\":\"Article\",\"@id\":\"https:\/\/luchonoticias.com\/editor\/vuelve-el-utrahuilca-a-la-liga-de-futbol-sala\/#article\",\"isPartOf\":{\"@id\":\"https:\/\/luchonoticias.com\/editor\/vuelve-el-utrahuilca-a-la-liga-de-futbol-sala\/\"},\"author\":{\"name\":\"Editor General\",\"@id\":\"https:\/\/luchonoticias.com\/editor\/#\/schema\/person\/29217990ddf6f14e35912b2866d591fb\"},\"headline\":\"Vuelve el Utrahuilca a la Liga de F\u00fatbol Sala\",\"datePublished\":\"2023-09-01T09:52:39+00:00\",\"dateModified\":\"2023-09-01T09:52:44+00:00\",\"mainEntityOfPage\":{\"@id\":\"https:\/\/luchonoticias.com\/editor\/vuelve-el-utrahuilca-a-la-liga-de-futbol-sala\/\"},\"wordCount\":120,\"commentCount\":0,\"publisher\":{\"@id\":\"https:\/\/luchonoticias.com\/editor\/#\/schema\/person\/7a7fd911f58561fd056dbac7b55af9cd\"},\"articleSection\":[\"Deportes\"],\"inLanguage\":\"es\",\"potentialAction\":[{\"@type\":\"CommentAction\",\"name\":\"Comment\",\"target\":[\"https:\/\/luchonoticias.com\/editor\/vuelve-el-utrahuilca-a-la-liga-de-futbol-sala\/#respond\"]}]},{\"@type\":\"WebPage\",\"@id\":\"https:\/\/luchonoticias.com\/editor\/vuelve-el-utrahuilca-a-la-liga-de-futbol-sala\/\",\"url\":\"https:\/\/luchonoticias.com\/editor\/vuelve-el-utrahuilca-a-la-liga-de-futbol-sala\/\",\"name\":\"Vuelve el Utrahuilca a la Liga de F\u00fatbol Sala -\",\"isPartOf\":{\"@id\":\"https:\/\/luchonoticias.com\/editor\/#website\"},\"datePublished\":\"2023-09-01T09:52:39+00:00\",\"dateModified\":\"2023-09-01T09:52:44+00:00\",\"breadcrumb\":{\"@id\":\"https:\/\/luchonoticias.com\/editor\/vuelve-el-utrahuilca-a-la-liga-de-futbol-sala\/#breadcrumb\"},\"inLanguage\":\"es\",\"potentialAction\":[{\"@type\":\"ReadAction\",\"target\":[\"https:\/\/luchonoticias.com\/editor\/vuelve-el-utrahuilca-a-la-liga-de-futbol-sala\/\"]}]},{\"@type\":\"BreadcrumbList\",\"@id\":\"https:\/\/luchonoticias.com\/editor\/vuelve-el-utrahuilca-a-la-liga-de-futbol-sala\/#breadcrumb\",\"itemListElement\":[{\"@type\":\"ListItem\",\"position\":1,\"name\":\"Portada\",\"item\":\"https:\/\/luchonoticias.com\/editor\/\"},{\"@type\":\"ListItem\",\"position\":2,\"name\":\"Vuelve el Utrahuilca a la Liga de F\u00fatbol Sala\"}]},{\"@type\":\"WebSite\",\"@id\":\"https:\/\/luchonoticias.com\/editor\/#website\",\"url\":\"https:\/\/luchonoticias.com\/editor\/\",\"name\":\"\",\"description\":\"\",\"publisher\":{\"@id\":\"https:\/\/luchonoticias.com\/editor\/#\/schema\/person\/7a7fd911f58561fd056dbac7b55af9cd\"},\"potentialAction\":[{\"@type\":\"SearchAction\",\"target\":{\"@type\":\"EntryPoint\",\"urlTemplate\":\"https:\/\/luchonoticias.com\/editor\/?s={search_term_string}\"},\"query-input\":{\"@type\":\"PropertyValueSpecification\",\"valueRequired\":true,\"valueName\":\"search_term_string\"}}],\"inLanguage\":\"es\"},{\"@type\":[\"Person\",\"Organization\"],\"@id\":\"https:\/\/luchonoticias.com\/editor\/#\/schema\/person\/7a7fd911f58561fd056dbac7b55af9cd\",\"name\":\"admin\",\"image\":{\"@type\":\"ImageObject\",\"inLanguage\":\"es\",\"@id\":\"https:\/\/luchonoticias.com\/editor\/#\/schema\/person\/image\/\",\"url\":\"https:\/\/luchonoticias.com\/editor\/wp-content\/uploads\/2024\/02\/cropped-cropped-logolu.webp\",\"contentUrl\":\"https:\/\/luchonoticias.com\/editor\/wp-content\/uploads\/2024\/02\/cropped-cropped-logolu.webp\",\"width\":382,\"height\":170,\"caption\":\"admin\"},\"logo\":{\"@id\":\"https:\/\/luchonoticias.com\/editor\/#\/schema\/person\/image\/\"},\"sameAs\":[\"https:\/\/www.facebook.com\/luchonoticiasneiva\"]},{\"@type\":\"Person\",\"@id\":\"https:\/\/luchonoticias.com\/editor\/#\/schema\/person\/29217990ddf6f14e35912b2866d591fb\",\"name\":\"Editor General\",\"image\":{\"@type\":\"ImageObject\",\"inLanguage\":\"es\",\"@id\":\"https:\/\/luchonoticias.com\/editor\/#\/schema\/person\/image\/\",\"url\":\"https:\/\/luchonoticias.com\/editor\/wp-content\/uploads\/2024\/02\/cropped-cropped-logolu-150x150.webp\",\"contentUrl\":\"https:\/\/luchonoticias.com\/editor\/wp-content\/uploads\/2024\/02\/cropped-cropped-logolu-150x150.webp\",\"caption\":\"Editor General\"},\"sameAs\":[\"https:\/\/luchonoticias.com\/\"],\"url\":\"https:\/\/luchonoticias.com\/editor\/author\/editor-general\/\"}]}<\/script>\n<!-- \/ Yoast SEO plugin. -->","yoast_head_json":{"title":"Vuelve el Utrahuilca a la Liga de F\u00fatbol Sala -","robots":{"index":"index","follow":"follow","max-snippet":"max-snippet:-1","max-image-preview":"max-image-preview:large","max-video-preview":"max-video-preview:-1"},"canonical":"https:\/\/luchonoticias.com\/editor\/vuelve-el-utrahuilca-a-la-liga-de-futbol-sala\/","og_locale":"es_ES","og_type":"article","og_title":"Vuelve el Utrahuilca a la Liga de F\u00fatbol Sala -","og_url":"https:\/\/luchonoticias.com\/editor\/vuelve-el-utrahuilca-a-la-liga-de-futbol-sala\/","article_publisher":"https:\/\/www.facebook.com\/luchonoticiasneiva","article_published_time":"2023-09-01T09:52:39+00:00","article_modified_time":"2023-09-01T09:52:44+00:00","author":"Editor General","twitter_card":"summary_large_image","twitter_misc":{"Escrito por":"Editor General","Tiempo de lectura":"1 minuto"},"schema":{"@context":"https:\/\/schema.org","@graph":[{"@type":"Article","@id":"https:\/\/luchonoticias.com\/editor\/vuelve-el-utrahuilca-a-la-liga-de-futbol-sala\/#article","isPartOf":{"@id":"https:\/\/luchonoticias.com\/editor\/vuelve-el-utrahuilca-a-la-liga-de-futbol-sala\/"},"author":{"name":"Editor General","@id":"https:\/\/luchonoticias.com\/editor\/#\/schema\/person\/29217990ddf6f14e35912b2866d591fb"},"headline":"Vuelve el Utrahuilca a la Liga de F\u00fatbol Sala","datePublished":"2023-09-01T09:52:39+00:00","dateModified":"2023-09-01T09:52:44+00:00","mainEntityOfPage":{"@id":"https:\/\/luchonoticias.com\/editor\/vuelve-el-utrahuilca-a-la-liga-de-futbol-sala\/"},"wordCount":120,"commentCount":0,"publisher":{"@id":"https:\/\/luchonoticias.com\/editor\/#\/schema\/person\/7a7fd911f58561fd056dbac7b55af9cd"},"articleSection":["Deportes"],"inLanguage":"es","potentialAction":[{"@type":"CommentAction","name":"Comment","target":["https:\/\/luchonoticias.com\/editor\/vuelve-el-utrahuilca-a-la-liga-de-futbol-sala\/#respond"]}]},{"@type":"WebPage","@id":"https:\/\/luchonoticias.com\/editor\/vuelve-el-utrahuilca-a-la-liga-de-futbol-sala\/","url":"https:\/\/luchonoticias.com\/editor\/vuelve-el-utrahuilca-a-la-liga-de-futbol-sala\/","name":"Vuelve el Utrahuilca a la Liga de F\u00fatbol Sala -","isPartOf":{"@id":"https:\/\/luchonoticias.com\/editor\/#website"},"datePublished":"2023-09-01T09:52:39+00:00","dateModified":"2023-09-01T09:52:44+00:00","breadcrumb":{"@id":"https:\/\/luchonoticias.com\/editor\/vuelve-el-utrahuilca-a-la-liga-de-futbol-sala\/#breadcrumb"},"inLanguage":"es","potentialAction":[{"@type":"ReadAction","target":["https:\/\/luchonoticias.com\/editor\/vuelve-el-utrahuilca-a-la-liga-de-futbol-sala\/"]}]},{"@type":"BreadcrumbList","@id":"https:\/\/luchonoticias.com\/editor\/vuelve-el-utrahuilca-a-la-liga-de-futbol-sala\/#breadcrumb","itemListElement":[{"@type":"ListItem","position":1,"name":"Portada","item":"https:\/\/luchonoticias.com\/editor\/"},{"@type":"ListItem","position":2,"name":"Vuelve el Utrahuilca a la Liga de F\u00fatbol Sala"}]},{"@type":"WebSite","@id":"https:\/\/luchonoticias.com\/editor\/#website","url":"https:\/\/luchonoticias.com\/editor\/","name":"","description":"","publisher":{"@id":"https:\/\/luchonoticias.com\/editor\/#\/schema\/person\/7a7fd911f58561fd056dbac7b55af9cd"},"potentialAction":[{"@type":"SearchAction","target":{"@type":"EntryPoint","urlTemplate":"https:\/\/luchonoticias.com\/editor\/?s={search_term_string}"},"query-input":{"@type":"PropertyValueSpecification","valueRequired":true,"valueName":"search_term_string"}}],"inLanguage":"es"},{"@type":["Person","Organization"],"@id":"https:\/\/luchonoticias.com\/editor\/#\/schema\/person\/7a7fd911f58561fd056dbac7b55af9cd","name":"admin","image":{"@type":"ImageObject","inLanguage":"es","@id":"https:\/\/luchonoticias.com\/editor\/#\/schema\/person\/image\/","url":"https:\/\/luchonoticias.com\/editor\/wp-content\/uploads\/2024\/02\/cropped-cropped-logolu.webp","contentUrl":"https:\/\/luchonoticias.com\/editor\/wp-content\/uploads\/2024\/02\/cropped-cropped-logolu.webp","width":382,"height":170,"caption":"admin"},"logo":{"@id":"https:\/\/luchonoticias.com\/editor\/#\/schema\/person\/image\/"},"sameAs":["https:\/\/www.facebook.com\/luchonoticiasneiva"]},{"@type":"Person","@id":"https:\/\/luchonoticias.com\/editor\/#\/schema\/person\/29217990ddf6f14e35912b2866d591fb","name":"Editor General","image":{"@type":"ImageObject","inLanguage":"es","@id":"https:\/\/luchonoticias.com\/editor\/#\/schema\/person\/image\/","url":"https:\/\/luchonoticias.com\/editor\/wp-content\/uploads\/2024\/02\/cropped-cropped-logolu-150x150.webp","contentUrl":"https:\/\/luchonoticias.com\/editor\/wp-content\/uploads\/2024\/02\/cropped-cropped-logolu-150x150.webp","caption":"Editor General"},"sameAs":["https:\/\/luchonoticias.com\/"],"url":"https:\/\/luchonoticias.com\/editor\/author\/editor-general\/"}]}},"_links":{"self":[{"href":"https:\/\/luchonoticias.com\/editor\/wp-json\/wp\/v2\/posts\/59466","targetHints":{"allow":["GET"]}}],"collection":[{"href":"https:\/\/luchonoticias.com\/editor\/wp-json\/wp\/v2\/posts"}],"about":[{"href":"https:\/\/luchonoticias.com\/editor\/wp-json\/wp\/v2\/types\/post"}],"author":[{"embeddable":true,"href":"https:\/\/luchonoticias.com\/editor\/wp-json\/wp\/v2\/users\/2"}],"replies":[{"embeddable":true,"href":"https:\/\/luchonoticias.com\/editor\/wp-json\/wp\/v2\/comments?post=59466"}],"version-history":[{"count":0,"href":"https:\/\/luchonoticias.com\/editor\/wp-json\/wp\/v2\/posts\/59466\/revisions"}],"wp:attachment":[{"href":"https:\/\/luchonoticias.com\/editor\/wp-json\/wp\/v2\/media?parent=59466"}],"wp:term":[{"taxonomy":"category","embeddable":true,"href":"https:\/\/luchonoticias.com\/editor\/wp-json\/wp\/v2\/categories?post=59466"},{"taxonomy":"post_tag","embeddable":true,"href":"https:\/\/luchonoticias.com\/editor\/wp-json\/wp\/v2\/tags?post=59466"}],"curies":[{"name":"wp","href":"https:\/\/api.w.org\/{rel}","templated":true}]}}