{"id":59468,"date":"2023-09-01T04:59:28","date_gmt":"2023-09-01T09:59:28","guid":{"rendered":"https:\/\/luchonoticias.com\/?p=59468"},"modified":"2023-09-01T04:59:32","modified_gmt":"2023-09-01T09:59:32","slug":"ciclista-huilense-retorno-a-la-competencia-pero-no-en-la-ruta","status":"publish","type":"post","link":"https:\/\/luchonoticias.com\/editor\/ciclista-huilense-retorno-a-la-competencia-pero-no-en-la-ruta\/","title":{"rendered":"Ciclista huilense retorn\u00f3 a la competencia&#8230;pero no en la ruta"},"content":{"rendered":"\n<p>Luego de\u00a0<strong>m\u00e1s de un a\u00f1o<\/strong>\u00a0sin ver acci\u00f3n en la competencia,\u00a0<strong>retorn\u00f3\u00a0<\/strong>a la actividad en Europa el ciclista huilense\u00a0<strong>Kristian Yustre<\/strong>, eso s\u00ed, no en el ciclismo en pista.<\/p>\n\n\n\n<p>El pedalista nativo de Acevedo hizo presencia\u00a0<strong>el pasado fin de semana en B\u00e9lgica<\/strong>\u00a0en la\u00a0<strong>carrera Houffa Gravel,\u00a0<\/strong>perteneciente a la Yuzzu Gravel Series de ciclismo, donde intervino\u00a0<strong>en la prueba de los 110 kil\u00f3metros\u00a0<\/strong>y en la que cruz\u00f3 la meta en la plaza 19, el\u00a0<strong>ganador\u00a0<\/strong>de la competencia fue el ciclista local world tour\u00a0<strong>Wout Van Aert.\u00a0<\/strong><\/p>\n\n\n\n<p>Destacar que Yustre fue&nbsp;<strong>el mejor corredor no europeo de esta competencia<\/strong>, adem\u00e1s del \u00fanico latinoamericano; el corredor del sur del Huila particip\u00f3 con el equipo Reverb Cycling y espero hacer presencia en la pr\u00f3xima etapa que ser\u00e1 en Italia.<\/p>\n","protected":false},"excerpt":{"rendered":"<p>Luego de\u00a0m\u00e1s de un a\u00f1o\u00a0sin ver acci\u00f3n en la competencia,\u00a0retorn\u00f3\u00a0a la actividad en Europa el ciclista huilense\u00a0Kristian Yustre, eso s\u00ed, no en el ciclismo en pista. El pedalista nativo de Acevedo hizo presencia\u00a0el pasado fin de semana en B\u00e9lgica\u00a0en la\u00a0carrera Houffa Gravel,\u00a0perteneciente a la Yuzzu Gravel Series de ciclismo, donde intervino\u00a0en la prueba de los [&hellip;]<\/p>\n","protected":false},"author":2,"featured_media":0,"comment_status":"open","ping_status":"open","sticky":false,"template":"","format":"standard","meta":{"footnotes":""},"categories":[34],"tags":[],"class_list":["post-59468","post","type-post","status-publish","format-standard","hentry","category-deportes"],"yoast_head":"<!-- This site is optimized with the Yoast SEO plugin v26.6 - https:\/\/yoast.com\/wordpress\/plugins\/seo\/ -->\n<title>Ciclista huilense retorn\u00f3 a la competencia...pero no en la ruta -<\/title>\n<meta name=\"robots\" content=\"index, follow, max-snippet:-1, max-image-preview:large, max-video-preview:-1\" \/>\n<link rel=\"canonical\" href=\"https:\/\/luchonoticias.com\/editor\/ciclista-huilense-retorno-a-la-competencia-pero-no-en-la-ruta\/\" \/>\n<meta property=\"og:locale\" content=\"es_ES\" \/>\n<meta property=\"og:type\" content=\"article\" \/>\n<meta property=\"og:title\" content=\"Ciclista huilense retorn\u00f3 a la competencia...pero no en la ruta -\" \/>\n<meta property=\"og:url\" content=\"https:\/\/luchonoticias.com\/editor\/ciclista-huilense-retorno-a-la-competencia-pero-no-en-la-ruta\/\" \/>\n<meta property=\"article:publisher\" content=\"https:\/\/www.facebook.com\/luchonoticiasneiva\" \/>\n<meta property=\"article:published_time\" content=\"2023-09-01T09:59:28+00:00\" \/>\n<meta property=\"article:modified_time\" content=\"2023-09-01T09:59:32+00:00\" \/>\n<meta name=\"author\" content=\"Editor General\" \/>\n<meta name=\"twitter:card\" content=\"summary_large_image\" \/>\n<meta name=\"twitter:label1\" content=\"Escrito por\" \/>\n\t<meta name=\"twitter:data1\" content=\"Editor General\" \/>\n\t<meta name=\"twitter:label2\" content=\"Tiempo de lectura\" \/>\n\t<meta name=\"twitter:data2\" content=\"1 minuto\" \/>\n<script type=\"application\/ld+json\" class=\"yoast-schema-graph\">{\"@context\":\"https:\/\/schema.org\",\"@graph\":[{\"@type\":\"Article\",\"@id\":\"https:\/\/luchonoticias.com\/editor\/ciclista-huilense-retorno-a-la-competencia-pero-no-en-la-ruta\/#article\",\"isPartOf\":{\"@id\":\"https:\/\/luchonoticias.com\/editor\/ciclista-huilense-retorno-a-la-competencia-pero-no-en-la-ruta\/\"},\"author\":{\"name\":\"Editor General\",\"@id\":\"https:\/\/luchonoticias.com\/editor\/#\/schema\/person\/29217990ddf6f14e35912b2866d591fb\"},\"headline\":\"Ciclista huilense retorn\u00f3 a la competencia&#8230;pero no en la ruta\",\"datePublished\":\"2023-09-01T09:59:28+00:00\",\"dateModified\":\"2023-09-01T09:59:32+00:00\",\"mainEntityOfPage\":{\"@id\":\"https:\/\/luchonoticias.com\/editor\/ciclista-huilense-retorno-a-la-competencia-pero-no-en-la-ruta\/\"},\"wordCount\":149,\"commentCount\":0,\"publisher\":{\"@id\":\"https:\/\/luchonoticias.com\/editor\/#\/schema\/person\/7a7fd911f58561fd056dbac7b55af9cd\"},\"articleSection\":[\"Deportes\"],\"inLanguage\":\"es\",\"potentialAction\":[{\"@type\":\"CommentAction\",\"name\":\"Comment\",\"target\":[\"https:\/\/luchonoticias.com\/editor\/ciclista-huilense-retorno-a-la-competencia-pero-no-en-la-ruta\/#respond\"]}]},{\"@type\":\"WebPage\",\"@id\":\"https:\/\/luchonoticias.com\/editor\/ciclista-huilense-retorno-a-la-competencia-pero-no-en-la-ruta\/\",\"url\":\"https:\/\/luchonoticias.com\/editor\/ciclista-huilense-retorno-a-la-competencia-pero-no-en-la-ruta\/\",\"name\":\"Ciclista huilense retorn\u00f3 a la competencia...pero no en la ruta -\",\"isPartOf\":{\"@id\":\"https:\/\/luchonoticias.com\/editor\/#website\"},\"datePublished\":\"2023-09-01T09:59:28+00:00\",\"dateModified\":\"2023-09-01T09:59:32+00:00\",\"breadcrumb\":{\"@id\":\"https:\/\/luchonoticias.com\/editor\/ciclista-huilense-retorno-a-la-competencia-pero-no-en-la-ruta\/#breadcrumb\"},\"inLanguage\":\"es\",\"potentialAction\":[{\"@type\":\"ReadAction\",\"target\":[\"https:\/\/luchonoticias.com\/editor\/ciclista-huilense-retorno-a-la-competencia-pero-no-en-la-ruta\/\"]}]},{\"@type\":\"BreadcrumbList\",\"@id\":\"https:\/\/luchonoticias.com\/editor\/ciclista-huilense-retorno-a-la-competencia-pero-no-en-la-ruta\/#breadcrumb\",\"itemListElement\":[{\"@type\":\"ListItem\",\"position\":1,\"name\":\"Portada\",\"item\":\"https:\/\/luchonoticias.com\/editor\/\"},{\"@type\":\"ListItem\",\"position\":2,\"name\":\"Ciclista huilense retorn\u00f3 a la competencia&#8230;pero no en la ruta\"}]},{\"@type\":\"WebSite\",\"@id\":\"https:\/\/luchonoticias.com\/editor\/#website\",\"url\":\"https:\/\/luchonoticias.com\/editor\/\",\"name\":\"\",\"description\":\"\",\"publisher\":{\"@id\":\"https:\/\/luchonoticias.com\/editor\/#\/schema\/person\/7a7fd911f58561fd056dbac7b55af9cd\"},\"potentialAction\":[{\"@type\":\"SearchAction\",\"target\":{\"@type\":\"EntryPoint\",\"urlTemplate\":\"https:\/\/luchonoticias.com\/editor\/?s={search_term_string}\"},\"query-input\":{\"@type\":\"PropertyValueSpecification\",\"valueRequired\":true,\"valueName\":\"search_term_string\"}}],\"inLanguage\":\"es\"},{\"@type\":[\"Person\",\"Organization\"],\"@id\":\"https:\/\/luchonoticias.com\/editor\/#\/schema\/person\/7a7fd911f58561fd056dbac7b55af9cd\",\"name\":\"admin\",\"image\":{\"@type\":\"ImageObject\",\"inLanguage\":\"es\",\"@id\":\"https:\/\/luchonoticias.com\/editor\/#\/schema\/person\/image\/\",\"url\":\"https:\/\/luchonoticias.com\/editor\/wp-content\/uploads\/2024\/02\/cropped-cropped-logolu.webp\",\"contentUrl\":\"https:\/\/luchonoticias.com\/editor\/wp-content\/uploads\/2024\/02\/cropped-cropped-logolu.webp\",\"width\":382,\"height\":170,\"caption\":\"admin\"},\"logo\":{\"@id\":\"https:\/\/luchonoticias.com\/editor\/#\/schema\/person\/image\/\"},\"sameAs\":[\"https:\/\/www.facebook.com\/luchonoticiasneiva\"]},{\"@type\":\"Person\",\"@id\":\"https:\/\/luchonoticias.com\/editor\/#\/schema\/person\/29217990ddf6f14e35912b2866d591fb\",\"name\":\"Editor General\",\"image\":{\"@type\":\"ImageObject\",\"inLanguage\":\"es\",\"@id\":\"https:\/\/luchonoticias.com\/editor\/#\/schema\/person\/image\/\",\"url\":\"https:\/\/luchonoticias.com\/editor\/wp-content\/uploads\/2024\/02\/cropped-cropped-logolu-150x150.webp\",\"contentUrl\":\"https:\/\/luchonoticias.com\/editor\/wp-content\/uploads\/2024\/02\/cropped-cropped-logolu-150x150.webp\",\"caption\":\"Editor General\"},\"sameAs\":[\"https:\/\/luchonoticias.com\/\"],\"url\":\"https:\/\/luchonoticias.com\/editor\/author\/editor-general\/\"}]}<\/script>\n<!-- \/ Yoast SEO plugin. -->","yoast_head_json":{"title":"Ciclista huilense retorn\u00f3 a la competencia...pero no en la ruta -","robots":{"index":"index","follow":"follow","max-snippet":"max-snippet:-1","max-image-preview":"max-image-preview:large","max-video-preview":"max-video-preview:-1"},"canonical":"https:\/\/luchonoticias.com\/editor\/ciclista-huilense-retorno-a-la-competencia-pero-no-en-la-ruta\/","og_locale":"es_ES","og_type":"article","og_title":"Ciclista huilense retorn\u00f3 a la competencia...pero no en la ruta -","og_url":"https:\/\/luchonoticias.com\/editor\/ciclista-huilense-retorno-a-la-competencia-pero-no-en-la-ruta\/","article_publisher":"https:\/\/www.facebook.com\/luchonoticiasneiva","article_published_time":"2023-09-01T09:59:28+00:00","article_modified_time":"2023-09-01T09:59:32+00:00","author":"Editor General","twitter_card":"summary_large_image","twitter_misc":{"Escrito por":"Editor General","Tiempo de lectura":"1 minuto"},"schema":{"@context":"https:\/\/schema.org","@graph":[{"@type":"Article","@id":"https:\/\/luchonoticias.com\/editor\/ciclista-huilense-retorno-a-la-competencia-pero-no-en-la-ruta\/#article","isPartOf":{"@id":"https:\/\/luchonoticias.com\/editor\/ciclista-huilense-retorno-a-la-competencia-pero-no-en-la-ruta\/"},"author":{"name":"Editor General","@id":"https:\/\/luchonoticias.com\/editor\/#\/schema\/person\/29217990ddf6f14e35912b2866d591fb"},"headline":"Ciclista huilense retorn\u00f3 a la competencia&#8230;pero no en la ruta","datePublished":"2023-09-01T09:59:28+00:00","dateModified":"2023-09-01T09:59:32+00:00","mainEntityOfPage":{"@id":"https:\/\/luchonoticias.com\/editor\/ciclista-huilense-retorno-a-la-competencia-pero-no-en-la-ruta\/"},"wordCount":149,"commentCount":0,"publisher":{"@id":"https:\/\/luchonoticias.com\/editor\/#\/schema\/person\/7a7fd911f58561fd056dbac7b55af9cd"},"articleSection":["Deportes"],"inLanguage":"es","potentialAction":[{"@type":"CommentAction","name":"Comment","target":["https:\/\/luchonoticias.com\/editor\/ciclista-huilense-retorno-a-la-competencia-pero-no-en-la-ruta\/#respond"]}]},{"@type":"WebPage","@id":"https:\/\/luchonoticias.com\/editor\/ciclista-huilense-retorno-a-la-competencia-pero-no-en-la-ruta\/","url":"https:\/\/luchonoticias.com\/editor\/ciclista-huilense-retorno-a-la-competencia-pero-no-en-la-ruta\/","name":"Ciclista huilense retorn\u00f3 a la competencia...pero no en la ruta -","isPartOf":{"@id":"https:\/\/luchonoticias.com\/editor\/#website"},"datePublished":"2023-09-01T09:59:28+00:00","dateModified":"2023-09-01T09:59:32+00:00","breadcrumb":{"@id":"https:\/\/luchonoticias.com\/editor\/ciclista-huilense-retorno-a-la-competencia-pero-no-en-la-ruta\/#breadcrumb"},"inLanguage":"es","potentialAction":[{"@type":"ReadAction","target":["https:\/\/luchonoticias.com\/editor\/ciclista-huilense-retorno-a-la-competencia-pero-no-en-la-ruta\/"]}]},{"@type":"BreadcrumbList","@id":"https:\/\/luchonoticias.com\/editor\/ciclista-huilense-retorno-a-la-competencia-pero-no-en-la-ruta\/#breadcrumb","itemListElement":[{"@type":"ListItem","position":1,"name":"Portada","item":"https:\/\/luchonoticias.com\/editor\/"},{"@type":"ListItem","position":2,"name":"Ciclista huilense retorn\u00f3 a la competencia&#8230;pero no en la ruta"}]},{"@type":"WebSite","@id":"https:\/\/luchonoticias.com\/editor\/#website","url":"https:\/\/luchonoticias.com\/editor\/","name":"","description":"","publisher":{"@id":"https:\/\/luchonoticias.com\/editor\/#\/schema\/person\/7a7fd911f58561fd056dbac7b55af9cd"},"potentialAction":[{"@type":"SearchAction","target":{"@type":"EntryPoint","urlTemplate":"https:\/\/luchonoticias.com\/editor\/?s={search_term_string}"},"query-input":{"@type":"PropertyValueSpecification","valueRequired":true,"valueName":"search_term_string"}}],"inLanguage":"es"},{"@type":["Person","Organization"],"@id":"https:\/\/luchonoticias.com\/editor\/#\/schema\/person\/7a7fd911f58561fd056dbac7b55af9cd","name":"admin","image":{"@type":"ImageObject","inLanguage":"es","@id":"https:\/\/luchonoticias.com\/editor\/#\/schema\/person\/image\/","url":"https:\/\/luchonoticias.com\/editor\/wp-content\/uploads\/2024\/02\/cropped-cropped-logolu.webp","contentUrl":"https:\/\/luchonoticias.com\/editor\/wp-content\/uploads\/2024\/02\/cropped-cropped-logolu.webp","width":382,"height":170,"caption":"admin"},"logo":{"@id":"https:\/\/luchonoticias.com\/editor\/#\/schema\/person\/image\/"},"sameAs":["https:\/\/www.facebook.com\/luchonoticiasneiva"]},{"@type":"Person","@id":"https:\/\/luchonoticias.com\/editor\/#\/schema\/person\/29217990ddf6f14e35912b2866d591fb","name":"Editor General","image":{"@type":"ImageObject","inLanguage":"es","@id":"https:\/\/luchonoticias.com\/editor\/#\/schema\/person\/image\/","url":"https:\/\/luchonoticias.com\/editor\/wp-content\/uploads\/2024\/02\/cropped-cropped-logolu-150x150.webp","contentUrl":"https:\/\/luchonoticias.com\/editor\/wp-content\/uploads\/2024\/02\/cropped-cropped-logolu-150x150.webp","caption":"Editor General"},"sameAs":["https:\/\/luchonoticias.com\/"],"url":"https:\/\/luchonoticias.com\/editor\/author\/editor-general\/"}]}},"_links":{"self":[{"href":"https:\/\/luchonoticias.com\/editor\/wp-json\/wp\/v2\/posts\/59468","targetHints":{"allow":["GET"]}}],"collection":[{"href":"https:\/\/luchonoticias.com\/editor\/wp-json\/wp\/v2\/posts"}],"about":[{"href":"https:\/\/luchonoticias.com\/editor\/wp-json\/wp\/v2\/types\/post"}],"author":[{"embeddable":true,"href":"https:\/\/luchonoticias.com\/editor\/wp-json\/wp\/v2\/users\/2"}],"replies":[{"embeddable":true,"href":"https:\/\/luchonoticias.com\/editor\/wp-json\/wp\/v2\/comments?post=59468"}],"version-history":[{"count":0,"href":"https:\/\/luchonoticias.com\/editor\/wp-json\/wp\/v2\/posts\/59468\/revisions"}],"wp:attachment":[{"href":"https:\/\/luchonoticias.com\/editor\/wp-json\/wp\/v2\/media?parent=59468"}],"wp:term":[{"taxonomy":"category","embeddable":true,"href":"https:\/\/luchonoticias.com\/editor\/wp-json\/wp\/v2\/categories?post=59468"},{"taxonomy":"post_tag","embeddable":true,"href":"https:\/\/luchonoticias.com\/editor\/wp-json\/wp\/v2\/tags?post=59468"}],"curies":[{"name":"wp","href":"https:\/\/api.w.org\/{rel}","templated":true}]}}