{"id":59477,"date":"2023-09-01T07:05:09","date_gmt":"2023-09-01T12:05:09","guid":{"rendered":"https:\/\/luchonoticias.com\/?p=59477"},"modified":"2023-09-01T07:05:12","modified_gmt":"2023-09-01T12:05:12","slug":"es-una-orden-la-policia-debe-abandonar-el-concepto-del-enemigo-interno-y-ser-mas-humana-presidente-petro","status":"publish","type":"post","link":"https:\/\/luchonoticias.com\/editor\/es-una-orden-la-policia-debe-abandonar-el-concepto-del-enemigo-interno-y-ser-mas-humana-presidente-petro\/","title":{"rendered":"Es una orden: la Polic\u00eda debe abandonar el concepto del \u2018enemigo interno\u2019 y ser m\u00e1s humana: Presidente Petro"},"content":{"rendered":"\n<p>El presidente Gustavo Petro orden\u00f3 este jueves a la Fuerza P\u00fablica \u201cabandonar el concepto del enemigo interno y educarse en los conceptos de la democracia\u201d.<\/p>\n\n\n\n<p>En el acto de reconocimiento de responsabilidad internacional por el caso de la ejecuci\u00f3n extrajudicial del joven Diego Felipe Becerra, el jefe de Estado pidi\u00f3 al director de la Polic\u00eda Nacional, General William Ren\u00e9 Salamanca, repartir la Carta Interamericana de los Derechos Humanos entre todos los miembros de la instituci\u00f3n, lo mismo que a los de las Fuerzas Militares para su discusi\u00f3n.<\/p>\n\n\n\n<p>\u201cUna Polic\u00eda sin enemigo interno es una Polic\u00eda humana. Una Polic\u00eda humana es una Polic\u00eda que sabe que su esencia fundamental es defender derechos y libertades de todo ser humano en el territorio, independientemente, de c\u00f3mo piensa, de qu\u00e9 plata tiene en el bolsillo, de c\u00f3mo viste, de qu\u00e9 pinta las paredes o no las pinta, de su propia diferencia\u201d, dijo en el acto celebrado en el Parque Renacimiento de la capital del pa\u00eds.<\/p>\n\n\n\n<p>La ceremonia se llev\u00f3 a cabo en cumplimiento del acuerdo amistoso suscrito por el Estado colombiano ante la Comisi\u00f3n Interamericana de Derechos Humanos, y que establece pedir perd\u00f3n a la familia de Andr\u00e9s Felipe, por su responsabilidad en su muerte, y restituir su buen nombre en un acto p\u00fablico.&nbsp;<\/p>\n\n\n\n<p>\u201cNo s\u00e9 c\u00f3mo pensar\u00eda Diego Felipe Becerra en estos t\u00e9rminos, pero por sus cuadros era un rebelde y las sociedades solo avanzan por las y los rebeldes. Si no fuese por esa rebeld\u00eda, la existencia de la humanidad hace tiempo se hubiera ido al matadero\u201d, expres\u00f3 el Presidente al referirse al joven asesinado el 19 de agosto de 2011 a manos de un Polic\u00eda.<\/p>\n\n\n\n<p>El enemigo interno, al que se refiri\u00f3 el presidente Petro, seg\u00fan la Comisi\u00f3n de la Verdad, es una concepci\u00f3n militar y de Estado que se aplic\u00f3 en el pa\u00eds para enfrentar amenazas relacionadas con la seguridad nacional.<\/p>\n\n\n\n<p>\u201cEn la Fuerza P\u00fablica hay que quitar un concepto fundamental para que esto no se repita. Ll\u00e1mense militares, polic\u00edas, etc\u00e9tera: el famoso enemigo interno\u201d.<\/p>\n\n\n\n<p>Ante Gustavo Arley Trejos y Liliana Lizarazo Fl\u00f3rez, padres de la v\u00edctima de ejecuci\u00f3n extrajudicial, sus familiares y amigos, el mandatario enfatiz\u00f3 que \u201cuna democracia significa que este Estado es sirviente de la ciudadan\u00eda\u201d. Pero, este acto es, por el contrario, el reconocimiento \u201cde un Estado que mata a la ciudadan\u00eda. Por lo tanto, no es democr\u00e1tico\u201d.<\/p>\n\n\n\n<p>\u201cNi siquiera a\u00fan el Estado colombiano reconoce el Sistema Interamericano de Derechos Humanos a pesar de que el Estado colombiano firm\u00f3 el tratado internacional\u201d, a\u00f1adi\u00f3.<\/p>\n\n\n\n<p>\u201cComo jefe de Estado, he pedido que se acaten todas las sentencias de la Corte Interamericana de Derechos Humanos. Son 22, solo se ha acatado una. As\u00ed est\u00e1n nuestras circunstancias ante los derechos humanos que el mundo defiende. De 22, solo una\u201d, asegur\u00f3.<\/p>\n","protected":false},"excerpt":{"rendered":"<p>El presidente Gustavo Petro orden\u00f3 este jueves a la Fuerza P\u00fablica \u201cabandonar el concepto del enemigo interno y educarse en los conceptos de la democracia\u201d. En el acto de reconocimiento de responsabilidad internacional por el caso de la ejecuci\u00f3n extrajudicial del joven Diego Felipe Becerra, el jefe de Estado pidi\u00f3 al director de la Polic\u00eda [&hellip;]<\/p>\n","protected":false},"author":2,"featured_media":0,"comment_status":"open","ping_status":"open","sticky":false,"template":"","format":"standard","meta":{"footnotes":""},"categories":[36,32],"tags":[],"class_list":["post-59477","post","type-post","status-publish","format-standard","hentry","category-destacado","category-nacional"],"yoast_head":"<!-- This site is optimized with the Yoast SEO plugin v26.6 - https:\/\/yoast.com\/wordpress\/plugins\/seo\/ -->\n<title>Es una orden: la Polic\u00eda debe abandonar el concepto del \u2018enemigo interno\u2019 y ser m\u00e1s humana: Presidente Petro -<\/title>\n<meta name=\"robots\" content=\"index, follow, max-snippet:-1, max-image-preview:large, max-video-preview:-1\" \/>\n<link rel=\"canonical\" href=\"https:\/\/luchonoticias.com\/editor\/es-una-orden-la-policia-debe-abandonar-el-concepto-del-enemigo-interno-y-ser-mas-humana-presidente-petro\/\" \/>\n<meta property=\"og:locale\" content=\"es_ES\" \/>\n<meta property=\"og:type\" content=\"article\" \/>\n<meta property=\"og:title\" content=\"Es una orden: la Polic\u00eda debe abandonar el concepto del \u2018enemigo interno\u2019 y ser m\u00e1s humana: Presidente Petro -\" \/>\n<meta property=\"og:url\" content=\"https:\/\/luchonoticias.com\/editor\/es-una-orden-la-policia-debe-abandonar-el-concepto-del-enemigo-interno-y-ser-mas-humana-presidente-petro\/\" \/>\n<meta property=\"article:publisher\" content=\"https:\/\/www.facebook.com\/luchonoticiasneiva\" \/>\n<meta property=\"article:published_time\" content=\"2023-09-01T12:05:09+00:00\" \/>\n<meta property=\"article:modified_time\" content=\"2023-09-01T12:05:12+00:00\" \/>\n<meta name=\"author\" content=\"Editor General\" \/>\n<meta name=\"twitter:card\" content=\"summary_large_image\" \/>\n<meta name=\"twitter:label1\" content=\"Escrito por\" \/>\n\t<meta name=\"twitter:data1\" content=\"Editor General\" \/>\n\t<meta name=\"twitter:label2\" content=\"Tiempo de lectura\" \/>\n\t<meta name=\"twitter:data2\" content=\"2 minutos\" \/>\n<script type=\"application\/ld+json\" class=\"yoast-schema-graph\">{\"@context\":\"https:\/\/schema.org\",\"@graph\":[{\"@type\":\"Article\",\"@id\":\"https:\/\/luchonoticias.com\/editor\/es-una-orden-la-policia-debe-abandonar-el-concepto-del-enemigo-interno-y-ser-mas-humana-presidente-petro\/#article\",\"isPartOf\":{\"@id\":\"https:\/\/luchonoticias.com\/editor\/es-una-orden-la-policia-debe-abandonar-el-concepto-del-enemigo-interno-y-ser-mas-humana-presidente-petro\/\"},\"author\":{\"name\":\"Editor General\",\"@id\":\"https:\/\/luchonoticias.com\/editor\/#\/schema\/person\/29217990ddf6f14e35912b2866d591fb\"},\"headline\":\"Es una orden: la Polic\u00eda debe abandonar el concepto del \u2018enemigo interno\u2019 y ser m\u00e1s humana: Presidente Petro\",\"datePublished\":\"2023-09-01T12:05:09+00:00\",\"dateModified\":\"2023-09-01T12:05:12+00:00\",\"mainEntityOfPage\":{\"@id\":\"https:\/\/luchonoticias.com\/editor\/es-una-orden-la-policia-debe-abandonar-el-concepto-del-enemigo-interno-y-ser-mas-humana-presidente-petro\/\"},\"wordCount\":515,\"commentCount\":0,\"publisher\":{\"@id\":\"https:\/\/luchonoticias.com\/editor\/#\/schema\/person\/7a7fd911f58561fd056dbac7b55af9cd\"},\"articleSection\":[\"Destacado\",\"Nacional\"],\"inLanguage\":\"es\",\"potentialAction\":[{\"@type\":\"CommentAction\",\"name\":\"Comment\",\"target\":[\"https:\/\/luchonoticias.com\/editor\/es-una-orden-la-policia-debe-abandonar-el-concepto-del-enemigo-interno-y-ser-mas-humana-presidente-petro\/#respond\"]}]},{\"@type\":\"WebPage\",\"@id\":\"https:\/\/luchonoticias.com\/editor\/es-una-orden-la-policia-debe-abandonar-el-concepto-del-enemigo-interno-y-ser-mas-humana-presidente-petro\/\",\"url\":\"https:\/\/luchonoticias.com\/editor\/es-una-orden-la-policia-debe-abandonar-el-concepto-del-enemigo-interno-y-ser-mas-humana-presidente-petro\/\",\"name\":\"Es una orden: la Polic\u00eda debe abandonar el concepto del \u2018enemigo interno\u2019 y ser m\u00e1s humana: Presidente Petro -\",\"isPartOf\":{\"@id\":\"https:\/\/luchonoticias.com\/editor\/#website\"},\"datePublished\":\"2023-09-01T12:05:09+00:00\",\"dateModified\":\"2023-09-01T12:05:12+00:00\",\"breadcrumb\":{\"@id\":\"https:\/\/luchonoticias.com\/editor\/es-una-orden-la-policia-debe-abandonar-el-concepto-del-enemigo-interno-y-ser-mas-humana-presidente-petro\/#breadcrumb\"},\"inLanguage\":\"es\",\"potentialAction\":[{\"@type\":\"ReadAction\",\"target\":[\"https:\/\/luchonoticias.com\/editor\/es-una-orden-la-policia-debe-abandonar-el-concepto-del-enemigo-interno-y-ser-mas-humana-presidente-petro\/\"]}]},{\"@type\":\"BreadcrumbList\",\"@id\":\"https:\/\/luchonoticias.com\/editor\/es-una-orden-la-policia-debe-abandonar-el-concepto-del-enemigo-interno-y-ser-mas-humana-presidente-petro\/#breadcrumb\",\"itemListElement\":[{\"@type\":\"ListItem\",\"position\":1,\"name\":\"Portada\",\"item\":\"https:\/\/luchonoticias.com\/editor\/\"},{\"@type\":\"ListItem\",\"position\":2,\"name\":\"Es una orden: la Polic\u00eda debe abandonar el concepto del \u2018enemigo interno\u2019 y ser m\u00e1s humana: Presidente Petro\"}]},{\"@type\":\"WebSite\",\"@id\":\"https:\/\/luchonoticias.com\/editor\/#website\",\"url\":\"https:\/\/luchonoticias.com\/editor\/\",\"name\":\"\",\"description\":\"\",\"publisher\":{\"@id\":\"https:\/\/luchonoticias.com\/editor\/#\/schema\/person\/7a7fd911f58561fd056dbac7b55af9cd\"},\"potentialAction\":[{\"@type\":\"SearchAction\",\"target\":{\"@type\":\"EntryPoint\",\"urlTemplate\":\"https:\/\/luchonoticias.com\/editor\/?s={search_term_string}\"},\"query-input\":{\"@type\":\"PropertyValueSpecification\",\"valueRequired\":true,\"valueName\":\"search_term_string\"}}],\"inLanguage\":\"es\"},{\"@type\":[\"Person\",\"Organization\"],\"@id\":\"https:\/\/luchonoticias.com\/editor\/#\/schema\/person\/7a7fd911f58561fd056dbac7b55af9cd\",\"name\":\"admin\",\"image\":{\"@type\":\"ImageObject\",\"inLanguage\":\"es\",\"@id\":\"https:\/\/luchonoticias.com\/editor\/#\/schema\/person\/image\/\",\"url\":\"https:\/\/luchonoticias.com\/editor\/wp-content\/uploads\/2024\/02\/cropped-cropped-logolu.webp\",\"contentUrl\":\"https:\/\/luchonoticias.com\/editor\/wp-content\/uploads\/2024\/02\/cropped-cropped-logolu.webp\",\"width\":382,\"height\":170,\"caption\":\"admin\"},\"logo\":{\"@id\":\"https:\/\/luchonoticias.com\/editor\/#\/schema\/person\/image\/\"},\"sameAs\":[\"https:\/\/www.facebook.com\/luchonoticiasneiva\"]},{\"@type\":\"Person\",\"@id\":\"https:\/\/luchonoticias.com\/editor\/#\/schema\/person\/29217990ddf6f14e35912b2866d591fb\",\"name\":\"Editor General\",\"image\":{\"@type\":\"ImageObject\",\"inLanguage\":\"es\",\"@id\":\"https:\/\/luchonoticias.com\/editor\/#\/schema\/person\/image\/\",\"url\":\"https:\/\/luchonoticias.com\/editor\/wp-content\/uploads\/2024\/02\/cropped-cropped-logolu-150x150.webp\",\"contentUrl\":\"https:\/\/luchonoticias.com\/editor\/wp-content\/uploads\/2024\/02\/cropped-cropped-logolu-150x150.webp\",\"caption\":\"Editor General\"},\"sameAs\":[\"https:\/\/luchonoticias.com\/\"],\"url\":\"https:\/\/luchonoticias.com\/editor\/author\/editor-general\/\"}]}<\/script>\n<!-- \/ Yoast SEO plugin. -->","yoast_head_json":{"title":"Es una orden: la Polic\u00eda debe abandonar el concepto del \u2018enemigo interno\u2019 y ser m\u00e1s humana: Presidente Petro -","robots":{"index":"index","follow":"follow","max-snippet":"max-snippet:-1","max-image-preview":"max-image-preview:large","max-video-preview":"max-video-preview:-1"},"canonical":"https:\/\/luchonoticias.com\/editor\/es-una-orden-la-policia-debe-abandonar-el-concepto-del-enemigo-interno-y-ser-mas-humana-presidente-petro\/","og_locale":"es_ES","og_type":"article","og_title":"Es una orden: la Polic\u00eda debe abandonar el concepto del \u2018enemigo interno\u2019 y ser m\u00e1s humana: Presidente Petro -","og_url":"https:\/\/luchonoticias.com\/editor\/es-una-orden-la-policia-debe-abandonar-el-concepto-del-enemigo-interno-y-ser-mas-humana-presidente-petro\/","article_publisher":"https:\/\/www.facebook.com\/luchonoticiasneiva","article_published_time":"2023-09-01T12:05:09+00:00","article_modified_time":"2023-09-01T12:05:12+00:00","author":"Editor General","twitter_card":"summary_large_image","twitter_misc":{"Escrito por":"Editor General","Tiempo de lectura":"2 minutos"},"schema":{"@context":"https:\/\/schema.org","@graph":[{"@type":"Article","@id":"https:\/\/luchonoticias.com\/editor\/es-una-orden-la-policia-debe-abandonar-el-concepto-del-enemigo-interno-y-ser-mas-humana-presidente-petro\/#article","isPartOf":{"@id":"https:\/\/luchonoticias.com\/editor\/es-una-orden-la-policia-debe-abandonar-el-concepto-del-enemigo-interno-y-ser-mas-humana-presidente-petro\/"},"author":{"name":"Editor General","@id":"https:\/\/luchonoticias.com\/editor\/#\/schema\/person\/29217990ddf6f14e35912b2866d591fb"},"headline":"Es una orden: la Polic\u00eda debe abandonar el concepto del \u2018enemigo interno\u2019 y ser m\u00e1s humana: Presidente Petro","datePublished":"2023-09-01T12:05:09+00:00","dateModified":"2023-09-01T12:05:12+00:00","mainEntityOfPage":{"@id":"https:\/\/luchonoticias.com\/editor\/es-una-orden-la-policia-debe-abandonar-el-concepto-del-enemigo-interno-y-ser-mas-humana-presidente-petro\/"},"wordCount":515,"commentCount":0,"publisher":{"@id":"https:\/\/luchonoticias.com\/editor\/#\/schema\/person\/7a7fd911f58561fd056dbac7b55af9cd"},"articleSection":["Destacado","Nacional"],"inLanguage":"es","potentialAction":[{"@type":"CommentAction","name":"Comment","target":["https:\/\/luchonoticias.com\/editor\/es-una-orden-la-policia-debe-abandonar-el-concepto-del-enemigo-interno-y-ser-mas-humana-presidente-petro\/#respond"]}]},{"@type":"WebPage","@id":"https:\/\/luchonoticias.com\/editor\/es-una-orden-la-policia-debe-abandonar-el-concepto-del-enemigo-interno-y-ser-mas-humana-presidente-petro\/","url":"https:\/\/luchonoticias.com\/editor\/es-una-orden-la-policia-debe-abandonar-el-concepto-del-enemigo-interno-y-ser-mas-humana-presidente-petro\/","name":"Es una orden: la Polic\u00eda debe abandonar el concepto del \u2018enemigo interno\u2019 y ser m\u00e1s humana: Presidente Petro -","isPartOf":{"@id":"https:\/\/luchonoticias.com\/editor\/#website"},"datePublished":"2023-09-01T12:05:09+00:00","dateModified":"2023-09-01T12:05:12+00:00","breadcrumb":{"@id":"https:\/\/luchonoticias.com\/editor\/es-una-orden-la-policia-debe-abandonar-el-concepto-del-enemigo-interno-y-ser-mas-humana-presidente-petro\/#breadcrumb"},"inLanguage":"es","potentialAction":[{"@type":"ReadAction","target":["https:\/\/luchonoticias.com\/editor\/es-una-orden-la-policia-debe-abandonar-el-concepto-del-enemigo-interno-y-ser-mas-humana-presidente-petro\/"]}]},{"@type":"BreadcrumbList","@id":"https:\/\/luchonoticias.com\/editor\/es-una-orden-la-policia-debe-abandonar-el-concepto-del-enemigo-interno-y-ser-mas-humana-presidente-petro\/#breadcrumb","itemListElement":[{"@type":"ListItem","position":1,"name":"Portada","item":"https:\/\/luchonoticias.com\/editor\/"},{"@type":"ListItem","position":2,"name":"Es una orden: la Polic\u00eda debe abandonar el concepto del \u2018enemigo interno\u2019 y ser m\u00e1s humana: Presidente Petro"}]},{"@type":"WebSite","@id":"https:\/\/luchonoticias.com\/editor\/#website","url":"https:\/\/luchonoticias.com\/editor\/","name":"","description":"","publisher":{"@id":"https:\/\/luchonoticias.com\/editor\/#\/schema\/person\/7a7fd911f58561fd056dbac7b55af9cd"},"potentialAction":[{"@type":"SearchAction","target":{"@type":"EntryPoint","urlTemplate":"https:\/\/luchonoticias.com\/editor\/?s={search_term_string}"},"query-input":{"@type":"PropertyValueSpecification","valueRequired":true,"valueName":"search_term_string"}}],"inLanguage":"es"},{"@type":["Person","Organization"],"@id":"https:\/\/luchonoticias.com\/editor\/#\/schema\/person\/7a7fd911f58561fd056dbac7b55af9cd","name":"admin","image":{"@type":"ImageObject","inLanguage":"es","@id":"https:\/\/luchonoticias.com\/editor\/#\/schema\/person\/image\/","url":"https:\/\/luchonoticias.com\/editor\/wp-content\/uploads\/2024\/02\/cropped-cropped-logolu.webp","contentUrl":"https:\/\/luchonoticias.com\/editor\/wp-content\/uploads\/2024\/02\/cropped-cropped-logolu.webp","width":382,"height":170,"caption":"admin"},"logo":{"@id":"https:\/\/luchonoticias.com\/editor\/#\/schema\/person\/image\/"},"sameAs":["https:\/\/www.facebook.com\/luchonoticiasneiva"]},{"@type":"Person","@id":"https:\/\/luchonoticias.com\/editor\/#\/schema\/person\/29217990ddf6f14e35912b2866d591fb","name":"Editor General","image":{"@type":"ImageObject","inLanguage":"es","@id":"https:\/\/luchonoticias.com\/editor\/#\/schema\/person\/image\/","url":"https:\/\/luchonoticias.com\/editor\/wp-content\/uploads\/2024\/02\/cropped-cropped-logolu-150x150.webp","contentUrl":"https:\/\/luchonoticias.com\/editor\/wp-content\/uploads\/2024\/02\/cropped-cropped-logolu-150x150.webp","caption":"Editor General"},"sameAs":["https:\/\/luchonoticias.com\/"],"url":"https:\/\/luchonoticias.com\/editor\/author\/editor-general\/"}]}},"_links":{"self":[{"href":"https:\/\/luchonoticias.com\/editor\/wp-json\/wp\/v2\/posts\/59477","targetHints":{"allow":["GET"]}}],"collection":[{"href":"https:\/\/luchonoticias.com\/editor\/wp-json\/wp\/v2\/posts"}],"about":[{"href":"https:\/\/luchonoticias.com\/editor\/wp-json\/wp\/v2\/types\/post"}],"author":[{"embeddable":true,"href":"https:\/\/luchonoticias.com\/editor\/wp-json\/wp\/v2\/users\/2"}],"replies":[{"embeddable":true,"href":"https:\/\/luchonoticias.com\/editor\/wp-json\/wp\/v2\/comments?post=59477"}],"version-history":[{"count":0,"href":"https:\/\/luchonoticias.com\/editor\/wp-json\/wp\/v2\/posts\/59477\/revisions"}],"wp:attachment":[{"href":"https:\/\/luchonoticias.com\/editor\/wp-json\/wp\/v2\/media?parent=59477"}],"wp:term":[{"taxonomy":"category","embeddable":true,"href":"https:\/\/luchonoticias.com\/editor\/wp-json\/wp\/v2\/categories?post=59477"},{"taxonomy":"post_tag","embeddable":true,"href":"https:\/\/luchonoticias.com\/editor\/wp-json\/wp\/v2\/tags?post=59477"}],"curies":[{"name":"wp","href":"https:\/\/api.w.org\/{rel}","templated":true}]}}