{"id":59487,"date":"2023-09-01T07:33:46","date_gmt":"2023-09-01T12:33:46","guid":{"rendered":"https:\/\/luchonoticias.com\/?p=59487"},"modified":"2023-09-01T07:33:51","modified_gmt":"2023-09-01T12:33:51","slug":"mas-de-1-127-000-personas-consiguieron-empleo-en-julio","status":"publish","type":"post","link":"https:\/\/luchonoticias.com\/editor\/mas-de-1-127-000-personas-consiguieron-empleo-en-julio\/","title":{"rendered":"M\u00e1s de 1.127.000 personas consiguieron empleo en julio\u00a0"},"content":{"rendered":"\n<p>El Departamento Administrativo Nacional de Estad\u00edstica (DANE) revel\u00f3 este jueves que la tasa de desempleo para julio de 2023 se ubic\u00f3 en 9,6%, lo que representa una disminuci\u00f3n de 1,4 puntos porcentuales (p.p.) frente al mismo mes de 2022, cuando fue de 11%.<\/p>\n\n\n\n<p>Es as\u00ed como este indicador se no se ubicaba en&nbsp;<a href=\"https:\/\/petro.presidencia.gov.co\/prensa\/Paginas\/Desempleo-en-junio-cayo-a-un-digito-y-se-ubico-en-9-3-segun-informo-el-DANE-230731.aspx\" target=\"_blank\" rel=\"noreferrer noopener\">un solo d\u00edgito<\/a>&nbsp;para los meses de julio, desde 2017, cuando fue de 9,9% y similar en 2015, cuando se ubic\u00f3 en 9,2%.<\/p>\n\n\n\n<p>Seg\u00fan la entidad, las ramas de actividad que m\u00e1s contribuyeron a la variaci\u00f3n positiva de la poblaci\u00f3n ocupada con 1,2 p.p. fueron: construcci\u00f3n, con 1,7 millones de ocupados, y actividades art\u00edsticas, entretenimiento, recreaci\u00f3n y otras actividades de servicios con dos millones de ocupados.<\/p>\n\n\n\n<p><a href=\"https:\/\/www.dane.gov.co\/files\/operaciones\/GEIH\/cp-GEIH-jul2023.pdf\" target=\"_blank\" rel=\"noreferrer noopener\">Puede consultar el informe completo del DANE ac\u00e1.<\/a><\/p>\n\n\n\n<p>En julio de 2023 se registr\u00f3 un aumento de 674 mil mujeres ocupadas y 453 mil hombres ocupados. Tambi\u00e9n, la brecha en la tasa de desocupaci\u00f3n entre mujeres y hombres fue de 4 p.p., una de las m\u00e1s bajas desde julio de 2015, cuando se ubic\u00f3 en 3,9%.<\/p>\n\n\n\n<p>De esta manera, en el s\u00e9ptimo mes del a\u00f1o la poblaci\u00f3n ocupada del pa\u00eds fue de 23,2 millones de personas, una variaci\u00f3n de 5,1% frente a los 22 millones ocupadas el mismo mes de 2022, es decir, que m\u00e1s de 1.127.000 colombianos y colombianas consiguieron empleo.<\/p>\n","protected":false},"excerpt":{"rendered":"<p>El Departamento Administrativo Nacional de Estad\u00edstica (DANE) revel\u00f3 este jueves que la tasa de desempleo para julio de 2023 se ubic\u00f3 en 9,6%, lo que representa una disminuci\u00f3n de 1,4 puntos porcentuales (p.p.) frente al mismo mes de 2022, cuando fue de 11%. Es as\u00ed como este indicador se no se ubicaba en&nbsp;un solo d\u00edgito&nbsp;para [&hellip;]<\/p>\n","protected":false},"author":2,"featured_media":0,"comment_status":"open","ping_status":"open","sticky":false,"template":"","format":"standard","meta":{"footnotes":""},"categories":[28,36],"tags":[],"class_list":["post-59487","post","type-post","status-publish","format-standard","hentry","category-actualidad","category-destacado"],"yoast_head":"<!-- This site is optimized with the Yoast SEO plugin v26.6 - https:\/\/yoast.com\/wordpress\/plugins\/seo\/ -->\n<title>M\u00e1s de 1.127.000 personas consiguieron empleo en julio\u00a0 -<\/title>\n<meta name=\"robots\" content=\"index, follow, max-snippet:-1, max-image-preview:large, max-video-preview:-1\" \/>\n<link rel=\"canonical\" href=\"https:\/\/luchonoticias.com\/editor\/mas-de-1-127-000-personas-consiguieron-empleo-en-julio\/\" \/>\n<meta property=\"og:locale\" content=\"es_ES\" \/>\n<meta property=\"og:type\" content=\"article\" \/>\n<meta property=\"og:title\" content=\"M\u00e1s de 1.127.000 personas consiguieron empleo en julio\u00a0 -\" \/>\n<meta property=\"og:url\" content=\"https:\/\/luchonoticias.com\/editor\/mas-de-1-127-000-personas-consiguieron-empleo-en-julio\/\" \/>\n<meta property=\"article:publisher\" content=\"https:\/\/www.facebook.com\/luchonoticiasneiva\" \/>\n<meta property=\"article:published_time\" content=\"2023-09-01T12:33:46+00:00\" \/>\n<meta property=\"article:modified_time\" content=\"2023-09-01T12:33:51+00:00\" \/>\n<meta name=\"author\" content=\"Editor General\" \/>\n<meta name=\"twitter:card\" content=\"summary_large_image\" \/>\n<meta name=\"twitter:label1\" content=\"Escrito por\" \/>\n\t<meta name=\"twitter:data1\" content=\"Editor General\" \/>\n\t<meta name=\"twitter:label2\" content=\"Tiempo de lectura\" \/>\n\t<meta name=\"twitter:data2\" content=\"1 minuto\" \/>\n<script type=\"application\/ld+json\" class=\"yoast-schema-graph\">{\"@context\":\"https:\/\/schema.org\",\"@graph\":[{\"@type\":\"Article\",\"@id\":\"https:\/\/luchonoticias.com\/editor\/mas-de-1-127-000-personas-consiguieron-empleo-en-julio\/#article\",\"isPartOf\":{\"@id\":\"https:\/\/luchonoticias.com\/editor\/mas-de-1-127-000-personas-consiguieron-empleo-en-julio\/\"},\"author\":{\"name\":\"Editor General\",\"@id\":\"https:\/\/luchonoticias.com\/editor\/#\/schema\/person\/29217990ddf6f14e35912b2866d591fb\"},\"headline\":\"M\u00e1s de 1.127.000 personas consiguieron empleo en julio\u00a0\",\"datePublished\":\"2023-09-01T12:33:46+00:00\",\"dateModified\":\"2023-09-01T12:33:51+00:00\",\"mainEntityOfPage\":{\"@id\":\"https:\/\/luchonoticias.com\/editor\/mas-de-1-127-000-personas-consiguieron-empleo-en-julio\/\"},\"wordCount\":231,\"commentCount\":0,\"publisher\":{\"@id\":\"https:\/\/luchonoticias.com\/editor\/#\/schema\/person\/7a7fd911f58561fd056dbac7b55af9cd\"},\"articleSection\":[\"Actualidad\",\"Destacado\"],\"inLanguage\":\"es\",\"potentialAction\":[{\"@type\":\"CommentAction\",\"name\":\"Comment\",\"target\":[\"https:\/\/luchonoticias.com\/editor\/mas-de-1-127-000-personas-consiguieron-empleo-en-julio\/#respond\"]}]},{\"@type\":\"WebPage\",\"@id\":\"https:\/\/luchonoticias.com\/editor\/mas-de-1-127-000-personas-consiguieron-empleo-en-julio\/\",\"url\":\"https:\/\/luchonoticias.com\/editor\/mas-de-1-127-000-personas-consiguieron-empleo-en-julio\/\",\"name\":\"M\u00e1s de 1.127.000 personas consiguieron empleo en julio\u00a0 -\",\"isPartOf\":{\"@id\":\"https:\/\/luchonoticias.com\/editor\/#website\"},\"datePublished\":\"2023-09-01T12:33:46+00:00\",\"dateModified\":\"2023-09-01T12:33:51+00:00\",\"breadcrumb\":{\"@id\":\"https:\/\/luchonoticias.com\/editor\/mas-de-1-127-000-personas-consiguieron-empleo-en-julio\/#breadcrumb\"},\"inLanguage\":\"es\",\"potentialAction\":[{\"@type\":\"ReadAction\",\"target\":[\"https:\/\/luchonoticias.com\/editor\/mas-de-1-127-000-personas-consiguieron-empleo-en-julio\/\"]}]},{\"@type\":\"BreadcrumbList\",\"@id\":\"https:\/\/luchonoticias.com\/editor\/mas-de-1-127-000-personas-consiguieron-empleo-en-julio\/#breadcrumb\",\"itemListElement\":[{\"@type\":\"ListItem\",\"position\":1,\"name\":\"Portada\",\"item\":\"https:\/\/luchonoticias.com\/editor\/\"},{\"@type\":\"ListItem\",\"position\":2,\"name\":\"M\u00e1s de 1.127.000 personas consiguieron empleo en julio\u00a0\"}]},{\"@type\":\"WebSite\",\"@id\":\"https:\/\/luchonoticias.com\/editor\/#website\",\"url\":\"https:\/\/luchonoticias.com\/editor\/\",\"name\":\"\",\"description\":\"\",\"publisher\":{\"@id\":\"https:\/\/luchonoticias.com\/editor\/#\/schema\/person\/7a7fd911f58561fd056dbac7b55af9cd\"},\"potentialAction\":[{\"@type\":\"SearchAction\",\"target\":{\"@type\":\"EntryPoint\",\"urlTemplate\":\"https:\/\/luchonoticias.com\/editor\/?s={search_term_string}\"},\"query-input\":{\"@type\":\"PropertyValueSpecification\",\"valueRequired\":true,\"valueName\":\"search_term_string\"}}],\"inLanguage\":\"es\"},{\"@type\":[\"Person\",\"Organization\"],\"@id\":\"https:\/\/luchonoticias.com\/editor\/#\/schema\/person\/7a7fd911f58561fd056dbac7b55af9cd\",\"name\":\"admin\",\"image\":{\"@type\":\"ImageObject\",\"inLanguage\":\"es\",\"@id\":\"https:\/\/luchonoticias.com\/editor\/#\/schema\/person\/image\/\",\"url\":\"https:\/\/luchonoticias.com\/editor\/wp-content\/uploads\/2024\/02\/cropped-cropped-logolu.webp\",\"contentUrl\":\"https:\/\/luchonoticias.com\/editor\/wp-content\/uploads\/2024\/02\/cropped-cropped-logolu.webp\",\"width\":382,\"height\":170,\"caption\":\"admin\"},\"logo\":{\"@id\":\"https:\/\/luchonoticias.com\/editor\/#\/schema\/person\/image\/\"},\"sameAs\":[\"https:\/\/www.facebook.com\/luchonoticiasneiva\"]},{\"@type\":\"Person\",\"@id\":\"https:\/\/luchonoticias.com\/editor\/#\/schema\/person\/29217990ddf6f14e35912b2866d591fb\",\"name\":\"Editor General\",\"image\":{\"@type\":\"ImageObject\",\"inLanguage\":\"es\",\"@id\":\"https:\/\/luchonoticias.com\/editor\/#\/schema\/person\/image\/\",\"url\":\"https:\/\/luchonoticias.com\/editor\/wp-content\/uploads\/2024\/02\/cropped-cropped-logolu-150x150.webp\",\"contentUrl\":\"https:\/\/luchonoticias.com\/editor\/wp-content\/uploads\/2024\/02\/cropped-cropped-logolu-150x150.webp\",\"caption\":\"Editor General\"},\"sameAs\":[\"https:\/\/luchonoticias.com\/\"],\"url\":\"https:\/\/luchonoticias.com\/editor\/author\/editor-general\/\"}]}<\/script>\n<!-- \/ Yoast SEO plugin. -->","yoast_head_json":{"title":"M\u00e1s de 1.127.000 personas consiguieron empleo en julio\u00a0 -","robots":{"index":"index","follow":"follow","max-snippet":"max-snippet:-1","max-image-preview":"max-image-preview:large","max-video-preview":"max-video-preview:-1"},"canonical":"https:\/\/luchonoticias.com\/editor\/mas-de-1-127-000-personas-consiguieron-empleo-en-julio\/","og_locale":"es_ES","og_type":"article","og_title":"M\u00e1s de 1.127.000 personas consiguieron empleo en julio\u00a0 -","og_url":"https:\/\/luchonoticias.com\/editor\/mas-de-1-127-000-personas-consiguieron-empleo-en-julio\/","article_publisher":"https:\/\/www.facebook.com\/luchonoticiasneiva","article_published_time":"2023-09-01T12:33:46+00:00","article_modified_time":"2023-09-01T12:33:51+00:00","author":"Editor General","twitter_card":"summary_large_image","twitter_misc":{"Escrito por":"Editor General","Tiempo de lectura":"1 minuto"},"schema":{"@context":"https:\/\/schema.org","@graph":[{"@type":"Article","@id":"https:\/\/luchonoticias.com\/editor\/mas-de-1-127-000-personas-consiguieron-empleo-en-julio\/#article","isPartOf":{"@id":"https:\/\/luchonoticias.com\/editor\/mas-de-1-127-000-personas-consiguieron-empleo-en-julio\/"},"author":{"name":"Editor General","@id":"https:\/\/luchonoticias.com\/editor\/#\/schema\/person\/29217990ddf6f14e35912b2866d591fb"},"headline":"M\u00e1s de 1.127.000 personas consiguieron empleo en julio\u00a0","datePublished":"2023-09-01T12:33:46+00:00","dateModified":"2023-09-01T12:33:51+00:00","mainEntityOfPage":{"@id":"https:\/\/luchonoticias.com\/editor\/mas-de-1-127-000-personas-consiguieron-empleo-en-julio\/"},"wordCount":231,"commentCount":0,"publisher":{"@id":"https:\/\/luchonoticias.com\/editor\/#\/schema\/person\/7a7fd911f58561fd056dbac7b55af9cd"},"articleSection":["Actualidad","Destacado"],"inLanguage":"es","potentialAction":[{"@type":"CommentAction","name":"Comment","target":["https:\/\/luchonoticias.com\/editor\/mas-de-1-127-000-personas-consiguieron-empleo-en-julio\/#respond"]}]},{"@type":"WebPage","@id":"https:\/\/luchonoticias.com\/editor\/mas-de-1-127-000-personas-consiguieron-empleo-en-julio\/","url":"https:\/\/luchonoticias.com\/editor\/mas-de-1-127-000-personas-consiguieron-empleo-en-julio\/","name":"M\u00e1s de 1.127.000 personas consiguieron empleo en julio\u00a0 -","isPartOf":{"@id":"https:\/\/luchonoticias.com\/editor\/#website"},"datePublished":"2023-09-01T12:33:46+00:00","dateModified":"2023-09-01T12:33:51+00:00","breadcrumb":{"@id":"https:\/\/luchonoticias.com\/editor\/mas-de-1-127-000-personas-consiguieron-empleo-en-julio\/#breadcrumb"},"inLanguage":"es","potentialAction":[{"@type":"ReadAction","target":["https:\/\/luchonoticias.com\/editor\/mas-de-1-127-000-personas-consiguieron-empleo-en-julio\/"]}]},{"@type":"BreadcrumbList","@id":"https:\/\/luchonoticias.com\/editor\/mas-de-1-127-000-personas-consiguieron-empleo-en-julio\/#breadcrumb","itemListElement":[{"@type":"ListItem","position":1,"name":"Portada","item":"https:\/\/luchonoticias.com\/editor\/"},{"@type":"ListItem","position":2,"name":"M\u00e1s de 1.127.000 personas consiguieron empleo en julio\u00a0"}]},{"@type":"WebSite","@id":"https:\/\/luchonoticias.com\/editor\/#website","url":"https:\/\/luchonoticias.com\/editor\/","name":"","description":"","publisher":{"@id":"https:\/\/luchonoticias.com\/editor\/#\/schema\/person\/7a7fd911f58561fd056dbac7b55af9cd"},"potentialAction":[{"@type":"SearchAction","target":{"@type":"EntryPoint","urlTemplate":"https:\/\/luchonoticias.com\/editor\/?s={search_term_string}"},"query-input":{"@type":"PropertyValueSpecification","valueRequired":true,"valueName":"search_term_string"}}],"inLanguage":"es"},{"@type":["Person","Organization"],"@id":"https:\/\/luchonoticias.com\/editor\/#\/schema\/person\/7a7fd911f58561fd056dbac7b55af9cd","name":"admin","image":{"@type":"ImageObject","inLanguage":"es","@id":"https:\/\/luchonoticias.com\/editor\/#\/schema\/person\/image\/","url":"https:\/\/luchonoticias.com\/editor\/wp-content\/uploads\/2024\/02\/cropped-cropped-logolu.webp","contentUrl":"https:\/\/luchonoticias.com\/editor\/wp-content\/uploads\/2024\/02\/cropped-cropped-logolu.webp","width":382,"height":170,"caption":"admin"},"logo":{"@id":"https:\/\/luchonoticias.com\/editor\/#\/schema\/person\/image\/"},"sameAs":["https:\/\/www.facebook.com\/luchonoticiasneiva"]},{"@type":"Person","@id":"https:\/\/luchonoticias.com\/editor\/#\/schema\/person\/29217990ddf6f14e35912b2866d591fb","name":"Editor General","image":{"@type":"ImageObject","inLanguage":"es","@id":"https:\/\/luchonoticias.com\/editor\/#\/schema\/person\/image\/","url":"https:\/\/luchonoticias.com\/editor\/wp-content\/uploads\/2024\/02\/cropped-cropped-logolu-150x150.webp","contentUrl":"https:\/\/luchonoticias.com\/editor\/wp-content\/uploads\/2024\/02\/cropped-cropped-logolu-150x150.webp","caption":"Editor General"},"sameAs":["https:\/\/luchonoticias.com\/"],"url":"https:\/\/luchonoticias.com\/editor\/author\/editor-general\/"}]}},"_links":{"self":[{"href":"https:\/\/luchonoticias.com\/editor\/wp-json\/wp\/v2\/posts\/59487","targetHints":{"allow":["GET"]}}],"collection":[{"href":"https:\/\/luchonoticias.com\/editor\/wp-json\/wp\/v2\/posts"}],"about":[{"href":"https:\/\/luchonoticias.com\/editor\/wp-json\/wp\/v2\/types\/post"}],"author":[{"embeddable":true,"href":"https:\/\/luchonoticias.com\/editor\/wp-json\/wp\/v2\/users\/2"}],"replies":[{"embeddable":true,"href":"https:\/\/luchonoticias.com\/editor\/wp-json\/wp\/v2\/comments?post=59487"}],"version-history":[{"count":0,"href":"https:\/\/luchonoticias.com\/editor\/wp-json\/wp\/v2\/posts\/59487\/revisions"}],"wp:attachment":[{"href":"https:\/\/luchonoticias.com\/editor\/wp-json\/wp\/v2\/media?parent=59487"}],"wp:term":[{"taxonomy":"category","embeddable":true,"href":"https:\/\/luchonoticias.com\/editor\/wp-json\/wp\/v2\/categories?post=59487"},{"taxonomy":"post_tag","embeddable":true,"href":"https:\/\/luchonoticias.com\/editor\/wp-json\/wp\/v2\/tags?post=59487"}],"curies":[{"name":"wp","href":"https:\/\/api.w.org\/{rel}","templated":true}]}}