{"id":59494,"date":"2023-09-01T14:29:12","date_gmt":"2023-09-01T19:29:12","guid":{"rendered":"https:\/\/luchonoticias.com\/?p=59494"},"modified":"2023-09-01T14:29:21","modified_gmt":"2023-09-01T19:29:21","slug":"fiscalia-abre-investigacion-contra-del-general-r-miguel-maza-por-el-homicidio-del-excandidato-presidencial-carlos-pizarro","status":"publish","type":"post","link":"https:\/\/luchonoticias.com\/editor\/fiscalia-abre-investigacion-contra-del-general-r-miguel-maza-por-el-homicidio-del-excandidato-presidencial-carlos-pizarro\/","title":{"rendered":"Fiscal\u00eda abre investigaci\u00f3n contra del General (R) Miguel Maza por el homicidio del excandidato presidencial Carlos Pizarro"},"content":{"rendered":"\n<p>Un fiscal delegado ante la Corte Suprema de Justicia abri\u00f3 investigaci\u00f3n en contra del exdirector del Departamento Administrativo de Seguridad (DAS), mayor general en retiro Miguel Alfredo Maza M\u00e1rquez, por su presunta responsabilidad en el homicidio del candidato de la Alianza Democr\u00e1tica M-19, Carlos Pizarro Le\u00f3n G\u00f3mez, ocurrido el 26 de abril de 1990, en un avi\u00f3n que cubr\u00eda la ruta Bogot\u00e1 &#8211; Barranquilla (Atl\u00e1ntico).<\/p>\n\n\n\n<p>El material de prueba obtenido indica que el esquema de seguridad de la v\u00edctima, del cual hac\u00edan parte detectives del DAS, fue debilitado progresivamente y modificado d\u00edas antes del crimen de manera intempestiva y sin consultar al dirigente pol\u00edtico, lo cual habr\u00eda facilitado el actuar del sicario y el cumplimiento del plan criminal.<\/p>\n\n\n\n<p>De acuerdo con los protocolos y normas que reg\u00edan para la \u00e9poca, el entonces director de la entidad era el principal coordinador y quien ejerc\u00eda control sobre los cambios en las medidas de protecci\u00f3n que se otorgaban. En ese sentido, las irregularidades y deficiencias presentadas dejaron al se\u00f1or Pizarro Le\u00f3n G\u00f3mez a merced de sus victimarios.<\/p>\n\n\n\n<p>En el curso del proceso se verificar\u00e1 el modus operandi del proceder del escolta del candidato presidencial que dispar\u00f3 y le caus\u00f3 la muerte al sicario, cuando este hab\u00eda dejado en el piso de la aeronave la subametralladora utilizada y levantaba sus manos mientras ped\u00eda que le respetaran la vida. El contexto indica que este ser\u00eda un patr\u00f3n criminal al que, presuntamente, recurrieron algunos agentes del DAS para silenciar a los autores materiales de magnicidios de otros l\u00edderes pol\u00edticos de la Uni\u00f3n Patri\u00f3tica como Bernardo Jaramillo Ossa y Jos\u00e9 Antequera.<\/p>\n\n\n\n<p>Finalmente, hay indicios de que por cuenta de otra estrategia implementada por el mayor general (r) Maza M\u00e1rquez, fue desviada la investigaci\u00f3n para dirigir la atenci\u00f3n hacia el extinto narcotraficante Pablo Escobar Gaviria.<\/p>\n\n\n\n<p>Por todo lo anterior, el exdirector del DAS queda vinculado formalmente por los delitos de homicidio con fines terroristas y concierto para delinquir agravado, en atenci\u00f3n a los par\u00e1metros definidos en la Ley 600 de 2000.<\/p>\n","protected":false},"excerpt":{"rendered":"<p>Un fiscal delegado ante la Corte Suprema de Justicia abri\u00f3 investigaci\u00f3n en contra del exdirector del Departamento Administrativo de Seguridad (DAS), mayor general en retiro Miguel Alfredo Maza M\u00e1rquez, por su presunta responsabilidad en el homicidio del candidato de la Alianza Democr\u00e1tica M-19, Carlos Pizarro Le\u00f3n G\u00f3mez, ocurrido el 26 de abril de 1990, en [&hellip;]<\/p>\n","protected":false},"author":2,"featured_media":0,"comment_status":"open","ping_status":"open","sticky":false,"template":"","format":"standard","meta":{"footnotes":""},"categories":[36,32],"tags":[],"class_list":["post-59494","post","type-post","status-publish","format-standard","hentry","category-destacado","category-nacional"],"yoast_head":"<!-- This site is optimized with the Yoast SEO plugin v26.6 - https:\/\/yoast.com\/wordpress\/plugins\/seo\/ -->\n<title>Fiscal\u00eda abre investigaci\u00f3n contra del General (R) Miguel Maza por el homicidio del excandidato presidencial Carlos Pizarro -<\/title>\n<meta name=\"robots\" content=\"index, follow, max-snippet:-1, max-image-preview:large, max-video-preview:-1\" \/>\n<link rel=\"canonical\" href=\"https:\/\/luchonoticias.com\/editor\/fiscalia-abre-investigacion-contra-del-general-r-miguel-maza-por-el-homicidio-del-excandidato-presidencial-carlos-pizarro\/\" \/>\n<meta property=\"og:locale\" content=\"es_ES\" \/>\n<meta property=\"og:type\" content=\"article\" \/>\n<meta property=\"og:title\" content=\"Fiscal\u00eda abre investigaci\u00f3n contra del General (R) Miguel Maza por el homicidio del excandidato presidencial Carlos Pizarro -\" \/>\n<meta property=\"og:url\" content=\"https:\/\/luchonoticias.com\/editor\/fiscalia-abre-investigacion-contra-del-general-r-miguel-maza-por-el-homicidio-del-excandidato-presidencial-carlos-pizarro\/\" \/>\n<meta property=\"article:publisher\" content=\"https:\/\/www.facebook.com\/luchonoticiasneiva\" \/>\n<meta property=\"article:published_time\" content=\"2023-09-01T19:29:12+00:00\" \/>\n<meta property=\"article:modified_time\" content=\"2023-09-01T19:29:21+00:00\" \/>\n<meta name=\"author\" content=\"Editor General\" \/>\n<meta name=\"twitter:card\" content=\"summary_large_image\" \/>\n<meta name=\"twitter:label1\" content=\"Escrito por\" \/>\n\t<meta name=\"twitter:data1\" content=\"Editor General\" \/>\n\t<meta name=\"twitter:label2\" content=\"Tiempo de lectura\" \/>\n\t<meta name=\"twitter:data2\" content=\"2 minutos\" \/>\n<script type=\"application\/ld+json\" class=\"yoast-schema-graph\">{\"@context\":\"https:\/\/schema.org\",\"@graph\":[{\"@type\":\"Article\",\"@id\":\"https:\/\/luchonoticias.com\/editor\/fiscalia-abre-investigacion-contra-del-general-r-miguel-maza-por-el-homicidio-del-excandidato-presidencial-carlos-pizarro\/#article\",\"isPartOf\":{\"@id\":\"https:\/\/luchonoticias.com\/editor\/fiscalia-abre-investigacion-contra-del-general-r-miguel-maza-por-el-homicidio-del-excandidato-presidencial-carlos-pizarro\/\"},\"author\":{\"name\":\"Editor General\",\"@id\":\"https:\/\/luchonoticias.com\/editor\/#\/schema\/person\/29217990ddf6f14e35912b2866d591fb\"},\"headline\":\"Fiscal\u00eda abre investigaci\u00f3n contra del General (R) Miguel Maza por el homicidio del excandidato presidencial Carlos Pizarro\",\"datePublished\":\"2023-09-01T19:29:12+00:00\",\"dateModified\":\"2023-09-01T19:29:21+00:00\",\"mainEntityOfPage\":{\"@id\":\"https:\/\/luchonoticias.com\/editor\/fiscalia-abre-investigacion-contra-del-general-r-miguel-maza-por-el-homicidio-del-excandidato-presidencial-carlos-pizarro\/\"},\"wordCount\":380,\"commentCount\":0,\"publisher\":{\"@id\":\"https:\/\/luchonoticias.com\/editor\/#\/schema\/person\/7a7fd911f58561fd056dbac7b55af9cd\"},\"articleSection\":[\"Destacado\",\"Nacional\"],\"inLanguage\":\"es\",\"potentialAction\":[{\"@type\":\"CommentAction\",\"name\":\"Comment\",\"target\":[\"https:\/\/luchonoticias.com\/editor\/fiscalia-abre-investigacion-contra-del-general-r-miguel-maza-por-el-homicidio-del-excandidato-presidencial-carlos-pizarro\/#respond\"]}]},{\"@type\":\"WebPage\",\"@id\":\"https:\/\/luchonoticias.com\/editor\/fiscalia-abre-investigacion-contra-del-general-r-miguel-maza-por-el-homicidio-del-excandidato-presidencial-carlos-pizarro\/\",\"url\":\"https:\/\/luchonoticias.com\/editor\/fiscalia-abre-investigacion-contra-del-general-r-miguel-maza-por-el-homicidio-del-excandidato-presidencial-carlos-pizarro\/\",\"name\":\"Fiscal\u00eda abre investigaci\u00f3n contra del General (R) Miguel Maza por el homicidio del excandidato presidencial Carlos Pizarro -\",\"isPartOf\":{\"@id\":\"https:\/\/luchonoticias.com\/editor\/#website\"},\"datePublished\":\"2023-09-01T19:29:12+00:00\",\"dateModified\":\"2023-09-01T19:29:21+00:00\",\"breadcrumb\":{\"@id\":\"https:\/\/luchonoticias.com\/editor\/fiscalia-abre-investigacion-contra-del-general-r-miguel-maza-por-el-homicidio-del-excandidato-presidencial-carlos-pizarro\/#breadcrumb\"},\"inLanguage\":\"es\",\"potentialAction\":[{\"@type\":\"ReadAction\",\"target\":[\"https:\/\/luchonoticias.com\/editor\/fiscalia-abre-investigacion-contra-del-general-r-miguel-maza-por-el-homicidio-del-excandidato-presidencial-carlos-pizarro\/\"]}]},{\"@type\":\"BreadcrumbList\",\"@id\":\"https:\/\/luchonoticias.com\/editor\/fiscalia-abre-investigacion-contra-del-general-r-miguel-maza-por-el-homicidio-del-excandidato-presidencial-carlos-pizarro\/#breadcrumb\",\"itemListElement\":[{\"@type\":\"ListItem\",\"position\":1,\"name\":\"Portada\",\"item\":\"https:\/\/luchonoticias.com\/editor\/\"},{\"@type\":\"ListItem\",\"position\":2,\"name\":\"Fiscal\u00eda abre investigaci\u00f3n contra del General (R) Miguel Maza por el homicidio del excandidato presidencial Carlos Pizarro\"}]},{\"@type\":\"WebSite\",\"@id\":\"https:\/\/luchonoticias.com\/editor\/#website\",\"url\":\"https:\/\/luchonoticias.com\/editor\/\",\"name\":\"\",\"description\":\"\",\"publisher\":{\"@id\":\"https:\/\/luchonoticias.com\/editor\/#\/schema\/person\/7a7fd911f58561fd056dbac7b55af9cd\"},\"potentialAction\":[{\"@type\":\"SearchAction\",\"target\":{\"@type\":\"EntryPoint\",\"urlTemplate\":\"https:\/\/luchonoticias.com\/editor\/?s={search_term_string}\"},\"query-input\":{\"@type\":\"PropertyValueSpecification\",\"valueRequired\":true,\"valueName\":\"search_term_string\"}}],\"inLanguage\":\"es\"},{\"@type\":[\"Person\",\"Organization\"],\"@id\":\"https:\/\/luchonoticias.com\/editor\/#\/schema\/person\/7a7fd911f58561fd056dbac7b55af9cd\",\"name\":\"admin\",\"image\":{\"@type\":\"ImageObject\",\"inLanguage\":\"es\",\"@id\":\"https:\/\/luchonoticias.com\/editor\/#\/schema\/person\/image\/\",\"url\":\"https:\/\/luchonoticias.com\/editor\/wp-content\/uploads\/2024\/02\/cropped-cropped-logolu.webp\",\"contentUrl\":\"https:\/\/luchonoticias.com\/editor\/wp-content\/uploads\/2024\/02\/cropped-cropped-logolu.webp\",\"width\":382,\"height\":170,\"caption\":\"admin\"},\"logo\":{\"@id\":\"https:\/\/luchonoticias.com\/editor\/#\/schema\/person\/image\/\"},\"sameAs\":[\"https:\/\/www.facebook.com\/luchonoticiasneiva\"]},{\"@type\":\"Person\",\"@id\":\"https:\/\/luchonoticias.com\/editor\/#\/schema\/person\/29217990ddf6f14e35912b2866d591fb\",\"name\":\"Editor General\",\"image\":{\"@type\":\"ImageObject\",\"inLanguage\":\"es\",\"@id\":\"https:\/\/luchonoticias.com\/editor\/#\/schema\/person\/image\/\",\"url\":\"https:\/\/luchonoticias.com\/editor\/wp-content\/uploads\/2024\/02\/cropped-cropped-logolu-150x150.webp\",\"contentUrl\":\"https:\/\/luchonoticias.com\/editor\/wp-content\/uploads\/2024\/02\/cropped-cropped-logolu-150x150.webp\",\"caption\":\"Editor General\"},\"sameAs\":[\"https:\/\/luchonoticias.com\/\"],\"url\":\"https:\/\/luchonoticias.com\/editor\/author\/editor-general\/\"}]}<\/script>\n<!-- \/ Yoast SEO plugin. -->","yoast_head_json":{"title":"Fiscal\u00eda abre investigaci\u00f3n contra del General (R) Miguel Maza por el homicidio del excandidato presidencial Carlos Pizarro -","robots":{"index":"index","follow":"follow","max-snippet":"max-snippet:-1","max-image-preview":"max-image-preview:large","max-video-preview":"max-video-preview:-1"},"canonical":"https:\/\/luchonoticias.com\/editor\/fiscalia-abre-investigacion-contra-del-general-r-miguel-maza-por-el-homicidio-del-excandidato-presidencial-carlos-pizarro\/","og_locale":"es_ES","og_type":"article","og_title":"Fiscal\u00eda abre investigaci\u00f3n contra del General (R) Miguel Maza por el homicidio del excandidato presidencial Carlos Pizarro -","og_url":"https:\/\/luchonoticias.com\/editor\/fiscalia-abre-investigacion-contra-del-general-r-miguel-maza-por-el-homicidio-del-excandidato-presidencial-carlos-pizarro\/","article_publisher":"https:\/\/www.facebook.com\/luchonoticiasneiva","article_published_time":"2023-09-01T19:29:12+00:00","article_modified_time":"2023-09-01T19:29:21+00:00","author":"Editor General","twitter_card":"summary_large_image","twitter_misc":{"Escrito por":"Editor General","Tiempo de lectura":"2 minutos"},"schema":{"@context":"https:\/\/schema.org","@graph":[{"@type":"Article","@id":"https:\/\/luchonoticias.com\/editor\/fiscalia-abre-investigacion-contra-del-general-r-miguel-maza-por-el-homicidio-del-excandidato-presidencial-carlos-pizarro\/#article","isPartOf":{"@id":"https:\/\/luchonoticias.com\/editor\/fiscalia-abre-investigacion-contra-del-general-r-miguel-maza-por-el-homicidio-del-excandidato-presidencial-carlos-pizarro\/"},"author":{"name":"Editor General","@id":"https:\/\/luchonoticias.com\/editor\/#\/schema\/person\/29217990ddf6f14e35912b2866d591fb"},"headline":"Fiscal\u00eda abre investigaci\u00f3n contra del General (R) Miguel Maza por el homicidio del excandidato presidencial Carlos Pizarro","datePublished":"2023-09-01T19:29:12+00:00","dateModified":"2023-09-01T19:29:21+00:00","mainEntityOfPage":{"@id":"https:\/\/luchonoticias.com\/editor\/fiscalia-abre-investigacion-contra-del-general-r-miguel-maza-por-el-homicidio-del-excandidato-presidencial-carlos-pizarro\/"},"wordCount":380,"commentCount":0,"publisher":{"@id":"https:\/\/luchonoticias.com\/editor\/#\/schema\/person\/7a7fd911f58561fd056dbac7b55af9cd"},"articleSection":["Destacado","Nacional"],"inLanguage":"es","potentialAction":[{"@type":"CommentAction","name":"Comment","target":["https:\/\/luchonoticias.com\/editor\/fiscalia-abre-investigacion-contra-del-general-r-miguel-maza-por-el-homicidio-del-excandidato-presidencial-carlos-pizarro\/#respond"]}]},{"@type":"WebPage","@id":"https:\/\/luchonoticias.com\/editor\/fiscalia-abre-investigacion-contra-del-general-r-miguel-maza-por-el-homicidio-del-excandidato-presidencial-carlos-pizarro\/","url":"https:\/\/luchonoticias.com\/editor\/fiscalia-abre-investigacion-contra-del-general-r-miguel-maza-por-el-homicidio-del-excandidato-presidencial-carlos-pizarro\/","name":"Fiscal\u00eda abre investigaci\u00f3n contra del General (R) Miguel Maza por el homicidio del excandidato presidencial Carlos Pizarro -","isPartOf":{"@id":"https:\/\/luchonoticias.com\/editor\/#website"},"datePublished":"2023-09-01T19:29:12+00:00","dateModified":"2023-09-01T19:29:21+00:00","breadcrumb":{"@id":"https:\/\/luchonoticias.com\/editor\/fiscalia-abre-investigacion-contra-del-general-r-miguel-maza-por-el-homicidio-del-excandidato-presidencial-carlos-pizarro\/#breadcrumb"},"inLanguage":"es","potentialAction":[{"@type":"ReadAction","target":["https:\/\/luchonoticias.com\/editor\/fiscalia-abre-investigacion-contra-del-general-r-miguel-maza-por-el-homicidio-del-excandidato-presidencial-carlos-pizarro\/"]}]},{"@type":"BreadcrumbList","@id":"https:\/\/luchonoticias.com\/editor\/fiscalia-abre-investigacion-contra-del-general-r-miguel-maza-por-el-homicidio-del-excandidato-presidencial-carlos-pizarro\/#breadcrumb","itemListElement":[{"@type":"ListItem","position":1,"name":"Portada","item":"https:\/\/luchonoticias.com\/editor\/"},{"@type":"ListItem","position":2,"name":"Fiscal\u00eda abre investigaci\u00f3n contra del General (R) Miguel Maza por el homicidio del excandidato presidencial Carlos Pizarro"}]},{"@type":"WebSite","@id":"https:\/\/luchonoticias.com\/editor\/#website","url":"https:\/\/luchonoticias.com\/editor\/","name":"","description":"","publisher":{"@id":"https:\/\/luchonoticias.com\/editor\/#\/schema\/person\/7a7fd911f58561fd056dbac7b55af9cd"},"potentialAction":[{"@type":"SearchAction","target":{"@type":"EntryPoint","urlTemplate":"https:\/\/luchonoticias.com\/editor\/?s={search_term_string}"},"query-input":{"@type":"PropertyValueSpecification","valueRequired":true,"valueName":"search_term_string"}}],"inLanguage":"es"},{"@type":["Person","Organization"],"@id":"https:\/\/luchonoticias.com\/editor\/#\/schema\/person\/7a7fd911f58561fd056dbac7b55af9cd","name":"admin","image":{"@type":"ImageObject","inLanguage":"es","@id":"https:\/\/luchonoticias.com\/editor\/#\/schema\/person\/image\/","url":"https:\/\/luchonoticias.com\/editor\/wp-content\/uploads\/2024\/02\/cropped-cropped-logolu.webp","contentUrl":"https:\/\/luchonoticias.com\/editor\/wp-content\/uploads\/2024\/02\/cropped-cropped-logolu.webp","width":382,"height":170,"caption":"admin"},"logo":{"@id":"https:\/\/luchonoticias.com\/editor\/#\/schema\/person\/image\/"},"sameAs":["https:\/\/www.facebook.com\/luchonoticiasneiva"]},{"@type":"Person","@id":"https:\/\/luchonoticias.com\/editor\/#\/schema\/person\/29217990ddf6f14e35912b2866d591fb","name":"Editor General","image":{"@type":"ImageObject","inLanguage":"es","@id":"https:\/\/luchonoticias.com\/editor\/#\/schema\/person\/image\/","url":"https:\/\/luchonoticias.com\/editor\/wp-content\/uploads\/2024\/02\/cropped-cropped-logolu-150x150.webp","contentUrl":"https:\/\/luchonoticias.com\/editor\/wp-content\/uploads\/2024\/02\/cropped-cropped-logolu-150x150.webp","caption":"Editor General"},"sameAs":["https:\/\/luchonoticias.com\/"],"url":"https:\/\/luchonoticias.com\/editor\/author\/editor-general\/"}]}},"_links":{"self":[{"href":"https:\/\/luchonoticias.com\/editor\/wp-json\/wp\/v2\/posts\/59494","targetHints":{"allow":["GET"]}}],"collection":[{"href":"https:\/\/luchonoticias.com\/editor\/wp-json\/wp\/v2\/posts"}],"about":[{"href":"https:\/\/luchonoticias.com\/editor\/wp-json\/wp\/v2\/types\/post"}],"author":[{"embeddable":true,"href":"https:\/\/luchonoticias.com\/editor\/wp-json\/wp\/v2\/users\/2"}],"replies":[{"embeddable":true,"href":"https:\/\/luchonoticias.com\/editor\/wp-json\/wp\/v2\/comments?post=59494"}],"version-history":[{"count":0,"href":"https:\/\/luchonoticias.com\/editor\/wp-json\/wp\/v2\/posts\/59494\/revisions"}],"wp:attachment":[{"href":"https:\/\/luchonoticias.com\/editor\/wp-json\/wp\/v2\/media?parent=59494"}],"wp:term":[{"taxonomy":"category","embeddable":true,"href":"https:\/\/luchonoticias.com\/editor\/wp-json\/wp\/v2\/categories?post=59494"},{"taxonomy":"post_tag","embeddable":true,"href":"https:\/\/luchonoticias.com\/editor\/wp-json\/wp\/v2\/tags?post=59494"}],"curies":[{"name":"wp","href":"https:\/\/api.w.org\/{rel}","templated":true}]}}