{"id":59500,"date":"2023-09-01T14:47:03","date_gmt":"2023-09-01T19:47:03","guid":{"rendered":"https:\/\/luchonoticias.com\/?p=59500"},"modified":"2023-09-01T14:47:11","modified_gmt":"2023-09-01T19:47:11","slug":"rivera-de-gala-con-festival-juvenil-de-teatro","status":"publish","type":"post","link":"https:\/\/luchonoticias.com\/editor\/rivera-de-gala-con-festival-juvenil-de-teatro\/","title":{"rendered":"Rivera de gala con festival juvenil de teatro"},"content":{"rendered":"\n<p>Se desarrolla en el municipio de&nbsp;<strong>Rivera&nbsp;<\/strong>el&nbsp;<strong>Festival de Teatro Juvenil \u2018Gustavo Andrade\u2019,&nbsp;<\/strong>que en esta ocasi\u00f3n<strong>&nbsp;llega a su versi\u00f3n n\u00famero 24<\/strong>, y es apoyado por la Gobernaci\u00f3n del Huila y la Secretar\u00eda de Cultura con su Programa de Concertaci\u00f3n.<\/p>\n\n\n\n<p>Seg\u00fan anot\u00f3 Mar\u00eda Eugenia Naranjo, Directora del Festival, este proyecto<strong>&nbsp;va dirigido a los j\u00f3venes, y a \u00e9l se vinculan las Instituciones Educativas y grupos independientes.<\/strong>&nbsp;Entre los grupos m\u00e1s representativos est\u00e1 la agrupaci\u00f3n esc\u00e9nica Guadajira, y el grupo Teicos de la Instituci\u00f3n Educativa Eduardo Santos, quienes presentaron su obra con la participaci\u00f3n de 15 j\u00f3venes y tuvieron un nutrido n\u00famero de personas disfrutando de su show.<\/p>\n\n\n\n<p>La gestora cultural indic\u00f3 que&nbsp;<strong>tambi\u00e9n otras instituciones educativas de otros municipios<\/strong>, en esta oportunidad de Palermo, participan con su grupo ABC TEATRO, dirigido por el profesor Luis Eduardo Henao, y se vincularon a este festival con una obra basada en la violencia.<\/p>\n\n\n\n<p>Es de resaltar que este encuentro cultural de teatro que une a ni\u00f1os, ni\u00f1as y adolescentes, es muy importante porque&nbsp;<strong>busca que los grupos profesionales y emp\u00edricos retroalimenten&nbsp;<\/strong>y conozcan las bases del teatro eje estrat\u00e9gico en la formaci\u00f3n del ser.<\/p>\n","protected":false},"excerpt":{"rendered":"<p>Se desarrolla en el municipio de&nbsp;Rivera&nbsp;el&nbsp;Festival de Teatro Juvenil \u2018Gustavo Andrade\u2019,&nbsp;que en esta ocasi\u00f3n&nbsp;llega a su versi\u00f3n n\u00famero 24, y es apoyado por la Gobernaci\u00f3n del Huila y la Secretar\u00eda de Cultura con su Programa de Concertaci\u00f3n. Seg\u00fan anot\u00f3 Mar\u00eda Eugenia Naranjo, Directora del Festival, este proyecto&nbsp;va dirigido a los j\u00f3venes, y a \u00e9l se [&hellip;]<\/p>\n","protected":false},"author":2,"featured_media":0,"comment_status":"open","ping_status":"open","sticky":false,"template":"","format":"standard","meta":{"footnotes":""},"categories":[33],"tags":[],"class_list":["post-59500","post","type-post","status-publish","format-standard","hentry","category-huila"],"yoast_head":"<!-- This site is optimized with the Yoast SEO plugin v26.6 - https:\/\/yoast.com\/wordpress\/plugins\/seo\/ -->\n<title>Rivera de gala con festival juvenil de teatro -<\/title>\n<meta name=\"robots\" content=\"index, follow, max-snippet:-1, max-image-preview:large, max-video-preview:-1\" \/>\n<link rel=\"canonical\" href=\"https:\/\/luchonoticias.com\/editor\/rivera-de-gala-con-festival-juvenil-de-teatro\/\" \/>\n<meta property=\"og:locale\" content=\"es_ES\" \/>\n<meta property=\"og:type\" content=\"article\" \/>\n<meta property=\"og:title\" content=\"Rivera de gala con festival juvenil de teatro -\" \/>\n<meta property=\"og:url\" content=\"https:\/\/luchonoticias.com\/editor\/rivera-de-gala-con-festival-juvenil-de-teatro\/\" \/>\n<meta property=\"article:publisher\" content=\"https:\/\/www.facebook.com\/luchonoticiasneiva\" \/>\n<meta property=\"article:published_time\" content=\"2023-09-01T19:47:03+00:00\" \/>\n<meta property=\"article:modified_time\" content=\"2023-09-01T19:47:11+00:00\" \/>\n<meta name=\"author\" content=\"Editor General\" \/>\n<meta name=\"twitter:card\" content=\"summary_large_image\" \/>\n<meta name=\"twitter:label1\" content=\"Escrito por\" \/>\n\t<meta name=\"twitter:data1\" content=\"Editor General\" \/>\n\t<meta name=\"twitter:label2\" content=\"Tiempo de lectura\" \/>\n\t<meta name=\"twitter:data2\" content=\"1 minuto\" \/>\n<script type=\"application\/ld+json\" class=\"yoast-schema-graph\">{\"@context\":\"https:\/\/schema.org\",\"@graph\":[{\"@type\":\"Article\",\"@id\":\"https:\/\/luchonoticias.com\/editor\/rivera-de-gala-con-festival-juvenil-de-teatro\/#article\",\"isPartOf\":{\"@id\":\"https:\/\/luchonoticias.com\/editor\/rivera-de-gala-con-festival-juvenil-de-teatro\/\"},\"author\":{\"name\":\"Editor General\",\"@id\":\"https:\/\/luchonoticias.com\/editor\/#\/schema\/person\/29217990ddf6f14e35912b2866d591fb\"},\"headline\":\"Rivera de gala con festival juvenil de teatro\",\"datePublished\":\"2023-09-01T19:47:03+00:00\",\"dateModified\":\"2023-09-01T19:47:11+00:00\",\"mainEntityOfPage\":{\"@id\":\"https:\/\/luchonoticias.com\/editor\/rivera-de-gala-con-festival-juvenil-de-teatro\/\"},\"wordCount\":231,\"commentCount\":0,\"publisher\":{\"@id\":\"https:\/\/luchonoticias.com\/editor\/#\/schema\/person\/7a7fd911f58561fd056dbac7b55af9cd\"},\"articleSection\":[\"Huila\"],\"inLanguage\":\"es\",\"potentialAction\":[{\"@type\":\"CommentAction\",\"name\":\"Comment\",\"target\":[\"https:\/\/luchonoticias.com\/editor\/rivera-de-gala-con-festival-juvenil-de-teatro\/#respond\"]}]},{\"@type\":\"WebPage\",\"@id\":\"https:\/\/luchonoticias.com\/editor\/rivera-de-gala-con-festival-juvenil-de-teatro\/\",\"url\":\"https:\/\/luchonoticias.com\/editor\/rivera-de-gala-con-festival-juvenil-de-teatro\/\",\"name\":\"Rivera de gala con festival juvenil de teatro -\",\"isPartOf\":{\"@id\":\"https:\/\/luchonoticias.com\/editor\/#website\"},\"datePublished\":\"2023-09-01T19:47:03+00:00\",\"dateModified\":\"2023-09-01T19:47:11+00:00\",\"breadcrumb\":{\"@id\":\"https:\/\/luchonoticias.com\/editor\/rivera-de-gala-con-festival-juvenil-de-teatro\/#breadcrumb\"},\"inLanguage\":\"es\",\"potentialAction\":[{\"@type\":\"ReadAction\",\"target\":[\"https:\/\/luchonoticias.com\/editor\/rivera-de-gala-con-festival-juvenil-de-teatro\/\"]}]},{\"@type\":\"BreadcrumbList\",\"@id\":\"https:\/\/luchonoticias.com\/editor\/rivera-de-gala-con-festival-juvenil-de-teatro\/#breadcrumb\",\"itemListElement\":[{\"@type\":\"ListItem\",\"position\":1,\"name\":\"Portada\",\"item\":\"https:\/\/luchonoticias.com\/editor\/\"},{\"@type\":\"ListItem\",\"position\":2,\"name\":\"Rivera de gala con festival juvenil de teatro\"}]},{\"@type\":\"WebSite\",\"@id\":\"https:\/\/luchonoticias.com\/editor\/#website\",\"url\":\"https:\/\/luchonoticias.com\/editor\/\",\"name\":\"\",\"description\":\"\",\"publisher\":{\"@id\":\"https:\/\/luchonoticias.com\/editor\/#\/schema\/person\/7a7fd911f58561fd056dbac7b55af9cd\"},\"potentialAction\":[{\"@type\":\"SearchAction\",\"target\":{\"@type\":\"EntryPoint\",\"urlTemplate\":\"https:\/\/luchonoticias.com\/editor\/?s={search_term_string}\"},\"query-input\":{\"@type\":\"PropertyValueSpecification\",\"valueRequired\":true,\"valueName\":\"search_term_string\"}}],\"inLanguage\":\"es\"},{\"@type\":[\"Person\",\"Organization\"],\"@id\":\"https:\/\/luchonoticias.com\/editor\/#\/schema\/person\/7a7fd911f58561fd056dbac7b55af9cd\",\"name\":\"admin\",\"image\":{\"@type\":\"ImageObject\",\"inLanguage\":\"es\",\"@id\":\"https:\/\/luchonoticias.com\/editor\/#\/schema\/person\/image\/\",\"url\":\"https:\/\/luchonoticias.com\/editor\/wp-content\/uploads\/2024\/02\/cropped-cropped-logolu.webp\",\"contentUrl\":\"https:\/\/luchonoticias.com\/editor\/wp-content\/uploads\/2024\/02\/cropped-cropped-logolu.webp\",\"width\":382,\"height\":170,\"caption\":\"admin\"},\"logo\":{\"@id\":\"https:\/\/luchonoticias.com\/editor\/#\/schema\/person\/image\/\"},\"sameAs\":[\"https:\/\/www.facebook.com\/luchonoticiasneiva\"]},{\"@type\":\"Person\",\"@id\":\"https:\/\/luchonoticias.com\/editor\/#\/schema\/person\/29217990ddf6f14e35912b2866d591fb\",\"name\":\"Editor General\",\"image\":{\"@type\":\"ImageObject\",\"inLanguage\":\"es\",\"@id\":\"https:\/\/luchonoticias.com\/editor\/#\/schema\/person\/image\/\",\"url\":\"https:\/\/luchonoticias.com\/editor\/wp-content\/uploads\/2024\/02\/cropped-cropped-logolu-150x150.webp\",\"contentUrl\":\"https:\/\/luchonoticias.com\/editor\/wp-content\/uploads\/2024\/02\/cropped-cropped-logolu-150x150.webp\",\"caption\":\"Editor General\"},\"sameAs\":[\"https:\/\/luchonoticias.com\/\"],\"url\":\"https:\/\/luchonoticias.com\/editor\/author\/editor-general\/\"}]}<\/script>\n<!-- \/ Yoast SEO plugin. -->","yoast_head_json":{"title":"Rivera de gala con festival juvenil de teatro -","robots":{"index":"index","follow":"follow","max-snippet":"max-snippet:-1","max-image-preview":"max-image-preview:large","max-video-preview":"max-video-preview:-1"},"canonical":"https:\/\/luchonoticias.com\/editor\/rivera-de-gala-con-festival-juvenil-de-teatro\/","og_locale":"es_ES","og_type":"article","og_title":"Rivera de gala con festival juvenil de teatro -","og_url":"https:\/\/luchonoticias.com\/editor\/rivera-de-gala-con-festival-juvenil-de-teatro\/","article_publisher":"https:\/\/www.facebook.com\/luchonoticiasneiva","article_published_time":"2023-09-01T19:47:03+00:00","article_modified_time":"2023-09-01T19:47:11+00:00","author":"Editor General","twitter_card":"summary_large_image","twitter_misc":{"Escrito por":"Editor General","Tiempo de lectura":"1 minuto"},"schema":{"@context":"https:\/\/schema.org","@graph":[{"@type":"Article","@id":"https:\/\/luchonoticias.com\/editor\/rivera-de-gala-con-festival-juvenil-de-teatro\/#article","isPartOf":{"@id":"https:\/\/luchonoticias.com\/editor\/rivera-de-gala-con-festival-juvenil-de-teatro\/"},"author":{"name":"Editor General","@id":"https:\/\/luchonoticias.com\/editor\/#\/schema\/person\/29217990ddf6f14e35912b2866d591fb"},"headline":"Rivera de gala con festival juvenil de teatro","datePublished":"2023-09-01T19:47:03+00:00","dateModified":"2023-09-01T19:47:11+00:00","mainEntityOfPage":{"@id":"https:\/\/luchonoticias.com\/editor\/rivera-de-gala-con-festival-juvenil-de-teatro\/"},"wordCount":231,"commentCount":0,"publisher":{"@id":"https:\/\/luchonoticias.com\/editor\/#\/schema\/person\/7a7fd911f58561fd056dbac7b55af9cd"},"articleSection":["Huila"],"inLanguage":"es","potentialAction":[{"@type":"CommentAction","name":"Comment","target":["https:\/\/luchonoticias.com\/editor\/rivera-de-gala-con-festival-juvenil-de-teatro\/#respond"]}]},{"@type":"WebPage","@id":"https:\/\/luchonoticias.com\/editor\/rivera-de-gala-con-festival-juvenil-de-teatro\/","url":"https:\/\/luchonoticias.com\/editor\/rivera-de-gala-con-festival-juvenil-de-teatro\/","name":"Rivera de gala con festival juvenil de teatro -","isPartOf":{"@id":"https:\/\/luchonoticias.com\/editor\/#website"},"datePublished":"2023-09-01T19:47:03+00:00","dateModified":"2023-09-01T19:47:11+00:00","breadcrumb":{"@id":"https:\/\/luchonoticias.com\/editor\/rivera-de-gala-con-festival-juvenil-de-teatro\/#breadcrumb"},"inLanguage":"es","potentialAction":[{"@type":"ReadAction","target":["https:\/\/luchonoticias.com\/editor\/rivera-de-gala-con-festival-juvenil-de-teatro\/"]}]},{"@type":"BreadcrumbList","@id":"https:\/\/luchonoticias.com\/editor\/rivera-de-gala-con-festival-juvenil-de-teatro\/#breadcrumb","itemListElement":[{"@type":"ListItem","position":1,"name":"Portada","item":"https:\/\/luchonoticias.com\/editor\/"},{"@type":"ListItem","position":2,"name":"Rivera de gala con festival juvenil de teatro"}]},{"@type":"WebSite","@id":"https:\/\/luchonoticias.com\/editor\/#website","url":"https:\/\/luchonoticias.com\/editor\/","name":"","description":"","publisher":{"@id":"https:\/\/luchonoticias.com\/editor\/#\/schema\/person\/7a7fd911f58561fd056dbac7b55af9cd"},"potentialAction":[{"@type":"SearchAction","target":{"@type":"EntryPoint","urlTemplate":"https:\/\/luchonoticias.com\/editor\/?s={search_term_string}"},"query-input":{"@type":"PropertyValueSpecification","valueRequired":true,"valueName":"search_term_string"}}],"inLanguage":"es"},{"@type":["Person","Organization"],"@id":"https:\/\/luchonoticias.com\/editor\/#\/schema\/person\/7a7fd911f58561fd056dbac7b55af9cd","name":"admin","image":{"@type":"ImageObject","inLanguage":"es","@id":"https:\/\/luchonoticias.com\/editor\/#\/schema\/person\/image\/","url":"https:\/\/luchonoticias.com\/editor\/wp-content\/uploads\/2024\/02\/cropped-cropped-logolu.webp","contentUrl":"https:\/\/luchonoticias.com\/editor\/wp-content\/uploads\/2024\/02\/cropped-cropped-logolu.webp","width":382,"height":170,"caption":"admin"},"logo":{"@id":"https:\/\/luchonoticias.com\/editor\/#\/schema\/person\/image\/"},"sameAs":["https:\/\/www.facebook.com\/luchonoticiasneiva"]},{"@type":"Person","@id":"https:\/\/luchonoticias.com\/editor\/#\/schema\/person\/29217990ddf6f14e35912b2866d591fb","name":"Editor General","image":{"@type":"ImageObject","inLanguage":"es","@id":"https:\/\/luchonoticias.com\/editor\/#\/schema\/person\/image\/","url":"https:\/\/luchonoticias.com\/editor\/wp-content\/uploads\/2024\/02\/cropped-cropped-logolu-150x150.webp","contentUrl":"https:\/\/luchonoticias.com\/editor\/wp-content\/uploads\/2024\/02\/cropped-cropped-logolu-150x150.webp","caption":"Editor General"},"sameAs":["https:\/\/luchonoticias.com\/"],"url":"https:\/\/luchonoticias.com\/editor\/author\/editor-general\/"}]}},"_links":{"self":[{"href":"https:\/\/luchonoticias.com\/editor\/wp-json\/wp\/v2\/posts\/59500","targetHints":{"allow":["GET"]}}],"collection":[{"href":"https:\/\/luchonoticias.com\/editor\/wp-json\/wp\/v2\/posts"}],"about":[{"href":"https:\/\/luchonoticias.com\/editor\/wp-json\/wp\/v2\/types\/post"}],"author":[{"embeddable":true,"href":"https:\/\/luchonoticias.com\/editor\/wp-json\/wp\/v2\/users\/2"}],"replies":[{"embeddable":true,"href":"https:\/\/luchonoticias.com\/editor\/wp-json\/wp\/v2\/comments?post=59500"}],"version-history":[{"count":0,"href":"https:\/\/luchonoticias.com\/editor\/wp-json\/wp\/v2\/posts\/59500\/revisions"}],"wp:attachment":[{"href":"https:\/\/luchonoticias.com\/editor\/wp-json\/wp\/v2\/media?parent=59500"}],"wp:term":[{"taxonomy":"category","embeddable":true,"href":"https:\/\/luchonoticias.com\/editor\/wp-json\/wp\/v2\/categories?post=59500"},{"taxonomy":"post_tag","embeddable":true,"href":"https:\/\/luchonoticias.com\/editor\/wp-json\/wp\/v2\/tags?post=59500"}],"curies":[{"name":"wp","href":"https:\/\/api.w.org\/{rel}","templated":true}]}}