{"id":59503,"date":"2023-09-01T14:57:38","date_gmt":"2023-09-01T19:57:38","guid":{"rendered":"https:\/\/luchonoticias.com\/?p=59503"},"modified":"2023-09-01T14:57:44","modified_gmt":"2023-09-01T19:57:44","slug":"masacre-laboral-en-colpensiones-en-la-mira-de-la-procuraduria","status":"publish","type":"post","link":"https:\/\/luchonoticias.com\/editor\/masacre-laboral-en-colpensiones-en-la-mira-de-la-procuraduria\/","title":{"rendered":"Masacre laboral en Colpensiones en la mira de la Procuradur\u00eda"},"content":{"rendered":"\n<p>La&nbsp;<strong>salida masiva de personal de Colpensiones<\/strong>&nbsp;y la renuncia de algunos directivos, a solicitud del presidente Jaime Dussan, llam\u00f3 la atenci\u00f3n de la Procuradur\u00eda General de la Naci\u00f3n que&nbsp;<strong>inici\u00f3 vigilancia preventiva sobre el proceso de desvinculaci\u00f3n&nbsp;<\/strong>que se est\u00e1 dando en la entidad.<\/p>\n\n\n\n<p>Tan solo en seis meses, seg\u00fan informaciones difundidas por medios de comunicaci\u00f3n, de la Administradora Colombiana de Pensiones -Colpensiones-&nbsp;<strong>salieron, por lo menos, 110 personas por las que ahora Dussan tendr\u00e1 que dar explicaciones&nbsp;<\/strong>sobre las razones de la terminaci\u00f3n de esos contratos.<\/p>\n\n\n\n<p>Dentro de los requerimientos hechos por Gabriel del Toro, Procurador Primero Delegado para la Vigilancia de la Funci\u00f3n P\u00fablica, se encuentran, entre otros, la relaci\u00f3n de funcionarios y contratistas, con cargos y sueldos, que fueron despedidos de diciembre de 2022 a la fecha.&nbsp; Asimismo,&nbsp;<strong>el Presidente de Colpensiones deber\u00e1 relacionar la carga presupuestal que costar\u00eda en caso de eventuales indemnizaciones.&nbsp;<\/strong><\/p>\n\n\n\n<p>El Ministerio P\u00fablico indaga si, al parecer,&nbsp;<strong>mientras se presentaba la masacre laboral, por el otro lado se daba una cascada de firma de contratos&nbsp;<\/strong>por los que el directivo del fondo pensional tambi\u00e9n deber\u00e1 dar explicaciones.<\/p>\n\n\n\n<p>El Delegado de la Procuradur\u00eda advirti\u00f3 que con estos despidos se pueda alterar el normal funcionamiento y calidad en la prestaci\u00f3n del servicio de la entidad y&nbsp;<strong>se puedan transgredir los derechos laborales de los involucrados.<\/strong><\/p>\n\n\n\n<p>El ente de control recalc\u00f3 que continuar\u00e1 vigilante ante este tipo de situaciones que atenten contra los derechos de los trabajadores.<\/p>\n","protected":false},"excerpt":{"rendered":"<p>La&nbsp;salida masiva de personal de Colpensiones&nbsp;y la renuncia de algunos directivos, a solicitud del presidente Jaime Dussan, llam\u00f3 la atenci\u00f3n de la Procuradur\u00eda General de la Naci\u00f3n que&nbsp;inici\u00f3 vigilancia preventiva sobre el proceso de desvinculaci\u00f3n&nbsp;que se est\u00e1 dando en la entidad. Tan solo en seis meses, seg\u00fan informaciones difundidas por medios de comunicaci\u00f3n, de la [&hellip;]<\/p>\n","protected":false},"author":2,"featured_media":0,"comment_status":"open","ping_status":"open","sticky":false,"template":"","format":"standard","meta":{"footnotes":""},"categories":[28,36],"tags":[],"class_list":["post-59503","post","type-post","status-publish","format-standard","hentry","category-actualidad","category-destacado"],"yoast_head":"<!-- This site is optimized with the Yoast SEO plugin v26.6 - https:\/\/yoast.com\/wordpress\/plugins\/seo\/ -->\n<title>Masacre laboral en Colpensiones en la mira de la Procuradur\u00eda -<\/title>\n<meta name=\"robots\" content=\"index, follow, max-snippet:-1, max-image-preview:large, max-video-preview:-1\" \/>\n<link rel=\"canonical\" href=\"https:\/\/luchonoticias.com\/editor\/masacre-laboral-en-colpensiones-en-la-mira-de-la-procuraduria\/\" \/>\n<meta property=\"og:locale\" content=\"es_ES\" \/>\n<meta property=\"og:type\" content=\"article\" \/>\n<meta property=\"og:title\" content=\"Masacre laboral en Colpensiones en la mira de la Procuradur\u00eda -\" \/>\n<meta property=\"og:url\" content=\"https:\/\/luchonoticias.com\/editor\/masacre-laboral-en-colpensiones-en-la-mira-de-la-procuraduria\/\" \/>\n<meta property=\"article:publisher\" content=\"https:\/\/www.facebook.com\/luchonoticiasneiva\" \/>\n<meta property=\"article:published_time\" content=\"2023-09-01T19:57:38+00:00\" \/>\n<meta property=\"article:modified_time\" content=\"2023-09-01T19:57:44+00:00\" \/>\n<meta name=\"author\" content=\"Editor General\" \/>\n<meta name=\"twitter:card\" content=\"summary_large_image\" \/>\n<meta name=\"twitter:label1\" content=\"Escrito por\" \/>\n\t<meta name=\"twitter:data1\" content=\"Editor General\" \/>\n\t<meta name=\"twitter:label2\" content=\"Tiempo de lectura\" \/>\n\t<meta name=\"twitter:data2\" content=\"1 minuto\" \/>\n<script type=\"application\/ld+json\" class=\"yoast-schema-graph\">{\"@context\":\"https:\/\/schema.org\",\"@graph\":[{\"@type\":\"Article\",\"@id\":\"https:\/\/luchonoticias.com\/editor\/masacre-laboral-en-colpensiones-en-la-mira-de-la-procuraduria\/#article\",\"isPartOf\":{\"@id\":\"https:\/\/luchonoticias.com\/editor\/masacre-laboral-en-colpensiones-en-la-mira-de-la-procuraduria\/\"},\"author\":{\"name\":\"Editor General\",\"@id\":\"https:\/\/luchonoticias.com\/editor\/#\/schema\/person\/29217990ddf6f14e35912b2866d591fb\"},\"headline\":\"Masacre laboral en Colpensiones en la mira de la Procuradur\u00eda\",\"datePublished\":\"2023-09-01T19:57:38+00:00\",\"dateModified\":\"2023-09-01T19:57:44+00:00\",\"mainEntityOfPage\":{\"@id\":\"https:\/\/luchonoticias.com\/editor\/masacre-laboral-en-colpensiones-en-la-mira-de-la-procuraduria\/\"},\"wordCount\":278,\"commentCount\":0,\"publisher\":{\"@id\":\"https:\/\/luchonoticias.com\/editor\/#\/schema\/person\/7a7fd911f58561fd056dbac7b55af9cd\"},\"articleSection\":[\"Actualidad\",\"Destacado\"],\"inLanguage\":\"es\",\"potentialAction\":[{\"@type\":\"CommentAction\",\"name\":\"Comment\",\"target\":[\"https:\/\/luchonoticias.com\/editor\/masacre-laboral-en-colpensiones-en-la-mira-de-la-procuraduria\/#respond\"]}]},{\"@type\":\"WebPage\",\"@id\":\"https:\/\/luchonoticias.com\/editor\/masacre-laboral-en-colpensiones-en-la-mira-de-la-procuraduria\/\",\"url\":\"https:\/\/luchonoticias.com\/editor\/masacre-laboral-en-colpensiones-en-la-mira-de-la-procuraduria\/\",\"name\":\"Masacre laboral en Colpensiones en la mira de la Procuradur\u00eda -\",\"isPartOf\":{\"@id\":\"https:\/\/luchonoticias.com\/editor\/#website\"},\"datePublished\":\"2023-09-01T19:57:38+00:00\",\"dateModified\":\"2023-09-01T19:57:44+00:00\",\"breadcrumb\":{\"@id\":\"https:\/\/luchonoticias.com\/editor\/masacre-laboral-en-colpensiones-en-la-mira-de-la-procuraduria\/#breadcrumb\"},\"inLanguage\":\"es\",\"potentialAction\":[{\"@type\":\"ReadAction\",\"target\":[\"https:\/\/luchonoticias.com\/editor\/masacre-laboral-en-colpensiones-en-la-mira-de-la-procuraduria\/\"]}]},{\"@type\":\"BreadcrumbList\",\"@id\":\"https:\/\/luchonoticias.com\/editor\/masacre-laboral-en-colpensiones-en-la-mira-de-la-procuraduria\/#breadcrumb\",\"itemListElement\":[{\"@type\":\"ListItem\",\"position\":1,\"name\":\"Portada\",\"item\":\"https:\/\/luchonoticias.com\/editor\/\"},{\"@type\":\"ListItem\",\"position\":2,\"name\":\"Masacre laboral en Colpensiones en la mira de la Procuradur\u00eda\"}]},{\"@type\":\"WebSite\",\"@id\":\"https:\/\/luchonoticias.com\/editor\/#website\",\"url\":\"https:\/\/luchonoticias.com\/editor\/\",\"name\":\"\",\"description\":\"\",\"publisher\":{\"@id\":\"https:\/\/luchonoticias.com\/editor\/#\/schema\/person\/7a7fd911f58561fd056dbac7b55af9cd\"},\"potentialAction\":[{\"@type\":\"SearchAction\",\"target\":{\"@type\":\"EntryPoint\",\"urlTemplate\":\"https:\/\/luchonoticias.com\/editor\/?s={search_term_string}\"},\"query-input\":{\"@type\":\"PropertyValueSpecification\",\"valueRequired\":true,\"valueName\":\"search_term_string\"}}],\"inLanguage\":\"es\"},{\"@type\":[\"Person\",\"Organization\"],\"@id\":\"https:\/\/luchonoticias.com\/editor\/#\/schema\/person\/7a7fd911f58561fd056dbac7b55af9cd\",\"name\":\"admin\",\"image\":{\"@type\":\"ImageObject\",\"inLanguage\":\"es\",\"@id\":\"https:\/\/luchonoticias.com\/editor\/#\/schema\/person\/image\/\",\"url\":\"https:\/\/luchonoticias.com\/editor\/wp-content\/uploads\/2024\/02\/cropped-cropped-logolu.webp\",\"contentUrl\":\"https:\/\/luchonoticias.com\/editor\/wp-content\/uploads\/2024\/02\/cropped-cropped-logolu.webp\",\"width\":382,\"height\":170,\"caption\":\"admin\"},\"logo\":{\"@id\":\"https:\/\/luchonoticias.com\/editor\/#\/schema\/person\/image\/\"},\"sameAs\":[\"https:\/\/www.facebook.com\/luchonoticiasneiva\"]},{\"@type\":\"Person\",\"@id\":\"https:\/\/luchonoticias.com\/editor\/#\/schema\/person\/29217990ddf6f14e35912b2866d591fb\",\"name\":\"Editor General\",\"image\":{\"@type\":\"ImageObject\",\"inLanguage\":\"es\",\"@id\":\"https:\/\/luchonoticias.com\/editor\/#\/schema\/person\/image\/\",\"url\":\"https:\/\/luchonoticias.com\/editor\/wp-content\/uploads\/2024\/02\/cropped-cropped-logolu-150x150.webp\",\"contentUrl\":\"https:\/\/luchonoticias.com\/editor\/wp-content\/uploads\/2024\/02\/cropped-cropped-logolu-150x150.webp\",\"caption\":\"Editor General\"},\"sameAs\":[\"https:\/\/luchonoticias.com\/\"],\"url\":\"https:\/\/luchonoticias.com\/editor\/author\/editor-general\/\"}]}<\/script>\n<!-- \/ Yoast SEO plugin. -->","yoast_head_json":{"title":"Masacre laboral en Colpensiones en la mira de la Procuradur\u00eda -","robots":{"index":"index","follow":"follow","max-snippet":"max-snippet:-1","max-image-preview":"max-image-preview:large","max-video-preview":"max-video-preview:-1"},"canonical":"https:\/\/luchonoticias.com\/editor\/masacre-laboral-en-colpensiones-en-la-mira-de-la-procuraduria\/","og_locale":"es_ES","og_type":"article","og_title":"Masacre laboral en Colpensiones en la mira de la Procuradur\u00eda -","og_url":"https:\/\/luchonoticias.com\/editor\/masacre-laboral-en-colpensiones-en-la-mira-de-la-procuraduria\/","article_publisher":"https:\/\/www.facebook.com\/luchonoticiasneiva","article_published_time":"2023-09-01T19:57:38+00:00","article_modified_time":"2023-09-01T19:57:44+00:00","author":"Editor General","twitter_card":"summary_large_image","twitter_misc":{"Escrito por":"Editor General","Tiempo de lectura":"1 minuto"},"schema":{"@context":"https:\/\/schema.org","@graph":[{"@type":"Article","@id":"https:\/\/luchonoticias.com\/editor\/masacre-laboral-en-colpensiones-en-la-mira-de-la-procuraduria\/#article","isPartOf":{"@id":"https:\/\/luchonoticias.com\/editor\/masacre-laboral-en-colpensiones-en-la-mira-de-la-procuraduria\/"},"author":{"name":"Editor General","@id":"https:\/\/luchonoticias.com\/editor\/#\/schema\/person\/29217990ddf6f14e35912b2866d591fb"},"headline":"Masacre laboral en Colpensiones en la mira de la Procuradur\u00eda","datePublished":"2023-09-01T19:57:38+00:00","dateModified":"2023-09-01T19:57:44+00:00","mainEntityOfPage":{"@id":"https:\/\/luchonoticias.com\/editor\/masacre-laboral-en-colpensiones-en-la-mira-de-la-procuraduria\/"},"wordCount":278,"commentCount":0,"publisher":{"@id":"https:\/\/luchonoticias.com\/editor\/#\/schema\/person\/7a7fd911f58561fd056dbac7b55af9cd"},"articleSection":["Actualidad","Destacado"],"inLanguage":"es","potentialAction":[{"@type":"CommentAction","name":"Comment","target":["https:\/\/luchonoticias.com\/editor\/masacre-laboral-en-colpensiones-en-la-mira-de-la-procuraduria\/#respond"]}]},{"@type":"WebPage","@id":"https:\/\/luchonoticias.com\/editor\/masacre-laboral-en-colpensiones-en-la-mira-de-la-procuraduria\/","url":"https:\/\/luchonoticias.com\/editor\/masacre-laboral-en-colpensiones-en-la-mira-de-la-procuraduria\/","name":"Masacre laboral en Colpensiones en la mira de la Procuradur\u00eda -","isPartOf":{"@id":"https:\/\/luchonoticias.com\/editor\/#website"},"datePublished":"2023-09-01T19:57:38+00:00","dateModified":"2023-09-01T19:57:44+00:00","breadcrumb":{"@id":"https:\/\/luchonoticias.com\/editor\/masacre-laboral-en-colpensiones-en-la-mira-de-la-procuraduria\/#breadcrumb"},"inLanguage":"es","potentialAction":[{"@type":"ReadAction","target":["https:\/\/luchonoticias.com\/editor\/masacre-laboral-en-colpensiones-en-la-mira-de-la-procuraduria\/"]}]},{"@type":"BreadcrumbList","@id":"https:\/\/luchonoticias.com\/editor\/masacre-laboral-en-colpensiones-en-la-mira-de-la-procuraduria\/#breadcrumb","itemListElement":[{"@type":"ListItem","position":1,"name":"Portada","item":"https:\/\/luchonoticias.com\/editor\/"},{"@type":"ListItem","position":2,"name":"Masacre laboral en Colpensiones en la mira de la Procuradur\u00eda"}]},{"@type":"WebSite","@id":"https:\/\/luchonoticias.com\/editor\/#website","url":"https:\/\/luchonoticias.com\/editor\/","name":"","description":"","publisher":{"@id":"https:\/\/luchonoticias.com\/editor\/#\/schema\/person\/7a7fd911f58561fd056dbac7b55af9cd"},"potentialAction":[{"@type":"SearchAction","target":{"@type":"EntryPoint","urlTemplate":"https:\/\/luchonoticias.com\/editor\/?s={search_term_string}"},"query-input":{"@type":"PropertyValueSpecification","valueRequired":true,"valueName":"search_term_string"}}],"inLanguage":"es"},{"@type":["Person","Organization"],"@id":"https:\/\/luchonoticias.com\/editor\/#\/schema\/person\/7a7fd911f58561fd056dbac7b55af9cd","name":"admin","image":{"@type":"ImageObject","inLanguage":"es","@id":"https:\/\/luchonoticias.com\/editor\/#\/schema\/person\/image\/","url":"https:\/\/luchonoticias.com\/editor\/wp-content\/uploads\/2024\/02\/cropped-cropped-logolu.webp","contentUrl":"https:\/\/luchonoticias.com\/editor\/wp-content\/uploads\/2024\/02\/cropped-cropped-logolu.webp","width":382,"height":170,"caption":"admin"},"logo":{"@id":"https:\/\/luchonoticias.com\/editor\/#\/schema\/person\/image\/"},"sameAs":["https:\/\/www.facebook.com\/luchonoticiasneiva"]},{"@type":"Person","@id":"https:\/\/luchonoticias.com\/editor\/#\/schema\/person\/29217990ddf6f14e35912b2866d591fb","name":"Editor General","image":{"@type":"ImageObject","inLanguage":"es","@id":"https:\/\/luchonoticias.com\/editor\/#\/schema\/person\/image\/","url":"https:\/\/luchonoticias.com\/editor\/wp-content\/uploads\/2024\/02\/cropped-cropped-logolu-150x150.webp","contentUrl":"https:\/\/luchonoticias.com\/editor\/wp-content\/uploads\/2024\/02\/cropped-cropped-logolu-150x150.webp","caption":"Editor General"},"sameAs":["https:\/\/luchonoticias.com\/"],"url":"https:\/\/luchonoticias.com\/editor\/author\/editor-general\/"}]}},"_links":{"self":[{"href":"https:\/\/luchonoticias.com\/editor\/wp-json\/wp\/v2\/posts\/59503","targetHints":{"allow":["GET"]}}],"collection":[{"href":"https:\/\/luchonoticias.com\/editor\/wp-json\/wp\/v2\/posts"}],"about":[{"href":"https:\/\/luchonoticias.com\/editor\/wp-json\/wp\/v2\/types\/post"}],"author":[{"embeddable":true,"href":"https:\/\/luchonoticias.com\/editor\/wp-json\/wp\/v2\/users\/2"}],"replies":[{"embeddable":true,"href":"https:\/\/luchonoticias.com\/editor\/wp-json\/wp\/v2\/comments?post=59503"}],"version-history":[{"count":0,"href":"https:\/\/luchonoticias.com\/editor\/wp-json\/wp\/v2\/posts\/59503\/revisions"}],"wp:attachment":[{"href":"https:\/\/luchonoticias.com\/editor\/wp-json\/wp\/v2\/media?parent=59503"}],"wp:term":[{"taxonomy":"category","embeddable":true,"href":"https:\/\/luchonoticias.com\/editor\/wp-json\/wp\/v2\/categories?post=59503"},{"taxonomy":"post_tag","embeddable":true,"href":"https:\/\/luchonoticias.com\/editor\/wp-json\/wp\/v2\/tags?post=59503"}],"curies":[{"name":"wp","href":"https:\/\/api.w.org\/{rel}","templated":true}]}}