{"id":59649,"date":"2023-09-04T10:11:48","date_gmt":"2023-09-04T15:11:48","guid":{"rendered":"https:\/\/luchonoticias.com\/?p=59649"},"modified":"2023-09-04T10:11:49","modified_gmt":"2023-09-04T15:11:49","slug":"asi-quedo-la-tarifa-de-la-tecnico-mecanica-para-2023","status":"publish","type":"post","link":"https:\/\/luchonoticias.com\/editor\/asi-quedo-la-tarifa-de-la-tecnico-mecanica-para-2023\/","title":{"rendered":"As\u00ed qued\u00f3 la tarifa de la t\u00e9cnico-mec\u00e1nica para 2023"},"content":{"rendered":"\n<p> <p class=\"MsoNoSpacing\">La expedici\u00f3n de la ley 2283 de 2023 ha causado preocupaci\u00f3n en los Centros de Diagn\u00f3stico Automotor (CDA) del pa\u00eds, pues ahora se deben enfrentar a los costos adicionales estipulados finalmente por la Corte Constitucional. <\/p><span style=\"font-size: revert; color: initial;\">Esta requiere la entrega de una p\u00f3liza de seguro a los usuarios que realicen la revisi\u00f3n t\u00e9cnico-mec\u00e1nica, sin costo extra y con vigencia de un a\u00f1o. <\/span><p class=\"MsoNoSpacing\">Seg\u00fan la Corte Constitucional, esta p\u00f3liza se empez\u00f3 a exigir desde el viernes primero de septiembre. Desde el Ministerio de Transporte se expres\u00f3 que esta medida es parte de la propuesta del Gobierno Nacional para desarrollar una mejora en la seguridad vial, as\u00ed como tambi\u00e9n asegur\u00f3 que espera que los CDA cumplan con la adquisici\u00f3n de esta para entregarla a los conductores.<\/p><\/p>\n\n\n\n<p><p class=\"MsoNoSpacing\"><span style=\"font-size: revert; color: initial;\">El cambio en el art\u00edculo estipula que los precios ya no son fijos para estos establecimientos, sino que cuentan con un techo y un piso de los cuales no pueden pasarse. <\/span><\/p><p class=\"MsoNoSpacing\"><\/p><p class=\"MsoNoSpacing\">Aunque esto les da libertad para pedir m\u00e1s dinero por la Revisi\u00f3n tecno-mec\u00e1nica, la verdadera raz\u00f3n del aumento es por una p\u00f3liza de seguros que ahora, por ley, le toca brindar a los CDA.<\/p><p class=\"MsoNoSpacing\"><\/p><p class=\"MsoNoSpacing\"><b>\u00bfCu\u00e1l es la p\u00f3liza que causa los aumentos de precio?<\/b><\/p><\/p>\n\n\n\n<p><p class=\"MsoNoSpacing\"><span style=\"font-size: revert; color: initial;\">A partir de este mes, los Centros de Diagn\u00f3stico Automotor se ver\u00e1n obligados a brindar una p\u00f3liza de choques menores, a cada veh\u00edculo que pase por las puertas de los establecimientos y est\u00e9 buscando la aprobaci\u00f3n de la revisi\u00f3n tecno-mec\u00e1nica.<\/span><\/p><p class=\"MsoNoSpacing\"><\/p><span style=\"font-size: revert; color: initial;\">La p\u00f3liza debe sacarse obligatoriamente con la compa\u00f1\u00eda Seguros Mundial, pues es la \u00fanica en el mundo que ofrece este tipo de servicios. Este seguro no es gratis y, evidentemente, a alg\u00fan eslab\u00f3n de la cadena le tocar\u00e1 asumir el costo de este requisito.<\/span><p class=\"MsoNoSpacing\"><\/p><p class=\"MsoNoSpacing\">Los CDA, aprovechando la modificaci\u00f3n del art\u00edculo que les permite jugar con los precios, recargaron el costo de esta p\u00f3liza en el consumidor, el cual, en la mayor\u00eda de las ocasiones, no sabe por qu\u00e9 se le increment\u00f3 de manera exponencial el procedimiento de rutina para mantener el carro en regla.<\/p><p class=\"MsoNoSpacing\"><\/p><p class=\"MsoNoSpacing\"><b>Tarifas<\/b><\/p><p class=\"MsoNoSpacing\"><\/p><p class=\"MsoNoSpacing\">Tras el inici\u00f3 de la Ley 2283 de 2023, as\u00ed quedaron las tarifas de la revisi\u00f3n tecno mec\u00e1nica: para veh\u00edculos particulares y motos, $199.000; veh\u00edculos livianos, $298.000; veh\u00edculos livianos el\u00e9ctricos, $222.500, y veh\u00edculos pesados, $455.000.<\/p><p class=\"MsoNoSpacing\"><\/p><p class=\"MsoNoSpacing\">Aunque la Ley 2283 del 2023 dice que esta p\u00f3liza, \u2018amarrada\u2019 a la revisi\u00f3n tecno mec\u00e1nica, es \u2018gratuita\u2019 para los usuarios, y los CDA que la est\u00e1n expidiendo aseguran que no la est\u00e1n cobrando, el nuevo valor de la revisi\u00f3n para todos los carros hace pensar que, de una forma u otra, as\u00ed sea bajo cubierta de la norma, al final paga el de siempre: el due\u00f1o del veh\u00edculo.<\/p><p class=\"MsoNoSpacing\"><\/p><\/p>\n","protected":false},"excerpt":{"rendered":"<p>La expedici\u00f3n de la ley 2283 de 2023 ha causado preocupaci\u00f3n en los Centros de Diagn\u00f3stico Automotor (CDA) del pa\u00eds, pues ahora se deben enfrentar a los costos adicionales estipulados finalmente por la Corte Constitucional. Esta requiere la entrega de una p\u00f3liza de seguro a los usuarios que realicen la revisi\u00f3n t\u00e9cnico-mec\u00e1nica, sin costo extra [&hellip;]<\/p>\n","protected":false},"author":2,"featured_media":0,"comment_status":"open","ping_status":"open","sticky":false,"template":"","format":"standard","meta":{"footnotes":""},"categories":[36,32],"tags":[],"class_list":["post-59649","post","type-post","status-publish","format-standard","hentry","category-destacado","category-nacional"],"yoast_head":"<!-- This site is optimized with the Yoast SEO plugin v26.6 - https:\/\/yoast.com\/wordpress\/plugins\/seo\/ -->\n<title>As\u00ed qued\u00f3 la tarifa de la t\u00e9cnico-mec\u00e1nica para 2023 -<\/title>\n<meta name=\"robots\" content=\"index, follow, max-snippet:-1, max-image-preview:large, max-video-preview:-1\" \/>\n<link rel=\"canonical\" href=\"https:\/\/luchonoticias.com\/editor\/asi-quedo-la-tarifa-de-la-tecnico-mecanica-para-2023\/\" \/>\n<meta property=\"og:locale\" content=\"es_ES\" \/>\n<meta property=\"og:type\" content=\"article\" \/>\n<meta property=\"og:title\" content=\"As\u00ed qued\u00f3 la tarifa de la t\u00e9cnico-mec\u00e1nica para 2023 -\" \/>\n<meta property=\"og:url\" content=\"https:\/\/luchonoticias.com\/editor\/asi-quedo-la-tarifa-de-la-tecnico-mecanica-para-2023\/\" \/>\n<meta property=\"article:publisher\" content=\"https:\/\/www.facebook.com\/luchonoticiasneiva\" \/>\n<meta property=\"article:published_time\" content=\"2023-09-04T15:11:48+00:00\" \/>\n<meta property=\"article:modified_time\" content=\"2023-09-04T15:11:49+00:00\" \/>\n<meta name=\"author\" content=\"Editor General\" \/>\n<meta name=\"twitter:card\" content=\"summary_large_image\" \/>\n<meta name=\"twitter:label1\" content=\"Escrito por\" \/>\n\t<meta name=\"twitter:data1\" content=\"Editor General\" \/>\n\t<meta name=\"twitter:label2\" content=\"Tiempo de lectura\" \/>\n\t<meta name=\"twitter:data2\" content=\"2 minutos\" \/>\n<script type=\"application\/ld+json\" class=\"yoast-schema-graph\">{\"@context\":\"https:\/\/schema.org\",\"@graph\":[{\"@type\":\"Article\",\"@id\":\"https:\/\/luchonoticias.com\/editor\/asi-quedo-la-tarifa-de-la-tecnico-mecanica-para-2023\/#article\",\"isPartOf\":{\"@id\":\"https:\/\/luchonoticias.com\/editor\/asi-quedo-la-tarifa-de-la-tecnico-mecanica-para-2023\/\"},\"author\":{\"name\":\"Editor General\",\"@id\":\"https:\/\/luchonoticias.com\/editor\/#\/schema\/person\/29217990ddf6f14e35912b2866d591fb\"},\"headline\":\"As\u00ed qued\u00f3 la tarifa de la t\u00e9cnico-mec\u00e1nica para 2023\",\"datePublished\":\"2023-09-04T15:11:48+00:00\",\"dateModified\":\"2023-09-04T15:11:49+00:00\",\"mainEntityOfPage\":{\"@id\":\"https:\/\/luchonoticias.com\/editor\/asi-quedo-la-tarifa-de-la-tecnico-mecanica-para-2023\/\"},\"wordCount\":489,\"commentCount\":0,\"publisher\":{\"@id\":\"https:\/\/luchonoticias.com\/editor\/#\/schema\/person\/7a7fd911f58561fd056dbac7b55af9cd\"},\"articleSection\":[\"Destacado\",\"Nacional\"],\"inLanguage\":\"es\",\"potentialAction\":[{\"@type\":\"CommentAction\",\"name\":\"Comment\",\"target\":[\"https:\/\/luchonoticias.com\/editor\/asi-quedo-la-tarifa-de-la-tecnico-mecanica-para-2023\/#respond\"]}]},{\"@type\":\"WebPage\",\"@id\":\"https:\/\/luchonoticias.com\/editor\/asi-quedo-la-tarifa-de-la-tecnico-mecanica-para-2023\/\",\"url\":\"https:\/\/luchonoticias.com\/editor\/asi-quedo-la-tarifa-de-la-tecnico-mecanica-para-2023\/\",\"name\":\"As\u00ed qued\u00f3 la tarifa de la t\u00e9cnico-mec\u00e1nica para 2023 -\",\"isPartOf\":{\"@id\":\"https:\/\/luchonoticias.com\/editor\/#website\"},\"datePublished\":\"2023-09-04T15:11:48+00:00\",\"dateModified\":\"2023-09-04T15:11:49+00:00\",\"breadcrumb\":{\"@id\":\"https:\/\/luchonoticias.com\/editor\/asi-quedo-la-tarifa-de-la-tecnico-mecanica-para-2023\/#breadcrumb\"},\"inLanguage\":\"es\",\"potentialAction\":[{\"@type\":\"ReadAction\",\"target\":[\"https:\/\/luchonoticias.com\/editor\/asi-quedo-la-tarifa-de-la-tecnico-mecanica-para-2023\/\"]}]},{\"@type\":\"BreadcrumbList\",\"@id\":\"https:\/\/luchonoticias.com\/editor\/asi-quedo-la-tarifa-de-la-tecnico-mecanica-para-2023\/#breadcrumb\",\"itemListElement\":[{\"@type\":\"ListItem\",\"position\":1,\"name\":\"Portada\",\"item\":\"https:\/\/luchonoticias.com\/editor\/\"},{\"@type\":\"ListItem\",\"position\":2,\"name\":\"As\u00ed qued\u00f3 la tarifa de la t\u00e9cnico-mec\u00e1nica para 2023\"}]},{\"@type\":\"WebSite\",\"@id\":\"https:\/\/luchonoticias.com\/editor\/#website\",\"url\":\"https:\/\/luchonoticias.com\/editor\/\",\"name\":\"\",\"description\":\"\",\"publisher\":{\"@id\":\"https:\/\/luchonoticias.com\/editor\/#\/schema\/person\/7a7fd911f58561fd056dbac7b55af9cd\"},\"potentialAction\":[{\"@type\":\"SearchAction\",\"target\":{\"@type\":\"EntryPoint\",\"urlTemplate\":\"https:\/\/luchonoticias.com\/editor\/?s={search_term_string}\"},\"query-input\":{\"@type\":\"PropertyValueSpecification\",\"valueRequired\":true,\"valueName\":\"search_term_string\"}}],\"inLanguage\":\"es\"},{\"@type\":[\"Person\",\"Organization\"],\"@id\":\"https:\/\/luchonoticias.com\/editor\/#\/schema\/person\/7a7fd911f58561fd056dbac7b55af9cd\",\"name\":\"admin\",\"image\":{\"@type\":\"ImageObject\",\"inLanguage\":\"es\",\"@id\":\"https:\/\/luchonoticias.com\/editor\/#\/schema\/person\/image\/\",\"url\":\"https:\/\/luchonoticias.com\/editor\/wp-content\/uploads\/2024\/02\/cropped-cropped-logolu.webp\",\"contentUrl\":\"https:\/\/luchonoticias.com\/editor\/wp-content\/uploads\/2024\/02\/cropped-cropped-logolu.webp\",\"width\":382,\"height\":170,\"caption\":\"admin\"},\"logo\":{\"@id\":\"https:\/\/luchonoticias.com\/editor\/#\/schema\/person\/image\/\"},\"sameAs\":[\"https:\/\/www.facebook.com\/luchonoticiasneiva\"]},{\"@type\":\"Person\",\"@id\":\"https:\/\/luchonoticias.com\/editor\/#\/schema\/person\/29217990ddf6f14e35912b2866d591fb\",\"name\":\"Editor General\",\"image\":{\"@type\":\"ImageObject\",\"inLanguage\":\"es\",\"@id\":\"https:\/\/luchonoticias.com\/editor\/#\/schema\/person\/image\/\",\"url\":\"https:\/\/luchonoticias.com\/editor\/wp-content\/uploads\/2024\/02\/cropped-cropped-logolu-150x150.webp\",\"contentUrl\":\"https:\/\/luchonoticias.com\/editor\/wp-content\/uploads\/2024\/02\/cropped-cropped-logolu-150x150.webp\",\"caption\":\"Editor General\"},\"sameAs\":[\"https:\/\/luchonoticias.com\/\"],\"url\":\"https:\/\/luchonoticias.com\/editor\/author\/editor-general\/\"}]}<\/script>\n<!-- \/ Yoast SEO plugin. -->","yoast_head_json":{"title":"As\u00ed qued\u00f3 la tarifa de la t\u00e9cnico-mec\u00e1nica para 2023 -","robots":{"index":"index","follow":"follow","max-snippet":"max-snippet:-1","max-image-preview":"max-image-preview:large","max-video-preview":"max-video-preview:-1"},"canonical":"https:\/\/luchonoticias.com\/editor\/asi-quedo-la-tarifa-de-la-tecnico-mecanica-para-2023\/","og_locale":"es_ES","og_type":"article","og_title":"As\u00ed qued\u00f3 la tarifa de la t\u00e9cnico-mec\u00e1nica para 2023 -","og_url":"https:\/\/luchonoticias.com\/editor\/asi-quedo-la-tarifa-de-la-tecnico-mecanica-para-2023\/","article_publisher":"https:\/\/www.facebook.com\/luchonoticiasneiva","article_published_time":"2023-09-04T15:11:48+00:00","article_modified_time":"2023-09-04T15:11:49+00:00","author":"Editor General","twitter_card":"summary_large_image","twitter_misc":{"Escrito por":"Editor General","Tiempo de lectura":"2 minutos"},"schema":{"@context":"https:\/\/schema.org","@graph":[{"@type":"Article","@id":"https:\/\/luchonoticias.com\/editor\/asi-quedo-la-tarifa-de-la-tecnico-mecanica-para-2023\/#article","isPartOf":{"@id":"https:\/\/luchonoticias.com\/editor\/asi-quedo-la-tarifa-de-la-tecnico-mecanica-para-2023\/"},"author":{"name":"Editor General","@id":"https:\/\/luchonoticias.com\/editor\/#\/schema\/person\/29217990ddf6f14e35912b2866d591fb"},"headline":"As\u00ed qued\u00f3 la tarifa de la t\u00e9cnico-mec\u00e1nica para 2023","datePublished":"2023-09-04T15:11:48+00:00","dateModified":"2023-09-04T15:11:49+00:00","mainEntityOfPage":{"@id":"https:\/\/luchonoticias.com\/editor\/asi-quedo-la-tarifa-de-la-tecnico-mecanica-para-2023\/"},"wordCount":489,"commentCount":0,"publisher":{"@id":"https:\/\/luchonoticias.com\/editor\/#\/schema\/person\/7a7fd911f58561fd056dbac7b55af9cd"},"articleSection":["Destacado","Nacional"],"inLanguage":"es","potentialAction":[{"@type":"CommentAction","name":"Comment","target":["https:\/\/luchonoticias.com\/editor\/asi-quedo-la-tarifa-de-la-tecnico-mecanica-para-2023\/#respond"]}]},{"@type":"WebPage","@id":"https:\/\/luchonoticias.com\/editor\/asi-quedo-la-tarifa-de-la-tecnico-mecanica-para-2023\/","url":"https:\/\/luchonoticias.com\/editor\/asi-quedo-la-tarifa-de-la-tecnico-mecanica-para-2023\/","name":"As\u00ed qued\u00f3 la tarifa de la t\u00e9cnico-mec\u00e1nica para 2023 -","isPartOf":{"@id":"https:\/\/luchonoticias.com\/editor\/#website"},"datePublished":"2023-09-04T15:11:48+00:00","dateModified":"2023-09-04T15:11:49+00:00","breadcrumb":{"@id":"https:\/\/luchonoticias.com\/editor\/asi-quedo-la-tarifa-de-la-tecnico-mecanica-para-2023\/#breadcrumb"},"inLanguage":"es","potentialAction":[{"@type":"ReadAction","target":["https:\/\/luchonoticias.com\/editor\/asi-quedo-la-tarifa-de-la-tecnico-mecanica-para-2023\/"]}]},{"@type":"BreadcrumbList","@id":"https:\/\/luchonoticias.com\/editor\/asi-quedo-la-tarifa-de-la-tecnico-mecanica-para-2023\/#breadcrumb","itemListElement":[{"@type":"ListItem","position":1,"name":"Portada","item":"https:\/\/luchonoticias.com\/editor\/"},{"@type":"ListItem","position":2,"name":"As\u00ed qued\u00f3 la tarifa de la t\u00e9cnico-mec\u00e1nica para 2023"}]},{"@type":"WebSite","@id":"https:\/\/luchonoticias.com\/editor\/#website","url":"https:\/\/luchonoticias.com\/editor\/","name":"","description":"","publisher":{"@id":"https:\/\/luchonoticias.com\/editor\/#\/schema\/person\/7a7fd911f58561fd056dbac7b55af9cd"},"potentialAction":[{"@type":"SearchAction","target":{"@type":"EntryPoint","urlTemplate":"https:\/\/luchonoticias.com\/editor\/?s={search_term_string}"},"query-input":{"@type":"PropertyValueSpecification","valueRequired":true,"valueName":"search_term_string"}}],"inLanguage":"es"},{"@type":["Person","Organization"],"@id":"https:\/\/luchonoticias.com\/editor\/#\/schema\/person\/7a7fd911f58561fd056dbac7b55af9cd","name":"admin","image":{"@type":"ImageObject","inLanguage":"es","@id":"https:\/\/luchonoticias.com\/editor\/#\/schema\/person\/image\/","url":"https:\/\/luchonoticias.com\/editor\/wp-content\/uploads\/2024\/02\/cropped-cropped-logolu.webp","contentUrl":"https:\/\/luchonoticias.com\/editor\/wp-content\/uploads\/2024\/02\/cropped-cropped-logolu.webp","width":382,"height":170,"caption":"admin"},"logo":{"@id":"https:\/\/luchonoticias.com\/editor\/#\/schema\/person\/image\/"},"sameAs":["https:\/\/www.facebook.com\/luchonoticiasneiva"]},{"@type":"Person","@id":"https:\/\/luchonoticias.com\/editor\/#\/schema\/person\/29217990ddf6f14e35912b2866d591fb","name":"Editor General","image":{"@type":"ImageObject","inLanguage":"es","@id":"https:\/\/luchonoticias.com\/editor\/#\/schema\/person\/image\/","url":"https:\/\/luchonoticias.com\/editor\/wp-content\/uploads\/2024\/02\/cropped-cropped-logolu-150x150.webp","contentUrl":"https:\/\/luchonoticias.com\/editor\/wp-content\/uploads\/2024\/02\/cropped-cropped-logolu-150x150.webp","caption":"Editor General"},"sameAs":["https:\/\/luchonoticias.com\/"],"url":"https:\/\/luchonoticias.com\/editor\/author\/editor-general\/"}]}},"_links":{"self":[{"href":"https:\/\/luchonoticias.com\/editor\/wp-json\/wp\/v2\/posts\/59649","targetHints":{"allow":["GET"]}}],"collection":[{"href":"https:\/\/luchonoticias.com\/editor\/wp-json\/wp\/v2\/posts"}],"about":[{"href":"https:\/\/luchonoticias.com\/editor\/wp-json\/wp\/v2\/types\/post"}],"author":[{"embeddable":true,"href":"https:\/\/luchonoticias.com\/editor\/wp-json\/wp\/v2\/users\/2"}],"replies":[{"embeddable":true,"href":"https:\/\/luchonoticias.com\/editor\/wp-json\/wp\/v2\/comments?post=59649"}],"version-history":[{"count":0,"href":"https:\/\/luchonoticias.com\/editor\/wp-json\/wp\/v2\/posts\/59649\/revisions"}],"wp:attachment":[{"href":"https:\/\/luchonoticias.com\/editor\/wp-json\/wp\/v2\/media?parent=59649"}],"wp:term":[{"taxonomy":"category","embeddable":true,"href":"https:\/\/luchonoticias.com\/editor\/wp-json\/wp\/v2\/categories?post=59649"},{"taxonomy":"post_tag","embeddable":true,"href":"https:\/\/luchonoticias.com\/editor\/wp-json\/wp\/v2\/tags?post=59649"}],"curies":[{"name":"wp","href":"https:\/\/api.w.org\/{rel}","templated":true}]}}