{"id":59660,"date":"2023-09-04T15:33:47","date_gmt":"2023-09-04T20:33:47","guid":{"rendered":"https:\/\/luchonoticias.com\/?p=59660"},"modified":"2023-09-04T15:33:48","modified_gmt":"2023-09-04T20:33:48","slug":"gobierno-y-eln-entregaran-plan-nacional-de-participacion-de-la-sociedad-colombiana-en-la-construccion-de-la-paz-en-febrero-de-2024","status":"publish","type":"post","link":"https:\/\/luchonoticias.com\/editor\/gobierno-y-eln-entregaran-plan-nacional-de-participacion-de-la-sociedad-colombiana-en-la-construccion-de-la-paz-en-febrero-de-2024\/","title":{"rendered":"Gobierno y ELN entregar\u00e1n plan nacional de participaci\u00f3n de la sociedad colombiana en la construcci\u00f3n de la paz en febrero de 2024"},"content":{"rendered":"\n<p>Con la participaci\u00f3n de las comunidades, desde los territorios, el Gobierno Nacional y el ELN anunciaron que en febrero de 2024 estar\u00e1 listo el Plan Nacional de Participaci\u00f3n de la sociedad colombiana en la construcci\u00f3n de la paz.<\/p>\n\n\n\n<p>Para avanzar en el proceso se conformaron cinco comisiones que van a trabajar en la preparaci\u00f3n de 25 procesos nacionales y regionales.<\/p>\n\n\n\n<p>\u201cEl Gobierno de la Rep\u00fablica de Colombia y el Ej\u00e9rcito de Liberaci\u00f3n Nacional constatan que hay un avance y desarrollo positivo del proceso de paz, el cual est\u00e1 pr\u00f3ximo a cumplir un a\u00f1o, con un desarrollo esencial de la agenda de di\u00e1logos y notables avances\u201d, dice el comunicado expedido hoy por la Mesa de Di\u00e1logos desde Caracas.<\/p>\n\n\n\n<p>Las delegaciones acordaron el desarrollo de proyectos piloto en dos zonas de crisis humanitaria por la vulnerabilidad que atraviesan las poblaciones debido al conflicto armado.<\/p>\n\n\n\n<p>Este plan se adelantar\u00e1 en el Bajo Calima y San Juan y en el Bajo Cauca, sur de Bol\u00edvar y nordeste antioque\u00f1o.<\/p>\n\n\n\n<p>\u201cCon relaci\u00f3n a estas zonas se ha tomado la decisi\u00f3n de producir acciones humanitarias por parte de la Mesa de Di\u00e1logos para la Paz, que incluyen acciones en el plano humanitario que impulsen el cese al fuego bilateral, nacional y temporal, promuevan la participaci\u00f3n de las comunidades, pueblos\u201d, revela el comunicado emitido por las delegaciones.<\/p>\n\n\n\n<figure class=\"wp-block-embed is-type-rich is-provider-twitter wp-block-embed-twitter\"><div class=\"wp-block-embed__wrapper\">\n<blockquote class=\"twitter-tweet\" data-width=\"500\" data-dnt=\"true\"><p lang=\"es\" dir=\"ltr\">Este Gobierno anuncia oficialmente que reconoce la legitimidad de la Delegaci\u00f3n de Di\u00e1logos del Ej\u00e9rcito de Liberaci\u00f3n Nacional &#8211; ELN, en la b\u00fasqueda de la paz. Declaraci\u00f3n del Alto Comisionado para la Paz, Iv\u00e1n Danilo Rueda. <a href=\"https:\/\/t.co\/uPYyS4kw2c\">pic.twitter.com\/uPYyS4kw2c<\/a><\/p>&mdash; Consejer\u00eda Comisionada de Paz (@ComisionadoPaz) <a href=\"https:\/\/twitter.com\/ComisionadoPaz\/status\/1558189361275047939?ref_src=twsrc%5Etfw\">August 12, 2022<\/a><\/blockquote><script async src=\"https:\/\/platform.twitter.com\/widgets.js\" charset=\"utf-8\"><\/script>\n<\/div><\/figure>\n\n\n\n<p><strong>En las pr\u00f3ximas semanas las delegaciones viajar\u00e1n a los territorios.<\/strong><\/p>\n\n\n\n<p>Otty Pati\u00f1o, jefe de la delegaci\u00f3n de paz del Gobierno en la Mesa, indic\u00f3: \u201cNos toca internarnos en los territorios m\u00e1s acosados por el miedo, el odio y la muerte para empezar a crear nuevas realidades con sus habitantes y para ellos\u201d.&nbsp;<\/p>\n\n\n\n<p><strong>Nuevo ciclo en M\u00e9xico<\/strong><\/p>\n\n\n\n<p>La Mesa solicit\u00f3 oficialmente al Gobierno de M\u00e9xico que se considere la posibilidad de convertirse en la sede del V Ciclo de los di\u00e1logos que se inician en los primeros d\u00edas de noviembre.<\/p>\n\n\n\n<p>En este ciclo la Mesa analizar\u00e1 los acuerdos alcanzados y recibir\u00e1 la visita de ONU Mujeres para avanzar sobre los contenidos de mujeres, paz y seguridad. Adem\u00e1s, van a participar delegados de los pueblos ind\u00edgenas.<\/p>\n","protected":false},"excerpt":{"rendered":"<p>Con la participaci\u00f3n de las comunidades, desde los territorios, el Gobierno Nacional y el ELN anunciaron que en febrero de 2024 estar\u00e1 listo el Plan Nacional de Participaci\u00f3n de la sociedad colombiana en la construcci\u00f3n de la paz. Para avanzar en el proceso se conformaron cinco comisiones que van a trabajar en la preparaci\u00f3n de [&hellip;]<\/p>\n","protected":false},"author":2,"featured_media":0,"comment_status":"open","ping_status":"open","sticky":false,"template":"","format":"standard","meta":{"footnotes":""},"categories":[36,32],"tags":[],"class_list":["post-59660","post","type-post","status-publish","format-standard","hentry","category-destacado","category-nacional"],"yoast_head":"<!-- This site is optimized with the Yoast SEO plugin v26.6 - https:\/\/yoast.com\/wordpress\/plugins\/seo\/ -->\n<title>Gobierno y ELN entregar\u00e1n plan nacional de participaci\u00f3n de la sociedad colombiana en la construcci\u00f3n de la paz en febrero de 2024 -<\/title>\n<meta name=\"robots\" content=\"index, follow, max-snippet:-1, max-image-preview:large, max-video-preview:-1\" \/>\n<link rel=\"canonical\" href=\"https:\/\/luchonoticias.com\/editor\/gobierno-y-eln-entregaran-plan-nacional-de-participacion-de-la-sociedad-colombiana-en-la-construccion-de-la-paz-en-febrero-de-2024\/\" \/>\n<meta property=\"og:locale\" content=\"es_ES\" \/>\n<meta property=\"og:type\" content=\"article\" \/>\n<meta property=\"og:title\" content=\"Gobierno y ELN entregar\u00e1n plan nacional de participaci\u00f3n de la sociedad colombiana en la construcci\u00f3n de la paz en febrero de 2024 -\" \/>\n<meta property=\"og:url\" content=\"https:\/\/luchonoticias.com\/editor\/gobierno-y-eln-entregaran-plan-nacional-de-participacion-de-la-sociedad-colombiana-en-la-construccion-de-la-paz-en-febrero-de-2024\/\" \/>\n<meta property=\"article:publisher\" content=\"https:\/\/www.facebook.com\/luchonoticiasneiva\" \/>\n<meta property=\"article:published_time\" content=\"2023-09-04T20:33:47+00:00\" \/>\n<meta property=\"article:modified_time\" content=\"2023-09-04T20:33:48+00:00\" \/>\n<meta name=\"author\" content=\"Editor General\" \/>\n<meta name=\"twitter:card\" content=\"summary_large_image\" \/>\n<meta name=\"twitter:label1\" content=\"Escrito por\" \/>\n\t<meta name=\"twitter:data1\" content=\"Editor General\" \/>\n\t<meta name=\"twitter:label2\" content=\"Tiempo de lectura\" \/>\n\t<meta name=\"twitter:data2\" content=\"2 minutos\" \/>\n<script type=\"application\/ld+json\" class=\"yoast-schema-graph\">{\"@context\":\"https:\/\/schema.org\",\"@graph\":[{\"@type\":\"Article\",\"@id\":\"https:\/\/luchonoticias.com\/editor\/gobierno-y-eln-entregaran-plan-nacional-de-participacion-de-la-sociedad-colombiana-en-la-construccion-de-la-paz-en-febrero-de-2024\/#article\",\"isPartOf\":{\"@id\":\"https:\/\/luchonoticias.com\/editor\/gobierno-y-eln-entregaran-plan-nacional-de-participacion-de-la-sociedad-colombiana-en-la-construccion-de-la-paz-en-febrero-de-2024\/\"},\"author\":{\"name\":\"Editor General\",\"@id\":\"https:\/\/luchonoticias.com\/editor\/#\/schema\/person\/29217990ddf6f14e35912b2866d591fb\"},\"headline\":\"Gobierno y ELN entregar\u00e1n plan nacional de participaci\u00f3n de la sociedad colombiana en la construcci\u00f3n de la paz en febrero de 2024\",\"datePublished\":\"2023-09-04T20:33:47+00:00\",\"dateModified\":\"2023-09-04T20:33:48+00:00\",\"mainEntityOfPage\":{\"@id\":\"https:\/\/luchonoticias.com\/editor\/gobierno-y-eln-entregaran-plan-nacional-de-participacion-de-la-sociedad-colombiana-en-la-construccion-de-la-paz-en-febrero-de-2024\/\"},\"wordCount\":400,\"commentCount\":0,\"publisher\":{\"@id\":\"https:\/\/luchonoticias.com\/editor\/#\/schema\/person\/7a7fd911f58561fd056dbac7b55af9cd\"},\"articleSection\":[\"Destacado\",\"Nacional\"],\"inLanguage\":\"es\",\"potentialAction\":[{\"@type\":\"CommentAction\",\"name\":\"Comment\",\"target\":[\"https:\/\/luchonoticias.com\/editor\/gobierno-y-eln-entregaran-plan-nacional-de-participacion-de-la-sociedad-colombiana-en-la-construccion-de-la-paz-en-febrero-de-2024\/#respond\"]}]},{\"@type\":\"WebPage\",\"@id\":\"https:\/\/luchonoticias.com\/editor\/gobierno-y-eln-entregaran-plan-nacional-de-participacion-de-la-sociedad-colombiana-en-la-construccion-de-la-paz-en-febrero-de-2024\/\",\"url\":\"https:\/\/luchonoticias.com\/editor\/gobierno-y-eln-entregaran-plan-nacional-de-participacion-de-la-sociedad-colombiana-en-la-construccion-de-la-paz-en-febrero-de-2024\/\",\"name\":\"Gobierno y ELN entregar\u00e1n plan nacional de participaci\u00f3n de la sociedad colombiana en la construcci\u00f3n de la paz en febrero de 2024 -\",\"isPartOf\":{\"@id\":\"https:\/\/luchonoticias.com\/editor\/#website\"},\"datePublished\":\"2023-09-04T20:33:47+00:00\",\"dateModified\":\"2023-09-04T20:33:48+00:00\",\"breadcrumb\":{\"@id\":\"https:\/\/luchonoticias.com\/editor\/gobierno-y-eln-entregaran-plan-nacional-de-participacion-de-la-sociedad-colombiana-en-la-construccion-de-la-paz-en-febrero-de-2024\/#breadcrumb\"},\"inLanguage\":\"es\",\"potentialAction\":[{\"@type\":\"ReadAction\",\"target\":[\"https:\/\/luchonoticias.com\/editor\/gobierno-y-eln-entregaran-plan-nacional-de-participacion-de-la-sociedad-colombiana-en-la-construccion-de-la-paz-en-febrero-de-2024\/\"]}]},{\"@type\":\"BreadcrumbList\",\"@id\":\"https:\/\/luchonoticias.com\/editor\/gobierno-y-eln-entregaran-plan-nacional-de-participacion-de-la-sociedad-colombiana-en-la-construccion-de-la-paz-en-febrero-de-2024\/#breadcrumb\",\"itemListElement\":[{\"@type\":\"ListItem\",\"position\":1,\"name\":\"Portada\",\"item\":\"https:\/\/luchonoticias.com\/editor\/\"},{\"@type\":\"ListItem\",\"position\":2,\"name\":\"Gobierno y ELN entregar\u00e1n plan nacional de participaci\u00f3n de la sociedad colombiana en la construcci\u00f3n de la paz en febrero de 2024\"}]},{\"@type\":\"WebSite\",\"@id\":\"https:\/\/luchonoticias.com\/editor\/#website\",\"url\":\"https:\/\/luchonoticias.com\/editor\/\",\"name\":\"\",\"description\":\"\",\"publisher\":{\"@id\":\"https:\/\/luchonoticias.com\/editor\/#\/schema\/person\/7a7fd911f58561fd056dbac7b55af9cd\"},\"potentialAction\":[{\"@type\":\"SearchAction\",\"target\":{\"@type\":\"EntryPoint\",\"urlTemplate\":\"https:\/\/luchonoticias.com\/editor\/?s={search_term_string}\"},\"query-input\":{\"@type\":\"PropertyValueSpecification\",\"valueRequired\":true,\"valueName\":\"search_term_string\"}}],\"inLanguage\":\"es\"},{\"@type\":[\"Person\",\"Organization\"],\"@id\":\"https:\/\/luchonoticias.com\/editor\/#\/schema\/person\/7a7fd911f58561fd056dbac7b55af9cd\",\"name\":\"admin\",\"image\":{\"@type\":\"ImageObject\",\"inLanguage\":\"es\",\"@id\":\"https:\/\/luchonoticias.com\/editor\/#\/schema\/person\/image\/\",\"url\":\"https:\/\/luchonoticias.com\/editor\/wp-content\/uploads\/2024\/02\/cropped-cropped-logolu.webp\",\"contentUrl\":\"https:\/\/luchonoticias.com\/editor\/wp-content\/uploads\/2024\/02\/cropped-cropped-logolu.webp\",\"width\":382,\"height\":170,\"caption\":\"admin\"},\"logo\":{\"@id\":\"https:\/\/luchonoticias.com\/editor\/#\/schema\/person\/image\/\"},\"sameAs\":[\"https:\/\/www.facebook.com\/luchonoticiasneiva\"]},{\"@type\":\"Person\",\"@id\":\"https:\/\/luchonoticias.com\/editor\/#\/schema\/person\/29217990ddf6f14e35912b2866d591fb\",\"name\":\"Editor General\",\"image\":{\"@type\":\"ImageObject\",\"inLanguage\":\"es\",\"@id\":\"https:\/\/luchonoticias.com\/editor\/#\/schema\/person\/image\/\",\"url\":\"https:\/\/luchonoticias.com\/editor\/wp-content\/uploads\/2024\/02\/cropped-cropped-logolu-150x150.webp\",\"contentUrl\":\"https:\/\/luchonoticias.com\/editor\/wp-content\/uploads\/2024\/02\/cropped-cropped-logolu-150x150.webp\",\"caption\":\"Editor General\"},\"sameAs\":[\"https:\/\/luchonoticias.com\/\"],\"url\":\"https:\/\/luchonoticias.com\/editor\/author\/editor-general\/\"}]}<\/script>\n<!-- \/ Yoast SEO plugin. -->","yoast_head_json":{"title":"Gobierno y ELN entregar\u00e1n plan nacional de participaci\u00f3n de la sociedad colombiana en la construcci\u00f3n de la paz en febrero de 2024 -","robots":{"index":"index","follow":"follow","max-snippet":"max-snippet:-1","max-image-preview":"max-image-preview:large","max-video-preview":"max-video-preview:-1"},"canonical":"https:\/\/luchonoticias.com\/editor\/gobierno-y-eln-entregaran-plan-nacional-de-participacion-de-la-sociedad-colombiana-en-la-construccion-de-la-paz-en-febrero-de-2024\/","og_locale":"es_ES","og_type":"article","og_title":"Gobierno y ELN entregar\u00e1n plan nacional de participaci\u00f3n de la sociedad colombiana en la construcci\u00f3n de la paz en febrero de 2024 -","og_url":"https:\/\/luchonoticias.com\/editor\/gobierno-y-eln-entregaran-plan-nacional-de-participacion-de-la-sociedad-colombiana-en-la-construccion-de-la-paz-en-febrero-de-2024\/","article_publisher":"https:\/\/www.facebook.com\/luchonoticiasneiva","article_published_time":"2023-09-04T20:33:47+00:00","article_modified_time":"2023-09-04T20:33:48+00:00","author":"Editor General","twitter_card":"summary_large_image","twitter_misc":{"Escrito por":"Editor General","Tiempo de lectura":"2 minutos"},"schema":{"@context":"https:\/\/schema.org","@graph":[{"@type":"Article","@id":"https:\/\/luchonoticias.com\/editor\/gobierno-y-eln-entregaran-plan-nacional-de-participacion-de-la-sociedad-colombiana-en-la-construccion-de-la-paz-en-febrero-de-2024\/#article","isPartOf":{"@id":"https:\/\/luchonoticias.com\/editor\/gobierno-y-eln-entregaran-plan-nacional-de-participacion-de-la-sociedad-colombiana-en-la-construccion-de-la-paz-en-febrero-de-2024\/"},"author":{"name":"Editor General","@id":"https:\/\/luchonoticias.com\/editor\/#\/schema\/person\/29217990ddf6f14e35912b2866d591fb"},"headline":"Gobierno y ELN entregar\u00e1n plan nacional de participaci\u00f3n de la sociedad colombiana en la construcci\u00f3n de la paz en febrero de 2024","datePublished":"2023-09-04T20:33:47+00:00","dateModified":"2023-09-04T20:33:48+00:00","mainEntityOfPage":{"@id":"https:\/\/luchonoticias.com\/editor\/gobierno-y-eln-entregaran-plan-nacional-de-participacion-de-la-sociedad-colombiana-en-la-construccion-de-la-paz-en-febrero-de-2024\/"},"wordCount":400,"commentCount":0,"publisher":{"@id":"https:\/\/luchonoticias.com\/editor\/#\/schema\/person\/7a7fd911f58561fd056dbac7b55af9cd"},"articleSection":["Destacado","Nacional"],"inLanguage":"es","potentialAction":[{"@type":"CommentAction","name":"Comment","target":["https:\/\/luchonoticias.com\/editor\/gobierno-y-eln-entregaran-plan-nacional-de-participacion-de-la-sociedad-colombiana-en-la-construccion-de-la-paz-en-febrero-de-2024\/#respond"]}]},{"@type":"WebPage","@id":"https:\/\/luchonoticias.com\/editor\/gobierno-y-eln-entregaran-plan-nacional-de-participacion-de-la-sociedad-colombiana-en-la-construccion-de-la-paz-en-febrero-de-2024\/","url":"https:\/\/luchonoticias.com\/editor\/gobierno-y-eln-entregaran-plan-nacional-de-participacion-de-la-sociedad-colombiana-en-la-construccion-de-la-paz-en-febrero-de-2024\/","name":"Gobierno y ELN entregar\u00e1n plan nacional de participaci\u00f3n de la sociedad colombiana en la construcci\u00f3n de la paz en febrero de 2024 -","isPartOf":{"@id":"https:\/\/luchonoticias.com\/editor\/#website"},"datePublished":"2023-09-04T20:33:47+00:00","dateModified":"2023-09-04T20:33:48+00:00","breadcrumb":{"@id":"https:\/\/luchonoticias.com\/editor\/gobierno-y-eln-entregaran-plan-nacional-de-participacion-de-la-sociedad-colombiana-en-la-construccion-de-la-paz-en-febrero-de-2024\/#breadcrumb"},"inLanguage":"es","potentialAction":[{"@type":"ReadAction","target":["https:\/\/luchonoticias.com\/editor\/gobierno-y-eln-entregaran-plan-nacional-de-participacion-de-la-sociedad-colombiana-en-la-construccion-de-la-paz-en-febrero-de-2024\/"]}]},{"@type":"BreadcrumbList","@id":"https:\/\/luchonoticias.com\/editor\/gobierno-y-eln-entregaran-plan-nacional-de-participacion-de-la-sociedad-colombiana-en-la-construccion-de-la-paz-en-febrero-de-2024\/#breadcrumb","itemListElement":[{"@type":"ListItem","position":1,"name":"Portada","item":"https:\/\/luchonoticias.com\/editor\/"},{"@type":"ListItem","position":2,"name":"Gobierno y ELN entregar\u00e1n plan nacional de participaci\u00f3n de la sociedad colombiana en la construcci\u00f3n de la paz en febrero de 2024"}]},{"@type":"WebSite","@id":"https:\/\/luchonoticias.com\/editor\/#website","url":"https:\/\/luchonoticias.com\/editor\/","name":"","description":"","publisher":{"@id":"https:\/\/luchonoticias.com\/editor\/#\/schema\/person\/7a7fd911f58561fd056dbac7b55af9cd"},"potentialAction":[{"@type":"SearchAction","target":{"@type":"EntryPoint","urlTemplate":"https:\/\/luchonoticias.com\/editor\/?s={search_term_string}"},"query-input":{"@type":"PropertyValueSpecification","valueRequired":true,"valueName":"search_term_string"}}],"inLanguage":"es"},{"@type":["Person","Organization"],"@id":"https:\/\/luchonoticias.com\/editor\/#\/schema\/person\/7a7fd911f58561fd056dbac7b55af9cd","name":"admin","image":{"@type":"ImageObject","inLanguage":"es","@id":"https:\/\/luchonoticias.com\/editor\/#\/schema\/person\/image\/","url":"https:\/\/luchonoticias.com\/editor\/wp-content\/uploads\/2024\/02\/cropped-cropped-logolu.webp","contentUrl":"https:\/\/luchonoticias.com\/editor\/wp-content\/uploads\/2024\/02\/cropped-cropped-logolu.webp","width":382,"height":170,"caption":"admin"},"logo":{"@id":"https:\/\/luchonoticias.com\/editor\/#\/schema\/person\/image\/"},"sameAs":["https:\/\/www.facebook.com\/luchonoticiasneiva"]},{"@type":"Person","@id":"https:\/\/luchonoticias.com\/editor\/#\/schema\/person\/29217990ddf6f14e35912b2866d591fb","name":"Editor General","image":{"@type":"ImageObject","inLanguage":"es","@id":"https:\/\/luchonoticias.com\/editor\/#\/schema\/person\/image\/","url":"https:\/\/luchonoticias.com\/editor\/wp-content\/uploads\/2024\/02\/cropped-cropped-logolu-150x150.webp","contentUrl":"https:\/\/luchonoticias.com\/editor\/wp-content\/uploads\/2024\/02\/cropped-cropped-logolu-150x150.webp","caption":"Editor General"},"sameAs":["https:\/\/luchonoticias.com\/"],"url":"https:\/\/luchonoticias.com\/editor\/author\/editor-general\/"}]}},"_links":{"self":[{"href":"https:\/\/luchonoticias.com\/editor\/wp-json\/wp\/v2\/posts\/59660","targetHints":{"allow":["GET"]}}],"collection":[{"href":"https:\/\/luchonoticias.com\/editor\/wp-json\/wp\/v2\/posts"}],"about":[{"href":"https:\/\/luchonoticias.com\/editor\/wp-json\/wp\/v2\/types\/post"}],"author":[{"embeddable":true,"href":"https:\/\/luchonoticias.com\/editor\/wp-json\/wp\/v2\/users\/2"}],"replies":[{"embeddable":true,"href":"https:\/\/luchonoticias.com\/editor\/wp-json\/wp\/v2\/comments?post=59660"}],"version-history":[{"count":0,"href":"https:\/\/luchonoticias.com\/editor\/wp-json\/wp\/v2\/posts\/59660\/revisions"}],"wp:attachment":[{"href":"https:\/\/luchonoticias.com\/editor\/wp-json\/wp\/v2\/media?parent=59660"}],"wp:term":[{"taxonomy":"category","embeddable":true,"href":"https:\/\/luchonoticias.com\/editor\/wp-json\/wp\/v2\/categories?post=59660"},{"taxonomy":"post_tag","embeddable":true,"href":"https:\/\/luchonoticias.com\/editor\/wp-json\/wp\/v2\/tags?post=59660"}],"curies":[{"name":"wp","href":"https:\/\/api.w.org\/{rel}","templated":true}]}}