{"id":59663,"date":"2023-09-04T15:50:20","date_gmt":"2023-09-04T20:50:20","guid":{"rendered":"https:\/\/luchonoticias.com\/?p=59663"},"modified":"2023-09-04T15:50:23","modified_gmt":"2023-09-04T20:50:23","slug":"policia-nacional-entrega-balance-de-resultados-de-la-ultima-semana-en-neiva","status":"publish","type":"post","link":"https:\/\/luchonoticias.com\/editor\/policia-nacional-entrega-balance-de-resultados-de-la-ultima-semana-en-neiva\/","title":{"rendered":"Polic\u00eda Nacional entrega balance de resultados de la ultima semana en Neiva"},"content":{"rendered":"\n<p>Es importante mencionar, que el despliegue de este plan est\u00e1 orientado a combatir delitos de gran impacto como el homicidio, hurto en todas sus modalidades, el tr\u00e1fico local de estupefacientes y la extorsi\u00f3n. Estamos trabajando en coordinaci\u00f3n con las autoridades del orden local y nacional, articulando esfuerzos para entregar a la ciudadan\u00eda resultados contundentes en la reducci\u00f3n de los delitos.<\/p>\n\n\n\n<p>Como capturas relevantes tenemos en un primer caso la captura en el Barrio Puertas del Sol de dos personas conocidas como \u201cAvena\u201d de 23 a\u00f1os y \u201cVeneco\u201d de 24 a\u00f1os por el delito de Porte ilegal de armas de fuego y tr\u00e1fico de estupefacientes, estos dos j\u00f3venes reconocidos por la comisi\u00f3n de hurtos en todas sus modalidades y quienes fueron cobijados con medida de aseguramiento en centro carcelario.<\/p>\n\n\n\n<p>As\u00ed mismo, durante ese mismo procedimiento se logra la captura de 2 j\u00f3venes por el delito de asonada, quienes durante el procedimiento de captura de \u201cveneco\u201d y \u201cavena\u201d estos agredieron f\u00edsica y verbalmente a los uniformados, al igual que contra las motocicletas y veh\u00edculos institucionales para evitar la captura de estos actores delincuenciales.<\/p>\n\n\n\n<figure class=\"wp-block-image size-large is-style-rounded\"><img decoding=\"async\" src=\"https:\/\/luchonoticias.com\/wp-content\/uploads\/2023\/09\/WhatsApp-Image-2023-09-04-at-1.27.13-PM-1024x844.jpeg\" alt=\"\" class=\"wp-image-59665\"\/><\/figure>\n\n\n\n<p>Como resultado a los allanamientos que se realizaron: el primero se llev\u00f3 a cabo en el barrio La Amistad de la comuna 10, se logra la captura de 4 personas de 25, 30, 18 y 51 a\u00f1os de edad a quienes se les encuentra en su poder 1.200 dosis de bazuco y un arma de fuego tipo revolver calibre 32, el segundo allanamiento en el Barrio las Palmas de la comuna 10 tambi\u00e9n, deja la captura de un hombre de 20 a\u00f1os de edad a quien se le hall\u00f3 en su poder 400 dosis de marihuana, 45 dosis de clorhidrato de coca\u00edna, 12 dosis de bazuco y $40.300 pesos ene efectivo al parecer producto de la venta del estupefaciente.\u00a0<\/p>\n\n\n\n<p>Durante la acci\u00f3n se logra la incautaci\u00f3n de 5 armas de fuego, 3 traum\u00e1ticas, 43 gramos de bazuco, 15.900 gramos de marihuana, 1 motocicleta y 5 celulares. De igual forma se realizaron 2 allanamientos, la recuperaci\u00f3n de 5 motocicletas.<\/p>\n\n\n\n<p>De igual forma, como resultados a los controles y al c\u00f3digo nacional de convivencia y seguridad ciudadana se logra la imposici\u00f3n de medidas correctivas tales como: 11 por porte de armas cortopunzantes, la suspensi\u00f3n de actividad de 5 establecimientos, 3 comparendos por ri\u00f1a y 1 por uso de celular con reporte de hurto o perdida.<\/p>\n\n\n\n<p>La Polic\u00eda Metropolitana de Neiva continuar\u00e1 desplegando todas capacidades en la lucha frontal contra la extorsi\u00f3n.<\/p>\n","protected":false},"excerpt":{"rendered":"<p>Es importante mencionar, que el despliegue de este plan est\u00e1 orientado a combatir delitos de gran impacto como el homicidio, hurto en todas sus modalidades, el tr\u00e1fico local de estupefacientes y la extorsi\u00f3n. Estamos trabajando en coordinaci\u00f3n con las autoridades del orden local y nacional, articulando esfuerzos para entregar a la ciudadan\u00eda resultados contundentes en [&hellip;]<\/p>\n","protected":false},"author":2,"featured_media":0,"comment_status":"open","ping_status":"open","sticky":false,"template":"","format":"standard","meta":{"footnotes":""},"categories":[36,29],"tags":[],"class_list":["post-59663","post","type-post","status-publish","format-standard","hentry","category-destacado","category-judicial"],"yoast_head":"<!-- This site is optimized with the Yoast SEO plugin v26.6 - https:\/\/yoast.com\/wordpress\/plugins\/seo\/ -->\n<title>Polic\u00eda Nacional entrega balance de resultados de la ultima semana en Neiva -<\/title>\n<meta name=\"robots\" content=\"index, follow, max-snippet:-1, max-image-preview:large, max-video-preview:-1\" \/>\n<link rel=\"canonical\" href=\"https:\/\/luchonoticias.com\/editor\/policia-nacional-entrega-balance-de-resultados-de-la-ultima-semana-en-neiva\/\" \/>\n<meta property=\"og:locale\" content=\"es_ES\" \/>\n<meta property=\"og:type\" content=\"article\" \/>\n<meta property=\"og:title\" content=\"Polic\u00eda Nacional entrega balance de resultados de la ultima semana en Neiva -\" \/>\n<meta property=\"og:url\" content=\"https:\/\/luchonoticias.com\/editor\/policia-nacional-entrega-balance-de-resultados-de-la-ultima-semana-en-neiva\/\" \/>\n<meta property=\"article:publisher\" content=\"https:\/\/www.facebook.com\/luchonoticiasneiva\" \/>\n<meta property=\"article:published_time\" content=\"2023-09-04T20:50:20+00:00\" \/>\n<meta property=\"article:modified_time\" content=\"2023-09-04T20:50:23+00:00\" \/>\n<meta property=\"og:image\" content=\"https:\/\/luchonoticias.com\/wp-content\/uploads\/2023\/09\/WhatsApp-Image-2023-09-04-at-1.27.13-PM-1024x844.jpeg\" \/>\n<meta name=\"author\" content=\"Editor General\" \/>\n<meta name=\"twitter:card\" content=\"summary_large_image\" \/>\n<meta name=\"twitter:label1\" content=\"Escrito por\" \/>\n\t<meta name=\"twitter:data1\" content=\"Editor General\" \/>\n\t<meta name=\"twitter:label2\" content=\"Tiempo de lectura\" \/>\n\t<meta name=\"twitter:data2\" content=\"2 minutos\" \/>\n<script type=\"application\/ld+json\" class=\"yoast-schema-graph\">{\"@context\":\"https:\/\/schema.org\",\"@graph\":[{\"@type\":\"Article\",\"@id\":\"https:\/\/luchonoticias.com\/editor\/policia-nacional-entrega-balance-de-resultados-de-la-ultima-semana-en-neiva\/#article\",\"isPartOf\":{\"@id\":\"https:\/\/luchonoticias.com\/editor\/policia-nacional-entrega-balance-de-resultados-de-la-ultima-semana-en-neiva\/\"},\"author\":{\"name\":\"Editor General\",\"@id\":\"https:\/\/luchonoticias.com\/editor\/#\/schema\/person\/29217990ddf6f14e35912b2866d591fb\"},\"headline\":\"Polic\u00eda Nacional entrega balance de resultados de la ultima semana en Neiva\",\"datePublished\":\"2023-09-04T20:50:20+00:00\",\"dateModified\":\"2023-09-04T20:50:23+00:00\",\"mainEntityOfPage\":{\"@id\":\"https:\/\/luchonoticias.com\/editor\/policia-nacional-entrega-balance-de-resultados-de-la-ultima-semana-en-neiva\/\"},\"wordCount\":421,\"commentCount\":0,\"publisher\":{\"@id\":\"https:\/\/luchonoticias.com\/editor\/#\/schema\/person\/7a7fd911f58561fd056dbac7b55af9cd\"},\"image\":{\"@id\":\"https:\/\/luchonoticias.com\/editor\/policia-nacional-entrega-balance-de-resultados-de-la-ultima-semana-en-neiva\/#primaryimage\"},\"thumbnailUrl\":\"https:\/\/luchonoticias.com\/wp-content\/uploads\/2023\/09\/WhatsApp-Image-2023-09-04-at-1.27.13-PM-1024x844.jpeg\",\"articleSection\":[\"Destacado\",\"Judicial\"],\"inLanguage\":\"es\",\"potentialAction\":[{\"@type\":\"CommentAction\",\"name\":\"Comment\",\"target\":[\"https:\/\/luchonoticias.com\/editor\/policia-nacional-entrega-balance-de-resultados-de-la-ultima-semana-en-neiva\/#respond\"]}]},{\"@type\":\"WebPage\",\"@id\":\"https:\/\/luchonoticias.com\/editor\/policia-nacional-entrega-balance-de-resultados-de-la-ultima-semana-en-neiva\/\",\"url\":\"https:\/\/luchonoticias.com\/editor\/policia-nacional-entrega-balance-de-resultados-de-la-ultima-semana-en-neiva\/\",\"name\":\"Polic\u00eda Nacional entrega balance de resultados de la ultima semana en Neiva -\",\"isPartOf\":{\"@id\":\"https:\/\/luchonoticias.com\/editor\/#website\"},\"primaryImageOfPage\":{\"@id\":\"https:\/\/luchonoticias.com\/editor\/policia-nacional-entrega-balance-de-resultados-de-la-ultima-semana-en-neiva\/#primaryimage\"},\"image\":{\"@id\":\"https:\/\/luchonoticias.com\/editor\/policia-nacional-entrega-balance-de-resultados-de-la-ultima-semana-en-neiva\/#primaryimage\"},\"thumbnailUrl\":\"https:\/\/luchonoticias.com\/wp-content\/uploads\/2023\/09\/WhatsApp-Image-2023-09-04-at-1.27.13-PM-1024x844.jpeg\",\"datePublished\":\"2023-09-04T20:50:20+00:00\",\"dateModified\":\"2023-09-04T20:50:23+00:00\",\"breadcrumb\":{\"@id\":\"https:\/\/luchonoticias.com\/editor\/policia-nacional-entrega-balance-de-resultados-de-la-ultima-semana-en-neiva\/#breadcrumb\"},\"inLanguage\":\"es\",\"potentialAction\":[{\"@type\":\"ReadAction\",\"target\":[\"https:\/\/luchonoticias.com\/editor\/policia-nacional-entrega-balance-de-resultados-de-la-ultima-semana-en-neiva\/\"]}]},{\"@type\":\"ImageObject\",\"inLanguage\":\"es\",\"@id\":\"https:\/\/luchonoticias.com\/editor\/policia-nacional-entrega-balance-de-resultados-de-la-ultima-semana-en-neiva\/#primaryimage\",\"url\":\"https:\/\/luchonoticias.com\/wp-content\/uploads\/2023\/09\/WhatsApp-Image-2023-09-04-at-1.27.13-PM-1024x844.jpeg\",\"contentUrl\":\"https:\/\/luchonoticias.com\/wp-content\/uploads\/2023\/09\/WhatsApp-Image-2023-09-04-at-1.27.13-PM-1024x844.jpeg\"},{\"@type\":\"BreadcrumbList\",\"@id\":\"https:\/\/luchonoticias.com\/editor\/policia-nacional-entrega-balance-de-resultados-de-la-ultima-semana-en-neiva\/#breadcrumb\",\"itemListElement\":[{\"@type\":\"ListItem\",\"position\":1,\"name\":\"Portada\",\"item\":\"https:\/\/luchonoticias.com\/editor\/\"},{\"@type\":\"ListItem\",\"position\":2,\"name\":\"Polic\u00eda Nacional entrega balance de resultados de la ultima semana en Neiva\"}]},{\"@type\":\"WebSite\",\"@id\":\"https:\/\/luchonoticias.com\/editor\/#website\",\"url\":\"https:\/\/luchonoticias.com\/editor\/\",\"name\":\"\",\"description\":\"\",\"publisher\":{\"@id\":\"https:\/\/luchonoticias.com\/editor\/#\/schema\/person\/7a7fd911f58561fd056dbac7b55af9cd\"},\"potentialAction\":[{\"@type\":\"SearchAction\",\"target\":{\"@type\":\"EntryPoint\",\"urlTemplate\":\"https:\/\/luchonoticias.com\/editor\/?s={search_term_string}\"},\"query-input\":{\"@type\":\"PropertyValueSpecification\",\"valueRequired\":true,\"valueName\":\"search_term_string\"}}],\"inLanguage\":\"es\"},{\"@type\":[\"Person\",\"Organization\"],\"@id\":\"https:\/\/luchonoticias.com\/editor\/#\/schema\/person\/7a7fd911f58561fd056dbac7b55af9cd\",\"name\":\"admin\",\"image\":{\"@type\":\"ImageObject\",\"inLanguage\":\"es\",\"@id\":\"https:\/\/luchonoticias.com\/editor\/#\/schema\/person\/image\/\",\"url\":\"https:\/\/luchonoticias.com\/editor\/wp-content\/uploads\/2024\/02\/cropped-cropped-logolu.webp\",\"contentUrl\":\"https:\/\/luchonoticias.com\/editor\/wp-content\/uploads\/2024\/02\/cropped-cropped-logolu.webp\",\"width\":382,\"height\":170,\"caption\":\"admin\"},\"logo\":{\"@id\":\"https:\/\/luchonoticias.com\/editor\/#\/schema\/person\/image\/\"},\"sameAs\":[\"https:\/\/www.facebook.com\/luchonoticiasneiva\"]},{\"@type\":\"Person\",\"@id\":\"https:\/\/luchonoticias.com\/editor\/#\/schema\/person\/29217990ddf6f14e35912b2866d591fb\",\"name\":\"Editor General\",\"image\":{\"@type\":\"ImageObject\",\"inLanguage\":\"es\",\"@id\":\"https:\/\/luchonoticias.com\/editor\/#\/schema\/person\/image\/\",\"url\":\"https:\/\/luchonoticias.com\/editor\/wp-content\/uploads\/2024\/02\/cropped-cropped-logolu-150x150.webp\",\"contentUrl\":\"https:\/\/luchonoticias.com\/editor\/wp-content\/uploads\/2024\/02\/cropped-cropped-logolu-150x150.webp\",\"caption\":\"Editor General\"},\"sameAs\":[\"https:\/\/luchonoticias.com\/\"],\"url\":\"https:\/\/luchonoticias.com\/editor\/author\/editor-general\/\"}]}<\/script>\n<!-- \/ Yoast SEO plugin. -->","yoast_head_json":{"title":"Polic\u00eda Nacional entrega balance de resultados de la ultima semana en Neiva -","robots":{"index":"index","follow":"follow","max-snippet":"max-snippet:-1","max-image-preview":"max-image-preview:large","max-video-preview":"max-video-preview:-1"},"canonical":"https:\/\/luchonoticias.com\/editor\/policia-nacional-entrega-balance-de-resultados-de-la-ultima-semana-en-neiva\/","og_locale":"es_ES","og_type":"article","og_title":"Polic\u00eda Nacional entrega balance de resultados de la ultima semana en Neiva -","og_url":"https:\/\/luchonoticias.com\/editor\/policia-nacional-entrega-balance-de-resultados-de-la-ultima-semana-en-neiva\/","article_publisher":"https:\/\/www.facebook.com\/luchonoticiasneiva","article_published_time":"2023-09-04T20:50:20+00:00","article_modified_time":"2023-09-04T20:50:23+00:00","og_image":[{"url":"https:\/\/luchonoticias.com\/wp-content\/uploads\/2023\/09\/WhatsApp-Image-2023-09-04-at-1.27.13-PM-1024x844.jpeg","type":"","width":"","height":""}],"author":"Editor General","twitter_card":"summary_large_image","twitter_misc":{"Escrito por":"Editor General","Tiempo de lectura":"2 minutos"},"schema":{"@context":"https:\/\/schema.org","@graph":[{"@type":"Article","@id":"https:\/\/luchonoticias.com\/editor\/policia-nacional-entrega-balance-de-resultados-de-la-ultima-semana-en-neiva\/#article","isPartOf":{"@id":"https:\/\/luchonoticias.com\/editor\/policia-nacional-entrega-balance-de-resultados-de-la-ultima-semana-en-neiva\/"},"author":{"name":"Editor General","@id":"https:\/\/luchonoticias.com\/editor\/#\/schema\/person\/29217990ddf6f14e35912b2866d591fb"},"headline":"Polic\u00eda Nacional entrega balance de resultados de la ultima semana en Neiva","datePublished":"2023-09-04T20:50:20+00:00","dateModified":"2023-09-04T20:50:23+00:00","mainEntityOfPage":{"@id":"https:\/\/luchonoticias.com\/editor\/policia-nacional-entrega-balance-de-resultados-de-la-ultima-semana-en-neiva\/"},"wordCount":421,"commentCount":0,"publisher":{"@id":"https:\/\/luchonoticias.com\/editor\/#\/schema\/person\/7a7fd911f58561fd056dbac7b55af9cd"},"image":{"@id":"https:\/\/luchonoticias.com\/editor\/policia-nacional-entrega-balance-de-resultados-de-la-ultima-semana-en-neiva\/#primaryimage"},"thumbnailUrl":"https:\/\/luchonoticias.com\/wp-content\/uploads\/2023\/09\/WhatsApp-Image-2023-09-04-at-1.27.13-PM-1024x844.jpeg","articleSection":["Destacado","Judicial"],"inLanguage":"es","potentialAction":[{"@type":"CommentAction","name":"Comment","target":["https:\/\/luchonoticias.com\/editor\/policia-nacional-entrega-balance-de-resultados-de-la-ultima-semana-en-neiva\/#respond"]}]},{"@type":"WebPage","@id":"https:\/\/luchonoticias.com\/editor\/policia-nacional-entrega-balance-de-resultados-de-la-ultima-semana-en-neiva\/","url":"https:\/\/luchonoticias.com\/editor\/policia-nacional-entrega-balance-de-resultados-de-la-ultima-semana-en-neiva\/","name":"Polic\u00eda Nacional entrega balance de resultados de la ultima semana en Neiva -","isPartOf":{"@id":"https:\/\/luchonoticias.com\/editor\/#website"},"primaryImageOfPage":{"@id":"https:\/\/luchonoticias.com\/editor\/policia-nacional-entrega-balance-de-resultados-de-la-ultima-semana-en-neiva\/#primaryimage"},"image":{"@id":"https:\/\/luchonoticias.com\/editor\/policia-nacional-entrega-balance-de-resultados-de-la-ultima-semana-en-neiva\/#primaryimage"},"thumbnailUrl":"https:\/\/luchonoticias.com\/wp-content\/uploads\/2023\/09\/WhatsApp-Image-2023-09-04-at-1.27.13-PM-1024x844.jpeg","datePublished":"2023-09-04T20:50:20+00:00","dateModified":"2023-09-04T20:50:23+00:00","breadcrumb":{"@id":"https:\/\/luchonoticias.com\/editor\/policia-nacional-entrega-balance-de-resultados-de-la-ultima-semana-en-neiva\/#breadcrumb"},"inLanguage":"es","potentialAction":[{"@type":"ReadAction","target":["https:\/\/luchonoticias.com\/editor\/policia-nacional-entrega-balance-de-resultados-de-la-ultima-semana-en-neiva\/"]}]},{"@type":"ImageObject","inLanguage":"es","@id":"https:\/\/luchonoticias.com\/editor\/policia-nacional-entrega-balance-de-resultados-de-la-ultima-semana-en-neiva\/#primaryimage","url":"https:\/\/luchonoticias.com\/wp-content\/uploads\/2023\/09\/WhatsApp-Image-2023-09-04-at-1.27.13-PM-1024x844.jpeg","contentUrl":"https:\/\/luchonoticias.com\/wp-content\/uploads\/2023\/09\/WhatsApp-Image-2023-09-04-at-1.27.13-PM-1024x844.jpeg"},{"@type":"BreadcrumbList","@id":"https:\/\/luchonoticias.com\/editor\/policia-nacional-entrega-balance-de-resultados-de-la-ultima-semana-en-neiva\/#breadcrumb","itemListElement":[{"@type":"ListItem","position":1,"name":"Portada","item":"https:\/\/luchonoticias.com\/editor\/"},{"@type":"ListItem","position":2,"name":"Polic\u00eda Nacional entrega balance de resultados de la ultima semana en Neiva"}]},{"@type":"WebSite","@id":"https:\/\/luchonoticias.com\/editor\/#website","url":"https:\/\/luchonoticias.com\/editor\/","name":"","description":"","publisher":{"@id":"https:\/\/luchonoticias.com\/editor\/#\/schema\/person\/7a7fd911f58561fd056dbac7b55af9cd"},"potentialAction":[{"@type":"SearchAction","target":{"@type":"EntryPoint","urlTemplate":"https:\/\/luchonoticias.com\/editor\/?s={search_term_string}"},"query-input":{"@type":"PropertyValueSpecification","valueRequired":true,"valueName":"search_term_string"}}],"inLanguage":"es"},{"@type":["Person","Organization"],"@id":"https:\/\/luchonoticias.com\/editor\/#\/schema\/person\/7a7fd911f58561fd056dbac7b55af9cd","name":"admin","image":{"@type":"ImageObject","inLanguage":"es","@id":"https:\/\/luchonoticias.com\/editor\/#\/schema\/person\/image\/","url":"https:\/\/luchonoticias.com\/editor\/wp-content\/uploads\/2024\/02\/cropped-cropped-logolu.webp","contentUrl":"https:\/\/luchonoticias.com\/editor\/wp-content\/uploads\/2024\/02\/cropped-cropped-logolu.webp","width":382,"height":170,"caption":"admin"},"logo":{"@id":"https:\/\/luchonoticias.com\/editor\/#\/schema\/person\/image\/"},"sameAs":["https:\/\/www.facebook.com\/luchonoticiasneiva"]},{"@type":"Person","@id":"https:\/\/luchonoticias.com\/editor\/#\/schema\/person\/29217990ddf6f14e35912b2866d591fb","name":"Editor General","image":{"@type":"ImageObject","inLanguage":"es","@id":"https:\/\/luchonoticias.com\/editor\/#\/schema\/person\/image\/","url":"https:\/\/luchonoticias.com\/editor\/wp-content\/uploads\/2024\/02\/cropped-cropped-logolu-150x150.webp","contentUrl":"https:\/\/luchonoticias.com\/editor\/wp-content\/uploads\/2024\/02\/cropped-cropped-logolu-150x150.webp","caption":"Editor General"},"sameAs":["https:\/\/luchonoticias.com\/"],"url":"https:\/\/luchonoticias.com\/editor\/author\/editor-general\/"}]}},"_links":{"self":[{"href":"https:\/\/luchonoticias.com\/editor\/wp-json\/wp\/v2\/posts\/59663","targetHints":{"allow":["GET"]}}],"collection":[{"href":"https:\/\/luchonoticias.com\/editor\/wp-json\/wp\/v2\/posts"}],"about":[{"href":"https:\/\/luchonoticias.com\/editor\/wp-json\/wp\/v2\/types\/post"}],"author":[{"embeddable":true,"href":"https:\/\/luchonoticias.com\/editor\/wp-json\/wp\/v2\/users\/2"}],"replies":[{"embeddable":true,"href":"https:\/\/luchonoticias.com\/editor\/wp-json\/wp\/v2\/comments?post=59663"}],"version-history":[{"count":0,"href":"https:\/\/luchonoticias.com\/editor\/wp-json\/wp\/v2\/posts\/59663\/revisions"}],"wp:attachment":[{"href":"https:\/\/luchonoticias.com\/editor\/wp-json\/wp\/v2\/media?parent=59663"}],"wp:term":[{"taxonomy":"category","embeddable":true,"href":"https:\/\/luchonoticias.com\/editor\/wp-json\/wp\/v2\/categories?post=59663"},{"taxonomy":"post_tag","embeddable":true,"href":"https:\/\/luchonoticias.com\/editor\/wp-json\/wp\/v2\/tags?post=59663"}],"curies":[{"name":"wp","href":"https:\/\/api.w.org\/{rel}","templated":true}]}}