{"id":59667,"date":"2023-09-04T16:32:06","date_gmt":"2023-09-04T21:32:06","guid":{"rendered":"https:\/\/luchonoticias.com\/?p=59667"},"modified":"2023-09-04T16:32:07","modified_gmt":"2023-09-04T21:32:07","slug":"fiscalia-del-huila-logra-condenas-por-tres-asesinatos-y-una-de-tentativa-de-homicidio","status":"publish","type":"post","link":"https:\/\/luchonoticias.com\/editor\/fiscalia-del-huila-logra-condenas-por-tres-asesinatos-y-una-de-tentativa-de-homicidio\/","title":{"rendered":"Fiscal\u00eda del Huila logra condenas por tres asesinatos y una de tentativa de homicidio\u00a0\u00a0\u00a0\u00a0\u00a0\u00a0\u00a0\u00a0\u00a0\u00a0\u00a0"},"content":{"rendered":"\n<p>La Fiscal\u00eda General de la Naci\u00f3n, a trav\u00e9s de un despacho seccional de la Unidad de Vida en Huila logr\u00f3 tres condenas por homicidio y una sentencia m\u00e1s por la tentativa de homicidio de un docente. Se trata de hechos ocurridos de manera independiente.<\/p>\n\n\n\n<p>La primera condena cobija a Juan Carlos Buesaquillo Torres, quien fue sentenciado a 11 a\u00f1os de prisi\u00f3n por haber atendado contra el profesor V\u00edctor F\u00e9lix Vargas. Los hechos ocurrieron el pasado 12 de febrero cuando el docente estaba en un establecimiento p\u00fablico de Neiva. La v\u00edctima fue herida con un arma blanca que le caus\u00f3 una hemorragia interna que oblig\u00f3 su intervenci\u00f3n m\u00e9dica de urgencia. Buesaquillo fue retenido por la comunidad y entregado a la Polic\u00eda Nacional. En poder del sentenciado fue encontrada el arma utilizada durante el ataque. La Fiscal\u00eda lo proces\u00f3 por tentativa de homicidio agravado.<\/p>\n\n\n\n<p>El segundo fallo judicial implica a Jos\u00e9 Aleider Penagos Bravo, quien fue condenado a 17 a\u00f1os y 4 meses de prisi\u00f3n por el delito de homicidio agravado. Los hechos ocurrieron el pasado 26 de marzo en el barrio Las Palmas de Neiva. Penagos agredi\u00f3 a Leonardo Eli Pe\u00f1a M\u00e9ndez cuando se encontraba en compa\u00f1\u00eda de una mujer. La v\u00edctima falleci\u00f3 en un centro asistencial.<\/p>\n\n\n\n<p>La tercera decisi\u00f3n cobija a Andr\u00e9s Nasario Hern\u00e1ndez Tovar, condenado a 17 a\u00f1os y 4 meses de prisi\u00f3n por homicidio agravado. El hombre fue encontrado responsable del asesinato de \u00d3scar Fernando Hermosa; en hechos ocurridos en Algeciras(Huila) el 18 de marzo de 2023, en medio de una ri\u00f1a. La Polic\u00eda Nacional captur\u00f3 en flagrancia a Hern\u00e1ndez Tovar a quien adem\u00e1s le incautaron el arma usada en el crimen.<\/p>\n\n\n\n<p>Finalmente, Carlos Alfredo Arrigui, alias El El\u00e1stico, deber\u00e1 purgar una condena a 8 a\u00f1os y 8 meses de prisi\u00f3n por el punible de homicidio simple. La sentencia corresponde a hechos ocurridos el pasado 5 de febrero en el barrio El Bosque de Neiva, donde se present\u00f3 una ri\u00f1a con Yan Carlos Gracia, alias Satan\u00e1s. La v\u00edctima fue traslada a un centro asistencial donde lleg\u00f3 sin signos vitales.<\/p>\n","protected":false},"excerpt":{"rendered":"<p>La Fiscal\u00eda General de la Naci\u00f3n, a trav\u00e9s de un despacho seccional de la Unidad de Vida en Huila logr\u00f3 tres condenas por homicidio y una sentencia m\u00e1s por la tentativa de homicidio de un docente. Se trata de hechos ocurridos de manera independiente. La primera condena cobija a Juan Carlos Buesaquillo Torres, quien fue [&hellip;]<\/p>\n","protected":false},"author":2,"featured_media":0,"comment_status":"open","ping_status":"open","sticky":false,"template":"","format":"standard","meta":{"footnotes":""},"categories":[36,29],"tags":[],"class_list":["post-59667","post","type-post","status-publish","format-standard","hentry","category-destacado","category-judicial"],"yoast_head":"<!-- This site is optimized with the Yoast SEO plugin v26.6 - https:\/\/yoast.com\/wordpress\/plugins\/seo\/ -->\n<title>Fiscal\u00eda del Huila logra condenas por tres asesinatos y una de tentativa de homicidio\u00a0\u00a0\u00a0\u00a0\u00a0\u00a0\u00a0\u00a0\u00a0\u00a0\u00a0 -<\/title>\n<meta name=\"robots\" content=\"index, follow, max-snippet:-1, max-image-preview:large, max-video-preview:-1\" \/>\n<link rel=\"canonical\" href=\"https:\/\/luchonoticias.com\/editor\/fiscalia-del-huila-logra-condenas-por-tres-asesinatos-y-una-de-tentativa-de-homicidio\/\" \/>\n<meta property=\"og:locale\" content=\"es_ES\" \/>\n<meta property=\"og:type\" content=\"article\" \/>\n<meta property=\"og:title\" content=\"Fiscal\u00eda del Huila logra condenas por tres asesinatos y una de tentativa de homicidio\u00a0\u00a0\u00a0\u00a0\u00a0\u00a0\u00a0\u00a0\u00a0\u00a0\u00a0 -\" \/>\n<meta property=\"og:url\" content=\"https:\/\/luchonoticias.com\/editor\/fiscalia-del-huila-logra-condenas-por-tres-asesinatos-y-una-de-tentativa-de-homicidio\/\" \/>\n<meta property=\"article:publisher\" content=\"https:\/\/www.facebook.com\/luchonoticiasneiva\" \/>\n<meta property=\"article:published_time\" content=\"2023-09-04T21:32:06+00:00\" \/>\n<meta property=\"article:modified_time\" content=\"2023-09-04T21:32:07+00:00\" \/>\n<meta name=\"author\" content=\"Editor General\" \/>\n<meta name=\"twitter:card\" content=\"summary_large_image\" \/>\n<meta name=\"twitter:label1\" content=\"Escrito por\" \/>\n\t<meta name=\"twitter:data1\" content=\"Editor General\" \/>\n\t<meta name=\"twitter:label2\" content=\"Tiempo de lectura\" \/>\n\t<meta name=\"twitter:data2\" content=\"2 minutos\" \/>\n<script type=\"application\/ld+json\" class=\"yoast-schema-graph\">{\"@context\":\"https:\/\/schema.org\",\"@graph\":[{\"@type\":\"Article\",\"@id\":\"https:\/\/luchonoticias.com\/editor\/fiscalia-del-huila-logra-condenas-por-tres-asesinatos-y-una-de-tentativa-de-homicidio\/#article\",\"isPartOf\":{\"@id\":\"https:\/\/luchonoticias.com\/editor\/fiscalia-del-huila-logra-condenas-por-tres-asesinatos-y-una-de-tentativa-de-homicidio\/\"},\"author\":{\"name\":\"Editor General\",\"@id\":\"https:\/\/luchonoticias.com\/editor\/#\/schema\/person\/29217990ddf6f14e35912b2866d591fb\"},\"headline\":\"Fiscal\u00eda del Huila logra condenas por tres asesinatos y una de tentativa de homicidio\u00a0\u00a0\u00a0\u00a0\u00a0\u00a0\u00a0\u00a0\u00a0\u00a0\u00a0\",\"datePublished\":\"2023-09-04T21:32:06+00:00\",\"dateModified\":\"2023-09-04T21:32:07+00:00\",\"mainEntityOfPage\":{\"@id\":\"https:\/\/luchonoticias.com\/editor\/fiscalia-del-huila-logra-condenas-por-tres-asesinatos-y-una-de-tentativa-de-homicidio\/\"},\"wordCount\":380,\"commentCount\":0,\"publisher\":{\"@id\":\"https:\/\/luchonoticias.com\/editor\/#\/schema\/person\/7a7fd911f58561fd056dbac7b55af9cd\"},\"articleSection\":[\"Destacado\",\"Judicial\"],\"inLanguage\":\"es\",\"potentialAction\":[{\"@type\":\"CommentAction\",\"name\":\"Comment\",\"target\":[\"https:\/\/luchonoticias.com\/editor\/fiscalia-del-huila-logra-condenas-por-tres-asesinatos-y-una-de-tentativa-de-homicidio\/#respond\"]}]},{\"@type\":\"WebPage\",\"@id\":\"https:\/\/luchonoticias.com\/editor\/fiscalia-del-huila-logra-condenas-por-tres-asesinatos-y-una-de-tentativa-de-homicidio\/\",\"url\":\"https:\/\/luchonoticias.com\/editor\/fiscalia-del-huila-logra-condenas-por-tres-asesinatos-y-una-de-tentativa-de-homicidio\/\",\"name\":\"Fiscal\u00eda del Huila logra condenas por tres asesinatos y una de tentativa de homicidio\u00a0\u00a0\u00a0\u00a0\u00a0\u00a0\u00a0\u00a0\u00a0\u00a0\u00a0 -\",\"isPartOf\":{\"@id\":\"https:\/\/luchonoticias.com\/editor\/#website\"},\"datePublished\":\"2023-09-04T21:32:06+00:00\",\"dateModified\":\"2023-09-04T21:32:07+00:00\",\"breadcrumb\":{\"@id\":\"https:\/\/luchonoticias.com\/editor\/fiscalia-del-huila-logra-condenas-por-tres-asesinatos-y-una-de-tentativa-de-homicidio\/#breadcrumb\"},\"inLanguage\":\"es\",\"potentialAction\":[{\"@type\":\"ReadAction\",\"target\":[\"https:\/\/luchonoticias.com\/editor\/fiscalia-del-huila-logra-condenas-por-tres-asesinatos-y-una-de-tentativa-de-homicidio\/\"]}]},{\"@type\":\"BreadcrumbList\",\"@id\":\"https:\/\/luchonoticias.com\/editor\/fiscalia-del-huila-logra-condenas-por-tres-asesinatos-y-una-de-tentativa-de-homicidio\/#breadcrumb\",\"itemListElement\":[{\"@type\":\"ListItem\",\"position\":1,\"name\":\"Portada\",\"item\":\"https:\/\/luchonoticias.com\/editor\/\"},{\"@type\":\"ListItem\",\"position\":2,\"name\":\"Fiscal\u00eda del Huila logra condenas por tres asesinatos y una de tentativa de homicidio\u00a0\u00a0\u00a0\u00a0\u00a0\u00a0\u00a0\u00a0\u00a0\u00a0\u00a0\"}]},{\"@type\":\"WebSite\",\"@id\":\"https:\/\/luchonoticias.com\/editor\/#website\",\"url\":\"https:\/\/luchonoticias.com\/editor\/\",\"name\":\"\",\"description\":\"\",\"publisher\":{\"@id\":\"https:\/\/luchonoticias.com\/editor\/#\/schema\/person\/7a7fd911f58561fd056dbac7b55af9cd\"},\"potentialAction\":[{\"@type\":\"SearchAction\",\"target\":{\"@type\":\"EntryPoint\",\"urlTemplate\":\"https:\/\/luchonoticias.com\/editor\/?s={search_term_string}\"},\"query-input\":{\"@type\":\"PropertyValueSpecification\",\"valueRequired\":true,\"valueName\":\"search_term_string\"}}],\"inLanguage\":\"es\"},{\"@type\":[\"Person\",\"Organization\"],\"@id\":\"https:\/\/luchonoticias.com\/editor\/#\/schema\/person\/7a7fd911f58561fd056dbac7b55af9cd\",\"name\":\"admin\",\"image\":{\"@type\":\"ImageObject\",\"inLanguage\":\"es\",\"@id\":\"https:\/\/luchonoticias.com\/editor\/#\/schema\/person\/image\/\",\"url\":\"https:\/\/luchonoticias.com\/editor\/wp-content\/uploads\/2024\/02\/cropped-cropped-logolu.webp\",\"contentUrl\":\"https:\/\/luchonoticias.com\/editor\/wp-content\/uploads\/2024\/02\/cropped-cropped-logolu.webp\",\"width\":382,\"height\":170,\"caption\":\"admin\"},\"logo\":{\"@id\":\"https:\/\/luchonoticias.com\/editor\/#\/schema\/person\/image\/\"},\"sameAs\":[\"https:\/\/www.facebook.com\/luchonoticiasneiva\"]},{\"@type\":\"Person\",\"@id\":\"https:\/\/luchonoticias.com\/editor\/#\/schema\/person\/29217990ddf6f14e35912b2866d591fb\",\"name\":\"Editor General\",\"image\":{\"@type\":\"ImageObject\",\"inLanguage\":\"es\",\"@id\":\"https:\/\/luchonoticias.com\/editor\/#\/schema\/person\/image\/\",\"url\":\"https:\/\/luchonoticias.com\/editor\/wp-content\/uploads\/2024\/02\/cropped-cropped-logolu-150x150.webp\",\"contentUrl\":\"https:\/\/luchonoticias.com\/editor\/wp-content\/uploads\/2024\/02\/cropped-cropped-logolu-150x150.webp\",\"caption\":\"Editor General\"},\"sameAs\":[\"https:\/\/luchonoticias.com\/\"],\"url\":\"https:\/\/luchonoticias.com\/editor\/author\/editor-general\/\"}]}<\/script>\n<!-- \/ Yoast SEO plugin. -->","yoast_head_json":{"title":"Fiscal\u00eda del Huila logra condenas por tres asesinatos y una de tentativa de homicidio\u00a0\u00a0\u00a0\u00a0\u00a0\u00a0\u00a0\u00a0\u00a0\u00a0\u00a0 -","robots":{"index":"index","follow":"follow","max-snippet":"max-snippet:-1","max-image-preview":"max-image-preview:large","max-video-preview":"max-video-preview:-1"},"canonical":"https:\/\/luchonoticias.com\/editor\/fiscalia-del-huila-logra-condenas-por-tres-asesinatos-y-una-de-tentativa-de-homicidio\/","og_locale":"es_ES","og_type":"article","og_title":"Fiscal\u00eda del Huila logra condenas por tres asesinatos y una de tentativa de homicidio\u00a0\u00a0\u00a0\u00a0\u00a0\u00a0\u00a0\u00a0\u00a0\u00a0\u00a0 -","og_url":"https:\/\/luchonoticias.com\/editor\/fiscalia-del-huila-logra-condenas-por-tres-asesinatos-y-una-de-tentativa-de-homicidio\/","article_publisher":"https:\/\/www.facebook.com\/luchonoticiasneiva","article_published_time":"2023-09-04T21:32:06+00:00","article_modified_time":"2023-09-04T21:32:07+00:00","author":"Editor General","twitter_card":"summary_large_image","twitter_misc":{"Escrito por":"Editor General","Tiempo de lectura":"2 minutos"},"schema":{"@context":"https:\/\/schema.org","@graph":[{"@type":"Article","@id":"https:\/\/luchonoticias.com\/editor\/fiscalia-del-huila-logra-condenas-por-tres-asesinatos-y-una-de-tentativa-de-homicidio\/#article","isPartOf":{"@id":"https:\/\/luchonoticias.com\/editor\/fiscalia-del-huila-logra-condenas-por-tres-asesinatos-y-una-de-tentativa-de-homicidio\/"},"author":{"name":"Editor General","@id":"https:\/\/luchonoticias.com\/editor\/#\/schema\/person\/29217990ddf6f14e35912b2866d591fb"},"headline":"Fiscal\u00eda del Huila logra condenas por tres asesinatos y una de tentativa de homicidio\u00a0\u00a0\u00a0\u00a0\u00a0\u00a0\u00a0\u00a0\u00a0\u00a0\u00a0","datePublished":"2023-09-04T21:32:06+00:00","dateModified":"2023-09-04T21:32:07+00:00","mainEntityOfPage":{"@id":"https:\/\/luchonoticias.com\/editor\/fiscalia-del-huila-logra-condenas-por-tres-asesinatos-y-una-de-tentativa-de-homicidio\/"},"wordCount":380,"commentCount":0,"publisher":{"@id":"https:\/\/luchonoticias.com\/editor\/#\/schema\/person\/7a7fd911f58561fd056dbac7b55af9cd"},"articleSection":["Destacado","Judicial"],"inLanguage":"es","potentialAction":[{"@type":"CommentAction","name":"Comment","target":["https:\/\/luchonoticias.com\/editor\/fiscalia-del-huila-logra-condenas-por-tres-asesinatos-y-una-de-tentativa-de-homicidio\/#respond"]}]},{"@type":"WebPage","@id":"https:\/\/luchonoticias.com\/editor\/fiscalia-del-huila-logra-condenas-por-tres-asesinatos-y-una-de-tentativa-de-homicidio\/","url":"https:\/\/luchonoticias.com\/editor\/fiscalia-del-huila-logra-condenas-por-tres-asesinatos-y-una-de-tentativa-de-homicidio\/","name":"Fiscal\u00eda del Huila logra condenas por tres asesinatos y una de tentativa de homicidio\u00a0\u00a0\u00a0\u00a0\u00a0\u00a0\u00a0\u00a0\u00a0\u00a0\u00a0 -","isPartOf":{"@id":"https:\/\/luchonoticias.com\/editor\/#website"},"datePublished":"2023-09-04T21:32:06+00:00","dateModified":"2023-09-04T21:32:07+00:00","breadcrumb":{"@id":"https:\/\/luchonoticias.com\/editor\/fiscalia-del-huila-logra-condenas-por-tres-asesinatos-y-una-de-tentativa-de-homicidio\/#breadcrumb"},"inLanguage":"es","potentialAction":[{"@type":"ReadAction","target":["https:\/\/luchonoticias.com\/editor\/fiscalia-del-huila-logra-condenas-por-tres-asesinatos-y-una-de-tentativa-de-homicidio\/"]}]},{"@type":"BreadcrumbList","@id":"https:\/\/luchonoticias.com\/editor\/fiscalia-del-huila-logra-condenas-por-tres-asesinatos-y-una-de-tentativa-de-homicidio\/#breadcrumb","itemListElement":[{"@type":"ListItem","position":1,"name":"Portada","item":"https:\/\/luchonoticias.com\/editor\/"},{"@type":"ListItem","position":2,"name":"Fiscal\u00eda del Huila logra condenas por tres asesinatos y una de tentativa de homicidio\u00a0\u00a0\u00a0\u00a0\u00a0\u00a0\u00a0\u00a0\u00a0\u00a0\u00a0"}]},{"@type":"WebSite","@id":"https:\/\/luchonoticias.com\/editor\/#website","url":"https:\/\/luchonoticias.com\/editor\/","name":"","description":"","publisher":{"@id":"https:\/\/luchonoticias.com\/editor\/#\/schema\/person\/7a7fd911f58561fd056dbac7b55af9cd"},"potentialAction":[{"@type":"SearchAction","target":{"@type":"EntryPoint","urlTemplate":"https:\/\/luchonoticias.com\/editor\/?s={search_term_string}"},"query-input":{"@type":"PropertyValueSpecification","valueRequired":true,"valueName":"search_term_string"}}],"inLanguage":"es"},{"@type":["Person","Organization"],"@id":"https:\/\/luchonoticias.com\/editor\/#\/schema\/person\/7a7fd911f58561fd056dbac7b55af9cd","name":"admin","image":{"@type":"ImageObject","inLanguage":"es","@id":"https:\/\/luchonoticias.com\/editor\/#\/schema\/person\/image\/","url":"https:\/\/luchonoticias.com\/editor\/wp-content\/uploads\/2024\/02\/cropped-cropped-logolu.webp","contentUrl":"https:\/\/luchonoticias.com\/editor\/wp-content\/uploads\/2024\/02\/cropped-cropped-logolu.webp","width":382,"height":170,"caption":"admin"},"logo":{"@id":"https:\/\/luchonoticias.com\/editor\/#\/schema\/person\/image\/"},"sameAs":["https:\/\/www.facebook.com\/luchonoticiasneiva"]},{"@type":"Person","@id":"https:\/\/luchonoticias.com\/editor\/#\/schema\/person\/29217990ddf6f14e35912b2866d591fb","name":"Editor General","image":{"@type":"ImageObject","inLanguage":"es","@id":"https:\/\/luchonoticias.com\/editor\/#\/schema\/person\/image\/","url":"https:\/\/luchonoticias.com\/editor\/wp-content\/uploads\/2024\/02\/cropped-cropped-logolu-150x150.webp","contentUrl":"https:\/\/luchonoticias.com\/editor\/wp-content\/uploads\/2024\/02\/cropped-cropped-logolu-150x150.webp","caption":"Editor General"},"sameAs":["https:\/\/luchonoticias.com\/"],"url":"https:\/\/luchonoticias.com\/editor\/author\/editor-general\/"}]}},"_links":{"self":[{"href":"https:\/\/luchonoticias.com\/editor\/wp-json\/wp\/v2\/posts\/59667","targetHints":{"allow":["GET"]}}],"collection":[{"href":"https:\/\/luchonoticias.com\/editor\/wp-json\/wp\/v2\/posts"}],"about":[{"href":"https:\/\/luchonoticias.com\/editor\/wp-json\/wp\/v2\/types\/post"}],"author":[{"embeddable":true,"href":"https:\/\/luchonoticias.com\/editor\/wp-json\/wp\/v2\/users\/2"}],"replies":[{"embeddable":true,"href":"https:\/\/luchonoticias.com\/editor\/wp-json\/wp\/v2\/comments?post=59667"}],"version-history":[{"count":0,"href":"https:\/\/luchonoticias.com\/editor\/wp-json\/wp\/v2\/posts\/59667\/revisions"}],"wp:attachment":[{"href":"https:\/\/luchonoticias.com\/editor\/wp-json\/wp\/v2\/media?parent=59667"}],"wp:term":[{"taxonomy":"category","embeddable":true,"href":"https:\/\/luchonoticias.com\/editor\/wp-json\/wp\/v2\/categories?post=59667"},{"taxonomy":"post_tag","embeddable":true,"href":"https:\/\/luchonoticias.com\/editor\/wp-json\/wp\/v2\/tags?post=59667"}],"curies":[{"name":"wp","href":"https:\/\/api.w.org\/{rel}","templated":true}]}}