{"id":59670,"date":"2023-09-04T16:34:43","date_gmt":"2023-09-04T21:34:43","guid":{"rendered":"https:\/\/luchonoticias.com\/?p=59670"},"modified":"2023-09-04T16:34:44","modified_gmt":"2023-09-04T21:34:44","slug":"laura-sarabia-se-posesiono-como-directora-del-departamento-de-prosperidad-social","status":"publish","type":"post","link":"https:\/\/luchonoticias.com\/editor\/laura-sarabia-se-posesiono-como-directora-del-departamento-de-prosperidad-social\/","title":{"rendered":"Laura Sarabia se posesion\u00f3 como directora del Departamento de Prosperidad Social"},"content":{"rendered":"\n<p>El presidente Gustavo Petro posesion\u00f3 este lunes a Laura Camila Sarabia como directora del Departamento de Prosperidad Social (DPS), entidad que fija y pone en marcha las pol\u00edticas y los programas que brindan atenci\u00f3n, reparaci\u00f3n y reintegraci\u00f3n social y econ\u00f3mica a las v\u00edctimas de la violencia y las poblaciones m\u00e1s vulnerables del pa\u00eds.<\/p>\n\n\n\n<p>Para alcanzar este prop\u00f3sito, el Departamento trabaja integralmente en la formulaci\u00f3n y ejecuci\u00f3n de pol\u00edticas sociales, adem\u00e1s realiza la coordinaci\u00f3n de la Unidad de Atenci\u00f3n y Reparaci\u00f3n Integral a las V\u00edctimas, el Instituto Colombiano de Bienestar Familiar y el Centro de Memoria Hist\u00f3rica.<\/p>\n\n\n\n<p>Este Departamento est\u00e1 a cargo del programa Tr\u00e1nsito a Renta Ciudadana, al que el gobierno del Cambio destin\u00f3 $7 billones para garantizar la atenci\u00f3n a las familias beneficiadas.<\/p>\n\n\n\n<p>Este programa beneficiar\u00e1 a cerca de 3,3 millones de hogares, 1,4 millones m\u00e1s de los que tuvo Familias en Acci\u00f3n a su cargo, lo que representa un aumento de 42,4% en cobertura.<\/p>\n\n\n\n<p>As\u00ed, el Gobierno garantiza un ingreso digno, de hasta $500.000 mensuales, a las familias en pobreza extrema, pobreza moderada y vulnerabilidad. De esta manera, podr\u00e1n conseguir autonom\u00eda econ\u00f3mica y acceso a los derechos fundamentales de educaci\u00f3n y salud.<\/p>\n","protected":false},"excerpt":{"rendered":"<p>El presidente Gustavo Petro posesion\u00f3 este lunes a Laura Camila Sarabia como directora del Departamento de Prosperidad Social (DPS), entidad que fija y pone en marcha las pol\u00edticas y los programas que brindan atenci\u00f3n, reparaci\u00f3n y reintegraci\u00f3n social y econ\u00f3mica a las v\u00edctimas de la violencia y las poblaciones m\u00e1s vulnerables del pa\u00eds. Para alcanzar [&hellip;]<\/p>\n","protected":false},"author":2,"featured_media":0,"comment_status":"open","ping_status":"open","sticky":false,"template":"","format":"standard","meta":{"footnotes":""},"categories":[36,32],"tags":[],"class_list":["post-59670","post","type-post","status-publish","format-standard","hentry","category-destacado","category-nacional"],"yoast_head":"<!-- This site is optimized with the Yoast SEO plugin v26.6 - https:\/\/yoast.com\/wordpress\/plugins\/seo\/ -->\n<title>Laura Sarabia se posesion\u00f3 como directora del Departamento de Prosperidad Social -<\/title>\n<meta name=\"robots\" content=\"index, follow, max-snippet:-1, max-image-preview:large, max-video-preview:-1\" \/>\n<link rel=\"canonical\" href=\"https:\/\/luchonoticias.com\/editor\/laura-sarabia-se-posesiono-como-directora-del-departamento-de-prosperidad-social\/\" \/>\n<meta property=\"og:locale\" content=\"es_ES\" \/>\n<meta property=\"og:type\" content=\"article\" \/>\n<meta property=\"og:title\" content=\"Laura Sarabia se posesion\u00f3 como directora del Departamento de Prosperidad Social -\" \/>\n<meta property=\"og:url\" content=\"https:\/\/luchonoticias.com\/editor\/laura-sarabia-se-posesiono-como-directora-del-departamento-de-prosperidad-social\/\" \/>\n<meta property=\"article:publisher\" content=\"https:\/\/www.facebook.com\/luchonoticiasneiva\" \/>\n<meta property=\"article:published_time\" content=\"2023-09-04T21:34:43+00:00\" \/>\n<meta property=\"article:modified_time\" content=\"2023-09-04T21:34:44+00:00\" \/>\n<meta name=\"author\" content=\"Editor General\" \/>\n<meta name=\"twitter:card\" content=\"summary_large_image\" \/>\n<meta name=\"twitter:label1\" content=\"Escrito por\" \/>\n\t<meta name=\"twitter:data1\" content=\"Editor General\" \/>\n\t<meta name=\"twitter:label2\" content=\"Tiempo de lectura\" \/>\n\t<meta name=\"twitter:data2\" content=\"1 minuto\" \/>\n<script type=\"application\/ld+json\" class=\"yoast-schema-graph\">{\"@context\":\"https:\/\/schema.org\",\"@graph\":[{\"@type\":\"Article\",\"@id\":\"https:\/\/luchonoticias.com\/editor\/laura-sarabia-se-posesiono-como-directora-del-departamento-de-prosperidad-social\/#article\",\"isPartOf\":{\"@id\":\"https:\/\/luchonoticias.com\/editor\/laura-sarabia-se-posesiono-como-directora-del-departamento-de-prosperidad-social\/\"},\"author\":{\"name\":\"Editor General\",\"@id\":\"https:\/\/luchonoticias.com\/editor\/#\/schema\/person\/29217990ddf6f14e35912b2866d591fb\"},\"headline\":\"Laura Sarabia se posesion\u00f3 como directora del Departamento de Prosperidad Social\",\"datePublished\":\"2023-09-04T21:34:43+00:00\",\"dateModified\":\"2023-09-04T21:34:44+00:00\",\"mainEntityOfPage\":{\"@id\":\"https:\/\/luchonoticias.com\/editor\/laura-sarabia-se-posesiono-como-directora-del-departamento-de-prosperidad-social\/\"},\"wordCount\":226,\"commentCount\":0,\"publisher\":{\"@id\":\"https:\/\/luchonoticias.com\/editor\/#\/schema\/person\/7a7fd911f58561fd056dbac7b55af9cd\"},\"articleSection\":[\"Destacado\",\"Nacional\"],\"inLanguage\":\"es\",\"potentialAction\":[{\"@type\":\"CommentAction\",\"name\":\"Comment\",\"target\":[\"https:\/\/luchonoticias.com\/editor\/laura-sarabia-se-posesiono-como-directora-del-departamento-de-prosperidad-social\/#respond\"]}]},{\"@type\":\"WebPage\",\"@id\":\"https:\/\/luchonoticias.com\/editor\/laura-sarabia-se-posesiono-como-directora-del-departamento-de-prosperidad-social\/\",\"url\":\"https:\/\/luchonoticias.com\/editor\/laura-sarabia-se-posesiono-como-directora-del-departamento-de-prosperidad-social\/\",\"name\":\"Laura Sarabia se posesion\u00f3 como directora del Departamento de Prosperidad Social -\",\"isPartOf\":{\"@id\":\"https:\/\/luchonoticias.com\/editor\/#website\"},\"datePublished\":\"2023-09-04T21:34:43+00:00\",\"dateModified\":\"2023-09-04T21:34:44+00:00\",\"breadcrumb\":{\"@id\":\"https:\/\/luchonoticias.com\/editor\/laura-sarabia-se-posesiono-como-directora-del-departamento-de-prosperidad-social\/#breadcrumb\"},\"inLanguage\":\"es\",\"potentialAction\":[{\"@type\":\"ReadAction\",\"target\":[\"https:\/\/luchonoticias.com\/editor\/laura-sarabia-se-posesiono-como-directora-del-departamento-de-prosperidad-social\/\"]}]},{\"@type\":\"BreadcrumbList\",\"@id\":\"https:\/\/luchonoticias.com\/editor\/laura-sarabia-se-posesiono-como-directora-del-departamento-de-prosperidad-social\/#breadcrumb\",\"itemListElement\":[{\"@type\":\"ListItem\",\"position\":1,\"name\":\"Portada\",\"item\":\"https:\/\/luchonoticias.com\/editor\/\"},{\"@type\":\"ListItem\",\"position\":2,\"name\":\"Laura Sarabia se posesion\u00f3 como directora del Departamento de Prosperidad Social\"}]},{\"@type\":\"WebSite\",\"@id\":\"https:\/\/luchonoticias.com\/editor\/#website\",\"url\":\"https:\/\/luchonoticias.com\/editor\/\",\"name\":\"\",\"description\":\"\",\"publisher\":{\"@id\":\"https:\/\/luchonoticias.com\/editor\/#\/schema\/person\/7a7fd911f58561fd056dbac7b55af9cd\"},\"potentialAction\":[{\"@type\":\"SearchAction\",\"target\":{\"@type\":\"EntryPoint\",\"urlTemplate\":\"https:\/\/luchonoticias.com\/editor\/?s={search_term_string}\"},\"query-input\":{\"@type\":\"PropertyValueSpecification\",\"valueRequired\":true,\"valueName\":\"search_term_string\"}}],\"inLanguage\":\"es\"},{\"@type\":[\"Person\",\"Organization\"],\"@id\":\"https:\/\/luchonoticias.com\/editor\/#\/schema\/person\/7a7fd911f58561fd056dbac7b55af9cd\",\"name\":\"admin\",\"image\":{\"@type\":\"ImageObject\",\"inLanguage\":\"es\",\"@id\":\"https:\/\/luchonoticias.com\/editor\/#\/schema\/person\/image\/\",\"url\":\"https:\/\/luchonoticias.com\/editor\/wp-content\/uploads\/2024\/02\/cropped-cropped-logolu.webp\",\"contentUrl\":\"https:\/\/luchonoticias.com\/editor\/wp-content\/uploads\/2024\/02\/cropped-cropped-logolu.webp\",\"width\":382,\"height\":170,\"caption\":\"admin\"},\"logo\":{\"@id\":\"https:\/\/luchonoticias.com\/editor\/#\/schema\/person\/image\/\"},\"sameAs\":[\"https:\/\/www.facebook.com\/luchonoticiasneiva\"]},{\"@type\":\"Person\",\"@id\":\"https:\/\/luchonoticias.com\/editor\/#\/schema\/person\/29217990ddf6f14e35912b2866d591fb\",\"name\":\"Editor General\",\"image\":{\"@type\":\"ImageObject\",\"inLanguage\":\"es\",\"@id\":\"https:\/\/luchonoticias.com\/editor\/#\/schema\/person\/image\/\",\"url\":\"https:\/\/luchonoticias.com\/editor\/wp-content\/uploads\/2024\/02\/cropped-cropped-logolu-150x150.webp\",\"contentUrl\":\"https:\/\/luchonoticias.com\/editor\/wp-content\/uploads\/2024\/02\/cropped-cropped-logolu-150x150.webp\",\"caption\":\"Editor General\"},\"sameAs\":[\"https:\/\/luchonoticias.com\/\"],\"url\":\"https:\/\/luchonoticias.com\/editor\/author\/editor-general\/\"}]}<\/script>\n<!-- \/ Yoast SEO plugin. -->","yoast_head_json":{"title":"Laura Sarabia se posesion\u00f3 como directora del Departamento de Prosperidad Social -","robots":{"index":"index","follow":"follow","max-snippet":"max-snippet:-1","max-image-preview":"max-image-preview:large","max-video-preview":"max-video-preview:-1"},"canonical":"https:\/\/luchonoticias.com\/editor\/laura-sarabia-se-posesiono-como-directora-del-departamento-de-prosperidad-social\/","og_locale":"es_ES","og_type":"article","og_title":"Laura Sarabia se posesion\u00f3 como directora del Departamento de Prosperidad Social -","og_url":"https:\/\/luchonoticias.com\/editor\/laura-sarabia-se-posesiono-como-directora-del-departamento-de-prosperidad-social\/","article_publisher":"https:\/\/www.facebook.com\/luchonoticiasneiva","article_published_time":"2023-09-04T21:34:43+00:00","article_modified_time":"2023-09-04T21:34:44+00:00","author":"Editor General","twitter_card":"summary_large_image","twitter_misc":{"Escrito por":"Editor General","Tiempo de lectura":"1 minuto"},"schema":{"@context":"https:\/\/schema.org","@graph":[{"@type":"Article","@id":"https:\/\/luchonoticias.com\/editor\/laura-sarabia-se-posesiono-como-directora-del-departamento-de-prosperidad-social\/#article","isPartOf":{"@id":"https:\/\/luchonoticias.com\/editor\/laura-sarabia-se-posesiono-como-directora-del-departamento-de-prosperidad-social\/"},"author":{"name":"Editor General","@id":"https:\/\/luchonoticias.com\/editor\/#\/schema\/person\/29217990ddf6f14e35912b2866d591fb"},"headline":"Laura Sarabia se posesion\u00f3 como directora del Departamento de Prosperidad Social","datePublished":"2023-09-04T21:34:43+00:00","dateModified":"2023-09-04T21:34:44+00:00","mainEntityOfPage":{"@id":"https:\/\/luchonoticias.com\/editor\/laura-sarabia-se-posesiono-como-directora-del-departamento-de-prosperidad-social\/"},"wordCount":226,"commentCount":0,"publisher":{"@id":"https:\/\/luchonoticias.com\/editor\/#\/schema\/person\/7a7fd911f58561fd056dbac7b55af9cd"},"articleSection":["Destacado","Nacional"],"inLanguage":"es","potentialAction":[{"@type":"CommentAction","name":"Comment","target":["https:\/\/luchonoticias.com\/editor\/laura-sarabia-se-posesiono-como-directora-del-departamento-de-prosperidad-social\/#respond"]}]},{"@type":"WebPage","@id":"https:\/\/luchonoticias.com\/editor\/laura-sarabia-se-posesiono-como-directora-del-departamento-de-prosperidad-social\/","url":"https:\/\/luchonoticias.com\/editor\/laura-sarabia-se-posesiono-como-directora-del-departamento-de-prosperidad-social\/","name":"Laura Sarabia se posesion\u00f3 como directora del Departamento de Prosperidad Social -","isPartOf":{"@id":"https:\/\/luchonoticias.com\/editor\/#website"},"datePublished":"2023-09-04T21:34:43+00:00","dateModified":"2023-09-04T21:34:44+00:00","breadcrumb":{"@id":"https:\/\/luchonoticias.com\/editor\/laura-sarabia-se-posesiono-como-directora-del-departamento-de-prosperidad-social\/#breadcrumb"},"inLanguage":"es","potentialAction":[{"@type":"ReadAction","target":["https:\/\/luchonoticias.com\/editor\/laura-sarabia-se-posesiono-como-directora-del-departamento-de-prosperidad-social\/"]}]},{"@type":"BreadcrumbList","@id":"https:\/\/luchonoticias.com\/editor\/laura-sarabia-se-posesiono-como-directora-del-departamento-de-prosperidad-social\/#breadcrumb","itemListElement":[{"@type":"ListItem","position":1,"name":"Portada","item":"https:\/\/luchonoticias.com\/editor\/"},{"@type":"ListItem","position":2,"name":"Laura Sarabia se posesion\u00f3 como directora del Departamento de Prosperidad Social"}]},{"@type":"WebSite","@id":"https:\/\/luchonoticias.com\/editor\/#website","url":"https:\/\/luchonoticias.com\/editor\/","name":"","description":"","publisher":{"@id":"https:\/\/luchonoticias.com\/editor\/#\/schema\/person\/7a7fd911f58561fd056dbac7b55af9cd"},"potentialAction":[{"@type":"SearchAction","target":{"@type":"EntryPoint","urlTemplate":"https:\/\/luchonoticias.com\/editor\/?s={search_term_string}"},"query-input":{"@type":"PropertyValueSpecification","valueRequired":true,"valueName":"search_term_string"}}],"inLanguage":"es"},{"@type":["Person","Organization"],"@id":"https:\/\/luchonoticias.com\/editor\/#\/schema\/person\/7a7fd911f58561fd056dbac7b55af9cd","name":"admin","image":{"@type":"ImageObject","inLanguage":"es","@id":"https:\/\/luchonoticias.com\/editor\/#\/schema\/person\/image\/","url":"https:\/\/luchonoticias.com\/editor\/wp-content\/uploads\/2024\/02\/cropped-cropped-logolu.webp","contentUrl":"https:\/\/luchonoticias.com\/editor\/wp-content\/uploads\/2024\/02\/cropped-cropped-logolu.webp","width":382,"height":170,"caption":"admin"},"logo":{"@id":"https:\/\/luchonoticias.com\/editor\/#\/schema\/person\/image\/"},"sameAs":["https:\/\/www.facebook.com\/luchonoticiasneiva"]},{"@type":"Person","@id":"https:\/\/luchonoticias.com\/editor\/#\/schema\/person\/29217990ddf6f14e35912b2866d591fb","name":"Editor General","image":{"@type":"ImageObject","inLanguage":"es","@id":"https:\/\/luchonoticias.com\/editor\/#\/schema\/person\/image\/","url":"https:\/\/luchonoticias.com\/editor\/wp-content\/uploads\/2024\/02\/cropped-cropped-logolu-150x150.webp","contentUrl":"https:\/\/luchonoticias.com\/editor\/wp-content\/uploads\/2024\/02\/cropped-cropped-logolu-150x150.webp","caption":"Editor General"},"sameAs":["https:\/\/luchonoticias.com\/"],"url":"https:\/\/luchonoticias.com\/editor\/author\/editor-general\/"}]}},"_links":{"self":[{"href":"https:\/\/luchonoticias.com\/editor\/wp-json\/wp\/v2\/posts\/59670","targetHints":{"allow":["GET"]}}],"collection":[{"href":"https:\/\/luchonoticias.com\/editor\/wp-json\/wp\/v2\/posts"}],"about":[{"href":"https:\/\/luchonoticias.com\/editor\/wp-json\/wp\/v2\/types\/post"}],"author":[{"embeddable":true,"href":"https:\/\/luchonoticias.com\/editor\/wp-json\/wp\/v2\/users\/2"}],"replies":[{"embeddable":true,"href":"https:\/\/luchonoticias.com\/editor\/wp-json\/wp\/v2\/comments?post=59670"}],"version-history":[{"count":0,"href":"https:\/\/luchonoticias.com\/editor\/wp-json\/wp\/v2\/posts\/59670\/revisions"}],"wp:attachment":[{"href":"https:\/\/luchonoticias.com\/editor\/wp-json\/wp\/v2\/media?parent=59670"}],"wp:term":[{"taxonomy":"category","embeddable":true,"href":"https:\/\/luchonoticias.com\/editor\/wp-json\/wp\/v2\/categories?post=59670"},{"taxonomy":"post_tag","embeddable":true,"href":"https:\/\/luchonoticias.com\/editor\/wp-json\/wp\/v2\/tags?post=59670"}],"curies":[{"name":"wp","href":"https:\/\/api.w.org\/{rel}","templated":true}]}}