{"id":59673,"date":"2023-09-04T17:51:37","date_gmt":"2023-09-04T22:51:37","guid":{"rendered":"https:\/\/luchonoticias.com\/?p=59673"},"modified":"2023-09-04T17:51:38","modified_gmt":"2023-09-04T22:51:38","slug":"siguen-los-incendios-en-el-huila","status":"publish","type":"post","link":"https:\/\/luchonoticias.com\/editor\/siguen-los-incendios-en-el-huila\/","title":{"rendered":"Siguen los incendios en el Huila"},"content":{"rendered":"\n<p>Durante el fin de semana del inicio de septiembre <strong>se presentaron incendios forestales en los municipios de Campoalegre, Palermo, Algeciras, La Argentina y Aipe<\/strong>, con una afectaci\u00f3n total de 359 hect\u00e1reas de pasto y rastrojo.<\/p>\n\n\n\n<p>Sin embargo, el incendio forestal en el municipio de Campoalegre, en la vereda Vilaco, tuvo la mayor afectaci\u00f3n con 300 hect\u00e1reas de pasto y rastrojo, este incendio inici\u00f3 el Primero de septiembre y actualmente se encuentra extinguido.<\/p>\n\n\n\n<p>Desde la Central de Comunicaciones de Emergencias de la Oficina Departamental para la Gesti\u00f3n del Riesgo de Desastres del Huila se reportan algunas afectaciones en diferentes municipios, ocurridas durante el fin de semana:<\/p>\n\n\n\n<p>Fecha de actualizaci\u00f3n: 04 de septiembre de 2023<br>Hora: 08:00 am<\/p>\n\n\n\n<ol class=\"wp-block-list\">\n<li>MUNICIPIO DE CAMPOALEGRE \u2013 Fecha de evento 01\/09\/2023<br>Incendio Forestal: En la vereda Vilaco, afectaci\u00f3n de 300 hect\u00e1reas de pasto y rastrojo. El evento fue atendido por 15 unidades del CBV del municipio de Algeciras. Estado EXTINGUIDO.<\/li>\n\n\n\n<li class=\"has-medium-font-size\">MUNICIPIO DE PALERMO \u2013 Fecha de evento 02\/09\/2023<br>Incendio forestal: en el centro poblado El Juncal, sector Huilafrica, afectaci\u00f3n de 40 hect\u00e1reas de pasto y rastrojo. La emergencia fue atendida por 8 unidades del CBV de Palermo, con apoyo de 6 unidades del CBV del municipio de Neiva. Estado EXTINGUIDO.<\/li>\n\n\n\n<li>MUNICIPIO DE AIPE \u2013 Fecha de evento 03\/09\/2023<br>Incendio forestal: en la vereda San Antonio bajo, sector Pe\u00f1alisa, afectaci\u00f3n de 10 hect\u00e1reas de pasto y rastrojo. La emergencia fue atendida por 6 unidades del CBV del municipio de Aipe. Estado EXTINGUIDO.<\/li>\n\n\n\n<li>MUNICIPIO DE LA ARGENTINA \u2013 Fecha de evento 02\/09\/2023<br>Incendio forestal: en la vereda El Carmen, afectaci\u00f3n de 4 hect\u00e1reas de pasto y rastrojo. La emergencia fue atendida por 5 unidades del CBV del municipio de La Argentina. Estado EXTINGUIDO.<\/li>\n\n\n\n<li>MUNICIPIO DE ALGECIRAS \u2013 Fecha de evento 02\/09\/2023<br>Incendio forestal: en la vereda Altos de Satias, sector Patio Bonito, frente al Batall\u00f3n de Alta Monta\u00f1a N\u00famero 9 de Algeciras. El incendio caus\u00f3 una afectaci\u00f3n de 5 hect\u00e1reas de pasto y rastrojo. La emergencia fue atendida por 5 unidades del CBV del municipio de Algeciras. Estado EXTINGUIDO.<\/li>\n<\/ol>\n\n\n\n<p>La Oficina Departamental para la Gesti\u00f3n del Riesgo de Desastres del Huila, <strong>hace un llamado para que todos los huilenses sigan las recomendaciones <\/strong>que aporten a minimizar la ocurrencia de incendios forestales en nuestro territorio. No se realicen quemas de basuras o material vegetal, ni arroje elementos inflamables como f\u00f3sforos, combustibles, colillas de cigarrillo, vidrio o pl\u00e1stico que puedan generar incendios.<\/p>\n","protected":false},"excerpt":{"rendered":"<p>Durante el fin de semana del inicio de septiembre se presentaron incendios forestales en los municipios de Campoalegre, Palermo, Algeciras, La Argentina y Aipe, con una afectaci\u00f3n total de 359 hect\u00e1reas de pasto y rastrojo. Sin embargo, el incendio forestal en el municipio de Campoalegre, en la vereda Vilaco, tuvo la mayor afectaci\u00f3n con 300 [&hellip;]<\/p>\n","protected":false},"author":2,"featured_media":0,"comment_status":"open","ping_status":"open","sticky":false,"template":"","format":"standard","meta":{"footnotes":""},"categories":[33],"tags":[],"class_list":["post-59673","post","type-post","status-publish","format-standard","hentry","category-huila"],"yoast_head":"<!-- This site is optimized with the Yoast SEO plugin v26.6 - https:\/\/yoast.com\/wordpress\/plugins\/seo\/ -->\n<title>Siguen los incendios en el Huila -<\/title>\n<meta name=\"robots\" content=\"index, follow, max-snippet:-1, max-image-preview:large, max-video-preview:-1\" \/>\n<link rel=\"canonical\" href=\"https:\/\/luchonoticias.com\/editor\/siguen-los-incendios-en-el-huila\/\" \/>\n<meta property=\"og:locale\" content=\"es_ES\" \/>\n<meta property=\"og:type\" content=\"article\" \/>\n<meta property=\"og:title\" content=\"Siguen los incendios en el Huila -\" \/>\n<meta property=\"og:url\" content=\"https:\/\/luchonoticias.com\/editor\/siguen-los-incendios-en-el-huila\/\" \/>\n<meta property=\"article:publisher\" content=\"https:\/\/www.facebook.com\/luchonoticiasneiva\" \/>\n<meta property=\"article:published_time\" content=\"2023-09-04T22:51:37+00:00\" \/>\n<meta property=\"article:modified_time\" content=\"2023-09-04T22:51:38+00:00\" \/>\n<meta name=\"author\" content=\"Editor General\" \/>\n<meta name=\"twitter:card\" content=\"summary_large_image\" \/>\n<meta name=\"twitter:label1\" content=\"Escrito por\" \/>\n\t<meta name=\"twitter:data1\" content=\"Editor General\" \/>\n\t<meta name=\"twitter:label2\" content=\"Tiempo de lectura\" \/>\n\t<meta name=\"twitter:data2\" content=\"2 minutos\" \/>\n<script type=\"application\/ld+json\" class=\"yoast-schema-graph\">{\"@context\":\"https:\/\/schema.org\",\"@graph\":[{\"@type\":\"Article\",\"@id\":\"https:\/\/luchonoticias.com\/editor\/siguen-los-incendios-en-el-huila\/#article\",\"isPartOf\":{\"@id\":\"https:\/\/luchonoticias.com\/editor\/siguen-los-incendios-en-el-huila\/\"},\"author\":{\"name\":\"Editor General\",\"@id\":\"https:\/\/luchonoticias.com\/editor\/#\/schema\/person\/29217990ddf6f14e35912b2866d591fb\"},\"headline\":\"Siguen los incendios en el Huila\",\"datePublished\":\"2023-09-04T22:51:37+00:00\",\"dateModified\":\"2023-09-04T22:51:38+00:00\",\"mainEntityOfPage\":{\"@id\":\"https:\/\/luchonoticias.com\/editor\/siguen-los-incendios-en-el-huila\/\"},\"wordCount\":403,\"commentCount\":0,\"publisher\":{\"@id\":\"https:\/\/luchonoticias.com\/editor\/#\/schema\/person\/7a7fd911f58561fd056dbac7b55af9cd\"},\"articleSection\":[\"Huila\"],\"inLanguage\":\"es\",\"potentialAction\":[{\"@type\":\"CommentAction\",\"name\":\"Comment\",\"target\":[\"https:\/\/luchonoticias.com\/editor\/siguen-los-incendios-en-el-huila\/#respond\"]}]},{\"@type\":\"WebPage\",\"@id\":\"https:\/\/luchonoticias.com\/editor\/siguen-los-incendios-en-el-huila\/\",\"url\":\"https:\/\/luchonoticias.com\/editor\/siguen-los-incendios-en-el-huila\/\",\"name\":\"Siguen los incendios en el Huila -\",\"isPartOf\":{\"@id\":\"https:\/\/luchonoticias.com\/editor\/#website\"},\"datePublished\":\"2023-09-04T22:51:37+00:00\",\"dateModified\":\"2023-09-04T22:51:38+00:00\",\"breadcrumb\":{\"@id\":\"https:\/\/luchonoticias.com\/editor\/siguen-los-incendios-en-el-huila\/#breadcrumb\"},\"inLanguage\":\"es\",\"potentialAction\":[{\"@type\":\"ReadAction\",\"target\":[\"https:\/\/luchonoticias.com\/editor\/siguen-los-incendios-en-el-huila\/\"]}]},{\"@type\":\"BreadcrumbList\",\"@id\":\"https:\/\/luchonoticias.com\/editor\/siguen-los-incendios-en-el-huila\/#breadcrumb\",\"itemListElement\":[{\"@type\":\"ListItem\",\"position\":1,\"name\":\"Portada\",\"item\":\"https:\/\/luchonoticias.com\/editor\/\"},{\"@type\":\"ListItem\",\"position\":2,\"name\":\"Siguen los incendios en el Huila\"}]},{\"@type\":\"WebSite\",\"@id\":\"https:\/\/luchonoticias.com\/editor\/#website\",\"url\":\"https:\/\/luchonoticias.com\/editor\/\",\"name\":\"\",\"description\":\"\",\"publisher\":{\"@id\":\"https:\/\/luchonoticias.com\/editor\/#\/schema\/person\/7a7fd911f58561fd056dbac7b55af9cd\"},\"potentialAction\":[{\"@type\":\"SearchAction\",\"target\":{\"@type\":\"EntryPoint\",\"urlTemplate\":\"https:\/\/luchonoticias.com\/editor\/?s={search_term_string}\"},\"query-input\":{\"@type\":\"PropertyValueSpecification\",\"valueRequired\":true,\"valueName\":\"search_term_string\"}}],\"inLanguage\":\"es\"},{\"@type\":[\"Person\",\"Organization\"],\"@id\":\"https:\/\/luchonoticias.com\/editor\/#\/schema\/person\/7a7fd911f58561fd056dbac7b55af9cd\",\"name\":\"admin\",\"image\":{\"@type\":\"ImageObject\",\"inLanguage\":\"es\",\"@id\":\"https:\/\/luchonoticias.com\/editor\/#\/schema\/person\/image\/\",\"url\":\"https:\/\/luchonoticias.com\/editor\/wp-content\/uploads\/2024\/02\/cropped-cropped-logolu.webp\",\"contentUrl\":\"https:\/\/luchonoticias.com\/editor\/wp-content\/uploads\/2024\/02\/cropped-cropped-logolu.webp\",\"width\":382,\"height\":170,\"caption\":\"admin\"},\"logo\":{\"@id\":\"https:\/\/luchonoticias.com\/editor\/#\/schema\/person\/image\/\"},\"sameAs\":[\"https:\/\/www.facebook.com\/luchonoticiasneiva\"]},{\"@type\":\"Person\",\"@id\":\"https:\/\/luchonoticias.com\/editor\/#\/schema\/person\/29217990ddf6f14e35912b2866d591fb\",\"name\":\"Editor General\",\"image\":{\"@type\":\"ImageObject\",\"inLanguage\":\"es\",\"@id\":\"https:\/\/luchonoticias.com\/editor\/#\/schema\/person\/image\/\",\"url\":\"https:\/\/luchonoticias.com\/editor\/wp-content\/uploads\/2024\/02\/cropped-cropped-logolu-150x150.webp\",\"contentUrl\":\"https:\/\/luchonoticias.com\/editor\/wp-content\/uploads\/2024\/02\/cropped-cropped-logolu-150x150.webp\",\"caption\":\"Editor General\"},\"sameAs\":[\"https:\/\/luchonoticias.com\/\"],\"url\":\"https:\/\/luchonoticias.com\/editor\/author\/editor-general\/\"}]}<\/script>\n<!-- \/ Yoast SEO plugin. -->","yoast_head_json":{"title":"Siguen los incendios en el Huila -","robots":{"index":"index","follow":"follow","max-snippet":"max-snippet:-1","max-image-preview":"max-image-preview:large","max-video-preview":"max-video-preview:-1"},"canonical":"https:\/\/luchonoticias.com\/editor\/siguen-los-incendios-en-el-huila\/","og_locale":"es_ES","og_type":"article","og_title":"Siguen los incendios en el Huila -","og_url":"https:\/\/luchonoticias.com\/editor\/siguen-los-incendios-en-el-huila\/","article_publisher":"https:\/\/www.facebook.com\/luchonoticiasneiva","article_published_time":"2023-09-04T22:51:37+00:00","article_modified_time":"2023-09-04T22:51:38+00:00","author":"Editor General","twitter_card":"summary_large_image","twitter_misc":{"Escrito por":"Editor General","Tiempo de lectura":"2 minutos"},"schema":{"@context":"https:\/\/schema.org","@graph":[{"@type":"Article","@id":"https:\/\/luchonoticias.com\/editor\/siguen-los-incendios-en-el-huila\/#article","isPartOf":{"@id":"https:\/\/luchonoticias.com\/editor\/siguen-los-incendios-en-el-huila\/"},"author":{"name":"Editor General","@id":"https:\/\/luchonoticias.com\/editor\/#\/schema\/person\/29217990ddf6f14e35912b2866d591fb"},"headline":"Siguen los incendios en el Huila","datePublished":"2023-09-04T22:51:37+00:00","dateModified":"2023-09-04T22:51:38+00:00","mainEntityOfPage":{"@id":"https:\/\/luchonoticias.com\/editor\/siguen-los-incendios-en-el-huila\/"},"wordCount":403,"commentCount":0,"publisher":{"@id":"https:\/\/luchonoticias.com\/editor\/#\/schema\/person\/7a7fd911f58561fd056dbac7b55af9cd"},"articleSection":["Huila"],"inLanguage":"es","potentialAction":[{"@type":"CommentAction","name":"Comment","target":["https:\/\/luchonoticias.com\/editor\/siguen-los-incendios-en-el-huila\/#respond"]}]},{"@type":"WebPage","@id":"https:\/\/luchonoticias.com\/editor\/siguen-los-incendios-en-el-huila\/","url":"https:\/\/luchonoticias.com\/editor\/siguen-los-incendios-en-el-huila\/","name":"Siguen los incendios en el Huila -","isPartOf":{"@id":"https:\/\/luchonoticias.com\/editor\/#website"},"datePublished":"2023-09-04T22:51:37+00:00","dateModified":"2023-09-04T22:51:38+00:00","breadcrumb":{"@id":"https:\/\/luchonoticias.com\/editor\/siguen-los-incendios-en-el-huila\/#breadcrumb"},"inLanguage":"es","potentialAction":[{"@type":"ReadAction","target":["https:\/\/luchonoticias.com\/editor\/siguen-los-incendios-en-el-huila\/"]}]},{"@type":"BreadcrumbList","@id":"https:\/\/luchonoticias.com\/editor\/siguen-los-incendios-en-el-huila\/#breadcrumb","itemListElement":[{"@type":"ListItem","position":1,"name":"Portada","item":"https:\/\/luchonoticias.com\/editor\/"},{"@type":"ListItem","position":2,"name":"Siguen los incendios en el Huila"}]},{"@type":"WebSite","@id":"https:\/\/luchonoticias.com\/editor\/#website","url":"https:\/\/luchonoticias.com\/editor\/","name":"","description":"","publisher":{"@id":"https:\/\/luchonoticias.com\/editor\/#\/schema\/person\/7a7fd911f58561fd056dbac7b55af9cd"},"potentialAction":[{"@type":"SearchAction","target":{"@type":"EntryPoint","urlTemplate":"https:\/\/luchonoticias.com\/editor\/?s={search_term_string}"},"query-input":{"@type":"PropertyValueSpecification","valueRequired":true,"valueName":"search_term_string"}}],"inLanguage":"es"},{"@type":["Person","Organization"],"@id":"https:\/\/luchonoticias.com\/editor\/#\/schema\/person\/7a7fd911f58561fd056dbac7b55af9cd","name":"admin","image":{"@type":"ImageObject","inLanguage":"es","@id":"https:\/\/luchonoticias.com\/editor\/#\/schema\/person\/image\/","url":"https:\/\/luchonoticias.com\/editor\/wp-content\/uploads\/2024\/02\/cropped-cropped-logolu.webp","contentUrl":"https:\/\/luchonoticias.com\/editor\/wp-content\/uploads\/2024\/02\/cropped-cropped-logolu.webp","width":382,"height":170,"caption":"admin"},"logo":{"@id":"https:\/\/luchonoticias.com\/editor\/#\/schema\/person\/image\/"},"sameAs":["https:\/\/www.facebook.com\/luchonoticiasneiva"]},{"@type":"Person","@id":"https:\/\/luchonoticias.com\/editor\/#\/schema\/person\/29217990ddf6f14e35912b2866d591fb","name":"Editor General","image":{"@type":"ImageObject","inLanguage":"es","@id":"https:\/\/luchonoticias.com\/editor\/#\/schema\/person\/image\/","url":"https:\/\/luchonoticias.com\/editor\/wp-content\/uploads\/2024\/02\/cropped-cropped-logolu-150x150.webp","contentUrl":"https:\/\/luchonoticias.com\/editor\/wp-content\/uploads\/2024\/02\/cropped-cropped-logolu-150x150.webp","caption":"Editor General"},"sameAs":["https:\/\/luchonoticias.com\/"],"url":"https:\/\/luchonoticias.com\/editor\/author\/editor-general\/"}]}},"_links":{"self":[{"href":"https:\/\/luchonoticias.com\/editor\/wp-json\/wp\/v2\/posts\/59673","targetHints":{"allow":["GET"]}}],"collection":[{"href":"https:\/\/luchonoticias.com\/editor\/wp-json\/wp\/v2\/posts"}],"about":[{"href":"https:\/\/luchonoticias.com\/editor\/wp-json\/wp\/v2\/types\/post"}],"author":[{"embeddable":true,"href":"https:\/\/luchonoticias.com\/editor\/wp-json\/wp\/v2\/users\/2"}],"replies":[{"embeddable":true,"href":"https:\/\/luchonoticias.com\/editor\/wp-json\/wp\/v2\/comments?post=59673"}],"version-history":[{"count":0,"href":"https:\/\/luchonoticias.com\/editor\/wp-json\/wp\/v2\/posts\/59673\/revisions"}],"wp:attachment":[{"href":"https:\/\/luchonoticias.com\/editor\/wp-json\/wp\/v2\/media?parent=59673"}],"wp:term":[{"taxonomy":"category","embeddable":true,"href":"https:\/\/luchonoticias.com\/editor\/wp-json\/wp\/v2\/categories?post=59673"},{"taxonomy":"post_tag","embeddable":true,"href":"https:\/\/luchonoticias.com\/editor\/wp-json\/wp\/v2\/tags?post=59673"}],"curies":[{"name":"wp","href":"https:\/\/api.w.org\/{rel}","templated":true}]}}