{"id":59676,"date":"2023-09-04T22:20:32","date_gmt":"2023-09-05T03:20:32","guid":{"rendered":"https:\/\/luchonoticias.com\/?p=59676"},"modified":"2023-09-04T22:20:33","modified_gmt":"2023-09-05T03:20:33","slug":"gran-triunfo-de-visitante-del-huila-en-manizales","status":"publish","type":"post","link":"https:\/\/luchonoticias.com\/editor\/gran-triunfo-de-visitante-del-huila-en-manizales\/","title":{"rendered":"Gran triunfo de visitante del Huila en Manizales"},"content":{"rendered":"\n<p><strong>Atl\u00e9tico Huila derrot<\/strong>\u00f3 a domicilio1:2 <strong>al Once Calas<\/strong> en juego final por la novena fecha del campeonato colombiano.<\/p>\n\n\n\n<p>Un buen primer tiempo y el protagonismo de Jhon Figueroa en la segunda mitad fueron claves para el <strong>reencuentro del Huila con el triunfo<\/strong>, en este caso bajo el mando de Diego Corredor. <\/p>\n\n\n\n<p>En lo que fue la primera mitad el onceno huilense pr\u00e1cticamente comenz\u00f3<strong> a luchar contra el marcador<\/strong> desde el mismo inicio del partido: al minuto 8 y con un remate de derecha <strong>\u00c1lvaro Monta\u00f1o <\/strong>coloc\u00f3 el <strong>primer gol para el onceno local<\/strong> aprovechando que Figueroa estaba por fuera y hab\u00eda rebote.<\/p>\n\n\n\n<p>Eso s\u00ed, la dicha para los caldenses dur\u00f3 poco porque a los 12 minutos <strong>reacciona el Huila con Sebasti\u00e1n Hern\u00e1ndez<\/strong> a pase de John Lerma coloc\u00f3 el empate en medio de cuatro jugadores del Caldas y sobre el minuto 21 <strong>Marcus Vinicius<\/strong> de jugada individual y con vaselina incluida puso el 1:2.<\/p>\n\n\n\n<p>Sobre el final de la primera parte Wilfrido De la Rosa coloc\u00f3 el tercero pero no subi\u00f3 al marcador por fuera de lugar.<\/p>\n\n\n\n<p><strong>Periodo de aguante<\/strong><\/p>\n\n\n\n<p>En lo que fue la segunda mitad <strong>el conjunto regional sufri\u00f3<\/strong> ante un Caldas que logr\u00f3 neutralizar a Hern\u00e1ndez y Vinicius, llegando con m\u00e1s intensidad al \u00e1rea protegida por John Figueroa quien con el paso del tiempo fue la figura del cuadro huilense.<\/p>\n\n\n\n<p><strong>La mejor acci\u00f3n del Huila<\/strong> en la segunda mitad fue una opci\u00f3n de tiro de esquina sobre los 70 minutos con Bryan Medina y que fue rechazada por el portero local; previamente lo hab\u00eda intentado De la Rosa.<\/p>\n\n\n\n<p>Ya en tiempo a\u00f1adido una<strong> incursi\u00f3n de Faber Gil <\/strong>se tradujo en<strong> falta y penal <\/strong>para el onceno huilense pero que fue desaprovechado por Leonardo Escorcia, cuyo cobro fue atajado por Eder Chaux, aun as\u00ed los tres puntos se fueron para Neiva. <\/p>\n","protected":false},"excerpt":{"rendered":"<p>Atl\u00e9tico Huila derrot\u00f3 a domicilio1:2 al Once Calas en juego final por la novena fecha del campeonato colombiano. Un buen primer tiempo y el protagonismo de Jhon Figueroa en la segunda mitad fueron claves para el reencuentro del Huila con el triunfo, en este caso bajo el mando de Diego Corredor. En lo que fue [&hellip;]<\/p>\n","protected":false},"author":2,"featured_media":0,"comment_status":"open","ping_status":"open","sticky":false,"template":"","format":"standard","meta":{"footnotes":""},"categories":[34],"tags":[],"class_list":["post-59676","post","type-post","status-publish","format-standard","hentry","category-deportes"],"yoast_head":"<!-- This site is optimized with the Yoast SEO plugin v26.6 - https:\/\/yoast.com\/wordpress\/plugins\/seo\/ -->\n<title>Gran triunfo de visitante del Huila en Manizales -<\/title>\n<meta name=\"robots\" content=\"index, follow, max-snippet:-1, max-image-preview:large, max-video-preview:-1\" \/>\n<link rel=\"canonical\" href=\"https:\/\/luchonoticias.com\/editor\/gran-triunfo-de-visitante-del-huila-en-manizales\/\" \/>\n<meta property=\"og:locale\" content=\"es_ES\" \/>\n<meta property=\"og:type\" content=\"article\" \/>\n<meta property=\"og:title\" content=\"Gran triunfo de visitante del Huila en Manizales -\" \/>\n<meta property=\"og:url\" content=\"https:\/\/luchonoticias.com\/editor\/gran-triunfo-de-visitante-del-huila-en-manizales\/\" \/>\n<meta property=\"article:publisher\" content=\"https:\/\/www.facebook.com\/luchonoticiasneiva\" \/>\n<meta property=\"article:published_time\" content=\"2023-09-05T03:20:32+00:00\" \/>\n<meta property=\"article:modified_time\" content=\"2023-09-05T03:20:33+00:00\" \/>\n<meta name=\"author\" content=\"Editor General\" \/>\n<meta name=\"twitter:card\" content=\"summary_large_image\" \/>\n<meta name=\"twitter:label1\" content=\"Escrito por\" \/>\n\t<meta name=\"twitter:data1\" content=\"Editor General\" \/>\n\t<meta name=\"twitter:label2\" content=\"Tiempo de lectura\" \/>\n\t<meta name=\"twitter:data2\" content=\"2 minutos\" \/>\n<script type=\"application\/ld+json\" class=\"yoast-schema-graph\">{\"@context\":\"https:\/\/schema.org\",\"@graph\":[{\"@type\":\"Article\",\"@id\":\"https:\/\/luchonoticias.com\/editor\/gran-triunfo-de-visitante-del-huila-en-manizales\/#article\",\"isPartOf\":{\"@id\":\"https:\/\/luchonoticias.com\/editor\/gran-triunfo-de-visitante-del-huila-en-manizales\/\"},\"author\":{\"name\":\"Editor General\",\"@id\":\"https:\/\/luchonoticias.com\/editor\/#\/schema\/person\/29217990ddf6f14e35912b2866d591fb\"},\"headline\":\"Gran triunfo de visitante del Huila en Manizales\",\"datePublished\":\"2023-09-05T03:20:32+00:00\",\"dateModified\":\"2023-09-05T03:20:33+00:00\",\"mainEntityOfPage\":{\"@id\":\"https:\/\/luchonoticias.com\/editor\/gran-triunfo-de-visitante-del-huila-en-manizales\/\"},\"wordCount\":319,\"commentCount\":0,\"publisher\":{\"@id\":\"https:\/\/luchonoticias.com\/editor\/#\/schema\/person\/7a7fd911f58561fd056dbac7b55af9cd\"},\"articleSection\":[\"Deportes\"],\"inLanguage\":\"es\",\"potentialAction\":[{\"@type\":\"CommentAction\",\"name\":\"Comment\",\"target\":[\"https:\/\/luchonoticias.com\/editor\/gran-triunfo-de-visitante-del-huila-en-manizales\/#respond\"]}]},{\"@type\":\"WebPage\",\"@id\":\"https:\/\/luchonoticias.com\/editor\/gran-triunfo-de-visitante-del-huila-en-manizales\/\",\"url\":\"https:\/\/luchonoticias.com\/editor\/gran-triunfo-de-visitante-del-huila-en-manizales\/\",\"name\":\"Gran triunfo de visitante del Huila en Manizales -\",\"isPartOf\":{\"@id\":\"https:\/\/luchonoticias.com\/editor\/#website\"},\"datePublished\":\"2023-09-05T03:20:32+00:00\",\"dateModified\":\"2023-09-05T03:20:33+00:00\",\"breadcrumb\":{\"@id\":\"https:\/\/luchonoticias.com\/editor\/gran-triunfo-de-visitante-del-huila-en-manizales\/#breadcrumb\"},\"inLanguage\":\"es\",\"potentialAction\":[{\"@type\":\"ReadAction\",\"target\":[\"https:\/\/luchonoticias.com\/editor\/gran-triunfo-de-visitante-del-huila-en-manizales\/\"]}]},{\"@type\":\"BreadcrumbList\",\"@id\":\"https:\/\/luchonoticias.com\/editor\/gran-triunfo-de-visitante-del-huila-en-manizales\/#breadcrumb\",\"itemListElement\":[{\"@type\":\"ListItem\",\"position\":1,\"name\":\"Portada\",\"item\":\"https:\/\/luchonoticias.com\/editor\/\"},{\"@type\":\"ListItem\",\"position\":2,\"name\":\"Gran triunfo de visitante del Huila en Manizales\"}]},{\"@type\":\"WebSite\",\"@id\":\"https:\/\/luchonoticias.com\/editor\/#website\",\"url\":\"https:\/\/luchonoticias.com\/editor\/\",\"name\":\"\",\"description\":\"\",\"publisher\":{\"@id\":\"https:\/\/luchonoticias.com\/editor\/#\/schema\/person\/7a7fd911f58561fd056dbac7b55af9cd\"},\"potentialAction\":[{\"@type\":\"SearchAction\",\"target\":{\"@type\":\"EntryPoint\",\"urlTemplate\":\"https:\/\/luchonoticias.com\/editor\/?s={search_term_string}\"},\"query-input\":{\"@type\":\"PropertyValueSpecification\",\"valueRequired\":true,\"valueName\":\"search_term_string\"}}],\"inLanguage\":\"es\"},{\"@type\":[\"Person\",\"Organization\"],\"@id\":\"https:\/\/luchonoticias.com\/editor\/#\/schema\/person\/7a7fd911f58561fd056dbac7b55af9cd\",\"name\":\"admin\",\"image\":{\"@type\":\"ImageObject\",\"inLanguage\":\"es\",\"@id\":\"https:\/\/luchonoticias.com\/editor\/#\/schema\/person\/image\/\",\"url\":\"https:\/\/luchonoticias.com\/editor\/wp-content\/uploads\/2024\/02\/cropped-cropped-logolu.webp\",\"contentUrl\":\"https:\/\/luchonoticias.com\/editor\/wp-content\/uploads\/2024\/02\/cropped-cropped-logolu.webp\",\"width\":382,\"height\":170,\"caption\":\"admin\"},\"logo\":{\"@id\":\"https:\/\/luchonoticias.com\/editor\/#\/schema\/person\/image\/\"},\"sameAs\":[\"https:\/\/www.facebook.com\/luchonoticiasneiva\"]},{\"@type\":\"Person\",\"@id\":\"https:\/\/luchonoticias.com\/editor\/#\/schema\/person\/29217990ddf6f14e35912b2866d591fb\",\"name\":\"Editor General\",\"image\":{\"@type\":\"ImageObject\",\"inLanguage\":\"es\",\"@id\":\"https:\/\/luchonoticias.com\/editor\/#\/schema\/person\/image\/\",\"url\":\"https:\/\/luchonoticias.com\/editor\/wp-content\/uploads\/2024\/02\/cropped-cropped-logolu-150x150.webp\",\"contentUrl\":\"https:\/\/luchonoticias.com\/editor\/wp-content\/uploads\/2024\/02\/cropped-cropped-logolu-150x150.webp\",\"caption\":\"Editor General\"},\"sameAs\":[\"https:\/\/luchonoticias.com\/\"],\"url\":\"https:\/\/luchonoticias.com\/editor\/author\/editor-general\/\"}]}<\/script>\n<!-- \/ Yoast SEO plugin. -->","yoast_head_json":{"title":"Gran triunfo de visitante del Huila en Manizales -","robots":{"index":"index","follow":"follow","max-snippet":"max-snippet:-1","max-image-preview":"max-image-preview:large","max-video-preview":"max-video-preview:-1"},"canonical":"https:\/\/luchonoticias.com\/editor\/gran-triunfo-de-visitante-del-huila-en-manizales\/","og_locale":"es_ES","og_type":"article","og_title":"Gran triunfo de visitante del Huila en Manizales -","og_url":"https:\/\/luchonoticias.com\/editor\/gran-triunfo-de-visitante-del-huila-en-manizales\/","article_publisher":"https:\/\/www.facebook.com\/luchonoticiasneiva","article_published_time":"2023-09-05T03:20:32+00:00","article_modified_time":"2023-09-05T03:20:33+00:00","author":"Editor General","twitter_card":"summary_large_image","twitter_misc":{"Escrito por":"Editor General","Tiempo de lectura":"2 minutos"},"schema":{"@context":"https:\/\/schema.org","@graph":[{"@type":"Article","@id":"https:\/\/luchonoticias.com\/editor\/gran-triunfo-de-visitante-del-huila-en-manizales\/#article","isPartOf":{"@id":"https:\/\/luchonoticias.com\/editor\/gran-triunfo-de-visitante-del-huila-en-manizales\/"},"author":{"name":"Editor General","@id":"https:\/\/luchonoticias.com\/editor\/#\/schema\/person\/29217990ddf6f14e35912b2866d591fb"},"headline":"Gran triunfo de visitante del Huila en Manizales","datePublished":"2023-09-05T03:20:32+00:00","dateModified":"2023-09-05T03:20:33+00:00","mainEntityOfPage":{"@id":"https:\/\/luchonoticias.com\/editor\/gran-triunfo-de-visitante-del-huila-en-manizales\/"},"wordCount":319,"commentCount":0,"publisher":{"@id":"https:\/\/luchonoticias.com\/editor\/#\/schema\/person\/7a7fd911f58561fd056dbac7b55af9cd"},"articleSection":["Deportes"],"inLanguage":"es","potentialAction":[{"@type":"CommentAction","name":"Comment","target":["https:\/\/luchonoticias.com\/editor\/gran-triunfo-de-visitante-del-huila-en-manizales\/#respond"]}]},{"@type":"WebPage","@id":"https:\/\/luchonoticias.com\/editor\/gran-triunfo-de-visitante-del-huila-en-manizales\/","url":"https:\/\/luchonoticias.com\/editor\/gran-triunfo-de-visitante-del-huila-en-manizales\/","name":"Gran triunfo de visitante del Huila en Manizales -","isPartOf":{"@id":"https:\/\/luchonoticias.com\/editor\/#website"},"datePublished":"2023-09-05T03:20:32+00:00","dateModified":"2023-09-05T03:20:33+00:00","breadcrumb":{"@id":"https:\/\/luchonoticias.com\/editor\/gran-triunfo-de-visitante-del-huila-en-manizales\/#breadcrumb"},"inLanguage":"es","potentialAction":[{"@type":"ReadAction","target":["https:\/\/luchonoticias.com\/editor\/gran-triunfo-de-visitante-del-huila-en-manizales\/"]}]},{"@type":"BreadcrumbList","@id":"https:\/\/luchonoticias.com\/editor\/gran-triunfo-de-visitante-del-huila-en-manizales\/#breadcrumb","itemListElement":[{"@type":"ListItem","position":1,"name":"Portada","item":"https:\/\/luchonoticias.com\/editor\/"},{"@type":"ListItem","position":2,"name":"Gran triunfo de visitante del Huila en Manizales"}]},{"@type":"WebSite","@id":"https:\/\/luchonoticias.com\/editor\/#website","url":"https:\/\/luchonoticias.com\/editor\/","name":"","description":"","publisher":{"@id":"https:\/\/luchonoticias.com\/editor\/#\/schema\/person\/7a7fd911f58561fd056dbac7b55af9cd"},"potentialAction":[{"@type":"SearchAction","target":{"@type":"EntryPoint","urlTemplate":"https:\/\/luchonoticias.com\/editor\/?s={search_term_string}"},"query-input":{"@type":"PropertyValueSpecification","valueRequired":true,"valueName":"search_term_string"}}],"inLanguage":"es"},{"@type":["Person","Organization"],"@id":"https:\/\/luchonoticias.com\/editor\/#\/schema\/person\/7a7fd911f58561fd056dbac7b55af9cd","name":"admin","image":{"@type":"ImageObject","inLanguage":"es","@id":"https:\/\/luchonoticias.com\/editor\/#\/schema\/person\/image\/","url":"https:\/\/luchonoticias.com\/editor\/wp-content\/uploads\/2024\/02\/cropped-cropped-logolu.webp","contentUrl":"https:\/\/luchonoticias.com\/editor\/wp-content\/uploads\/2024\/02\/cropped-cropped-logolu.webp","width":382,"height":170,"caption":"admin"},"logo":{"@id":"https:\/\/luchonoticias.com\/editor\/#\/schema\/person\/image\/"},"sameAs":["https:\/\/www.facebook.com\/luchonoticiasneiva"]},{"@type":"Person","@id":"https:\/\/luchonoticias.com\/editor\/#\/schema\/person\/29217990ddf6f14e35912b2866d591fb","name":"Editor General","image":{"@type":"ImageObject","inLanguage":"es","@id":"https:\/\/luchonoticias.com\/editor\/#\/schema\/person\/image\/","url":"https:\/\/luchonoticias.com\/editor\/wp-content\/uploads\/2024\/02\/cropped-cropped-logolu-150x150.webp","contentUrl":"https:\/\/luchonoticias.com\/editor\/wp-content\/uploads\/2024\/02\/cropped-cropped-logolu-150x150.webp","caption":"Editor General"},"sameAs":["https:\/\/luchonoticias.com\/"],"url":"https:\/\/luchonoticias.com\/editor\/author\/editor-general\/"}]}},"_links":{"self":[{"href":"https:\/\/luchonoticias.com\/editor\/wp-json\/wp\/v2\/posts\/59676","targetHints":{"allow":["GET"]}}],"collection":[{"href":"https:\/\/luchonoticias.com\/editor\/wp-json\/wp\/v2\/posts"}],"about":[{"href":"https:\/\/luchonoticias.com\/editor\/wp-json\/wp\/v2\/types\/post"}],"author":[{"embeddable":true,"href":"https:\/\/luchonoticias.com\/editor\/wp-json\/wp\/v2\/users\/2"}],"replies":[{"embeddable":true,"href":"https:\/\/luchonoticias.com\/editor\/wp-json\/wp\/v2\/comments?post=59676"}],"version-history":[{"count":0,"href":"https:\/\/luchonoticias.com\/editor\/wp-json\/wp\/v2\/posts\/59676\/revisions"}],"wp:attachment":[{"href":"https:\/\/luchonoticias.com\/editor\/wp-json\/wp\/v2\/media?parent=59676"}],"wp:term":[{"taxonomy":"category","embeddable":true,"href":"https:\/\/luchonoticias.com\/editor\/wp-json\/wp\/v2\/categories?post=59676"},{"taxonomy":"post_tag","embeddable":true,"href":"https:\/\/luchonoticias.com\/editor\/wp-json\/wp\/v2\/tags?post=59676"}],"curies":[{"name":"wp","href":"https:\/\/api.w.org\/{rel}","templated":true}]}}