{"id":59682,"date":"2023-09-05T04:33:59","date_gmt":"2023-09-05T09:33:59","guid":{"rendered":"https:\/\/luchonoticias.com\/?p=59682"},"modified":"2023-09-05T04:34:00","modified_gmt":"2023-09-05T09:34:00","slug":"entregadas-aulas-de-pre-escolar-en-rivera-y-palermo","status":"publish","type":"post","link":"https:\/\/luchonoticias.com\/editor\/entregadas-aulas-de-pre-escolar-en-rivera-y-palermo\/","title":{"rendered":"Entregadas aulas de pre escolar en Rivera y Palermo"},"content":{"rendered":"\n<p>En reciente visita que hiciera la Secretar\u00eda de Educaci\u00f3n Departamental a los\u00a0<strong>municipios de Rivera y Palermo<\/strong>, se llev\u00f3 a cabo la<strong>\u00a0entrega de 5 aulas de pre escolar\u00a0<\/strong>que benefician a cerca de 125 ni\u00f1os y ni\u00f1as que apenas inician su vida escolar.<\/p>\n\n\n\n<p>En el municipio de Rivera, la entrega fue de 4 aulas, tres de \u00e9stas en la\u00a0<strong>Instituci\u00f3n Educativa Misael Pastrana Borrero,<\/strong>\u00a0en las sedes de Margarita Rivera, Francisco de Jes\u00fas Garz\u00f3n y Villa del Prado, y una cuarta en la en la\u00a0<strong>Instituci\u00f3n Educativa Riverita<\/strong>\u00a0sede principal.<\/p>\n\n\n\n<p>\u201cSeguimos entregando felicidad a nuestra primera infancia en las instituciones educativas del territorio huilense.&nbsp;<strong>Estas inversiones en Rivera alcanzan los 95 millones de pesos<\/strong>. Cada aula beneficia a cerca de 25 ni\u00f1os y ni\u00f1as, es decir, en el municipio de Rivera, unos 100 menores\u201d, se\u00f1al\u00f3 Tania Beatriz Pe\u00f1afiel, Secretaria de Educaci\u00f3n del Gobierno \u2018Huila Crece\u2019.<\/p>\n\n\n\n<p>\u201cAs\u00ed mismo, realizamos&nbsp;<strong>entrega a la comunidad de la Instituci\u00f3n Educativa El Juncal sede San Miguel, en el municipio de Palermo,<\/strong>&nbsp;de 1 aula de pre escolar, con una&nbsp;<strong>inversi\u00f3n de $28.500.000<\/strong>, beneficiando a 20 ni\u00f1os y ni\u00f1as. Estos trabajos en las aulas de pre escolar, consistieron en instalaci\u00f3n de cieloraso en pvc, pisos nuevos, mejoramiento de pintura interna y exteriores, optimizaci\u00f3n el\u00e9ctrica y mejoramiento bater\u00edas sanitarias\u201d, a\u00f1adi\u00f3 la funcionaria.<\/p>\n","protected":false},"excerpt":{"rendered":"<p>En reciente visita que hiciera la Secretar\u00eda de Educaci\u00f3n Departamental a los\u00a0municipios de Rivera y Palermo, se llev\u00f3 a cabo la\u00a0entrega de 5 aulas de pre escolar\u00a0que benefician a cerca de 125 ni\u00f1os y ni\u00f1as que apenas inician su vida escolar. En el municipio de Rivera, la entrega fue de 4 aulas, tres de \u00e9stas [&hellip;]<\/p>\n","protected":false},"author":2,"featured_media":0,"comment_status":"open","ping_status":"open","sticky":false,"template":"","format":"standard","meta":{"footnotes":""},"categories":[34],"tags":[],"class_list":["post-59682","post","type-post","status-publish","format-standard","hentry","category-deportes"],"yoast_head":"<!-- This site is optimized with the Yoast SEO plugin v26.6 - https:\/\/yoast.com\/wordpress\/plugins\/seo\/ -->\n<title>Entregadas aulas de pre escolar en Rivera y Palermo -<\/title>\n<meta name=\"robots\" content=\"index, follow, max-snippet:-1, max-image-preview:large, max-video-preview:-1\" \/>\n<link rel=\"canonical\" href=\"https:\/\/luchonoticias.com\/editor\/entregadas-aulas-de-pre-escolar-en-rivera-y-palermo\/\" \/>\n<meta property=\"og:locale\" content=\"es_ES\" \/>\n<meta property=\"og:type\" content=\"article\" \/>\n<meta property=\"og:title\" content=\"Entregadas aulas de pre escolar en Rivera y Palermo -\" \/>\n<meta property=\"og:url\" content=\"https:\/\/luchonoticias.com\/editor\/entregadas-aulas-de-pre-escolar-en-rivera-y-palermo\/\" \/>\n<meta property=\"article:publisher\" content=\"https:\/\/www.facebook.com\/luchonoticiasneiva\" \/>\n<meta property=\"article:published_time\" content=\"2023-09-05T09:33:59+00:00\" \/>\n<meta property=\"article:modified_time\" content=\"2023-09-05T09:34:00+00:00\" \/>\n<meta name=\"author\" content=\"Editor General\" \/>\n<meta name=\"twitter:card\" content=\"summary_large_image\" \/>\n<meta name=\"twitter:label1\" content=\"Escrito por\" \/>\n\t<meta name=\"twitter:data1\" content=\"Editor General\" \/>\n\t<meta name=\"twitter:label2\" content=\"Tiempo de lectura\" \/>\n\t<meta name=\"twitter:data2\" content=\"1 minuto\" \/>\n<script type=\"application\/ld+json\" class=\"yoast-schema-graph\">{\"@context\":\"https:\/\/schema.org\",\"@graph\":[{\"@type\":\"Article\",\"@id\":\"https:\/\/luchonoticias.com\/editor\/entregadas-aulas-de-pre-escolar-en-rivera-y-palermo\/#article\",\"isPartOf\":{\"@id\":\"https:\/\/luchonoticias.com\/editor\/entregadas-aulas-de-pre-escolar-en-rivera-y-palermo\/\"},\"author\":{\"name\":\"Editor General\",\"@id\":\"https:\/\/luchonoticias.com\/editor\/#\/schema\/person\/29217990ddf6f14e35912b2866d591fb\"},\"headline\":\"Entregadas aulas de pre escolar en Rivera y Palermo\",\"datePublished\":\"2023-09-05T09:33:59+00:00\",\"dateModified\":\"2023-09-05T09:34:00+00:00\",\"mainEntityOfPage\":{\"@id\":\"https:\/\/luchonoticias.com\/editor\/entregadas-aulas-de-pre-escolar-en-rivera-y-palermo\/\"},\"wordCount\":242,\"commentCount\":0,\"publisher\":{\"@id\":\"https:\/\/luchonoticias.com\/editor\/#\/schema\/person\/7a7fd911f58561fd056dbac7b55af9cd\"},\"articleSection\":[\"Deportes\"],\"inLanguage\":\"es\",\"potentialAction\":[{\"@type\":\"CommentAction\",\"name\":\"Comment\",\"target\":[\"https:\/\/luchonoticias.com\/editor\/entregadas-aulas-de-pre-escolar-en-rivera-y-palermo\/#respond\"]}]},{\"@type\":\"WebPage\",\"@id\":\"https:\/\/luchonoticias.com\/editor\/entregadas-aulas-de-pre-escolar-en-rivera-y-palermo\/\",\"url\":\"https:\/\/luchonoticias.com\/editor\/entregadas-aulas-de-pre-escolar-en-rivera-y-palermo\/\",\"name\":\"Entregadas aulas de pre escolar en Rivera y Palermo -\",\"isPartOf\":{\"@id\":\"https:\/\/luchonoticias.com\/editor\/#website\"},\"datePublished\":\"2023-09-05T09:33:59+00:00\",\"dateModified\":\"2023-09-05T09:34:00+00:00\",\"breadcrumb\":{\"@id\":\"https:\/\/luchonoticias.com\/editor\/entregadas-aulas-de-pre-escolar-en-rivera-y-palermo\/#breadcrumb\"},\"inLanguage\":\"es\",\"potentialAction\":[{\"@type\":\"ReadAction\",\"target\":[\"https:\/\/luchonoticias.com\/editor\/entregadas-aulas-de-pre-escolar-en-rivera-y-palermo\/\"]}]},{\"@type\":\"BreadcrumbList\",\"@id\":\"https:\/\/luchonoticias.com\/editor\/entregadas-aulas-de-pre-escolar-en-rivera-y-palermo\/#breadcrumb\",\"itemListElement\":[{\"@type\":\"ListItem\",\"position\":1,\"name\":\"Portada\",\"item\":\"https:\/\/luchonoticias.com\/editor\/\"},{\"@type\":\"ListItem\",\"position\":2,\"name\":\"Entregadas aulas de pre escolar en Rivera y Palermo\"}]},{\"@type\":\"WebSite\",\"@id\":\"https:\/\/luchonoticias.com\/editor\/#website\",\"url\":\"https:\/\/luchonoticias.com\/editor\/\",\"name\":\"\",\"description\":\"\",\"publisher\":{\"@id\":\"https:\/\/luchonoticias.com\/editor\/#\/schema\/person\/7a7fd911f58561fd056dbac7b55af9cd\"},\"potentialAction\":[{\"@type\":\"SearchAction\",\"target\":{\"@type\":\"EntryPoint\",\"urlTemplate\":\"https:\/\/luchonoticias.com\/editor\/?s={search_term_string}\"},\"query-input\":{\"@type\":\"PropertyValueSpecification\",\"valueRequired\":true,\"valueName\":\"search_term_string\"}}],\"inLanguage\":\"es\"},{\"@type\":[\"Person\",\"Organization\"],\"@id\":\"https:\/\/luchonoticias.com\/editor\/#\/schema\/person\/7a7fd911f58561fd056dbac7b55af9cd\",\"name\":\"admin\",\"image\":{\"@type\":\"ImageObject\",\"inLanguage\":\"es\",\"@id\":\"https:\/\/luchonoticias.com\/editor\/#\/schema\/person\/image\/\",\"url\":\"https:\/\/luchonoticias.com\/editor\/wp-content\/uploads\/2024\/02\/cropped-cropped-logolu.webp\",\"contentUrl\":\"https:\/\/luchonoticias.com\/editor\/wp-content\/uploads\/2024\/02\/cropped-cropped-logolu.webp\",\"width\":382,\"height\":170,\"caption\":\"admin\"},\"logo\":{\"@id\":\"https:\/\/luchonoticias.com\/editor\/#\/schema\/person\/image\/\"},\"sameAs\":[\"https:\/\/www.facebook.com\/luchonoticiasneiva\"]},{\"@type\":\"Person\",\"@id\":\"https:\/\/luchonoticias.com\/editor\/#\/schema\/person\/29217990ddf6f14e35912b2866d591fb\",\"name\":\"Editor General\",\"image\":{\"@type\":\"ImageObject\",\"inLanguage\":\"es\",\"@id\":\"https:\/\/luchonoticias.com\/editor\/#\/schema\/person\/image\/\",\"url\":\"https:\/\/luchonoticias.com\/editor\/wp-content\/uploads\/2024\/02\/cropped-cropped-logolu-150x150.webp\",\"contentUrl\":\"https:\/\/luchonoticias.com\/editor\/wp-content\/uploads\/2024\/02\/cropped-cropped-logolu-150x150.webp\",\"caption\":\"Editor General\"},\"sameAs\":[\"https:\/\/luchonoticias.com\/\"],\"url\":\"https:\/\/luchonoticias.com\/editor\/author\/editor-general\/\"}]}<\/script>\n<!-- \/ Yoast SEO plugin. -->","yoast_head_json":{"title":"Entregadas aulas de pre escolar en Rivera y Palermo -","robots":{"index":"index","follow":"follow","max-snippet":"max-snippet:-1","max-image-preview":"max-image-preview:large","max-video-preview":"max-video-preview:-1"},"canonical":"https:\/\/luchonoticias.com\/editor\/entregadas-aulas-de-pre-escolar-en-rivera-y-palermo\/","og_locale":"es_ES","og_type":"article","og_title":"Entregadas aulas de pre escolar en Rivera y Palermo -","og_url":"https:\/\/luchonoticias.com\/editor\/entregadas-aulas-de-pre-escolar-en-rivera-y-palermo\/","article_publisher":"https:\/\/www.facebook.com\/luchonoticiasneiva","article_published_time":"2023-09-05T09:33:59+00:00","article_modified_time":"2023-09-05T09:34:00+00:00","author":"Editor General","twitter_card":"summary_large_image","twitter_misc":{"Escrito por":"Editor General","Tiempo de lectura":"1 minuto"},"schema":{"@context":"https:\/\/schema.org","@graph":[{"@type":"Article","@id":"https:\/\/luchonoticias.com\/editor\/entregadas-aulas-de-pre-escolar-en-rivera-y-palermo\/#article","isPartOf":{"@id":"https:\/\/luchonoticias.com\/editor\/entregadas-aulas-de-pre-escolar-en-rivera-y-palermo\/"},"author":{"name":"Editor General","@id":"https:\/\/luchonoticias.com\/editor\/#\/schema\/person\/29217990ddf6f14e35912b2866d591fb"},"headline":"Entregadas aulas de pre escolar en Rivera y Palermo","datePublished":"2023-09-05T09:33:59+00:00","dateModified":"2023-09-05T09:34:00+00:00","mainEntityOfPage":{"@id":"https:\/\/luchonoticias.com\/editor\/entregadas-aulas-de-pre-escolar-en-rivera-y-palermo\/"},"wordCount":242,"commentCount":0,"publisher":{"@id":"https:\/\/luchonoticias.com\/editor\/#\/schema\/person\/7a7fd911f58561fd056dbac7b55af9cd"},"articleSection":["Deportes"],"inLanguage":"es","potentialAction":[{"@type":"CommentAction","name":"Comment","target":["https:\/\/luchonoticias.com\/editor\/entregadas-aulas-de-pre-escolar-en-rivera-y-palermo\/#respond"]}]},{"@type":"WebPage","@id":"https:\/\/luchonoticias.com\/editor\/entregadas-aulas-de-pre-escolar-en-rivera-y-palermo\/","url":"https:\/\/luchonoticias.com\/editor\/entregadas-aulas-de-pre-escolar-en-rivera-y-palermo\/","name":"Entregadas aulas de pre escolar en Rivera y Palermo -","isPartOf":{"@id":"https:\/\/luchonoticias.com\/editor\/#website"},"datePublished":"2023-09-05T09:33:59+00:00","dateModified":"2023-09-05T09:34:00+00:00","breadcrumb":{"@id":"https:\/\/luchonoticias.com\/editor\/entregadas-aulas-de-pre-escolar-en-rivera-y-palermo\/#breadcrumb"},"inLanguage":"es","potentialAction":[{"@type":"ReadAction","target":["https:\/\/luchonoticias.com\/editor\/entregadas-aulas-de-pre-escolar-en-rivera-y-palermo\/"]}]},{"@type":"BreadcrumbList","@id":"https:\/\/luchonoticias.com\/editor\/entregadas-aulas-de-pre-escolar-en-rivera-y-palermo\/#breadcrumb","itemListElement":[{"@type":"ListItem","position":1,"name":"Portada","item":"https:\/\/luchonoticias.com\/editor\/"},{"@type":"ListItem","position":2,"name":"Entregadas aulas de pre escolar en Rivera y Palermo"}]},{"@type":"WebSite","@id":"https:\/\/luchonoticias.com\/editor\/#website","url":"https:\/\/luchonoticias.com\/editor\/","name":"","description":"","publisher":{"@id":"https:\/\/luchonoticias.com\/editor\/#\/schema\/person\/7a7fd911f58561fd056dbac7b55af9cd"},"potentialAction":[{"@type":"SearchAction","target":{"@type":"EntryPoint","urlTemplate":"https:\/\/luchonoticias.com\/editor\/?s={search_term_string}"},"query-input":{"@type":"PropertyValueSpecification","valueRequired":true,"valueName":"search_term_string"}}],"inLanguage":"es"},{"@type":["Person","Organization"],"@id":"https:\/\/luchonoticias.com\/editor\/#\/schema\/person\/7a7fd911f58561fd056dbac7b55af9cd","name":"admin","image":{"@type":"ImageObject","inLanguage":"es","@id":"https:\/\/luchonoticias.com\/editor\/#\/schema\/person\/image\/","url":"https:\/\/luchonoticias.com\/editor\/wp-content\/uploads\/2024\/02\/cropped-cropped-logolu.webp","contentUrl":"https:\/\/luchonoticias.com\/editor\/wp-content\/uploads\/2024\/02\/cropped-cropped-logolu.webp","width":382,"height":170,"caption":"admin"},"logo":{"@id":"https:\/\/luchonoticias.com\/editor\/#\/schema\/person\/image\/"},"sameAs":["https:\/\/www.facebook.com\/luchonoticiasneiva"]},{"@type":"Person","@id":"https:\/\/luchonoticias.com\/editor\/#\/schema\/person\/29217990ddf6f14e35912b2866d591fb","name":"Editor General","image":{"@type":"ImageObject","inLanguage":"es","@id":"https:\/\/luchonoticias.com\/editor\/#\/schema\/person\/image\/","url":"https:\/\/luchonoticias.com\/editor\/wp-content\/uploads\/2024\/02\/cropped-cropped-logolu-150x150.webp","contentUrl":"https:\/\/luchonoticias.com\/editor\/wp-content\/uploads\/2024\/02\/cropped-cropped-logolu-150x150.webp","caption":"Editor General"},"sameAs":["https:\/\/luchonoticias.com\/"],"url":"https:\/\/luchonoticias.com\/editor\/author\/editor-general\/"}]}},"_links":{"self":[{"href":"https:\/\/luchonoticias.com\/editor\/wp-json\/wp\/v2\/posts\/59682","targetHints":{"allow":["GET"]}}],"collection":[{"href":"https:\/\/luchonoticias.com\/editor\/wp-json\/wp\/v2\/posts"}],"about":[{"href":"https:\/\/luchonoticias.com\/editor\/wp-json\/wp\/v2\/types\/post"}],"author":[{"embeddable":true,"href":"https:\/\/luchonoticias.com\/editor\/wp-json\/wp\/v2\/users\/2"}],"replies":[{"embeddable":true,"href":"https:\/\/luchonoticias.com\/editor\/wp-json\/wp\/v2\/comments?post=59682"}],"version-history":[{"count":0,"href":"https:\/\/luchonoticias.com\/editor\/wp-json\/wp\/v2\/posts\/59682\/revisions"}],"wp:attachment":[{"href":"https:\/\/luchonoticias.com\/editor\/wp-json\/wp\/v2\/media?parent=59682"}],"wp:term":[{"taxonomy":"category","embeddable":true,"href":"https:\/\/luchonoticias.com\/editor\/wp-json\/wp\/v2\/categories?post=59682"},{"taxonomy":"post_tag","embeddable":true,"href":"https:\/\/luchonoticias.com\/editor\/wp-json\/wp\/v2\/tags?post=59682"}],"curies":[{"name":"wp","href":"https:\/\/api.w.org\/{rel}","templated":true}]}}