{"id":59714,"date":"2023-09-05T07:04:40","date_gmt":"2023-09-05T12:04:40","guid":{"rendered":"https:\/\/luchonoticias.com\/?p=59714"},"modified":"2023-09-05T07:04:47","modified_gmt":"2023-09-05T12:04:47","slug":"plan-choque-seguridad-360-sigue-atacando-a-la-delincuencia-en-neiva","status":"publish","type":"post","link":"https:\/\/luchonoticias.com\/editor\/plan-choque-seguridad-360-sigue-atacando-a-la-delincuencia-en-neiva\/","title":{"rendered":"Plan choque &#8216;Seguridad 360&#8217; sigue atacando a la delincuencia en Neiva"},"content":{"rendered":"\n<p>La Alcald\u00eda de Neiva, en articulaci\u00f3n con la Polic\u00eda y el Ej\u00e9rcito, ha emprendido acciones contundentes contra la inseguridad en la ciudad, como parte del Plan Choque &#8216;Seguridad 360&#8217;, enfocado en combatir los delitos de mayor impacto y brindar resultados tangibles a la comunidad neivana.<\/p>\n\n\n\n<p>Durante rueda de prensa, las autoridades informaron sobre las capturas de dos individuos de alto perfil del mundo delictivo. Alias &#8216;Avena&#8217;, de 23 a\u00f1os, y alias &#8216;Veneco&#8217;, de 24 a\u00f1os, los dos por los delitos de porte ilegal de armas de fuego y tr\u00e1fico de estupefacientes.<\/p>\n\n\n\n<p>Adem\u00e1s, se llevaron a cabo diligencias de allanamiento en dos barrios de la Comuna 10. En el primero, el barrio La Amistad, se logr\u00f3 la captura de cuatro personas y el decomiso de 1.200 dosis de basuco, as\u00ed como un arma de fuego, tipo rev\u00f3lver, calibre 32. En el barrio Las Palmas, se captur\u00f3 a un individuo de 20 a\u00f1os, quien ten\u00eda bajo su poder 400 dosis de marihuana, 45 dosis de clorhidrato de coca\u00edna, 12 dosis de basuco y $40,300 en efectivo, presuntamente producto de la venta de estupefacientes.<\/p>\n\n\n\n<figure class=\"wp-block-gallery has-nested-images columns-default is-cropped wp-block-gallery-1 is-layout-flex wp-block-gallery-is-layout-flex\">\n<figure class=\"wp-block-image size-large\"><img decoding=\"async\" data-id=\"59718\" src=\"https:\/\/luchonoticias.com\/wp-content\/uploads\/2023\/09\/WhatsApp-Image-2023-09-04-at-7.53.17-PM.jpeg\" alt=\"\" class=\"wp-image-59718\"\/><\/figure>\n\n\n\n<figure class=\"wp-block-image size-large\"><img decoding=\"async\" data-id=\"59717\" src=\"https:\/\/luchonoticias.com\/wp-content\/uploads\/2023\/09\/WhatsApp-Image-2023-09-04-at-7.53.17-PM-2.jpeg\" alt=\"\" class=\"wp-image-59717\"\/><\/figure>\n\n\n\n<figure class=\"wp-block-image size-large\"><img decoding=\"async\" data-id=\"59716\" src=\"https:\/\/luchonoticias.com\/wp-content\/uploads\/2023\/09\/WhatsApp-Image-2023-09-04-at-7.53.17-PM-1.jpeg\" alt=\"\" class=\"wp-image-59716\"\/><\/figure>\n<\/figure>\n\n\n\n<p>El teniente coronel Arley Gamba, comandante (e) de la Polic\u00eda Metropolitana de Neiva, afirm\u00f3: \u201cHemos avanzado semana tras semana, con un total de 13 capturas en flagrancia y cuatro por orden judicial, adem\u00e1s de medidas policivas y diversos casos resueltos. Nuestro objetivo es seguir impactando positivamente, pero lo m\u00e1s importante es sacar de las calles las armas y reducir la violencia que perpet\u00faa la delincuencia\u201d.<\/p>\n\n\n\n<p>Durante estas acciones, se incautaron un total de cinco armas de fuego, tres de ellas traum\u00e1ticas, 43 gramos de basuco, 15.900 gramos de marihuana, una motocicleta y cinco tel\u00e9fonos celulares. Tambi\u00e9n se llevaron a cabo dos allanamientos y se recuperaron cinco motocicletas.<\/p>\n\n\n\n<p>El secretario de Gobierno, Ra\u00fal Rivera Cort\u00e9s, hizo un llamado a la comunidad neivana a continuar confiando en las autoridades y a denunciar cualquier actividad sospechosa para prevenir el delito y dar con la capturas de los actores delincuenciales.<\/p>\n\n\n\n<p>\u201cEstamos aqu\u00ed para trabajar por su seguridad y tranquilidad, pero necesitamos la colaboraci\u00f3n de todos. Desde sus hogares, denuncien e informen a la autoridad para que podamos prevenir y evitar la ocurrencia de estos delitos\u201d.<\/p>\n\n\n\n<p>Las autoridades reiteran su compromiso de seguir trabajando incansablemente para garantizar la seguridad de la ciudadan\u00eda y continuar combatiendo la delincuencia de manera efectiva en Neiva.<\/p>\n\n\n\n<figure class=\"wp-block-video\"><video autoplay controls src=\"https:\/\/luchonoticias.com\/wp-content\/uploads\/2023\/09\/WhatsApp-Video-2023-09-04-at-7.53.45-PM-1.mp4\"><\/video><\/figure>\n","protected":false},"excerpt":{"rendered":"<p>La Alcald\u00eda de Neiva, en articulaci\u00f3n con la Polic\u00eda y el Ej\u00e9rcito, ha emprendido acciones contundentes contra la inseguridad en la ciudad, como parte del Plan Choque &#8216;Seguridad 360&#8217;, enfocado en combatir los delitos de mayor impacto y brindar resultados tangibles a la comunidad neivana. Durante rueda de prensa, las autoridades informaron sobre las capturas [&hellip;]<\/p>\n","protected":false},"author":2,"featured_media":0,"comment_status":"open","ping_status":"open","sticky":false,"template":"","format":"standard","meta":{"footnotes":""},"categories":[36,29,3962],"tags":[],"class_list":["post-59714","post","type-post","status-publish","format-standard","hentry","category-destacado","category-judicial","category-videos"],"yoast_head":"<!-- This site is optimized with the Yoast SEO plugin v26.6 - https:\/\/yoast.com\/wordpress\/plugins\/seo\/ -->\n<title>Plan choque &#039;Seguridad 360&#039; sigue atacando a la delincuencia en Neiva -<\/title>\n<meta name=\"robots\" content=\"index, follow, max-snippet:-1, max-image-preview:large, max-video-preview:-1\" \/>\n<link rel=\"canonical\" href=\"https:\/\/luchonoticias.com\/editor\/plan-choque-seguridad-360-sigue-atacando-a-la-delincuencia-en-neiva\/\" \/>\n<meta property=\"og:locale\" content=\"es_ES\" \/>\n<meta property=\"og:type\" content=\"article\" \/>\n<meta property=\"og:title\" content=\"Plan choque &#039;Seguridad 360&#039; sigue atacando a la delincuencia en Neiva -\" \/>\n<meta property=\"og:url\" content=\"https:\/\/luchonoticias.com\/editor\/plan-choque-seguridad-360-sigue-atacando-a-la-delincuencia-en-neiva\/\" \/>\n<meta property=\"article:publisher\" content=\"https:\/\/www.facebook.com\/luchonoticiasneiva\" \/>\n<meta property=\"article:published_time\" content=\"2023-09-05T12:04:40+00:00\" \/>\n<meta property=\"article:modified_time\" content=\"2023-09-05T12:04:47+00:00\" \/>\n<meta property=\"og:image\" content=\"https:\/\/luchonoticias.com\/wp-content\/uploads\/2023\/09\/WhatsApp-Image-2023-09-04-at-7.53.17-PM.jpeg\" \/>\n<meta name=\"author\" content=\"Editor General\" \/>\n<meta name=\"twitter:card\" content=\"summary_large_image\" \/>\n<meta name=\"twitter:label1\" content=\"Escrito por\" \/>\n\t<meta name=\"twitter:data1\" content=\"Editor General\" \/>\n\t<meta name=\"twitter:label2\" content=\"Tiempo de lectura\" \/>\n\t<meta name=\"twitter:data2\" content=\"2 minutos\" \/>\n<script type=\"application\/ld+json\" class=\"yoast-schema-graph\">{\"@context\":\"https:\/\/schema.org\",\"@graph\":[{\"@type\":\"Article\",\"@id\":\"https:\/\/luchonoticias.com\/editor\/plan-choque-seguridad-360-sigue-atacando-a-la-delincuencia-en-neiva\/#article\",\"isPartOf\":{\"@id\":\"https:\/\/luchonoticias.com\/editor\/plan-choque-seguridad-360-sigue-atacando-a-la-delincuencia-en-neiva\/\"},\"author\":{\"name\":\"Editor General\",\"@id\":\"https:\/\/luchonoticias.com\/editor\/#\/schema\/person\/29217990ddf6f14e35912b2866d591fb\"},\"headline\":\"Plan choque &#8216;Seguridad 360&#8217; sigue atacando a la delincuencia en Neiva\",\"datePublished\":\"2023-09-05T12:04:40+00:00\",\"dateModified\":\"2023-09-05T12:04:47+00:00\",\"mainEntityOfPage\":{\"@id\":\"https:\/\/luchonoticias.com\/editor\/plan-choque-seguridad-360-sigue-atacando-a-la-delincuencia-en-neiva\/\"},\"wordCount\":407,\"commentCount\":0,\"publisher\":{\"@id\":\"https:\/\/luchonoticias.com\/editor\/#\/schema\/person\/7a7fd911f58561fd056dbac7b55af9cd\"},\"image\":{\"@id\":\"https:\/\/luchonoticias.com\/editor\/plan-choque-seguridad-360-sigue-atacando-a-la-delincuencia-en-neiva\/#primaryimage\"},\"thumbnailUrl\":\"https:\/\/luchonoticias.com\/wp-content\/uploads\/2023\/09\/WhatsApp-Image-2023-09-04-at-7.53.17-PM.jpeg\",\"articleSection\":[\"Destacado\",\"Judicial\",\"Videos\"],\"inLanguage\":\"es\",\"potentialAction\":[{\"@type\":\"CommentAction\",\"name\":\"Comment\",\"target\":[\"https:\/\/luchonoticias.com\/editor\/plan-choque-seguridad-360-sigue-atacando-a-la-delincuencia-en-neiva\/#respond\"]}]},{\"@type\":\"WebPage\",\"@id\":\"https:\/\/luchonoticias.com\/editor\/plan-choque-seguridad-360-sigue-atacando-a-la-delincuencia-en-neiva\/\",\"url\":\"https:\/\/luchonoticias.com\/editor\/plan-choque-seguridad-360-sigue-atacando-a-la-delincuencia-en-neiva\/\",\"name\":\"Plan choque 'Seguridad 360' sigue atacando a la delincuencia en Neiva -\",\"isPartOf\":{\"@id\":\"https:\/\/luchonoticias.com\/editor\/#website\"},\"primaryImageOfPage\":{\"@id\":\"https:\/\/luchonoticias.com\/editor\/plan-choque-seguridad-360-sigue-atacando-a-la-delincuencia-en-neiva\/#primaryimage\"},\"image\":{\"@id\":\"https:\/\/luchonoticias.com\/editor\/plan-choque-seguridad-360-sigue-atacando-a-la-delincuencia-en-neiva\/#primaryimage\"},\"thumbnailUrl\":\"https:\/\/luchonoticias.com\/wp-content\/uploads\/2023\/09\/WhatsApp-Image-2023-09-04-at-7.53.17-PM.jpeg\",\"datePublished\":\"2023-09-05T12:04:40+00:00\",\"dateModified\":\"2023-09-05T12:04:47+00:00\",\"breadcrumb\":{\"@id\":\"https:\/\/luchonoticias.com\/editor\/plan-choque-seguridad-360-sigue-atacando-a-la-delincuencia-en-neiva\/#breadcrumb\"},\"inLanguage\":\"es\",\"potentialAction\":[{\"@type\":\"ReadAction\",\"target\":[\"https:\/\/luchonoticias.com\/editor\/plan-choque-seguridad-360-sigue-atacando-a-la-delincuencia-en-neiva\/\"]}]},{\"@type\":\"ImageObject\",\"inLanguage\":\"es\",\"@id\":\"https:\/\/luchonoticias.com\/editor\/plan-choque-seguridad-360-sigue-atacando-a-la-delincuencia-en-neiva\/#primaryimage\",\"url\":\"https:\/\/luchonoticias.com\/wp-content\/uploads\/2023\/09\/WhatsApp-Image-2023-09-04-at-7.53.17-PM.jpeg\",\"contentUrl\":\"https:\/\/luchonoticias.com\/wp-content\/uploads\/2023\/09\/WhatsApp-Image-2023-09-04-at-7.53.17-PM.jpeg\"},{\"@type\":\"BreadcrumbList\",\"@id\":\"https:\/\/luchonoticias.com\/editor\/plan-choque-seguridad-360-sigue-atacando-a-la-delincuencia-en-neiva\/#breadcrumb\",\"itemListElement\":[{\"@type\":\"ListItem\",\"position\":1,\"name\":\"Portada\",\"item\":\"https:\/\/luchonoticias.com\/editor\/\"},{\"@type\":\"ListItem\",\"position\":2,\"name\":\"Plan choque &#8216;Seguridad 360&#8217; sigue atacando a la delincuencia en Neiva\"}]},{\"@type\":\"WebSite\",\"@id\":\"https:\/\/luchonoticias.com\/editor\/#website\",\"url\":\"https:\/\/luchonoticias.com\/editor\/\",\"name\":\"\",\"description\":\"\",\"publisher\":{\"@id\":\"https:\/\/luchonoticias.com\/editor\/#\/schema\/person\/7a7fd911f58561fd056dbac7b55af9cd\"},\"potentialAction\":[{\"@type\":\"SearchAction\",\"target\":{\"@type\":\"EntryPoint\",\"urlTemplate\":\"https:\/\/luchonoticias.com\/editor\/?s={search_term_string}\"},\"query-input\":{\"@type\":\"PropertyValueSpecification\",\"valueRequired\":true,\"valueName\":\"search_term_string\"}}],\"inLanguage\":\"es\"},{\"@type\":[\"Person\",\"Organization\"],\"@id\":\"https:\/\/luchonoticias.com\/editor\/#\/schema\/person\/7a7fd911f58561fd056dbac7b55af9cd\",\"name\":\"admin\",\"image\":{\"@type\":\"ImageObject\",\"inLanguage\":\"es\",\"@id\":\"https:\/\/luchonoticias.com\/editor\/#\/schema\/person\/image\/\",\"url\":\"https:\/\/luchonoticias.com\/editor\/wp-content\/uploads\/2024\/02\/cropped-cropped-logolu.webp\",\"contentUrl\":\"https:\/\/luchonoticias.com\/editor\/wp-content\/uploads\/2024\/02\/cropped-cropped-logolu.webp\",\"width\":382,\"height\":170,\"caption\":\"admin\"},\"logo\":{\"@id\":\"https:\/\/luchonoticias.com\/editor\/#\/schema\/person\/image\/\"},\"sameAs\":[\"https:\/\/www.facebook.com\/luchonoticiasneiva\"]},{\"@type\":\"Person\",\"@id\":\"https:\/\/luchonoticias.com\/editor\/#\/schema\/person\/29217990ddf6f14e35912b2866d591fb\",\"name\":\"Editor General\",\"image\":{\"@type\":\"ImageObject\",\"inLanguage\":\"es\",\"@id\":\"https:\/\/luchonoticias.com\/editor\/#\/schema\/person\/image\/\",\"url\":\"https:\/\/luchonoticias.com\/editor\/wp-content\/uploads\/2024\/02\/cropped-cropped-logolu-150x150.webp\",\"contentUrl\":\"https:\/\/luchonoticias.com\/editor\/wp-content\/uploads\/2024\/02\/cropped-cropped-logolu-150x150.webp\",\"caption\":\"Editor General\"},\"sameAs\":[\"https:\/\/luchonoticias.com\/\"],\"url\":\"https:\/\/luchonoticias.com\/editor\/author\/editor-general\/\"}]}<\/script>\n<!-- \/ Yoast SEO plugin. -->","yoast_head_json":{"title":"Plan choque 'Seguridad 360' sigue atacando a la delincuencia en Neiva -","robots":{"index":"index","follow":"follow","max-snippet":"max-snippet:-1","max-image-preview":"max-image-preview:large","max-video-preview":"max-video-preview:-1"},"canonical":"https:\/\/luchonoticias.com\/editor\/plan-choque-seguridad-360-sigue-atacando-a-la-delincuencia-en-neiva\/","og_locale":"es_ES","og_type":"article","og_title":"Plan choque 'Seguridad 360' sigue atacando a la delincuencia en Neiva -","og_url":"https:\/\/luchonoticias.com\/editor\/plan-choque-seguridad-360-sigue-atacando-a-la-delincuencia-en-neiva\/","article_publisher":"https:\/\/www.facebook.com\/luchonoticiasneiva","article_published_time":"2023-09-05T12:04:40+00:00","article_modified_time":"2023-09-05T12:04:47+00:00","og_image":[{"url":"https:\/\/luchonoticias.com\/wp-content\/uploads\/2023\/09\/WhatsApp-Image-2023-09-04-at-7.53.17-PM.jpeg","type":"","width":"","height":""}],"author":"Editor General","twitter_card":"summary_large_image","twitter_misc":{"Escrito por":"Editor General","Tiempo de lectura":"2 minutos"},"schema":{"@context":"https:\/\/schema.org","@graph":[{"@type":"Article","@id":"https:\/\/luchonoticias.com\/editor\/plan-choque-seguridad-360-sigue-atacando-a-la-delincuencia-en-neiva\/#article","isPartOf":{"@id":"https:\/\/luchonoticias.com\/editor\/plan-choque-seguridad-360-sigue-atacando-a-la-delincuencia-en-neiva\/"},"author":{"name":"Editor General","@id":"https:\/\/luchonoticias.com\/editor\/#\/schema\/person\/29217990ddf6f14e35912b2866d591fb"},"headline":"Plan choque &#8216;Seguridad 360&#8217; sigue atacando a la delincuencia en Neiva","datePublished":"2023-09-05T12:04:40+00:00","dateModified":"2023-09-05T12:04:47+00:00","mainEntityOfPage":{"@id":"https:\/\/luchonoticias.com\/editor\/plan-choque-seguridad-360-sigue-atacando-a-la-delincuencia-en-neiva\/"},"wordCount":407,"commentCount":0,"publisher":{"@id":"https:\/\/luchonoticias.com\/editor\/#\/schema\/person\/7a7fd911f58561fd056dbac7b55af9cd"},"image":{"@id":"https:\/\/luchonoticias.com\/editor\/plan-choque-seguridad-360-sigue-atacando-a-la-delincuencia-en-neiva\/#primaryimage"},"thumbnailUrl":"https:\/\/luchonoticias.com\/wp-content\/uploads\/2023\/09\/WhatsApp-Image-2023-09-04-at-7.53.17-PM.jpeg","articleSection":["Destacado","Judicial","Videos"],"inLanguage":"es","potentialAction":[{"@type":"CommentAction","name":"Comment","target":["https:\/\/luchonoticias.com\/editor\/plan-choque-seguridad-360-sigue-atacando-a-la-delincuencia-en-neiva\/#respond"]}]},{"@type":"WebPage","@id":"https:\/\/luchonoticias.com\/editor\/plan-choque-seguridad-360-sigue-atacando-a-la-delincuencia-en-neiva\/","url":"https:\/\/luchonoticias.com\/editor\/plan-choque-seguridad-360-sigue-atacando-a-la-delincuencia-en-neiva\/","name":"Plan choque 'Seguridad 360' sigue atacando a la delincuencia en Neiva -","isPartOf":{"@id":"https:\/\/luchonoticias.com\/editor\/#website"},"primaryImageOfPage":{"@id":"https:\/\/luchonoticias.com\/editor\/plan-choque-seguridad-360-sigue-atacando-a-la-delincuencia-en-neiva\/#primaryimage"},"image":{"@id":"https:\/\/luchonoticias.com\/editor\/plan-choque-seguridad-360-sigue-atacando-a-la-delincuencia-en-neiva\/#primaryimage"},"thumbnailUrl":"https:\/\/luchonoticias.com\/wp-content\/uploads\/2023\/09\/WhatsApp-Image-2023-09-04-at-7.53.17-PM.jpeg","datePublished":"2023-09-05T12:04:40+00:00","dateModified":"2023-09-05T12:04:47+00:00","breadcrumb":{"@id":"https:\/\/luchonoticias.com\/editor\/plan-choque-seguridad-360-sigue-atacando-a-la-delincuencia-en-neiva\/#breadcrumb"},"inLanguage":"es","potentialAction":[{"@type":"ReadAction","target":["https:\/\/luchonoticias.com\/editor\/plan-choque-seguridad-360-sigue-atacando-a-la-delincuencia-en-neiva\/"]}]},{"@type":"ImageObject","inLanguage":"es","@id":"https:\/\/luchonoticias.com\/editor\/plan-choque-seguridad-360-sigue-atacando-a-la-delincuencia-en-neiva\/#primaryimage","url":"https:\/\/luchonoticias.com\/wp-content\/uploads\/2023\/09\/WhatsApp-Image-2023-09-04-at-7.53.17-PM.jpeg","contentUrl":"https:\/\/luchonoticias.com\/wp-content\/uploads\/2023\/09\/WhatsApp-Image-2023-09-04-at-7.53.17-PM.jpeg"},{"@type":"BreadcrumbList","@id":"https:\/\/luchonoticias.com\/editor\/plan-choque-seguridad-360-sigue-atacando-a-la-delincuencia-en-neiva\/#breadcrumb","itemListElement":[{"@type":"ListItem","position":1,"name":"Portada","item":"https:\/\/luchonoticias.com\/editor\/"},{"@type":"ListItem","position":2,"name":"Plan choque &#8216;Seguridad 360&#8217; sigue atacando a la delincuencia en Neiva"}]},{"@type":"WebSite","@id":"https:\/\/luchonoticias.com\/editor\/#website","url":"https:\/\/luchonoticias.com\/editor\/","name":"","description":"","publisher":{"@id":"https:\/\/luchonoticias.com\/editor\/#\/schema\/person\/7a7fd911f58561fd056dbac7b55af9cd"},"potentialAction":[{"@type":"SearchAction","target":{"@type":"EntryPoint","urlTemplate":"https:\/\/luchonoticias.com\/editor\/?s={search_term_string}"},"query-input":{"@type":"PropertyValueSpecification","valueRequired":true,"valueName":"search_term_string"}}],"inLanguage":"es"},{"@type":["Person","Organization"],"@id":"https:\/\/luchonoticias.com\/editor\/#\/schema\/person\/7a7fd911f58561fd056dbac7b55af9cd","name":"admin","image":{"@type":"ImageObject","inLanguage":"es","@id":"https:\/\/luchonoticias.com\/editor\/#\/schema\/person\/image\/","url":"https:\/\/luchonoticias.com\/editor\/wp-content\/uploads\/2024\/02\/cropped-cropped-logolu.webp","contentUrl":"https:\/\/luchonoticias.com\/editor\/wp-content\/uploads\/2024\/02\/cropped-cropped-logolu.webp","width":382,"height":170,"caption":"admin"},"logo":{"@id":"https:\/\/luchonoticias.com\/editor\/#\/schema\/person\/image\/"},"sameAs":["https:\/\/www.facebook.com\/luchonoticiasneiva"]},{"@type":"Person","@id":"https:\/\/luchonoticias.com\/editor\/#\/schema\/person\/29217990ddf6f14e35912b2866d591fb","name":"Editor General","image":{"@type":"ImageObject","inLanguage":"es","@id":"https:\/\/luchonoticias.com\/editor\/#\/schema\/person\/image\/","url":"https:\/\/luchonoticias.com\/editor\/wp-content\/uploads\/2024\/02\/cropped-cropped-logolu-150x150.webp","contentUrl":"https:\/\/luchonoticias.com\/editor\/wp-content\/uploads\/2024\/02\/cropped-cropped-logolu-150x150.webp","caption":"Editor General"},"sameAs":["https:\/\/luchonoticias.com\/"],"url":"https:\/\/luchonoticias.com\/editor\/author\/editor-general\/"}]}},"_links":{"self":[{"href":"https:\/\/luchonoticias.com\/editor\/wp-json\/wp\/v2\/posts\/59714","targetHints":{"allow":["GET"]}}],"collection":[{"href":"https:\/\/luchonoticias.com\/editor\/wp-json\/wp\/v2\/posts"}],"about":[{"href":"https:\/\/luchonoticias.com\/editor\/wp-json\/wp\/v2\/types\/post"}],"author":[{"embeddable":true,"href":"https:\/\/luchonoticias.com\/editor\/wp-json\/wp\/v2\/users\/2"}],"replies":[{"embeddable":true,"href":"https:\/\/luchonoticias.com\/editor\/wp-json\/wp\/v2\/comments?post=59714"}],"version-history":[{"count":0,"href":"https:\/\/luchonoticias.com\/editor\/wp-json\/wp\/v2\/posts\/59714\/revisions"}],"wp:attachment":[{"href":"https:\/\/luchonoticias.com\/editor\/wp-json\/wp\/v2\/media?parent=59714"}],"wp:term":[{"taxonomy":"category","embeddable":true,"href":"https:\/\/luchonoticias.com\/editor\/wp-json\/wp\/v2\/categories?post=59714"},{"taxonomy":"post_tag","embeddable":true,"href":"https:\/\/luchonoticias.com\/editor\/wp-json\/wp\/v2\/tags?post=59714"}],"curies":[{"name":"wp","href":"https:\/\/api.w.org\/{rel}","templated":true}]}}