{"id":59729,"date":"2023-09-05T07:19:15","date_gmt":"2023-09-05T12:19:15","guid":{"rendered":"https:\/\/luchonoticias.com\/?p=59729"},"modified":"2023-09-05T07:19:18","modified_gmt":"2023-09-05T12:19:18","slug":"fallo-de-la-corte-constitucional-procuradora-ratifica-que-las-investigaciones-disciplinarias-continuan-y-se-impondran-las-sanciones-a-que-haya-a-lugar","status":"publish","type":"post","link":"https:\/\/luchonoticias.com\/editor\/fallo-de-la-corte-constitucional-procuradora-ratifica-que-las-investigaciones-disciplinarias-continuan-y-se-impondran-las-sanciones-a-que-haya-a-lugar\/","title":{"rendered":"Fallo de la Corte Constitucional: Procuradora ratifica que las investigaciones disciplinarias contin\u00faan y se impondr\u00e1n las sanciones a que haya a lugar"},"content":{"rendered":"\n<p>La Procuradora Margarita Cabello se refiri\u00f3 a la decisi\u00f3n de la Corte Constitucional de mantener las facultades de la entidad para investigar, sancionar e inhabilitar a servidores p\u00fablicos, incluyendo los de elecci\u00f3n popular.&nbsp;<\/p>\n\n\n\n<p><em>\u00abPuedo afirmar con absoluta certeza, much\u00edsima tranquilidad y renovada esperanza que&nbsp;<strong>la importancia del derecho disciplinario y de la Procuradur\u00eda para la sociedad colombiana resulta hoy inobjetable<\/strong><\/em>\u00ab.&nbsp;<\/p>\n\n\n\n<p>Destac\u00f3, que en un Estado de Derecho, el cual defender\u00e1 de principio a fin mientras sea la procuradora general de la Naci\u00f3n de los colombianos, \u00ab<em>existe el sistema de frenos y contra pesos. Por ello, las actu<strong>aciones disciplinarias a cargo de esta entidad seguir\u00e1n su curso&nbsp;<\/strong>con todas las garant\u00edas, pero tambi\u00e9n hasta sus \u00faltimas consecuencias<\/em>\u00ab.&nbsp;<\/p>\n\n\n\n<p>En la apertura del Seminario Regional de Derecho Disciplinario en Barranquilla, fue enf\u00e1tica en se\u00f1alar que, Colombia es una democracia, un Estado de Derecho y al mismo tiempo un Estado Social, por lo que se \u00ab<em>debe respetar y respaldar la funci\u00f3n de los jueces y de los organismos de control<\/em>\u00ab.<\/p>\n\n\n\n<p>Inst\u00f3 a&nbsp;<strong>seguir fortaleciendo el derecho disciplinario<\/strong>, incorporando el mayor n\u00famero de garant\u00edas, como se ha venido haciendo, pero asegurando que tenga la impronta de ser \u00ab<em>implacable frente a los casos severos de corrupci\u00f3n e ineficiencia administrativa<\/em>\u00bb .<\/p>\n\n\n\n<p>Adem\u00e1s, reiter\u00f3 que la sanci\u00f3n disciplinaria deber\u00e1 reafirmar la vigencia del ordenamiento jur\u00eddico, \u00ab<em>pues ning\u00fan servidor p\u00fablico podr\u00e1 estar por encima de la Constituci\u00f3n Pol\u00edtica y el imperio de la ley<\/em>\u00ab.<\/p>\n\n\n\n<p>Finalmente, cuestion\u00f3 a los que hoy critican la misionalidad de los \u00f3rganos de control. \u00ab<em>Hay un d\u00e9ficit de coherencia, carencia de valores y ausencia de respeto por la sociedad, cuando de manera irresponsable e irreflexiva, se entra a criticar a quienes simplemente cumplen su misi\u00f3n constitucional<\/em>\u00ab.<\/p>\n","protected":false},"excerpt":{"rendered":"<p>La Procuradora Margarita Cabello se refiri\u00f3 a la decisi\u00f3n de la Corte Constitucional de mantener las facultades de la entidad para investigar, sancionar e inhabilitar a servidores p\u00fablicos, incluyendo los de elecci\u00f3n popular.&nbsp; \u00abPuedo afirmar con absoluta certeza, much\u00edsima tranquilidad y renovada esperanza que&nbsp;la importancia del derecho disciplinario y de la Procuradur\u00eda para la sociedad [&hellip;]<\/p>\n","protected":false},"author":2,"featured_media":0,"comment_status":"open","ping_status":"open","sticky":false,"template":"","format":"standard","meta":{"footnotes":""},"categories":[36,32],"tags":[],"class_list":["post-59729","post","type-post","status-publish","format-standard","hentry","category-destacado","category-nacional"],"yoast_head":"<!-- This site is optimized with the Yoast SEO plugin v26.6 - https:\/\/yoast.com\/wordpress\/plugins\/seo\/ -->\n<title>Fallo de la Corte Constitucional: Procuradora ratifica que las investigaciones disciplinarias contin\u00faan y se impondr\u00e1n las sanciones a que haya a lugar -<\/title>\n<meta name=\"robots\" content=\"index, follow, max-snippet:-1, max-image-preview:large, max-video-preview:-1\" \/>\n<link rel=\"canonical\" href=\"https:\/\/luchonoticias.com\/editor\/fallo-de-la-corte-constitucional-procuradora-ratifica-que-las-investigaciones-disciplinarias-continuan-y-se-impondran-las-sanciones-a-que-haya-a-lugar\/\" \/>\n<meta property=\"og:locale\" content=\"es_ES\" \/>\n<meta property=\"og:type\" content=\"article\" \/>\n<meta property=\"og:title\" content=\"Fallo de la Corte Constitucional: Procuradora ratifica que las investigaciones disciplinarias contin\u00faan y se impondr\u00e1n las sanciones a que haya a lugar -\" \/>\n<meta property=\"og:url\" content=\"https:\/\/luchonoticias.com\/editor\/fallo-de-la-corte-constitucional-procuradora-ratifica-que-las-investigaciones-disciplinarias-continuan-y-se-impondran-las-sanciones-a-que-haya-a-lugar\/\" \/>\n<meta property=\"article:publisher\" content=\"https:\/\/www.facebook.com\/luchonoticiasneiva\" \/>\n<meta property=\"article:published_time\" content=\"2023-09-05T12:19:15+00:00\" \/>\n<meta property=\"article:modified_time\" content=\"2023-09-05T12:19:18+00:00\" \/>\n<meta name=\"author\" content=\"Editor General\" \/>\n<meta name=\"twitter:card\" content=\"summary_large_image\" \/>\n<meta name=\"twitter:label1\" content=\"Escrito por\" \/>\n\t<meta name=\"twitter:data1\" content=\"Editor General\" \/>\n\t<meta name=\"twitter:label2\" content=\"Tiempo de lectura\" \/>\n\t<meta name=\"twitter:data2\" content=\"2 minutos\" \/>\n<script type=\"application\/ld+json\" class=\"yoast-schema-graph\">{\"@context\":\"https:\/\/schema.org\",\"@graph\":[{\"@type\":\"Article\",\"@id\":\"https:\/\/luchonoticias.com\/editor\/fallo-de-la-corte-constitucional-procuradora-ratifica-que-las-investigaciones-disciplinarias-continuan-y-se-impondran-las-sanciones-a-que-haya-a-lugar\/#article\",\"isPartOf\":{\"@id\":\"https:\/\/luchonoticias.com\/editor\/fallo-de-la-corte-constitucional-procuradora-ratifica-que-las-investigaciones-disciplinarias-continuan-y-se-impondran-las-sanciones-a-que-haya-a-lugar\/\"},\"author\":{\"name\":\"Editor General\",\"@id\":\"https:\/\/luchonoticias.com\/editor\/#\/schema\/person\/29217990ddf6f14e35912b2866d591fb\"},\"headline\":\"Fallo de la Corte Constitucional: Procuradora ratifica que las investigaciones disciplinarias contin\u00faan y se impondr\u00e1n las sanciones a que haya a lugar\",\"datePublished\":\"2023-09-05T12:19:15+00:00\",\"dateModified\":\"2023-09-05T12:19:18+00:00\",\"mainEntityOfPage\":{\"@id\":\"https:\/\/luchonoticias.com\/editor\/fallo-de-la-corte-constitucional-procuradora-ratifica-que-las-investigaciones-disciplinarias-continuan-y-se-impondran-las-sanciones-a-que-haya-a-lugar\/\"},\"wordCount\":334,\"commentCount\":0,\"publisher\":{\"@id\":\"https:\/\/luchonoticias.com\/editor\/#\/schema\/person\/7a7fd911f58561fd056dbac7b55af9cd\"},\"articleSection\":[\"Destacado\",\"Nacional\"],\"inLanguage\":\"es\",\"potentialAction\":[{\"@type\":\"CommentAction\",\"name\":\"Comment\",\"target\":[\"https:\/\/luchonoticias.com\/editor\/fallo-de-la-corte-constitucional-procuradora-ratifica-que-las-investigaciones-disciplinarias-continuan-y-se-impondran-las-sanciones-a-que-haya-a-lugar\/#respond\"]}]},{\"@type\":\"WebPage\",\"@id\":\"https:\/\/luchonoticias.com\/editor\/fallo-de-la-corte-constitucional-procuradora-ratifica-que-las-investigaciones-disciplinarias-continuan-y-se-impondran-las-sanciones-a-que-haya-a-lugar\/\",\"url\":\"https:\/\/luchonoticias.com\/editor\/fallo-de-la-corte-constitucional-procuradora-ratifica-que-las-investigaciones-disciplinarias-continuan-y-se-impondran-las-sanciones-a-que-haya-a-lugar\/\",\"name\":\"Fallo de la Corte Constitucional: Procuradora ratifica que las investigaciones disciplinarias contin\u00faan y se impondr\u00e1n las sanciones a que haya a lugar -\",\"isPartOf\":{\"@id\":\"https:\/\/luchonoticias.com\/editor\/#website\"},\"datePublished\":\"2023-09-05T12:19:15+00:00\",\"dateModified\":\"2023-09-05T12:19:18+00:00\",\"breadcrumb\":{\"@id\":\"https:\/\/luchonoticias.com\/editor\/fallo-de-la-corte-constitucional-procuradora-ratifica-que-las-investigaciones-disciplinarias-continuan-y-se-impondran-las-sanciones-a-que-haya-a-lugar\/#breadcrumb\"},\"inLanguage\":\"es\",\"potentialAction\":[{\"@type\":\"ReadAction\",\"target\":[\"https:\/\/luchonoticias.com\/editor\/fallo-de-la-corte-constitucional-procuradora-ratifica-que-las-investigaciones-disciplinarias-continuan-y-se-impondran-las-sanciones-a-que-haya-a-lugar\/\"]}]},{\"@type\":\"BreadcrumbList\",\"@id\":\"https:\/\/luchonoticias.com\/editor\/fallo-de-la-corte-constitucional-procuradora-ratifica-que-las-investigaciones-disciplinarias-continuan-y-se-impondran-las-sanciones-a-que-haya-a-lugar\/#breadcrumb\",\"itemListElement\":[{\"@type\":\"ListItem\",\"position\":1,\"name\":\"Portada\",\"item\":\"https:\/\/luchonoticias.com\/editor\/\"},{\"@type\":\"ListItem\",\"position\":2,\"name\":\"Fallo de la Corte Constitucional: Procuradora ratifica que las investigaciones disciplinarias contin\u00faan y se impondr\u00e1n las sanciones a que haya a lugar\"}]},{\"@type\":\"WebSite\",\"@id\":\"https:\/\/luchonoticias.com\/editor\/#website\",\"url\":\"https:\/\/luchonoticias.com\/editor\/\",\"name\":\"\",\"description\":\"\",\"publisher\":{\"@id\":\"https:\/\/luchonoticias.com\/editor\/#\/schema\/person\/7a7fd911f58561fd056dbac7b55af9cd\"},\"potentialAction\":[{\"@type\":\"SearchAction\",\"target\":{\"@type\":\"EntryPoint\",\"urlTemplate\":\"https:\/\/luchonoticias.com\/editor\/?s={search_term_string}\"},\"query-input\":{\"@type\":\"PropertyValueSpecification\",\"valueRequired\":true,\"valueName\":\"search_term_string\"}}],\"inLanguage\":\"es\"},{\"@type\":[\"Person\",\"Organization\"],\"@id\":\"https:\/\/luchonoticias.com\/editor\/#\/schema\/person\/7a7fd911f58561fd056dbac7b55af9cd\",\"name\":\"admin\",\"image\":{\"@type\":\"ImageObject\",\"inLanguage\":\"es\",\"@id\":\"https:\/\/luchonoticias.com\/editor\/#\/schema\/person\/image\/\",\"url\":\"https:\/\/luchonoticias.com\/editor\/wp-content\/uploads\/2024\/02\/cropped-cropped-logolu.webp\",\"contentUrl\":\"https:\/\/luchonoticias.com\/editor\/wp-content\/uploads\/2024\/02\/cropped-cropped-logolu.webp\",\"width\":382,\"height\":170,\"caption\":\"admin\"},\"logo\":{\"@id\":\"https:\/\/luchonoticias.com\/editor\/#\/schema\/person\/image\/\"},\"sameAs\":[\"https:\/\/www.facebook.com\/luchonoticiasneiva\"]},{\"@type\":\"Person\",\"@id\":\"https:\/\/luchonoticias.com\/editor\/#\/schema\/person\/29217990ddf6f14e35912b2866d591fb\",\"name\":\"Editor General\",\"image\":{\"@type\":\"ImageObject\",\"inLanguage\":\"es\",\"@id\":\"https:\/\/luchonoticias.com\/editor\/#\/schema\/person\/image\/\",\"url\":\"https:\/\/luchonoticias.com\/editor\/wp-content\/uploads\/2024\/02\/cropped-cropped-logolu-150x150.webp\",\"contentUrl\":\"https:\/\/luchonoticias.com\/editor\/wp-content\/uploads\/2024\/02\/cropped-cropped-logolu-150x150.webp\",\"caption\":\"Editor General\"},\"sameAs\":[\"https:\/\/luchonoticias.com\/\"],\"url\":\"https:\/\/luchonoticias.com\/editor\/author\/editor-general\/\"}]}<\/script>\n<!-- \/ Yoast SEO plugin. -->","yoast_head_json":{"title":"Fallo de la Corte Constitucional: Procuradora ratifica que las investigaciones disciplinarias contin\u00faan y se impondr\u00e1n las sanciones a que haya a lugar -","robots":{"index":"index","follow":"follow","max-snippet":"max-snippet:-1","max-image-preview":"max-image-preview:large","max-video-preview":"max-video-preview:-1"},"canonical":"https:\/\/luchonoticias.com\/editor\/fallo-de-la-corte-constitucional-procuradora-ratifica-que-las-investigaciones-disciplinarias-continuan-y-se-impondran-las-sanciones-a-que-haya-a-lugar\/","og_locale":"es_ES","og_type":"article","og_title":"Fallo de la Corte Constitucional: Procuradora ratifica que las investigaciones disciplinarias contin\u00faan y se impondr\u00e1n las sanciones a que haya a lugar -","og_url":"https:\/\/luchonoticias.com\/editor\/fallo-de-la-corte-constitucional-procuradora-ratifica-que-las-investigaciones-disciplinarias-continuan-y-se-impondran-las-sanciones-a-que-haya-a-lugar\/","article_publisher":"https:\/\/www.facebook.com\/luchonoticiasneiva","article_published_time":"2023-09-05T12:19:15+00:00","article_modified_time":"2023-09-05T12:19:18+00:00","author":"Editor General","twitter_card":"summary_large_image","twitter_misc":{"Escrito por":"Editor General","Tiempo de lectura":"2 minutos"},"schema":{"@context":"https:\/\/schema.org","@graph":[{"@type":"Article","@id":"https:\/\/luchonoticias.com\/editor\/fallo-de-la-corte-constitucional-procuradora-ratifica-que-las-investigaciones-disciplinarias-continuan-y-se-impondran-las-sanciones-a-que-haya-a-lugar\/#article","isPartOf":{"@id":"https:\/\/luchonoticias.com\/editor\/fallo-de-la-corte-constitucional-procuradora-ratifica-que-las-investigaciones-disciplinarias-continuan-y-se-impondran-las-sanciones-a-que-haya-a-lugar\/"},"author":{"name":"Editor General","@id":"https:\/\/luchonoticias.com\/editor\/#\/schema\/person\/29217990ddf6f14e35912b2866d591fb"},"headline":"Fallo de la Corte Constitucional: Procuradora ratifica que las investigaciones disciplinarias contin\u00faan y se impondr\u00e1n las sanciones a que haya a lugar","datePublished":"2023-09-05T12:19:15+00:00","dateModified":"2023-09-05T12:19:18+00:00","mainEntityOfPage":{"@id":"https:\/\/luchonoticias.com\/editor\/fallo-de-la-corte-constitucional-procuradora-ratifica-que-las-investigaciones-disciplinarias-continuan-y-se-impondran-las-sanciones-a-que-haya-a-lugar\/"},"wordCount":334,"commentCount":0,"publisher":{"@id":"https:\/\/luchonoticias.com\/editor\/#\/schema\/person\/7a7fd911f58561fd056dbac7b55af9cd"},"articleSection":["Destacado","Nacional"],"inLanguage":"es","potentialAction":[{"@type":"CommentAction","name":"Comment","target":["https:\/\/luchonoticias.com\/editor\/fallo-de-la-corte-constitucional-procuradora-ratifica-que-las-investigaciones-disciplinarias-continuan-y-se-impondran-las-sanciones-a-que-haya-a-lugar\/#respond"]}]},{"@type":"WebPage","@id":"https:\/\/luchonoticias.com\/editor\/fallo-de-la-corte-constitucional-procuradora-ratifica-que-las-investigaciones-disciplinarias-continuan-y-se-impondran-las-sanciones-a-que-haya-a-lugar\/","url":"https:\/\/luchonoticias.com\/editor\/fallo-de-la-corte-constitucional-procuradora-ratifica-que-las-investigaciones-disciplinarias-continuan-y-se-impondran-las-sanciones-a-que-haya-a-lugar\/","name":"Fallo de la Corte Constitucional: Procuradora ratifica que las investigaciones disciplinarias contin\u00faan y se impondr\u00e1n las sanciones a que haya a lugar -","isPartOf":{"@id":"https:\/\/luchonoticias.com\/editor\/#website"},"datePublished":"2023-09-05T12:19:15+00:00","dateModified":"2023-09-05T12:19:18+00:00","breadcrumb":{"@id":"https:\/\/luchonoticias.com\/editor\/fallo-de-la-corte-constitucional-procuradora-ratifica-que-las-investigaciones-disciplinarias-continuan-y-se-impondran-las-sanciones-a-que-haya-a-lugar\/#breadcrumb"},"inLanguage":"es","potentialAction":[{"@type":"ReadAction","target":["https:\/\/luchonoticias.com\/editor\/fallo-de-la-corte-constitucional-procuradora-ratifica-que-las-investigaciones-disciplinarias-continuan-y-se-impondran-las-sanciones-a-que-haya-a-lugar\/"]}]},{"@type":"BreadcrumbList","@id":"https:\/\/luchonoticias.com\/editor\/fallo-de-la-corte-constitucional-procuradora-ratifica-que-las-investigaciones-disciplinarias-continuan-y-se-impondran-las-sanciones-a-que-haya-a-lugar\/#breadcrumb","itemListElement":[{"@type":"ListItem","position":1,"name":"Portada","item":"https:\/\/luchonoticias.com\/editor\/"},{"@type":"ListItem","position":2,"name":"Fallo de la Corte Constitucional: Procuradora ratifica que las investigaciones disciplinarias contin\u00faan y se impondr\u00e1n las sanciones a que haya a lugar"}]},{"@type":"WebSite","@id":"https:\/\/luchonoticias.com\/editor\/#website","url":"https:\/\/luchonoticias.com\/editor\/","name":"","description":"","publisher":{"@id":"https:\/\/luchonoticias.com\/editor\/#\/schema\/person\/7a7fd911f58561fd056dbac7b55af9cd"},"potentialAction":[{"@type":"SearchAction","target":{"@type":"EntryPoint","urlTemplate":"https:\/\/luchonoticias.com\/editor\/?s={search_term_string}"},"query-input":{"@type":"PropertyValueSpecification","valueRequired":true,"valueName":"search_term_string"}}],"inLanguage":"es"},{"@type":["Person","Organization"],"@id":"https:\/\/luchonoticias.com\/editor\/#\/schema\/person\/7a7fd911f58561fd056dbac7b55af9cd","name":"admin","image":{"@type":"ImageObject","inLanguage":"es","@id":"https:\/\/luchonoticias.com\/editor\/#\/schema\/person\/image\/","url":"https:\/\/luchonoticias.com\/editor\/wp-content\/uploads\/2024\/02\/cropped-cropped-logolu.webp","contentUrl":"https:\/\/luchonoticias.com\/editor\/wp-content\/uploads\/2024\/02\/cropped-cropped-logolu.webp","width":382,"height":170,"caption":"admin"},"logo":{"@id":"https:\/\/luchonoticias.com\/editor\/#\/schema\/person\/image\/"},"sameAs":["https:\/\/www.facebook.com\/luchonoticiasneiva"]},{"@type":"Person","@id":"https:\/\/luchonoticias.com\/editor\/#\/schema\/person\/29217990ddf6f14e35912b2866d591fb","name":"Editor General","image":{"@type":"ImageObject","inLanguage":"es","@id":"https:\/\/luchonoticias.com\/editor\/#\/schema\/person\/image\/","url":"https:\/\/luchonoticias.com\/editor\/wp-content\/uploads\/2024\/02\/cropped-cropped-logolu-150x150.webp","contentUrl":"https:\/\/luchonoticias.com\/editor\/wp-content\/uploads\/2024\/02\/cropped-cropped-logolu-150x150.webp","caption":"Editor General"},"sameAs":["https:\/\/luchonoticias.com\/"],"url":"https:\/\/luchonoticias.com\/editor\/author\/editor-general\/"}]}},"_links":{"self":[{"href":"https:\/\/luchonoticias.com\/editor\/wp-json\/wp\/v2\/posts\/59729","targetHints":{"allow":["GET"]}}],"collection":[{"href":"https:\/\/luchonoticias.com\/editor\/wp-json\/wp\/v2\/posts"}],"about":[{"href":"https:\/\/luchonoticias.com\/editor\/wp-json\/wp\/v2\/types\/post"}],"author":[{"embeddable":true,"href":"https:\/\/luchonoticias.com\/editor\/wp-json\/wp\/v2\/users\/2"}],"replies":[{"embeddable":true,"href":"https:\/\/luchonoticias.com\/editor\/wp-json\/wp\/v2\/comments?post=59729"}],"version-history":[{"count":0,"href":"https:\/\/luchonoticias.com\/editor\/wp-json\/wp\/v2\/posts\/59729\/revisions"}],"wp:attachment":[{"href":"https:\/\/luchonoticias.com\/editor\/wp-json\/wp\/v2\/media?parent=59729"}],"wp:term":[{"taxonomy":"category","embeddable":true,"href":"https:\/\/luchonoticias.com\/editor\/wp-json\/wp\/v2\/categories?post=59729"},{"taxonomy":"post_tag","embeddable":true,"href":"https:\/\/luchonoticias.com\/editor\/wp-json\/wp\/v2\/tags?post=59729"}],"curies":[{"name":"wp","href":"https:\/\/api.w.org\/{rel}","templated":true}]}}