{"id":59737,"date":"2023-09-05T11:32:27","date_gmt":"2023-09-05T16:32:27","guid":{"rendered":"https:\/\/luchonoticias.com\/?p=59737"},"modified":"2023-09-05T11:32:29","modified_gmt":"2023-09-05T16:32:29","slug":"nuevo-proyecto-para-el-beneficio-de-las-familias-cafeteras","status":"publish","type":"post","link":"https:\/\/luchonoticias.com\/editor\/nuevo-proyecto-para-el-beneficio-de-las-familias-cafeteras\/","title":{"rendered":"Nuevo proyecto para el beneficio de las familias cafeteras"},"content":{"rendered":"\n<p>El Gobierno \u201cHuila Crece\u201d, suscribi\u00f3 un&nbsp;<strong>millonario convenio con la Federaci\u00f3n Nacional de Cafeteros<\/strong>, denominado \u201cApoyo al caficultor para mejorar sus ingresos mediante la diversificaci\u00f3n de cultivos transitorios, asistencia t\u00e9cnica y acompa\u00f1amiento especializado en el departamento del Huila\u201d,&nbsp;<strong>financiado con recursos por el orden de los $9.794.455.084<\/strong>, de los cuales $6.994.455.084, son aportados por el gobierno departamental.<\/p>\n\n\n\n<p>Este ambicioso proyecto busca&nbsp;<strong>impactar 8.000 peque\u00f1os productores de los 35 municipios cafeteros del Huila,<\/strong>&nbsp;mejorando la productividad y rentabilidad del cultivo del caf\u00e9 mediante la transferencia de tecnolog\u00eda, mejores pr\u00e1cticas en producci\u00f3n de caf\u00e9, y diversificaci\u00f3n productiva y calidad del producto final.<\/p>\n\n\n\n<p>Las actividades propuestas a trav\u00e9s de esta estrategia para alcanzar los<strong>&nbsp;objetivos trazados<\/strong>&nbsp;son:<\/p>\n\n\n\n<ul class=\"wp-block-list\">\n<li>Asistir t\u00e9cnicamente a los beneficiarios del proyecto para los procesos de renovaci\u00f3n de cafetales, diversificaci\u00f3n de cultivos, y aplicaci\u00f3n de buenas pr\u00e1cticas durante fases de beneficio y secado a trav\u00e9s de m\u00e9todos de extensi\u00f3n rural.<\/li>\n\n\n\n<li>Sembrar 2.000 hect\u00e1reas de ma\u00edz, y 2.000 hect\u00e1reas de frijol como alternativa de diversificaci\u00f3n de cultivos de ciclo corto para la generaci\u00f3n de ingresos y seguridad alimentaria.<\/li>\n\n\n\n<li>Capacitar a 24 caficultores en procesos de cataci\u00f3n, que permitan que el caficultor conozca y reconozca la calidad de su caf\u00e9.<\/li>\n\n\n\n<li>Realizar 1.300 An\u00e1lisis de suelo para la determinaci\u00f3n de nutrientes adicionales y elaboraci\u00f3n del planes de fertilizaci\u00f3n.<\/li>\n\n\n\n<li>Suministrar e instalar 748 sistemas modulares para el proceso de secado del grano de caf\u00e9.<\/li>\n<\/ul>\n","protected":false},"excerpt":{"rendered":"<p>El Gobierno \u201cHuila Crece\u201d, suscribi\u00f3 un&nbsp;millonario convenio con la Federaci\u00f3n Nacional de Cafeteros, denominado \u201cApoyo al caficultor para mejorar sus ingresos mediante la diversificaci\u00f3n de cultivos transitorios, asistencia t\u00e9cnica y acompa\u00f1amiento especializado en el departamento del Huila\u201d,&nbsp;financiado con recursos por el orden de los $9.794.455.084, de los cuales $6.994.455.084, son aportados por el gobierno departamental. [&hellip;]<\/p>\n","protected":false},"author":2,"featured_media":0,"comment_status":"open","ping_status":"open","sticky":false,"template":"","format":"standard","meta":{"footnotes":""},"categories":[33],"tags":[],"class_list":["post-59737","post","type-post","status-publish","format-standard","hentry","category-huila"],"yoast_head":"<!-- This site is optimized with the Yoast SEO plugin v26.6 - https:\/\/yoast.com\/wordpress\/plugins\/seo\/ -->\n<title>Nuevo proyecto para el beneficio de las familias cafeteras -<\/title>\n<meta name=\"robots\" content=\"index, follow, max-snippet:-1, max-image-preview:large, max-video-preview:-1\" \/>\n<link rel=\"canonical\" href=\"https:\/\/luchonoticias.com\/editor\/nuevo-proyecto-para-el-beneficio-de-las-familias-cafeteras\/\" \/>\n<meta property=\"og:locale\" content=\"es_ES\" \/>\n<meta property=\"og:type\" content=\"article\" \/>\n<meta property=\"og:title\" content=\"Nuevo proyecto para el beneficio de las familias cafeteras -\" \/>\n<meta property=\"og:url\" content=\"https:\/\/luchonoticias.com\/editor\/nuevo-proyecto-para-el-beneficio-de-las-familias-cafeteras\/\" \/>\n<meta property=\"article:publisher\" content=\"https:\/\/www.facebook.com\/luchonoticiasneiva\" \/>\n<meta property=\"article:published_time\" content=\"2023-09-05T16:32:27+00:00\" \/>\n<meta property=\"article:modified_time\" content=\"2023-09-05T16:32:29+00:00\" \/>\n<meta name=\"author\" content=\"Editor General\" \/>\n<meta name=\"twitter:card\" content=\"summary_large_image\" \/>\n<meta name=\"twitter:label1\" content=\"Escrito por\" \/>\n\t<meta name=\"twitter:data1\" content=\"Editor General\" \/>\n\t<meta name=\"twitter:label2\" content=\"Tiempo de lectura\" \/>\n\t<meta name=\"twitter:data2\" content=\"1 minuto\" \/>\n<script type=\"application\/ld+json\" class=\"yoast-schema-graph\">{\"@context\":\"https:\/\/schema.org\",\"@graph\":[{\"@type\":\"Article\",\"@id\":\"https:\/\/luchonoticias.com\/editor\/nuevo-proyecto-para-el-beneficio-de-las-familias-cafeteras\/#article\",\"isPartOf\":{\"@id\":\"https:\/\/luchonoticias.com\/editor\/nuevo-proyecto-para-el-beneficio-de-las-familias-cafeteras\/\"},\"author\":{\"name\":\"Editor General\",\"@id\":\"https:\/\/luchonoticias.com\/editor\/#\/schema\/person\/29217990ddf6f14e35912b2866d591fb\"},\"headline\":\"Nuevo proyecto para el beneficio de las familias cafeteras\",\"datePublished\":\"2023-09-05T16:32:27+00:00\",\"dateModified\":\"2023-09-05T16:32:29+00:00\",\"mainEntityOfPage\":{\"@id\":\"https:\/\/luchonoticias.com\/editor\/nuevo-proyecto-para-el-beneficio-de-las-familias-cafeteras\/\"},\"wordCount\":263,\"commentCount\":0,\"publisher\":{\"@id\":\"https:\/\/luchonoticias.com\/editor\/#\/schema\/person\/7a7fd911f58561fd056dbac7b55af9cd\"},\"articleSection\":[\"Huila\"],\"inLanguage\":\"es\",\"potentialAction\":[{\"@type\":\"CommentAction\",\"name\":\"Comment\",\"target\":[\"https:\/\/luchonoticias.com\/editor\/nuevo-proyecto-para-el-beneficio-de-las-familias-cafeteras\/#respond\"]}]},{\"@type\":\"WebPage\",\"@id\":\"https:\/\/luchonoticias.com\/editor\/nuevo-proyecto-para-el-beneficio-de-las-familias-cafeteras\/\",\"url\":\"https:\/\/luchonoticias.com\/editor\/nuevo-proyecto-para-el-beneficio-de-las-familias-cafeteras\/\",\"name\":\"Nuevo proyecto para el beneficio de las familias cafeteras -\",\"isPartOf\":{\"@id\":\"https:\/\/luchonoticias.com\/editor\/#website\"},\"datePublished\":\"2023-09-05T16:32:27+00:00\",\"dateModified\":\"2023-09-05T16:32:29+00:00\",\"breadcrumb\":{\"@id\":\"https:\/\/luchonoticias.com\/editor\/nuevo-proyecto-para-el-beneficio-de-las-familias-cafeteras\/#breadcrumb\"},\"inLanguage\":\"es\",\"potentialAction\":[{\"@type\":\"ReadAction\",\"target\":[\"https:\/\/luchonoticias.com\/editor\/nuevo-proyecto-para-el-beneficio-de-las-familias-cafeteras\/\"]}]},{\"@type\":\"BreadcrumbList\",\"@id\":\"https:\/\/luchonoticias.com\/editor\/nuevo-proyecto-para-el-beneficio-de-las-familias-cafeteras\/#breadcrumb\",\"itemListElement\":[{\"@type\":\"ListItem\",\"position\":1,\"name\":\"Portada\",\"item\":\"https:\/\/luchonoticias.com\/editor\/\"},{\"@type\":\"ListItem\",\"position\":2,\"name\":\"Nuevo proyecto para el beneficio de las familias cafeteras\"}]},{\"@type\":\"WebSite\",\"@id\":\"https:\/\/luchonoticias.com\/editor\/#website\",\"url\":\"https:\/\/luchonoticias.com\/editor\/\",\"name\":\"\",\"description\":\"\",\"publisher\":{\"@id\":\"https:\/\/luchonoticias.com\/editor\/#\/schema\/person\/7a7fd911f58561fd056dbac7b55af9cd\"},\"potentialAction\":[{\"@type\":\"SearchAction\",\"target\":{\"@type\":\"EntryPoint\",\"urlTemplate\":\"https:\/\/luchonoticias.com\/editor\/?s={search_term_string}\"},\"query-input\":{\"@type\":\"PropertyValueSpecification\",\"valueRequired\":true,\"valueName\":\"search_term_string\"}}],\"inLanguage\":\"es\"},{\"@type\":[\"Person\",\"Organization\"],\"@id\":\"https:\/\/luchonoticias.com\/editor\/#\/schema\/person\/7a7fd911f58561fd056dbac7b55af9cd\",\"name\":\"admin\",\"image\":{\"@type\":\"ImageObject\",\"inLanguage\":\"es\",\"@id\":\"https:\/\/luchonoticias.com\/editor\/#\/schema\/person\/image\/\",\"url\":\"https:\/\/luchonoticias.com\/editor\/wp-content\/uploads\/2024\/02\/cropped-cropped-logolu.webp\",\"contentUrl\":\"https:\/\/luchonoticias.com\/editor\/wp-content\/uploads\/2024\/02\/cropped-cropped-logolu.webp\",\"width\":382,\"height\":170,\"caption\":\"admin\"},\"logo\":{\"@id\":\"https:\/\/luchonoticias.com\/editor\/#\/schema\/person\/image\/\"},\"sameAs\":[\"https:\/\/www.facebook.com\/luchonoticiasneiva\"]},{\"@type\":\"Person\",\"@id\":\"https:\/\/luchonoticias.com\/editor\/#\/schema\/person\/29217990ddf6f14e35912b2866d591fb\",\"name\":\"Editor General\",\"image\":{\"@type\":\"ImageObject\",\"inLanguage\":\"es\",\"@id\":\"https:\/\/luchonoticias.com\/editor\/#\/schema\/person\/image\/\",\"url\":\"https:\/\/luchonoticias.com\/editor\/wp-content\/uploads\/2024\/02\/cropped-cropped-logolu-150x150.webp\",\"contentUrl\":\"https:\/\/luchonoticias.com\/editor\/wp-content\/uploads\/2024\/02\/cropped-cropped-logolu-150x150.webp\",\"caption\":\"Editor General\"},\"sameAs\":[\"https:\/\/luchonoticias.com\/\"],\"url\":\"https:\/\/luchonoticias.com\/editor\/author\/editor-general\/\"}]}<\/script>\n<!-- \/ Yoast SEO plugin. -->","yoast_head_json":{"title":"Nuevo proyecto para el beneficio de las familias cafeteras -","robots":{"index":"index","follow":"follow","max-snippet":"max-snippet:-1","max-image-preview":"max-image-preview:large","max-video-preview":"max-video-preview:-1"},"canonical":"https:\/\/luchonoticias.com\/editor\/nuevo-proyecto-para-el-beneficio-de-las-familias-cafeteras\/","og_locale":"es_ES","og_type":"article","og_title":"Nuevo proyecto para el beneficio de las familias cafeteras -","og_url":"https:\/\/luchonoticias.com\/editor\/nuevo-proyecto-para-el-beneficio-de-las-familias-cafeteras\/","article_publisher":"https:\/\/www.facebook.com\/luchonoticiasneiva","article_published_time":"2023-09-05T16:32:27+00:00","article_modified_time":"2023-09-05T16:32:29+00:00","author":"Editor General","twitter_card":"summary_large_image","twitter_misc":{"Escrito por":"Editor General","Tiempo de lectura":"1 minuto"},"schema":{"@context":"https:\/\/schema.org","@graph":[{"@type":"Article","@id":"https:\/\/luchonoticias.com\/editor\/nuevo-proyecto-para-el-beneficio-de-las-familias-cafeteras\/#article","isPartOf":{"@id":"https:\/\/luchonoticias.com\/editor\/nuevo-proyecto-para-el-beneficio-de-las-familias-cafeteras\/"},"author":{"name":"Editor General","@id":"https:\/\/luchonoticias.com\/editor\/#\/schema\/person\/29217990ddf6f14e35912b2866d591fb"},"headline":"Nuevo proyecto para el beneficio de las familias cafeteras","datePublished":"2023-09-05T16:32:27+00:00","dateModified":"2023-09-05T16:32:29+00:00","mainEntityOfPage":{"@id":"https:\/\/luchonoticias.com\/editor\/nuevo-proyecto-para-el-beneficio-de-las-familias-cafeteras\/"},"wordCount":263,"commentCount":0,"publisher":{"@id":"https:\/\/luchonoticias.com\/editor\/#\/schema\/person\/7a7fd911f58561fd056dbac7b55af9cd"},"articleSection":["Huila"],"inLanguage":"es","potentialAction":[{"@type":"CommentAction","name":"Comment","target":["https:\/\/luchonoticias.com\/editor\/nuevo-proyecto-para-el-beneficio-de-las-familias-cafeteras\/#respond"]}]},{"@type":"WebPage","@id":"https:\/\/luchonoticias.com\/editor\/nuevo-proyecto-para-el-beneficio-de-las-familias-cafeteras\/","url":"https:\/\/luchonoticias.com\/editor\/nuevo-proyecto-para-el-beneficio-de-las-familias-cafeteras\/","name":"Nuevo proyecto para el beneficio de las familias cafeteras -","isPartOf":{"@id":"https:\/\/luchonoticias.com\/editor\/#website"},"datePublished":"2023-09-05T16:32:27+00:00","dateModified":"2023-09-05T16:32:29+00:00","breadcrumb":{"@id":"https:\/\/luchonoticias.com\/editor\/nuevo-proyecto-para-el-beneficio-de-las-familias-cafeteras\/#breadcrumb"},"inLanguage":"es","potentialAction":[{"@type":"ReadAction","target":["https:\/\/luchonoticias.com\/editor\/nuevo-proyecto-para-el-beneficio-de-las-familias-cafeteras\/"]}]},{"@type":"BreadcrumbList","@id":"https:\/\/luchonoticias.com\/editor\/nuevo-proyecto-para-el-beneficio-de-las-familias-cafeteras\/#breadcrumb","itemListElement":[{"@type":"ListItem","position":1,"name":"Portada","item":"https:\/\/luchonoticias.com\/editor\/"},{"@type":"ListItem","position":2,"name":"Nuevo proyecto para el beneficio de las familias cafeteras"}]},{"@type":"WebSite","@id":"https:\/\/luchonoticias.com\/editor\/#website","url":"https:\/\/luchonoticias.com\/editor\/","name":"","description":"","publisher":{"@id":"https:\/\/luchonoticias.com\/editor\/#\/schema\/person\/7a7fd911f58561fd056dbac7b55af9cd"},"potentialAction":[{"@type":"SearchAction","target":{"@type":"EntryPoint","urlTemplate":"https:\/\/luchonoticias.com\/editor\/?s={search_term_string}"},"query-input":{"@type":"PropertyValueSpecification","valueRequired":true,"valueName":"search_term_string"}}],"inLanguage":"es"},{"@type":["Person","Organization"],"@id":"https:\/\/luchonoticias.com\/editor\/#\/schema\/person\/7a7fd911f58561fd056dbac7b55af9cd","name":"admin","image":{"@type":"ImageObject","inLanguage":"es","@id":"https:\/\/luchonoticias.com\/editor\/#\/schema\/person\/image\/","url":"https:\/\/luchonoticias.com\/editor\/wp-content\/uploads\/2024\/02\/cropped-cropped-logolu.webp","contentUrl":"https:\/\/luchonoticias.com\/editor\/wp-content\/uploads\/2024\/02\/cropped-cropped-logolu.webp","width":382,"height":170,"caption":"admin"},"logo":{"@id":"https:\/\/luchonoticias.com\/editor\/#\/schema\/person\/image\/"},"sameAs":["https:\/\/www.facebook.com\/luchonoticiasneiva"]},{"@type":"Person","@id":"https:\/\/luchonoticias.com\/editor\/#\/schema\/person\/29217990ddf6f14e35912b2866d591fb","name":"Editor General","image":{"@type":"ImageObject","inLanguage":"es","@id":"https:\/\/luchonoticias.com\/editor\/#\/schema\/person\/image\/","url":"https:\/\/luchonoticias.com\/editor\/wp-content\/uploads\/2024\/02\/cropped-cropped-logolu-150x150.webp","contentUrl":"https:\/\/luchonoticias.com\/editor\/wp-content\/uploads\/2024\/02\/cropped-cropped-logolu-150x150.webp","caption":"Editor General"},"sameAs":["https:\/\/luchonoticias.com\/"],"url":"https:\/\/luchonoticias.com\/editor\/author\/editor-general\/"}]}},"_links":{"self":[{"href":"https:\/\/luchonoticias.com\/editor\/wp-json\/wp\/v2\/posts\/59737","targetHints":{"allow":["GET"]}}],"collection":[{"href":"https:\/\/luchonoticias.com\/editor\/wp-json\/wp\/v2\/posts"}],"about":[{"href":"https:\/\/luchonoticias.com\/editor\/wp-json\/wp\/v2\/types\/post"}],"author":[{"embeddable":true,"href":"https:\/\/luchonoticias.com\/editor\/wp-json\/wp\/v2\/users\/2"}],"replies":[{"embeddable":true,"href":"https:\/\/luchonoticias.com\/editor\/wp-json\/wp\/v2\/comments?post=59737"}],"version-history":[{"count":0,"href":"https:\/\/luchonoticias.com\/editor\/wp-json\/wp\/v2\/posts\/59737\/revisions"}],"wp:attachment":[{"href":"https:\/\/luchonoticias.com\/editor\/wp-json\/wp\/v2\/media?parent=59737"}],"wp:term":[{"taxonomy":"category","embeddable":true,"href":"https:\/\/luchonoticias.com\/editor\/wp-json\/wp\/v2\/categories?post=59737"},{"taxonomy":"post_tag","embeddable":true,"href":"https:\/\/luchonoticias.com\/editor\/wp-json\/wp\/v2\/tags?post=59737"}],"curies":[{"name":"wp","href":"https:\/\/api.w.org\/{rel}","templated":true}]}}