{"id":59749,"date":"2023-09-05T15:33:04","date_gmt":"2023-09-05T20:33:04","guid":{"rendered":"https:\/\/luchonoticias.com\/?p=59749"},"modified":"2023-09-05T15:33:05","modified_gmt":"2023-09-05T20:33:05","slug":"gane-porque-un-millon-de-jovenes-entre-18-y-22-anos-salieron-a-votar-como-nunca-gustavo-petro","status":"publish","type":"post","link":"https:\/\/luchonoticias.com\/editor\/gane-porque-un-millon-de-jovenes-entre-18-y-22-anos-salieron-a-votar-como-nunca-gustavo-petro\/","title":{"rendered":"Gane porque un mill\u00f3n de j\u00f3venes, entre 18 y 22 a\u00f1os, salieron a votar como nunca: Gustavo Petro"},"content":{"rendered":"\n<p>El presidente Gustavo Petro Urrego dijo este martes, en su cuenta de X (antes Twitter), que su triunfo en la segunda vuelta electoral se debi\u00f3 a que \u201cun mill\u00f3n de j\u00f3venes, entre 18 y 22 a\u00f1os, salieron a votar como nunca\u201d y que, adem\u00e1s, \u201cse debe a una gran ventaja que obtuve en el Pac\u00edfico colombiano: Nari\u00f1o, Cauca, Valle y Choc\u00f3, un triunfo importante en el Caribe: C\u00f3rdoba, Sucre, Bol\u00edvar, Cesar, Atl\u00e1ntico, Magdalena y Guajira; y al triunfo en Bogot\u00e1 y la Sabana de Bogot\u00e1\u201d.<\/p>\n\n\n\n<p>\u201cSiempre pierdo en el Norte de Santander y, de lejos, siempre pierdo en el Magdalena Medio, solo gano en Barrancabermeja y Puerto Wilches y siempre gano en el Urab\u00e1 antioque\u00f1o. Nunca he sacado en total ni un mill\u00f3n de votos en esas regiones, no alcanzo ni a la mitad y literalmente me duplican mis oponentes\u201d.<\/p>\n\n\n\n<p>De acuerdo con los resultados de la segunda vuelta de las elecciones de 2022, el presidente Gustavo Petro obtuvo 421.173 votos en Norte de Santander, Urab\u00e1 antioque\u00f1o y Magdalena Medio, y no \u201cun mill\u00f3n y pico\u201d como se dice algunos medios y en X.<\/p>\n\n\n\n<p>El comportamiento electoral del entonces candidato Gustavo Petro, seg\u00fan el preconteo de la Registradur\u00eda Nacional de Estado Civil, determin\u00f3 que el 19 de junio de 2022 lograra el 50,4% de la votaci\u00f3n nacional, que confirm\u00f3 su elecci\u00f3n como Presidente de la Rep\u00fablica.<\/p>\n\n\n\n<p>Por regiones, en el departamento de Norte de Santander logr\u00f3 149.413 votos.<\/p>\n\n\n\n<p><strong>Los votos en el Magdalena Medio<\/strong><\/p>\n\n\n\n<p>En el Magdalena Medio antioque\u00f1o obtuvo 15.098 votos (Caracol\u00ed, 510; Maceo, 794; Puerto Berr\u00edo, 5.122; Puerto Nare,&nbsp;&nbsp;&nbsp;&nbsp; 3.023; Puerto Triunfo, 2.093, y Yond\u00f3, 3.556)<\/p>\n\n\n\n<p>En el Magdalena Medio de Bol\u00edvar logr\u00f3 15.450 sufragios (Arenal, 1.818; Cantagallo, 2.476; Morales, 1.822; San Pablo, 4.556; Santa Rosa del Sur, 2.612, y Simit\u00ed, 2.166)<\/p>\n\n\n\n<p>Puerto Boyac\u00e1, municipio boyacense del Magdalena Medio, el jefe de Estado alcanz\u00f3 7.040 votos, mientras que en la regi\u00f3n del Cesar consigui\u00f3 33.187 (Aguachica, 15.134; Gamarra, 2.083; La Gloria, 2.692, Pelaya, 2.391; San Alberto, 4.063; San Mart\u00edn, 3.959, y R\u00edo de Oro, 2.865).<\/p>\n\n\n\n<p>Para la regi\u00f3n del Magdalena Medio santandereano, el mandatario sum\u00f3 en total 89.523 votos (Barrancabermeja, 70.764; Betulia, 356; Bol\u00edvar, 1.235; Cimitarra, 4.026; Carmen de Chucur\u00ed, 509; El Pe\u00f1\u00f3n, 325; Land\u00e1zuri, 1.198; Puerto Parra, 644; Puerto Wilches, 7.500; San Vicente de Chucur\u00ed, 2.331, y Simacota&nbsp;&nbsp;&nbsp;&nbsp; , 635).<\/p>\n\n\n\n<p><strong>Regi\u00f3n del Urab\u00e1 antioque\u00f1o<\/strong><\/p>\n\n\n\n<p>El Urab\u00e1 antioque\u00f1o le dio un apoyo al presidente Petro con un total de 111.462 votos en las tres subregiones en las que se divide esta parte de Colombia.<\/p>\n\n\n\n<p>En Urab\u00e1 Norte logr\u00f3 18.608 (Arboletes, 5.105; San Juan de Urab\u00e1, 3.804; San Pedro de Urab\u00e1, 3.330, y Necocl\u00ed, 6.369).<\/p>\n\n\n\n<p>La regi\u00f3n central, conocida como la zona bananera del pa\u00eds, cont\u00f3 con el apoyo de 86.133 ciudadanos (Apartad\u00f3, 33.732; Carepa, 12.705, Chigorod\u00f3, 12.700, y Turbo, 26.996).<\/p>\n\n\n\n<p>En Urab\u00e1 Sur o Atrato medio antioque\u00f1o el jefe de Estado obtuvo 6.721 votos (Mutat\u00e1, 3.056; Murind\u00f3, 1.381, y Vig\u00eda del Fuerte, 2.284).<\/p>\n","protected":false},"excerpt":{"rendered":"<p>El presidente Gustavo Petro Urrego dijo este martes, en su cuenta de X (antes Twitter), que su triunfo en la segunda vuelta electoral se debi\u00f3 a que \u201cun mill\u00f3n de j\u00f3venes, entre 18 y 22 a\u00f1os, salieron a votar como nunca\u201d y que, adem\u00e1s, \u201cse debe a una gran ventaja que obtuve en el Pac\u00edfico [&hellip;]<\/p>\n","protected":false},"author":2,"featured_media":0,"comment_status":"open","ping_status":"open","sticky":false,"template":"","format":"standard","meta":{"footnotes":""},"categories":[36,32],"tags":[],"class_list":["post-59749","post","type-post","status-publish","format-standard","hentry","category-destacado","category-nacional"],"yoast_head":"<!-- This site is optimized with the Yoast SEO plugin v26.6 - https:\/\/yoast.com\/wordpress\/plugins\/seo\/ -->\n<title>Gane porque un mill\u00f3n de j\u00f3venes, entre 18 y 22 a\u00f1os, salieron a votar como nunca: Gustavo Petro -<\/title>\n<meta name=\"robots\" content=\"index, follow, max-snippet:-1, max-image-preview:large, max-video-preview:-1\" \/>\n<link rel=\"canonical\" href=\"https:\/\/luchonoticias.com\/editor\/gane-porque-un-millon-de-jovenes-entre-18-y-22-anos-salieron-a-votar-como-nunca-gustavo-petro\/\" \/>\n<meta property=\"og:locale\" content=\"es_ES\" \/>\n<meta property=\"og:type\" content=\"article\" \/>\n<meta property=\"og:title\" content=\"Gane porque un mill\u00f3n de j\u00f3venes, entre 18 y 22 a\u00f1os, salieron a votar como nunca: Gustavo Petro -\" \/>\n<meta property=\"og:url\" content=\"https:\/\/luchonoticias.com\/editor\/gane-porque-un-millon-de-jovenes-entre-18-y-22-anos-salieron-a-votar-como-nunca-gustavo-petro\/\" \/>\n<meta property=\"article:publisher\" content=\"https:\/\/www.facebook.com\/luchonoticiasneiva\" \/>\n<meta property=\"article:published_time\" content=\"2023-09-05T20:33:04+00:00\" \/>\n<meta property=\"article:modified_time\" content=\"2023-09-05T20:33:05+00:00\" \/>\n<meta name=\"author\" content=\"Editor General\" \/>\n<meta name=\"twitter:card\" content=\"summary_large_image\" \/>\n<meta name=\"twitter:label1\" content=\"Escrito por\" \/>\n\t<meta name=\"twitter:data1\" content=\"Editor General\" \/>\n\t<meta name=\"twitter:label2\" content=\"Tiempo de lectura\" \/>\n\t<meta name=\"twitter:data2\" content=\"2 minutos\" \/>\n<script type=\"application\/ld+json\" class=\"yoast-schema-graph\">{\"@context\":\"https:\/\/schema.org\",\"@graph\":[{\"@type\":\"Article\",\"@id\":\"https:\/\/luchonoticias.com\/editor\/gane-porque-un-millon-de-jovenes-entre-18-y-22-anos-salieron-a-votar-como-nunca-gustavo-petro\/#article\",\"isPartOf\":{\"@id\":\"https:\/\/luchonoticias.com\/editor\/gane-porque-un-millon-de-jovenes-entre-18-y-22-anos-salieron-a-votar-como-nunca-gustavo-petro\/\"},\"author\":{\"name\":\"Editor General\",\"@id\":\"https:\/\/luchonoticias.com\/editor\/#\/schema\/person\/29217990ddf6f14e35912b2866d591fb\"},\"headline\":\"Gane porque un mill\u00f3n de j\u00f3venes, entre 18 y 22 a\u00f1os, salieron a votar como nunca: Gustavo Petro\",\"datePublished\":\"2023-09-05T20:33:04+00:00\",\"dateModified\":\"2023-09-05T20:33:05+00:00\",\"mainEntityOfPage\":{\"@id\":\"https:\/\/luchonoticias.com\/editor\/gane-porque-un-millon-de-jovenes-entre-18-y-22-anos-salieron-a-votar-como-nunca-gustavo-petro\/\"},\"wordCount\":488,\"commentCount\":0,\"publisher\":{\"@id\":\"https:\/\/luchonoticias.com\/editor\/#\/schema\/person\/7a7fd911f58561fd056dbac7b55af9cd\"},\"articleSection\":[\"Destacado\",\"Nacional\"],\"inLanguage\":\"es\",\"potentialAction\":[{\"@type\":\"CommentAction\",\"name\":\"Comment\",\"target\":[\"https:\/\/luchonoticias.com\/editor\/gane-porque-un-millon-de-jovenes-entre-18-y-22-anos-salieron-a-votar-como-nunca-gustavo-petro\/#respond\"]}]},{\"@type\":\"WebPage\",\"@id\":\"https:\/\/luchonoticias.com\/editor\/gane-porque-un-millon-de-jovenes-entre-18-y-22-anos-salieron-a-votar-como-nunca-gustavo-petro\/\",\"url\":\"https:\/\/luchonoticias.com\/editor\/gane-porque-un-millon-de-jovenes-entre-18-y-22-anos-salieron-a-votar-como-nunca-gustavo-petro\/\",\"name\":\"Gane porque un mill\u00f3n de j\u00f3venes, entre 18 y 22 a\u00f1os, salieron a votar como nunca: Gustavo Petro -\",\"isPartOf\":{\"@id\":\"https:\/\/luchonoticias.com\/editor\/#website\"},\"datePublished\":\"2023-09-05T20:33:04+00:00\",\"dateModified\":\"2023-09-05T20:33:05+00:00\",\"breadcrumb\":{\"@id\":\"https:\/\/luchonoticias.com\/editor\/gane-porque-un-millon-de-jovenes-entre-18-y-22-anos-salieron-a-votar-como-nunca-gustavo-petro\/#breadcrumb\"},\"inLanguage\":\"es\",\"potentialAction\":[{\"@type\":\"ReadAction\",\"target\":[\"https:\/\/luchonoticias.com\/editor\/gane-porque-un-millon-de-jovenes-entre-18-y-22-anos-salieron-a-votar-como-nunca-gustavo-petro\/\"]}]},{\"@type\":\"BreadcrumbList\",\"@id\":\"https:\/\/luchonoticias.com\/editor\/gane-porque-un-millon-de-jovenes-entre-18-y-22-anos-salieron-a-votar-como-nunca-gustavo-petro\/#breadcrumb\",\"itemListElement\":[{\"@type\":\"ListItem\",\"position\":1,\"name\":\"Portada\",\"item\":\"https:\/\/luchonoticias.com\/editor\/\"},{\"@type\":\"ListItem\",\"position\":2,\"name\":\"Gane porque un mill\u00f3n de j\u00f3venes, entre 18 y 22 a\u00f1os, salieron a votar como nunca: Gustavo Petro\"}]},{\"@type\":\"WebSite\",\"@id\":\"https:\/\/luchonoticias.com\/editor\/#website\",\"url\":\"https:\/\/luchonoticias.com\/editor\/\",\"name\":\"\",\"description\":\"\",\"publisher\":{\"@id\":\"https:\/\/luchonoticias.com\/editor\/#\/schema\/person\/7a7fd911f58561fd056dbac7b55af9cd\"},\"potentialAction\":[{\"@type\":\"SearchAction\",\"target\":{\"@type\":\"EntryPoint\",\"urlTemplate\":\"https:\/\/luchonoticias.com\/editor\/?s={search_term_string}\"},\"query-input\":{\"@type\":\"PropertyValueSpecification\",\"valueRequired\":true,\"valueName\":\"search_term_string\"}}],\"inLanguage\":\"es\"},{\"@type\":[\"Person\",\"Organization\"],\"@id\":\"https:\/\/luchonoticias.com\/editor\/#\/schema\/person\/7a7fd911f58561fd056dbac7b55af9cd\",\"name\":\"admin\",\"image\":{\"@type\":\"ImageObject\",\"inLanguage\":\"es\",\"@id\":\"https:\/\/luchonoticias.com\/editor\/#\/schema\/person\/image\/\",\"url\":\"https:\/\/luchonoticias.com\/editor\/wp-content\/uploads\/2024\/02\/cropped-cropped-logolu.webp\",\"contentUrl\":\"https:\/\/luchonoticias.com\/editor\/wp-content\/uploads\/2024\/02\/cropped-cropped-logolu.webp\",\"width\":382,\"height\":170,\"caption\":\"admin\"},\"logo\":{\"@id\":\"https:\/\/luchonoticias.com\/editor\/#\/schema\/person\/image\/\"},\"sameAs\":[\"https:\/\/www.facebook.com\/luchonoticiasneiva\"]},{\"@type\":\"Person\",\"@id\":\"https:\/\/luchonoticias.com\/editor\/#\/schema\/person\/29217990ddf6f14e35912b2866d591fb\",\"name\":\"Editor General\",\"image\":{\"@type\":\"ImageObject\",\"inLanguage\":\"es\",\"@id\":\"https:\/\/luchonoticias.com\/editor\/#\/schema\/person\/image\/\",\"url\":\"https:\/\/luchonoticias.com\/editor\/wp-content\/uploads\/2024\/02\/cropped-cropped-logolu-150x150.webp\",\"contentUrl\":\"https:\/\/luchonoticias.com\/editor\/wp-content\/uploads\/2024\/02\/cropped-cropped-logolu-150x150.webp\",\"caption\":\"Editor General\"},\"sameAs\":[\"https:\/\/luchonoticias.com\/\"],\"url\":\"https:\/\/luchonoticias.com\/editor\/author\/editor-general\/\"}]}<\/script>\n<!-- \/ Yoast SEO plugin. -->","yoast_head_json":{"title":"Gane porque un mill\u00f3n de j\u00f3venes, entre 18 y 22 a\u00f1os, salieron a votar como nunca: Gustavo Petro -","robots":{"index":"index","follow":"follow","max-snippet":"max-snippet:-1","max-image-preview":"max-image-preview:large","max-video-preview":"max-video-preview:-1"},"canonical":"https:\/\/luchonoticias.com\/editor\/gane-porque-un-millon-de-jovenes-entre-18-y-22-anos-salieron-a-votar-como-nunca-gustavo-petro\/","og_locale":"es_ES","og_type":"article","og_title":"Gane porque un mill\u00f3n de j\u00f3venes, entre 18 y 22 a\u00f1os, salieron a votar como nunca: Gustavo Petro -","og_url":"https:\/\/luchonoticias.com\/editor\/gane-porque-un-millon-de-jovenes-entre-18-y-22-anos-salieron-a-votar-como-nunca-gustavo-petro\/","article_publisher":"https:\/\/www.facebook.com\/luchonoticiasneiva","article_published_time":"2023-09-05T20:33:04+00:00","article_modified_time":"2023-09-05T20:33:05+00:00","author":"Editor General","twitter_card":"summary_large_image","twitter_misc":{"Escrito por":"Editor General","Tiempo de lectura":"2 minutos"},"schema":{"@context":"https:\/\/schema.org","@graph":[{"@type":"Article","@id":"https:\/\/luchonoticias.com\/editor\/gane-porque-un-millon-de-jovenes-entre-18-y-22-anos-salieron-a-votar-como-nunca-gustavo-petro\/#article","isPartOf":{"@id":"https:\/\/luchonoticias.com\/editor\/gane-porque-un-millon-de-jovenes-entre-18-y-22-anos-salieron-a-votar-como-nunca-gustavo-petro\/"},"author":{"name":"Editor General","@id":"https:\/\/luchonoticias.com\/editor\/#\/schema\/person\/29217990ddf6f14e35912b2866d591fb"},"headline":"Gane porque un mill\u00f3n de j\u00f3venes, entre 18 y 22 a\u00f1os, salieron a votar como nunca: Gustavo Petro","datePublished":"2023-09-05T20:33:04+00:00","dateModified":"2023-09-05T20:33:05+00:00","mainEntityOfPage":{"@id":"https:\/\/luchonoticias.com\/editor\/gane-porque-un-millon-de-jovenes-entre-18-y-22-anos-salieron-a-votar-como-nunca-gustavo-petro\/"},"wordCount":488,"commentCount":0,"publisher":{"@id":"https:\/\/luchonoticias.com\/editor\/#\/schema\/person\/7a7fd911f58561fd056dbac7b55af9cd"},"articleSection":["Destacado","Nacional"],"inLanguage":"es","potentialAction":[{"@type":"CommentAction","name":"Comment","target":["https:\/\/luchonoticias.com\/editor\/gane-porque-un-millon-de-jovenes-entre-18-y-22-anos-salieron-a-votar-como-nunca-gustavo-petro\/#respond"]}]},{"@type":"WebPage","@id":"https:\/\/luchonoticias.com\/editor\/gane-porque-un-millon-de-jovenes-entre-18-y-22-anos-salieron-a-votar-como-nunca-gustavo-petro\/","url":"https:\/\/luchonoticias.com\/editor\/gane-porque-un-millon-de-jovenes-entre-18-y-22-anos-salieron-a-votar-como-nunca-gustavo-petro\/","name":"Gane porque un mill\u00f3n de j\u00f3venes, entre 18 y 22 a\u00f1os, salieron a votar como nunca: Gustavo Petro -","isPartOf":{"@id":"https:\/\/luchonoticias.com\/editor\/#website"},"datePublished":"2023-09-05T20:33:04+00:00","dateModified":"2023-09-05T20:33:05+00:00","breadcrumb":{"@id":"https:\/\/luchonoticias.com\/editor\/gane-porque-un-millon-de-jovenes-entre-18-y-22-anos-salieron-a-votar-como-nunca-gustavo-petro\/#breadcrumb"},"inLanguage":"es","potentialAction":[{"@type":"ReadAction","target":["https:\/\/luchonoticias.com\/editor\/gane-porque-un-millon-de-jovenes-entre-18-y-22-anos-salieron-a-votar-como-nunca-gustavo-petro\/"]}]},{"@type":"BreadcrumbList","@id":"https:\/\/luchonoticias.com\/editor\/gane-porque-un-millon-de-jovenes-entre-18-y-22-anos-salieron-a-votar-como-nunca-gustavo-petro\/#breadcrumb","itemListElement":[{"@type":"ListItem","position":1,"name":"Portada","item":"https:\/\/luchonoticias.com\/editor\/"},{"@type":"ListItem","position":2,"name":"Gane porque un mill\u00f3n de j\u00f3venes, entre 18 y 22 a\u00f1os, salieron a votar como nunca: Gustavo Petro"}]},{"@type":"WebSite","@id":"https:\/\/luchonoticias.com\/editor\/#website","url":"https:\/\/luchonoticias.com\/editor\/","name":"","description":"","publisher":{"@id":"https:\/\/luchonoticias.com\/editor\/#\/schema\/person\/7a7fd911f58561fd056dbac7b55af9cd"},"potentialAction":[{"@type":"SearchAction","target":{"@type":"EntryPoint","urlTemplate":"https:\/\/luchonoticias.com\/editor\/?s={search_term_string}"},"query-input":{"@type":"PropertyValueSpecification","valueRequired":true,"valueName":"search_term_string"}}],"inLanguage":"es"},{"@type":["Person","Organization"],"@id":"https:\/\/luchonoticias.com\/editor\/#\/schema\/person\/7a7fd911f58561fd056dbac7b55af9cd","name":"admin","image":{"@type":"ImageObject","inLanguage":"es","@id":"https:\/\/luchonoticias.com\/editor\/#\/schema\/person\/image\/","url":"https:\/\/luchonoticias.com\/editor\/wp-content\/uploads\/2024\/02\/cropped-cropped-logolu.webp","contentUrl":"https:\/\/luchonoticias.com\/editor\/wp-content\/uploads\/2024\/02\/cropped-cropped-logolu.webp","width":382,"height":170,"caption":"admin"},"logo":{"@id":"https:\/\/luchonoticias.com\/editor\/#\/schema\/person\/image\/"},"sameAs":["https:\/\/www.facebook.com\/luchonoticiasneiva"]},{"@type":"Person","@id":"https:\/\/luchonoticias.com\/editor\/#\/schema\/person\/29217990ddf6f14e35912b2866d591fb","name":"Editor General","image":{"@type":"ImageObject","inLanguage":"es","@id":"https:\/\/luchonoticias.com\/editor\/#\/schema\/person\/image\/","url":"https:\/\/luchonoticias.com\/editor\/wp-content\/uploads\/2024\/02\/cropped-cropped-logolu-150x150.webp","contentUrl":"https:\/\/luchonoticias.com\/editor\/wp-content\/uploads\/2024\/02\/cropped-cropped-logolu-150x150.webp","caption":"Editor General"},"sameAs":["https:\/\/luchonoticias.com\/"],"url":"https:\/\/luchonoticias.com\/editor\/author\/editor-general\/"}]}},"_links":{"self":[{"href":"https:\/\/luchonoticias.com\/editor\/wp-json\/wp\/v2\/posts\/59749","targetHints":{"allow":["GET"]}}],"collection":[{"href":"https:\/\/luchonoticias.com\/editor\/wp-json\/wp\/v2\/posts"}],"about":[{"href":"https:\/\/luchonoticias.com\/editor\/wp-json\/wp\/v2\/types\/post"}],"author":[{"embeddable":true,"href":"https:\/\/luchonoticias.com\/editor\/wp-json\/wp\/v2\/users\/2"}],"replies":[{"embeddable":true,"href":"https:\/\/luchonoticias.com\/editor\/wp-json\/wp\/v2\/comments?post=59749"}],"version-history":[{"count":0,"href":"https:\/\/luchonoticias.com\/editor\/wp-json\/wp\/v2\/posts\/59749\/revisions"}],"wp:attachment":[{"href":"https:\/\/luchonoticias.com\/editor\/wp-json\/wp\/v2\/media?parent=59749"}],"wp:term":[{"taxonomy":"category","embeddable":true,"href":"https:\/\/luchonoticias.com\/editor\/wp-json\/wp\/v2\/categories?post=59749"},{"taxonomy":"post_tag","embeddable":true,"href":"https:\/\/luchonoticias.com\/editor\/wp-json\/wp\/v2\/tags?post=59749"}],"curies":[{"name":"wp","href":"https:\/\/api.w.org\/{rel}","templated":true}]}}