{"id":59755,"date":"2023-09-05T15:52:18","date_gmt":"2023-09-05T20:52:18","guid":{"rendered":"https:\/\/luchonoticias.com\/?p=59755"},"modified":"2023-09-05T15:52:19","modified_gmt":"2023-09-05T20:52:19","slug":"procuraduria-ratifico-sancion-e-inhabilidad-general-por-10-anos-al-exdirector-del-invias-german-grajales-quintero","status":"publish","type":"post","link":"https:\/\/luchonoticias.com\/editor\/procuraduria-ratifico-sancion-e-inhabilidad-general-por-10-anos-al-exdirector-del-invias-german-grajales-quintero\/","title":{"rendered":"Procuradur\u00eda ratific\u00f3 sanci\u00f3n e inhabilidad general por 10 a\u00f1os al exdirector del Inv\u00edas, Germ\u00e1n Grajales Quintero"},"content":{"rendered":"\n<p>En fallo de segunda instancia, la Procuradur\u00eda General de la Naci\u00f3n&nbsp;<strong>confirm\u00f3 la destituci\u00f3n e inhabilidad general por 10 a\u00f1os al exsecretario general t\u00e9cnico del Instituto Nacional de V\u00edas (Inv\u00edas),<\/strong>&nbsp;Germ\u00e1n Grajales Quintero, y al entonces representante legal de la firma interventora Dise\u00f1o y Gerencia de Proyectos S.A.S., hoy HMV Consultor\u00eda, \u00d3scar Jim\u00e9nez Cely, por<strong>&nbsp;las faltas en que incurrieron durante la ejecuci\u00f3n del programa Corredores Prioritarios para la Prosperidad.<\/strong><\/p>\n\n\n\n<p>En el marco de las actuaciones gestionadas por el Ministerio P\u00fablico&nbsp;<strong>por las irregularidades de las empresas del grupo Odebrecht,<\/strong>&nbsp;la Sala Disciplinaria Ordinaria de Juzgamiento concluy\u00f3 que el exdirectivo del Inv\u00edas&nbsp;<strong>vulner\u00f3 el principio de responsabilidad de la contrataci\u00f3n&nbsp;<\/strong>estatal al suscribir la Modificaci\u00f3n No.1 de 2013 al contrato de obra No. 563 de 2012, a trav\u00e9s del que se ejecut\u00f3 parte del proyecto v\u00eda de la prosperidad.<\/p>\n\n\n\n<p>De igual manera, ratific\u00f3 que<strong>&nbsp;desatendi\u00f3 su deber de salvaguardar los recursos del Estado<\/strong>&nbsp;que le fueron reconocidos al consorcio Conpros,&nbsp;<strong>los cuales superaron los topes legales en un monto equivalente a $ 506.600.000,<\/strong>&nbsp;<strong>favoreciendo los intereses del particular contratista<\/strong>&nbsp;en detrimento del patrimonio del Instituto.<\/p>\n\n\n\n<p>El negocio jur\u00eddico ten\u00eda por objeto el&nbsp;<em>\u201cmejoramiento de la gesti\u00f3n social, predial y ambiental del proyecto transversal de Boyac\u00e1 Fase 2 para el Programa Corredores Prioritarios para la Prosperidad\u201d<\/em>&nbsp;por un valor de $ 154.280\u00b4297.291.<\/p>\n\n\n\n<p>La Entidad explic\u00f3 que el secretario t\u00e9cnico investigado no procur\u00f3 los fines de la contrataci\u00f3n al suscribir la modificaci\u00f3n que<strong>&nbsp;favoreci\u00f3 de manera ilegal a Conpros, por los sobrecostos en que incurri\u00f3<\/strong>&nbsp;y por la diferencia en favor del contratista con respecto al valor de los estudios aprobados por Inv\u00edas a trav\u00e9s de acta t\u00e9cnica.<\/p>\n\n\n\n<p>El organismo de control adujo que Grajales Quintero inobserv\u00f3 el principio de moralidad, al&nbsp;<strong>no adelantar con rectitud, lealtad y honestidad el ejercicio de su labor.&nbsp;<\/strong><\/p>\n\n\n\n<p>En el caso de \u00d3scar Jim\u00e9nez Cely concluy\u00f3 que&nbsp;<strong>no vigil\u00f3 que el contrato&nbsp;<\/strong>se desarrollara de acuerdo con las cl\u00e1usulas pactadas y las condiciones t\u00e9cnicas y cient\u00edficas ajustadas a su normal desarrollo, y<strong>&nbsp;aval\u00f3 los pagos efectuados sobre los ajustes realizados<\/strong>&nbsp;a los \u201cEstudios y Dise\u00f1os\u201d, con sus correspondientes porcentajes en relaci\u00f3n con el valor total equivalente al 11 %.&nbsp;<\/p>\n\n\n\n<p>La Sala resalt\u00f3 que el representante legal no solo incumpli\u00f3 el contrato de interventor\u00eda pactado, sino que&nbsp;<strong>permiti\u00f3 que se reconocieran indebidamente recursos a los que el contratista no ten\u00eda derecho.<\/strong><\/p>\n\n\n\n<p>La Procuradur\u00eda ratific\u00f3 la calificaci\u00f3n de la falta en que incurri\u00f3 Grajales como grav\u00edsima a t\u00edtulo de culpa grav\u00edsima, y la multa de Jim\u00e9nez Cely, como representante legal de la firma, consistente en el doble del detrimento o perjuicio causado, equivalente a $&nbsp;1.012 millones y&nbsp;<strong>la imposibilidad de contratar con el Estado por 10 a\u00f1os.<\/strong><\/p>\n","protected":false},"excerpt":{"rendered":"<p>En fallo de segunda instancia, la Procuradur\u00eda General de la Naci\u00f3n&nbsp;confirm\u00f3 la destituci\u00f3n e inhabilidad general por 10 a\u00f1os al exsecretario general t\u00e9cnico del Instituto Nacional de V\u00edas (Inv\u00edas),&nbsp;Germ\u00e1n Grajales Quintero, y al entonces representante legal de la firma interventora Dise\u00f1o y Gerencia de Proyectos S.A.S., hoy HMV Consultor\u00eda, \u00d3scar Jim\u00e9nez Cely, por&nbsp;las faltas en [&hellip;]<\/p>\n","protected":false},"author":2,"featured_media":0,"comment_status":"open","ping_status":"open","sticky":false,"template":"","format":"standard","meta":{"footnotes":""},"categories":[36,32],"tags":[],"class_list":["post-59755","post","type-post","status-publish","format-standard","hentry","category-destacado","category-nacional"],"yoast_head":"<!-- This site is optimized with the Yoast SEO plugin v26.6 - https:\/\/yoast.com\/wordpress\/plugins\/seo\/ -->\n<title>Procuradur\u00eda ratific\u00f3 sanci\u00f3n e inhabilidad general por 10 a\u00f1os al exdirector del Inv\u00edas, Germ\u00e1n Grajales Quintero -<\/title>\n<meta name=\"robots\" content=\"index, follow, max-snippet:-1, max-image-preview:large, max-video-preview:-1\" \/>\n<link rel=\"canonical\" href=\"https:\/\/luchonoticias.com\/editor\/procuraduria-ratifico-sancion-e-inhabilidad-general-por-10-anos-al-exdirector-del-invias-german-grajales-quintero\/\" \/>\n<meta property=\"og:locale\" content=\"es_ES\" \/>\n<meta property=\"og:type\" content=\"article\" \/>\n<meta property=\"og:title\" content=\"Procuradur\u00eda ratific\u00f3 sanci\u00f3n e inhabilidad general por 10 a\u00f1os al exdirector del Inv\u00edas, Germ\u00e1n Grajales Quintero -\" \/>\n<meta property=\"og:url\" content=\"https:\/\/luchonoticias.com\/editor\/procuraduria-ratifico-sancion-e-inhabilidad-general-por-10-anos-al-exdirector-del-invias-german-grajales-quintero\/\" \/>\n<meta property=\"article:publisher\" content=\"https:\/\/www.facebook.com\/luchonoticiasneiva\" \/>\n<meta property=\"article:published_time\" content=\"2023-09-05T20:52:18+00:00\" \/>\n<meta property=\"article:modified_time\" content=\"2023-09-05T20:52:19+00:00\" \/>\n<meta name=\"author\" content=\"Editor General\" \/>\n<meta name=\"twitter:card\" content=\"summary_large_image\" \/>\n<meta name=\"twitter:label1\" content=\"Escrito por\" \/>\n\t<meta name=\"twitter:data1\" content=\"Editor General\" \/>\n\t<meta name=\"twitter:label2\" content=\"Tiempo de lectura\" \/>\n\t<meta name=\"twitter:data2\" content=\"3 minutos\" \/>\n<script type=\"application\/ld+json\" class=\"yoast-schema-graph\">{\"@context\":\"https:\/\/schema.org\",\"@graph\":[{\"@type\":\"Article\",\"@id\":\"https:\/\/luchonoticias.com\/editor\/procuraduria-ratifico-sancion-e-inhabilidad-general-por-10-anos-al-exdirector-del-invias-german-grajales-quintero\/#article\",\"isPartOf\":{\"@id\":\"https:\/\/luchonoticias.com\/editor\/procuraduria-ratifico-sancion-e-inhabilidad-general-por-10-anos-al-exdirector-del-invias-german-grajales-quintero\/\"},\"author\":{\"name\":\"Editor General\",\"@id\":\"https:\/\/luchonoticias.com\/editor\/#\/schema\/person\/29217990ddf6f14e35912b2866d591fb\"},\"headline\":\"Procuradur\u00eda ratific\u00f3 sanci\u00f3n e inhabilidad general por 10 a\u00f1os al exdirector del Inv\u00edas, Germ\u00e1n Grajales Quintero\",\"datePublished\":\"2023-09-05T20:52:18+00:00\",\"dateModified\":\"2023-09-05T20:52:19+00:00\",\"mainEntityOfPage\":{\"@id\":\"https:\/\/luchonoticias.com\/editor\/procuraduria-ratifico-sancion-e-inhabilidad-general-por-10-anos-al-exdirector-del-invias-german-grajales-quintero\/\"},\"wordCount\":526,\"commentCount\":0,\"publisher\":{\"@id\":\"https:\/\/luchonoticias.com\/editor\/#\/schema\/person\/7a7fd911f58561fd056dbac7b55af9cd\"},\"articleSection\":[\"Destacado\",\"Nacional\"],\"inLanguage\":\"es\",\"potentialAction\":[{\"@type\":\"CommentAction\",\"name\":\"Comment\",\"target\":[\"https:\/\/luchonoticias.com\/editor\/procuraduria-ratifico-sancion-e-inhabilidad-general-por-10-anos-al-exdirector-del-invias-german-grajales-quintero\/#respond\"]}]},{\"@type\":\"WebPage\",\"@id\":\"https:\/\/luchonoticias.com\/editor\/procuraduria-ratifico-sancion-e-inhabilidad-general-por-10-anos-al-exdirector-del-invias-german-grajales-quintero\/\",\"url\":\"https:\/\/luchonoticias.com\/editor\/procuraduria-ratifico-sancion-e-inhabilidad-general-por-10-anos-al-exdirector-del-invias-german-grajales-quintero\/\",\"name\":\"Procuradur\u00eda ratific\u00f3 sanci\u00f3n e inhabilidad general por 10 a\u00f1os al exdirector del Inv\u00edas, Germ\u00e1n Grajales Quintero -\",\"isPartOf\":{\"@id\":\"https:\/\/luchonoticias.com\/editor\/#website\"},\"datePublished\":\"2023-09-05T20:52:18+00:00\",\"dateModified\":\"2023-09-05T20:52:19+00:00\",\"breadcrumb\":{\"@id\":\"https:\/\/luchonoticias.com\/editor\/procuraduria-ratifico-sancion-e-inhabilidad-general-por-10-anos-al-exdirector-del-invias-german-grajales-quintero\/#breadcrumb\"},\"inLanguage\":\"es\",\"potentialAction\":[{\"@type\":\"ReadAction\",\"target\":[\"https:\/\/luchonoticias.com\/editor\/procuraduria-ratifico-sancion-e-inhabilidad-general-por-10-anos-al-exdirector-del-invias-german-grajales-quintero\/\"]}]},{\"@type\":\"BreadcrumbList\",\"@id\":\"https:\/\/luchonoticias.com\/editor\/procuraduria-ratifico-sancion-e-inhabilidad-general-por-10-anos-al-exdirector-del-invias-german-grajales-quintero\/#breadcrumb\",\"itemListElement\":[{\"@type\":\"ListItem\",\"position\":1,\"name\":\"Portada\",\"item\":\"https:\/\/luchonoticias.com\/editor\/\"},{\"@type\":\"ListItem\",\"position\":2,\"name\":\"Procuradur\u00eda ratific\u00f3 sanci\u00f3n e inhabilidad general por 10 a\u00f1os al exdirector del Inv\u00edas, Germ\u00e1n Grajales Quintero\"}]},{\"@type\":\"WebSite\",\"@id\":\"https:\/\/luchonoticias.com\/editor\/#website\",\"url\":\"https:\/\/luchonoticias.com\/editor\/\",\"name\":\"\",\"description\":\"\",\"publisher\":{\"@id\":\"https:\/\/luchonoticias.com\/editor\/#\/schema\/person\/7a7fd911f58561fd056dbac7b55af9cd\"},\"potentialAction\":[{\"@type\":\"SearchAction\",\"target\":{\"@type\":\"EntryPoint\",\"urlTemplate\":\"https:\/\/luchonoticias.com\/editor\/?s={search_term_string}\"},\"query-input\":{\"@type\":\"PropertyValueSpecification\",\"valueRequired\":true,\"valueName\":\"search_term_string\"}}],\"inLanguage\":\"es\"},{\"@type\":[\"Person\",\"Organization\"],\"@id\":\"https:\/\/luchonoticias.com\/editor\/#\/schema\/person\/7a7fd911f58561fd056dbac7b55af9cd\",\"name\":\"admin\",\"image\":{\"@type\":\"ImageObject\",\"inLanguage\":\"es\",\"@id\":\"https:\/\/luchonoticias.com\/editor\/#\/schema\/person\/image\/\",\"url\":\"https:\/\/luchonoticias.com\/editor\/wp-content\/uploads\/2024\/02\/cropped-cropped-logolu.webp\",\"contentUrl\":\"https:\/\/luchonoticias.com\/editor\/wp-content\/uploads\/2024\/02\/cropped-cropped-logolu.webp\",\"width\":382,\"height\":170,\"caption\":\"admin\"},\"logo\":{\"@id\":\"https:\/\/luchonoticias.com\/editor\/#\/schema\/person\/image\/\"},\"sameAs\":[\"https:\/\/www.facebook.com\/luchonoticiasneiva\"]},{\"@type\":\"Person\",\"@id\":\"https:\/\/luchonoticias.com\/editor\/#\/schema\/person\/29217990ddf6f14e35912b2866d591fb\",\"name\":\"Editor General\",\"image\":{\"@type\":\"ImageObject\",\"inLanguage\":\"es\",\"@id\":\"https:\/\/luchonoticias.com\/editor\/#\/schema\/person\/image\/\",\"url\":\"https:\/\/luchonoticias.com\/editor\/wp-content\/uploads\/2024\/02\/cropped-cropped-logolu-150x150.webp\",\"contentUrl\":\"https:\/\/luchonoticias.com\/editor\/wp-content\/uploads\/2024\/02\/cropped-cropped-logolu-150x150.webp\",\"caption\":\"Editor General\"},\"sameAs\":[\"https:\/\/luchonoticias.com\/\"],\"url\":\"https:\/\/luchonoticias.com\/editor\/author\/editor-general\/\"}]}<\/script>\n<!-- \/ Yoast SEO plugin. -->","yoast_head_json":{"title":"Procuradur\u00eda ratific\u00f3 sanci\u00f3n e inhabilidad general por 10 a\u00f1os al exdirector del Inv\u00edas, Germ\u00e1n Grajales Quintero -","robots":{"index":"index","follow":"follow","max-snippet":"max-snippet:-1","max-image-preview":"max-image-preview:large","max-video-preview":"max-video-preview:-1"},"canonical":"https:\/\/luchonoticias.com\/editor\/procuraduria-ratifico-sancion-e-inhabilidad-general-por-10-anos-al-exdirector-del-invias-german-grajales-quintero\/","og_locale":"es_ES","og_type":"article","og_title":"Procuradur\u00eda ratific\u00f3 sanci\u00f3n e inhabilidad general por 10 a\u00f1os al exdirector del Inv\u00edas, Germ\u00e1n Grajales Quintero -","og_url":"https:\/\/luchonoticias.com\/editor\/procuraduria-ratifico-sancion-e-inhabilidad-general-por-10-anos-al-exdirector-del-invias-german-grajales-quintero\/","article_publisher":"https:\/\/www.facebook.com\/luchonoticiasneiva","article_published_time":"2023-09-05T20:52:18+00:00","article_modified_time":"2023-09-05T20:52:19+00:00","author":"Editor General","twitter_card":"summary_large_image","twitter_misc":{"Escrito por":"Editor General","Tiempo de lectura":"3 minutos"},"schema":{"@context":"https:\/\/schema.org","@graph":[{"@type":"Article","@id":"https:\/\/luchonoticias.com\/editor\/procuraduria-ratifico-sancion-e-inhabilidad-general-por-10-anos-al-exdirector-del-invias-german-grajales-quintero\/#article","isPartOf":{"@id":"https:\/\/luchonoticias.com\/editor\/procuraduria-ratifico-sancion-e-inhabilidad-general-por-10-anos-al-exdirector-del-invias-german-grajales-quintero\/"},"author":{"name":"Editor General","@id":"https:\/\/luchonoticias.com\/editor\/#\/schema\/person\/29217990ddf6f14e35912b2866d591fb"},"headline":"Procuradur\u00eda ratific\u00f3 sanci\u00f3n e inhabilidad general por 10 a\u00f1os al exdirector del Inv\u00edas, Germ\u00e1n Grajales Quintero","datePublished":"2023-09-05T20:52:18+00:00","dateModified":"2023-09-05T20:52:19+00:00","mainEntityOfPage":{"@id":"https:\/\/luchonoticias.com\/editor\/procuraduria-ratifico-sancion-e-inhabilidad-general-por-10-anos-al-exdirector-del-invias-german-grajales-quintero\/"},"wordCount":526,"commentCount":0,"publisher":{"@id":"https:\/\/luchonoticias.com\/editor\/#\/schema\/person\/7a7fd911f58561fd056dbac7b55af9cd"},"articleSection":["Destacado","Nacional"],"inLanguage":"es","potentialAction":[{"@type":"CommentAction","name":"Comment","target":["https:\/\/luchonoticias.com\/editor\/procuraduria-ratifico-sancion-e-inhabilidad-general-por-10-anos-al-exdirector-del-invias-german-grajales-quintero\/#respond"]}]},{"@type":"WebPage","@id":"https:\/\/luchonoticias.com\/editor\/procuraduria-ratifico-sancion-e-inhabilidad-general-por-10-anos-al-exdirector-del-invias-german-grajales-quintero\/","url":"https:\/\/luchonoticias.com\/editor\/procuraduria-ratifico-sancion-e-inhabilidad-general-por-10-anos-al-exdirector-del-invias-german-grajales-quintero\/","name":"Procuradur\u00eda ratific\u00f3 sanci\u00f3n e inhabilidad general por 10 a\u00f1os al exdirector del Inv\u00edas, Germ\u00e1n Grajales Quintero -","isPartOf":{"@id":"https:\/\/luchonoticias.com\/editor\/#website"},"datePublished":"2023-09-05T20:52:18+00:00","dateModified":"2023-09-05T20:52:19+00:00","breadcrumb":{"@id":"https:\/\/luchonoticias.com\/editor\/procuraduria-ratifico-sancion-e-inhabilidad-general-por-10-anos-al-exdirector-del-invias-german-grajales-quintero\/#breadcrumb"},"inLanguage":"es","potentialAction":[{"@type":"ReadAction","target":["https:\/\/luchonoticias.com\/editor\/procuraduria-ratifico-sancion-e-inhabilidad-general-por-10-anos-al-exdirector-del-invias-german-grajales-quintero\/"]}]},{"@type":"BreadcrumbList","@id":"https:\/\/luchonoticias.com\/editor\/procuraduria-ratifico-sancion-e-inhabilidad-general-por-10-anos-al-exdirector-del-invias-german-grajales-quintero\/#breadcrumb","itemListElement":[{"@type":"ListItem","position":1,"name":"Portada","item":"https:\/\/luchonoticias.com\/editor\/"},{"@type":"ListItem","position":2,"name":"Procuradur\u00eda ratific\u00f3 sanci\u00f3n e inhabilidad general por 10 a\u00f1os al exdirector del Inv\u00edas, Germ\u00e1n Grajales Quintero"}]},{"@type":"WebSite","@id":"https:\/\/luchonoticias.com\/editor\/#website","url":"https:\/\/luchonoticias.com\/editor\/","name":"","description":"","publisher":{"@id":"https:\/\/luchonoticias.com\/editor\/#\/schema\/person\/7a7fd911f58561fd056dbac7b55af9cd"},"potentialAction":[{"@type":"SearchAction","target":{"@type":"EntryPoint","urlTemplate":"https:\/\/luchonoticias.com\/editor\/?s={search_term_string}"},"query-input":{"@type":"PropertyValueSpecification","valueRequired":true,"valueName":"search_term_string"}}],"inLanguage":"es"},{"@type":["Person","Organization"],"@id":"https:\/\/luchonoticias.com\/editor\/#\/schema\/person\/7a7fd911f58561fd056dbac7b55af9cd","name":"admin","image":{"@type":"ImageObject","inLanguage":"es","@id":"https:\/\/luchonoticias.com\/editor\/#\/schema\/person\/image\/","url":"https:\/\/luchonoticias.com\/editor\/wp-content\/uploads\/2024\/02\/cropped-cropped-logolu.webp","contentUrl":"https:\/\/luchonoticias.com\/editor\/wp-content\/uploads\/2024\/02\/cropped-cropped-logolu.webp","width":382,"height":170,"caption":"admin"},"logo":{"@id":"https:\/\/luchonoticias.com\/editor\/#\/schema\/person\/image\/"},"sameAs":["https:\/\/www.facebook.com\/luchonoticiasneiva"]},{"@type":"Person","@id":"https:\/\/luchonoticias.com\/editor\/#\/schema\/person\/29217990ddf6f14e35912b2866d591fb","name":"Editor General","image":{"@type":"ImageObject","inLanguage":"es","@id":"https:\/\/luchonoticias.com\/editor\/#\/schema\/person\/image\/","url":"https:\/\/luchonoticias.com\/editor\/wp-content\/uploads\/2024\/02\/cropped-cropped-logolu-150x150.webp","contentUrl":"https:\/\/luchonoticias.com\/editor\/wp-content\/uploads\/2024\/02\/cropped-cropped-logolu-150x150.webp","caption":"Editor General"},"sameAs":["https:\/\/luchonoticias.com\/"],"url":"https:\/\/luchonoticias.com\/editor\/author\/editor-general\/"}]}},"_links":{"self":[{"href":"https:\/\/luchonoticias.com\/editor\/wp-json\/wp\/v2\/posts\/59755","targetHints":{"allow":["GET"]}}],"collection":[{"href":"https:\/\/luchonoticias.com\/editor\/wp-json\/wp\/v2\/posts"}],"about":[{"href":"https:\/\/luchonoticias.com\/editor\/wp-json\/wp\/v2\/types\/post"}],"author":[{"embeddable":true,"href":"https:\/\/luchonoticias.com\/editor\/wp-json\/wp\/v2\/users\/2"}],"replies":[{"embeddable":true,"href":"https:\/\/luchonoticias.com\/editor\/wp-json\/wp\/v2\/comments?post=59755"}],"version-history":[{"count":0,"href":"https:\/\/luchonoticias.com\/editor\/wp-json\/wp\/v2\/posts\/59755\/revisions"}],"wp:attachment":[{"href":"https:\/\/luchonoticias.com\/editor\/wp-json\/wp\/v2\/media?parent=59755"}],"wp:term":[{"taxonomy":"category","embeddable":true,"href":"https:\/\/luchonoticias.com\/editor\/wp-json\/wp\/v2\/categories?post=59755"},{"taxonomy":"post_tag","embeddable":true,"href":"https:\/\/luchonoticias.com\/editor\/wp-json\/wp\/v2\/tags?post=59755"}],"curies":[{"name":"wp","href":"https:\/\/api.w.org\/{rel}","templated":true}]}}