{"id":60017,"date":"2023-09-09T16:16:43","date_gmt":"2023-09-09T21:16:43","guid":{"rendered":"https:\/\/luchonoticias.com\/?p=60017"},"modified":"2023-09-09T16:16:44","modified_gmt":"2023-09-09T21:16:44","slug":"yo-les-demando-desde-mi-latinoamerica-herida-acabar-con-la-irracional-guerra-contra-las-drogas-presidente-petro","status":"publish","type":"post","link":"https:\/\/luchonoticias.com\/editor\/yo-les-demando-desde-mi-latinoamerica-herida-acabar-con-la-irracional-guerra-contra-las-drogas-presidente-petro\/","title":{"rendered":"Yo les demando desde mi Latinoam\u00e9rica herida, acabar con la irracional guerra contra las drogas: Presidente Petro"},"content":{"rendered":"\n<p>En su discurso de posesi\u00f3n el presidente Gustavo Petro se refiri\u00f3, por primera vez como mandatario, a la lucha contra las drogas.<\/p>\n\n\n\n<p>\u201cEs hora de una nueva Convenci\u00f3n Internacional que acepte que la guerra contra las drogas ha fracasado rotundamente, que ha dejado un mill\u00f3n de latinoamericanos asesinados, la mayor\u00eda colombianos, durante estos 40 a\u00f1os. La guerra contra las drogas fortaleci\u00f3 las mafias y debilit\u00f3 los Estados. La guerra contra las drogas ha llevado a los Estados a cometer cr\u00edmenes y ha evaporado el horizonte de la democracia. La paz implica que cambiemos indudablemente. Claro que la paz es posible si se cambia, por ejemplo, la pol\u00edtica contra las drogas, vista como una guerra, por una pol\u00edtica de prevenci\u00f3n fuerte del consumo en las sociedades desarrolladas\u201d<\/p>\n\n\n\n<p>Durante la Sesi\u00f3n del XXII Consejo Presidencial Andino el Presidente Gustavo Petro les pidi\u00f3 a los pa\u00edses que forman parte de la Comunidad Andina de Naciones convocar a una \u201cconferencia de pa\u00edses centroamericanos, sudamericanos caribe\u00f1os para discutir la pol\u00edtica de drogas, evaluarla y sopesarla con n\u00fameros\u201d.<\/p>\n\n\n\n<p>\u201cHay millones de norteamericanos presos, millones de latinoamericanos presos y las estad\u00edsticas en Estados Unidos hablan, despu\u00e9s de 50 a\u00f1os de guerra contra las drogas, de 70.000 personas que mueren cada a\u00f1o por sobredosis de otras drogas a las cuales no se le hizo la guerra, el fentanilo\u201d.<\/p>\n\n\n\n<p>\u201cSi proyect\u00e1ramos hacia adelante, tendr\u00edamos otro mill\u00f3n de latinoamericanos muertos por homicidio, tendr\u00edamos millones de latinoamericanos presos, millones de norteamericanos presos \u2014la mayor\u00eda de raza negra\u2014 y habr\u00eda 2&#8217;800.000 estadounidenses muertos por sobredosis por algo que nosotros no producimos, el fentanilo\u201d.<\/p>\n\n\n\n<p>El Presidente Gustavo Petro, se refiri\u00f3 a la lucha contra las drogas durante su primera intervenci\u00f3n como Jefe de Estado ante la Asamblea General de la Organizaci\u00f3n de las Naciones Unidas, donde propuso acabar la guerra contra las drogas y permitir que Colombia viva en paz.<\/p>\n\n\n\n<p>\u201cLa guerra contra las drogas ha fracasado. Les propongo como Presidente de uno de los pa\u00edses m\u00e1s hermosos de la tierra, y de los m\u00e1s ensangrentados y violentados, acabar la guerra contra las drogas y permitir que nuestro pueblo viva en paz\u201d.<\/p>\n\n\n\n<p>\u201cYo les demando desde aqu\u00ed, desde mi Latinoam\u00e9rica herida, acabar con la irracional guerra contra las drogas. Disminuir el consumo de drogas no necesita de guerras, necesita que todos construyamos una mejor sociedad: una sociedad m\u00e1s solidaria, m\u00e1s afectuosa, donde la intensidad de la vida salve de las adicciones y de las nuevas esclavitudes. \u00bfQuieren menos drogas? Piensen en menos ganancias y en m\u00e1s amores. Piensen en un ejercicio racional del poder\u201d.<\/p>\n\n\n\n<p>\u201cSe ha producido un genocidio en mi continente y en mi pa\u00eds, han condenado a las c\u00e1rceles a millones de personas, para ocultar sus propias culpas sociales, le han echado la culpa a la selva y sus plantas. Han llenado de sin raz\u00f3n los discursos y las pol\u00edticas\u201d.<\/p>\n\n\n\n<p>\u201cSi no corregimos el rumbo y esta se prolonga otros 40 a\u00f1os, Estados Unidos ver\u00e1 morir de sobredosis a 2.800.000 j\u00f3venes por fentanilo, que no se produce en nuestra Am\u00e9rica Latina, ver\u00e1 millones de afros norteamericanos ser apresados en sus c\u00e1rceles privadas\u201d.<\/p>\n\n\n\n<p>\u201cMorir\u00e1n asesinados un mill\u00f3n de latinoamericanos m\u00e1s, nos llenar\u00e1n de sangre nuestras aguas y nuestros campos verdes, ver\u00e1n morir el sue\u00f1o de la democracia tanto en mi Am\u00e9rica como en la Am\u00e9rica anglosajona. La democracia morir\u00e1 all\u00ed en donde naci\u00f3, en la gran Atenas occidental europea\u201d.<\/p>\n\n\n\n<p>En su intervenci\u00f3n en el Foro de Par\u00eds sobre la paz dijo:<\/p>\n\n\n\n<p>\u201cCambien la pol\u00edtica antidrogas y asuman, con valent\u00eda, la conducci\u00f3n de la sociedad hacia la econom\u00eda descarbonizada, cambiando el poder; si no lo hacemos nosotros, lo har\u00e1 la humanidad sin nosotros\u201d.<\/p>\n\n\n\n<p><strong>\u201cHay que descriminalizar y reducir el consumo\u201d<\/strong><\/p>\n\n\n\n<p>En el Foro Econ\u00f3mico Mundial de Davos que hay que descriminalizar y reducir el consumo con prevenci\u00f3n, ante el fracaso global de la guerra contra las drogas.<\/p>\n\n\n\n<p>\u201cHay millones de presos en Estados Unidos, la mayor\u00eda negros; un mill\u00f3n de muertos en Am\u00e9rica Latina, la mayor\u00eda colombianos; unas organizaciones que ya no son las que aparecen en televisi\u00f3n como a lo Pablo Escobar sino verdaderas multinacionales poderosas de las transferencias de sustancias en todo el mundo, que van dejando en toda Am\u00e9rica, por ejemplo, las ciudades y pueblos m\u00e1s violentos del mundo si se miden por tasa de homicidios\u201d.<\/p>\n\n\n\n<p>\u201cNo podemos pacificar a Colombia sino con una visi\u00f3n territorial y macro, es decir, si no ponemos en debate la pol\u00edtica antidrogas fracasada al d\u00eda de hoy con Estados Unidos, tenemos serios problemas\u201d<\/p>\n\n\n\n<p>\u201cEse di\u00e1logo lo hemos comenzado, no deber\u00eda ser Colombia\u00ac\u2013Estados Unidos, deber\u00eda ser con las Am\u00e9ricas frente al mundo, porque la pol\u00edtica tiene que variar\u201d.<\/p>\n\n\n\n<p>\u201cYa no es un problema colombiano, es un problema multinacional, con algunos organismos dominantes como los que se han establecido criminalmente en M\u00e9xico que logran tener posici\u00f3n dominante\u201d.<\/p>\n\n\n\n<p>\u201cNo podemos pacificar si las regiones excluidas de Colombia, en donde se desarrollan las mayores violencias del pa\u00eds, no logran una inclusi\u00f3n en la pol\u00edtica social\u201d.<\/p>\n\n\n\n<p>\u00ab<strong>Si queremos desligar a Colombia del narcotr\u00e1fico, debemos entregar tierra f\u00e9rtil al campesinado\u201d<\/strong><\/p>\n\n\n\n<p>Desde el Foro Nueva Econom\u00eda, el Presidente Gustavo Petro, dijo que si queremos desligar a Colombia del narcotr\u00e1fico se le debe entregar tierra f\u00e9rtil al campesinado.<\/p>\n\n\n\n<p>\u201cSi nosotros queremos que Colombia se desligue del narcotr\u00e1fico y, por tanto, se desligue de la violencia, porque estas palabras son sin\u00f3nimos, pues hay que entregarle tierra al campesinado, y tierra f\u00e9rtil. Eso debe hacerlo el Estado colombiano, es una de nuestras obsesiones ahora como Gobierno\u201d.<\/p>\n\n\n\n<p>\u201cTenemos una estructura de tenencia de la tierra muy desigual, profundamente, por eso es uno de los pa\u00edses m\u00e1s desiguales del mundo. Una especie de viejo feudalismo tra\u00eddo al siglo XXI. Tenemos 20 millones de hect\u00e1reas de tierras f\u00e9rtiles, sin producir ni una sola mercanc\u00eda alimenticia ni nada por el estilo. Y al campesinado lo fueron relegando a la fuerza, millones y millones de campesinos desplazados a ciudades, a p\u00e1ramos, a las selvas\u201d.<\/p>\n\n\n\n<p><strong>Presidente orden\u00f3 a la Armada Nacional incautar el m\u00e1ximo nivel de drogas il\u00edcitas<\/strong><\/p>\n\n\n\n<p>Presidente Petro orden\u00f3 a la Armada Nacional incautar el m\u00e1ximo nivel de drogas il\u00edcitas para contribuir a la construcci\u00f3n de paz, Desde Cartagena en la Ceremonia de Ascenso a Oficiales Navales de la Armada Nacional.<\/p>\n\n\n\n<p>\u201cHay que destruir la econom\u00eda il\u00edcita, y a la Armada le corresponde una gran misi\u00f3n en este camino, tanto en los r\u00edos como en los mares: incautar, realizar las labores de interdicci\u00f3n\u201d.<\/p>\n\n\n\n<p>\u201cLa orden dada de destruir las econom\u00edas il\u00edcitas desde la Presidencia de Colombia juega como un pilar fundamental tambi\u00e9n para construir la paz, para acortar los tiempos de la muerte\u201d<\/p>\n\n\n\n<p><strong>Un a\u00f1o de gobierno<\/strong><\/p>\n\n\n\n<p>A un a\u00f1o de gobierno, el presidente Gustavo Petro, asegur\u00f3 que su gobierno propuso una Pol\u00edtica Nacional de drogas para transitar en la guerra contra las drogas, hoy fracasada, a la del cuidado de la vida.<\/p>\n\n\n\n<p>La pol\u00edtica de drogas se centra en contar con \u201cherramientas para apoyar a las comunidades que est\u00e1n dependiendo de las econom\u00edas il\u00edcitas para darles otras alternativas de econom\u00edas l\u00edcitas\u201d.<\/p>\n\n\n\n<p>\u201cTambi\u00e9n buscamos cambiar la forma tradicional como se han enfrentado a las organizaciones criminales, abordando el problema con un enfoque de seguridad humana y no desde la simple confrontaci\u00f3n militar de siempre\u201d.<\/p>\n\n\n\n<p>\u201cColombia no se atemoriza ante el reto de liderar las discusiones que necesita el mundo, porque ante la posibilidad cierta de la muerte nos alzamos como potencia de la vida\u201d<\/p>\n","protected":false},"excerpt":{"rendered":"<p>En su discurso de posesi\u00f3n el presidente Gustavo Petro se refiri\u00f3, por primera vez como mandatario, a la lucha contra las drogas. \u201cEs hora de una nueva Convenci\u00f3n Internacional que acepte que la guerra contra las drogas ha fracasado rotundamente, que ha dejado un mill\u00f3n de latinoamericanos asesinados, la mayor\u00eda colombianos, durante estos 40 a\u00f1os. [&hellip;]<\/p>\n","protected":false},"author":2,"featured_media":0,"comment_status":"open","ping_status":"open","sticky":false,"template":"","format":"standard","meta":{"footnotes":""},"categories":[28,36],"tags":[],"class_list":["post-60017","post","type-post","status-publish","format-standard","hentry","category-actualidad","category-destacado"],"yoast_head":"<!-- This site is optimized with the Yoast SEO plugin v26.6 - https:\/\/yoast.com\/wordpress\/plugins\/seo\/ -->\n<title>Yo les demando desde mi Latinoam\u00e9rica herida, acabar con la irracional guerra contra las drogas: Presidente Petro -<\/title>\n<meta name=\"robots\" content=\"index, follow, max-snippet:-1, max-image-preview:large, max-video-preview:-1\" \/>\n<link rel=\"canonical\" href=\"https:\/\/luchonoticias.com\/editor\/yo-les-demando-desde-mi-latinoamerica-herida-acabar-con-la-irracional-guerra-contra-las-drogas-presidente-petro\/\" \/>\n<meta property=\"og:locale\" content=\"es_ES\" \/>\n<meta property=\"og:type\" content=\"article\" \/>\n<meta property=\"og:title\" content=\"Yo les demando desde mi Latinoam\u00e9rica herida, acabar con la irracional guerra contra las drogas: Presidente Petro -\" \/>\n<meta property=\"og:url\" content=\"https:\/\/luchonoticias.com\/editor\/yo-les-demando-desde-mi-latinoamerica-herida-acabar-con-la-irracional-guerra-contra-las-drogas-presidente-petro\/\" \/>\n<meta property=\"article:publisher\" content=\"https:\/\/www.facebook.com\/luchonoticiasneiva\" \/>\n<meta property=\"article:published_time\" content=\"2023-09-09T21:16:43+00:00\" \/>\n<meta property=\"article:modified_time\" content=\"2023-09-09T21:16:44+00:00\" \/>\n<meta name=\"author\" content=\"Editor General\" \/>\n<meta name=\"twitter:card\" content=\"summary_large_image\" \/>\n<meta name=\"twitter:label1\" content=\"Escrito por\" \/>\n\t<meta name=\"twitter:data1\" content=\"Editor General\" \/>\n\t<meta name=\"twitter:label2\" content=\"Tiempo de lectura\" \/>\n\t<meta name=\"twitter:data2\" content=\"7 minutos\" \/>\n<script type=\"application\/ld+json\" class=\"yoast-schema-graph\">{\"@context\":\"https:\/\/schema.org\",\"@graph\":[{\"@type\":\"Article\",\"@id\":\"https:\/\/luchonoticias.com\/editor\/yo-les-demando-desde-mi-latinoamerica-herida-acabar-con-la-irracional-guerra-contra-las-drogas-presidente-petro\/#article\",\"isPartOf\":{\"@id\":\"https:\/\/luchonoticias.com\/editor\/yo-les-demando-desde-mi-latinoamerica-herida-acabar-con-la-irracional-guerra-contra-las-drogas-presidente-petro\/\"},\"author\":{\"name\":\"Editor General\",\"@id\":\"https:\/\/luchonoticias.com\/editor\/#\/schema\/person\/29217990ddf6f14e35912b2866d591fb\"},\"headline\":\"Yo les demando desde mi Latinoam\u00e9rica herida, acabar con la irracional guerra contra las drogas: Presidente Petro\",\"datePublished\":\"2023-09-09T21:16:43+00:00\",\"dateModified\":\"2023-09-09T21:16:44+00:00\",\"mainEntityOfPage\":{\"@id\":\"https:\/\/luchonoticias.com\/editor\/yo-les-demando-desde-mi-latinoamerica-herida-acabar-con-la-irracional-guerra-contra-las-drogas-presidente-petro\/\"},\"wordCount\":1345,\"commentCount\":0,\"publisher\":{\"@id\":\"https:\/\/luchonoticias.com\/editor\/#\/schema\/person\/7a7fd911f58561fd056dbac7b55af9cd\"},\"articleSection\":[\"Actualidad\",\"Destacado\"],\"inLanguage\":\"es\",\"potentialAction\":[{\"@type\":\"CommentAction\",\"name\":\"Comment\",\"target\":[\"https:\/\/luchonoticias.com\/editor\/yo-les-demando-desde-mi-latinoamerica-herida-acabar-con-la-irracional-guerra-contra-las-drogas-presidente-petro\/#respond\"]}]},{\"@type\":\"WebPage\",\"@id\":\"https:\/\/luchonoticias.com\/editor\/yo-les-demando-desde-mi-latinoamerica-herida-acabar-con-la-irracional-guerra-contra-las-drogas-presidente-petro\/\",\"url\":\"https:\/\/luchonoticias.com\/editor\/yo-les-demando-desde-mi-latinoamerica-herida-acabar-con-la-irracional-guerra-contra-las-drogas-presidente-petro\/\",\"name\":\"Yo les demando desde mi Latinoam\u00e9rica herida, acabar con la irracional guerra contra las drogas: Presidente Petro -\",\"isPartOf\":{\"@id\":\"https:\/\/luchonoticias.com\/editor\/#website\"},\"datePublished\":\"2023-09-09T21:16:43+00:00\",\"dateModified\":\"2023-09-09T21:16:44+00:00\",\"breadcrumb\":{\"@id\":\"https:\/\/luchonoticias.com\/editor\/yo-les-demando-desde-mi-latinoamerica-herida-acabar-con-la-irracional-guerra-contra-las-drogas-presidente-petro\/#breadcrumb\"},\"inLanguage\":\"es\",\"potentialAction\":[{\"@type\":\"ReadAction\",\"target\":[\"https:\/\/luchonoticias.com\/editor\/yo-les-demando-desde-mi-latinoamerica-herida-acabar-con-la-irracional-guerra-contra-las-drogas-presidente-petro\/\"]}]},{\"@type\":\"BreadcrumbList\",\"@id\":\"https:\/\/luchonoticias.com\/editor\/yo-les-demando-desde-mi-latinoamerica-herida-acabar-con-la-irracional-guerra-contra-las-drogas-presidente-petro\/#breadcrumb\",\"itemListElement\":[{\"@type\":\"ListItem\",\"position\":1,\"name\":\"Portada\",\"item\":\"https:\/\/luchonoticias.com\/editor\/\"},{\"@type\":\"ListItem\",\"position\":2,\"name\":\"Yo les demando desde mi Latinoam\u00e9rica herida, acabar con la irracional guerra contra las drogas: Presidente Petro\"}]},{\"@type\":\"WebSite\",\"@id\":\"https:\/\/luchonoticias.com\/editor\/#website\",\"url\":\"https:\/\/luchonoticias.com\/editor\/\",\"name\":\"\",\"description\":\"\",\"publisher\":{\"@id\":\"https:\/\/luchonoticias.com\/editor\/#\/schema\/person\/7a7fd911f58561fd056dbac7b55af9cd\"},\"potentialAction\":[{\"@type\":\"SearchAction\",\"target\":{\"@type\":\"EntryPoint\",\"urlTemplate\":\"https:\/\/luchonoticias.com\/editor\/?s={search_term_string}\"},\"query-input\":{\"@type\":\"PropertyValueSpecification\",\"valueRequired\":true,\"valueName\":\"search_term_string\"}}],\"inLanguage\":\"es\"},{\"@type\":[\"Person\",\"Organization\"],\"@id\":\"https:\/\/luchonoticias.com\/editor\/#\/schema\/person\/7a7fd911f58561fd056dbac7b55af9cd\",\"name\":\"admin\",\"image\":{\"@type\":\"ImageObject\",\"inLanguage\":\"es\",\"@id\":\"https:\/\/luchonoticias.com\/editor\/#\/schema\/person\/image\/\",\"url\":\"https:\/\/luchonoticias.com\/editor\/wp-content\/uploads\/2024\/02\/cropped-cropped-logolu.webp\",\"contentUrl\":\"https:\/\/luchonoticias.com\/editor\/wp-content\/uploads\/2024\/02\/cropped-cropped-logolu.webp\",\"width\":382,\"height\":170,\"caption\":\"admin\"},\"logo\":{\"@id\":\"https:\/\/luchonoticias.com\/editor\/#\/schema\/person\/image\/\"},\"sameAs\":[\"https:\/\/www.facebook.com\/luchonoticiasneiva\"]},{\"@type\":\"Person\",\"@id\":\"https:\/\/luchonoticias.com\/editor\/#\/schema\/person\/29217990ddf6f14e35912b2866d591fb\",\"name\":\"Editor General\",\"image\":{\"@type\":\"ImageObject\",\"inLanguage\":\"es\",\"@id\":\"https:\/\/luchonoticias.com\/editor\/#\/schema\/person\/image\/\",\"url\":\"https:\/\/luchonoticias.com\/editor\/wp-content\/uploads\/2024\/02\/cropped-cropped-logolu-150x150.webp\",\"contentUrl\":\"https:\/\/luchonoticias.com\/editor\/wp-content\/uploads\/2024\/02\/cropped-cropped-logolu-150x150.webp\",\"caption\":\"Editor General\"},\"sameAs\":[\"https:\/\/luchonoticias.com\/\"],\"url\":\"https:\/\/luchonoticias.com\/editor\/author\/editor-general\/\"}]}<\/script>\n<!-- \/ Yoast SEO plugin. -->","yoast_head_json":{"title":"Yo les demando desde mi Latinoam\u00e9rica herida, acabar con la irracional guerra contra las drogas: Presidente Petro -","robots":{"index":"index","follow":"follow","max-snippet":"max-snippet:-1","max-image-preview":"max-image-preview:large","max-video-preview":"max-video-preview:-1"},"canonical":"https:\/\/luchonoticias.com\/editor\/yo-les-demando-desde-mi-latinoamerica-herida-acabar-con-la-irracional-guerra-contra-las-drogas-presidente-petro\/","og_locale":"es_ES","og_type":"article","og_title":"Yo les demando desde mi Latinoam\u00e9rica herida, acabar con la irracional guerra contra las drogas: Presidente Petro -","og_url":"https:\/\/luchonoticias.com\/editor\/yo-les-demando-desde-mi-latinoamerica-herida-acabar-con-la-irracional-guerra-contra-las-drogas-presidente-petro\/","article_publisher":"https:\/\/www.facebook.com\/luchonoticiasneiva","article_published_time":"2023-09-09T21:16:43+00:00","article_modified_time":"2023-09-09T21:16:44+00:00","author":"Editor General","twitter_card":"summary_large_image","twitter_misc":{"Escrito por":"Editor General","Tiempo de lectura":"7 minutos"},"schema":{"@context":"https:\/\/schema.org","@graph":[{"@type":"Article","@id":"https:\/\/luchonoticias.com\/editor\/yo-les-demando-desde-mi-latinoamerica-herida-acabar-con-la-irracional-guerra-contra-las-drogas-presidente-petro\/#article","isPartOf":{"@id":"https:\/\/luchonoticias.com\/editor\/yo-les-demando-desde-mi-latinoamerica-herida-acabar-con-la-irracional-guerra-contra-las-drogas-presidente-petro\/"},"author":{"name":"Editor General","@id":"https:\/\/luchonoticias.com\/editor\/#\/schema\/person\/29217990ddf6f14e35912b2866d591fb"},"headline":"Yo les demando desde mi Latinoam\u00e9rica herida, acabar con la irracional guerra contra las drogas: Presidente Petro","datePublished":"2023-09-09T21:16:43+00:00","dateModified":"2023-09-09T21:16:44+00:00","mainEntityOfPage":{"@id":"https:\/\/luchonoticias.com\/editor\/yo-les-demando-desde-mi-latinoamerica-herida-acabar-con-la-irracional-guerra-contra-las-drogas-presidente-petro\/"},"wordCount":1345,"commentCount":0,"publisher":{"@id":"https:\/\/luchonoticias.com\/editor\/#\/schema\/person\/7a7fd911f58561fd056dbac7b55af9cd"},"articleSection":["Actualidad","Destacado"],"inLanguage":"es","potentialAction":[{"@type":"CommentAction","name":"Comment","target":["https:\/\/luchonoticias.com\/editor\/yo-les-demando-desde-mi-latinoamerica-herida-acabar-con-la-irracional-guerra-contra-las-drogas-presidente-petro\/#respond"]}]},{"@type":"WebPage","@id":"https:\/\/luchonoticias.com\/editor\/yo-les-demando-desde-mi-latinoamerica-herida-acabar-con-la-irracional-guerra-contra-las-drogas-presidente-petro\/","url":"https:\/\/luchonoticias.com\/editor\/yo-les-demando-desde-mi-latinoamerica-herida-acabar-con-la-irracional-guerra-contra-las-drogas-presidente-petro\/","name":"Yo les demando desde mi Latinoam\u00e9rica herida, acabar con la irracional guerra contra las drogas: Presidente Petro -","isPartOf":{"@id":"https:\/\/luchonoticias.com\/editor\/#website"},"datePublished":"2023-09-09T21:16:43+00:00","dateModified":"2023-09-09T21:16:44+00:00","breadcrumb":{"@id":"https:\/\/luchonoticias.com\/editor\/yo-les-demando-desde-mi-latinoamerica-herida-acabar-con-la-irracional-guerra-contra-las-drogas-presidente-petro\/#breadcrumb"},"inLanguage":"es","potentialAction":[{"@type":"ReadAction","target":["https:\/\/luchonoticias.com\/editor\/yo-les-demando-desde-mi-latinoamerica-herida-acabar-con-la-irracional-guerra-contra-las-drogas-presidente-petro\/"]}]},{"@type":"BreadcrumbList","@id":"https:\/\/luchonoticias.com\/editor\/yo-les-demando-desde-mi-latinoamerica-herida-acabar-con-la-irracional-guerra-contra-las-drogas-presidente-petro\/#breadcrumb","itemListElement":[{"@type":"ListItem","position":1,"name":"Portada","item":"https:\/\/luchonoticias.com\/editor\/"},{"@type":"ListItem","position":2,"name":"Yo les demando desde mi Latinoam\u00e9rica herida, acabar con la irracional guerra contra las drogas: Presidente Petro"}]},{"@type":"WebSite","@id":"https:\/\/luchonoticias.com\/editor\/#website","url":"https:\/\/luchonoticias.com\/editor\/","name":"","description":"","publisher":{"@id":"https:\/\/luchonoticias.com\/editor\/#\/schema\/person\/7a7fd911f58561fd056dbac7b55af9cd"},"potentialAction":[{"@type":"SearchAction","target":{"@type":"EntryPoint","urlTemplate":"https:\/\/luchonoticias.com\/editor\/?s={search_term_string}"},"query-input":{"@type":"PropertyValueSpecification","valueRequired":true,"valueName":"search_term_string"}}],"inLanguage":"es"},{"@type":["Person","Organization"],"@id":"https:\/\/luchonoticias.com\/editor\/#\/schema\/person\/7a7fd911f58561fd056dbac7b55af9cd","name":"admin","image":{"@type":"ImageObject","inLanguage":"es","@id":"https:\/\/luchonoticias.com\/editor\/#\/schema\/person\/image\/","url":"https:\/\/luchonoticias.com\/editor\/wp-content\/uploads\/2024\/02\/cropped-cropped-logolu.webp","contentUrl":"https:\/\/luchonoticias.com\/editor\/wp-content\/uploads\/2024\/02\/cropped-cropped-logolu.webp","width":382,"height":170,"caption":"admin"},"logo":{"@id":"https:\/\/luchonoticias.com\/editor\/#\/schema\/person\/image\/"},"sameAs":["https:\/\/www.facebook.com\/luchonoticiasneiva"]},{"@type":"Person","@id":"https:\/\/luchonoticias.com\/editor\/#\/schema\/person\/29217990ddf6f14e35912b2866d591fb","name":"Editor General","image":{"@type":"ImageObject","inLanguage":"es","@id":"https:\/\/luchonoticias.com\/editor\/#\/schema\/person\/image\/","url":"https:\/\/luchonoticias.com\/editor\/wp-content\/uploads\/2024\/02\/cropped-cropped-logolu-150x150.webp","contentUrl":"https:\/\/luchonoticias.com\/editor\/wp-content\/uploads\/2024\/02\/cropped-cropped-logolu-150x150.webp","caption":"Editor General"},"sameAs":["https:\/\/luchonoticias.com\/"],"url":"https:\/\/luchonoticias.com\/editor\/author\/editor-general\/"}]}},"_links":{"self":[{"href":"https:\/\/luchonoticias.com\/editor\/wp-json\/wp\/v2\/posts\/60017","targetHints":{"allow":["GET"]}}],"collection":[{"href":"https:\/\/luchonoticias.com\/editor\/wp-json\/wp\/v2\/posts"}],"about":[{"href":"https:\/\/luchonoticias.com\/editor\/wp-json\/wp\/v2\/types\/post"}],"author":[{"embeddable":true,"href":"https:\/\/luchonoticias.com\/editor\/wp-json\/wp\/v2\/users\/2"}],"replies":[{"embeddable":true,"href":"https:\/\/luchonoticias.com\/editor\/wp-json\/wp\/v2\/comments?post=60017"}],"version-history":[{"count":0,"href":"https:\/\/luchonoticias.com\/editor\/wp-json\/wp\/v2\/posts\/60017\/revisions"}],"wp:attachment":[{"href":"https:\/\/luchonoticias.com\/editor\/wp-json\/wp\/v2\/media?parent=60017"}],"wp:term":[{"taxonomy":"category","embeddable":true,"href":"https:\/\/luchonoticias.com\/editor\/wp-json\/wp\/v2\/categories?post=60017"},{"taxonomy":"post_tag","embeddable":true,"href":"https:\/\/luchonoticias.com\/editor\/wp-json\/wp\/v2\/tags?post=60017"}],"curies":[{"name":"wp","href":"https:\/\/api.w.org\/{rel}","templated":true}]}}