{"id":60052,"date":"2023-09-10T07:25:57","date_gmt":"2023-09-10T12:25:57","guid":{"rendered":"https:\/\/luchonoticias.com\/?p=60052"},"modified":"2023-09-10T07:25:58","modified_gmt":"2023-09-10T12:25:58","slug":"tenemos-que-recuperar-las-luchas-historicas-por-la-democracia-porque-a-las-elites-no-les-gusta-que-el-pueblo-gobierne-presidente-petro","status":"publish","type":"post","link":"https:\/\/luchonoticias.com\/editor\/tenemos-que-recuperar-las-luchas-historicas-por-la-democracia-porque-a-las-elites-no-les-gusta-que-el-pueblo-gobierne-presidente-petro\/","title":{"rendered":"Tenemos que recuperar las luchas hist\u00f3ricas por la democracia, porque a las \u00e9lites no les gusta que el pueblo gobierne: Presidente Petro"},"content":{"rendered":"\n<p>En su intervenci\u00f3n al cierre de la visita oficial del presidente de los Estados Unidos Mexicanos en La ciudad de Cali, el mandatario hizo un recorrido hist\u00f3rico, desde las luchas del Libertador Sim\u00f3n Bol\u00edvar, el general del ej\u00e9rcito libertador Jos\u00e9 Mar\u00eda Melo, el \u00fanico presidente ind\u00edgena que ha tenido Colombia, el \u2018Che Guevara\u2019 y Benito Ju\u00e1rez, en M\u00e9xico, entre otros.<\/p>\n\n\n\n<p>Al hablar del general Melo, el mandatario colombiano dijo que el ej\u00e9rcito libertador \u201cobviamente no le gustaba a quienes ten\u00edan una visi\u00f3n de \u00e9lite y de exclusi\u00f3n en la sociedad colombiana: a los due\u00f1os de los esclavos que gobernaron a Colombia hasta 1850, y sus descendientes todav\u00eda quieren seguir gobernando\u201d.<\/p>\n\n\n\n<p>El presidente Petro record\u00f3 que esas \u00e9lites criollas desterraron al&nbsp; general Melo, que se fue a defender a Nicaragua y el Salvador y despu\u00e9s defendi\u00f3 las ideas de Benito Ju\u00e1rez en M\u00e9xico de construir una profunda democracia.<\/p>\n\n\n\n<p>\u201cAll\u00e1 fue fusilado y all\u00e1 est\u00e1 enterrado, pero nadie en Colombia volvi\u00f3 a pelear por traer su cuerpo, o no les gusta la historia de un ind\u00edgena Presidente.<\/p>\n\n\n\n<p>No les gusta que nuestra Vicepresidenta (Francia M\u00e1rquez) sea negra, y no les gusta que el Presidente haya sido insurgente. Sencillamente, no les gusta que el pueblo gobierne, eso es todo: no les gusta la democracia\u201d, afirm\u00f3.<\/p>\n\n\n\n<p>Todas estas, agreg\u00f3, \u201cson luchas por la democracia que hay que recuperar, porque recuperar la historia es recuperar el presente y el futuro\u201d.<\/p>\n\n\n\n<p>Tambi\u00e9n se refiri\u00f3 al caso del general Rafael Uribe Uribe, quien muri\u00f3 asesinado por defender la educaci\u00f3n p\u00fablica en el pa\u00eds.<\/p>\n\n\n\n<p>\u201cEl pecado de Rafael Uribe en ese momento para ser asesinado fue haber peleado por la educaci\u00f3n p\u00fablica en toda la rep\u00fablica de Colombia. Hoy, precisamente, alguien est\u00e1 proponiendo acabar con la educaci\u00f3n p\u00fablica para que no se entreguen bonos p\u00fablicos para que los ni\u00f1os y las ni\u00f1as estudien en colegios privados, lo cual es un ataque a la educaci\u00f3n p\u00fablica que este Gobierno piensa fortalecer, no acabar\u201d.<\/p>\n\n\n\n<p>El mandatario colombiano, al hablarle al presidente de los Estados Unidos Mexicanos, Andr\u00e9s Manuel L\u00f3pez Obrador, que concluy\u00f3 este s\u00e1bado su visita oficial a Colombia, dijo que, al igual que en nuestro pasado com\u00fan, \u201choy no tenemos fronteras, somos un mismo pueblo con similares problemas en una diversidad intensa y con una enorme capacidad de construir belleza\u201d.<\/p>\n\n\n\n<p>Esa belleza, explic\u00f3 el jefe de Estado, est\u00e1 en el boom latinoamericano con Gabriel Garc\u00eda M\u00e1rquez y Pablo Neruda, y tantos otros escritores de todos nuestros pa\u00edses.<\/p>\n\n\n\n<p>\u201cAhora yo trato de mirar las nuevas emanaciones de nuestra literatura y encuentro el mismo boom bajo otro formato y de manera invisible\u2026 un poco ajenas a nosotros pero absolutamente po\u00e9ticas y tan profundas e intensas como fue el boom de la escritura latinoamericano\u201d.<\/p>\n\n\n\n<p>Y concluy\u00f3 que existen otros valores que hay que restaurar en estas tierras, como la libertad real, la democracia profunda, \u201cque vuelvan a haber presidentes ind\u00edgenas y negros\u201d.<\/p>\n","protected":false},"excerpt":{"rendered":"<p>En su intervenci\u00f3n al cierre de la visita oficial del presidente de los Estados Unidos Mexicanos en La ciudad de Cali, el mandatario hizo un recorrido hist\u00f3rico, desde las luchas del Libertador Sim\u00f3n Bol\u00edvar, el general del ej\u00e9rcito libertador Jos\u00e9 Mar\u00eda Melo, el \u00fanico presidente ind\u00edgena que ha tenido Colombia, el \u2018Che Guevara\u2019 y Benito [&hellip;]<\/p>\n","protected":false},"author":2,"featured_media":0,"comment_status":"open","ping_status":"open","sticky":false,"template":"","format":"standard","meta":{"footnotes":""},"categories":[28,36],"tags":[],"class_list":["post-60052","post","type-post","status-publish","format-standard","hentry","category-actualidad","category-destacado"],"yoast_head":"<!-- This site is optimized with the Yoast SEO plugin v26.6 - https:\/\/yoast.com\/wordpress\/plugins\/seo\/ -->\n<title>Tenemos que recuperar las luchas hist\u00f3ricas por la democracia, porque a las \u00e9lites no les gusta que el pueblo gobierne: Presidente Petro -<\/title>\n<meta name=\"robots\" content=\"index, follow, max-snippet:-1, max-image-preview:large, max-video-preview:-1\" \/>\n<link rel=\"canonical\" href=\"https:\/\/luchonoticias.com\/editor\/tenemos-que-recuperar-las-luchas-historicas-por-la-democracia-porque-a-las-elites-no-les-gusta-que-el-pueblo-gobierne-presidente-petro\/\" \/>\n<meta property=\"og:locale\" content=\"es_ES\" \/>\n<meta property=\"og:type\" content=\"article\" \/>\n<meta property=\"og:title\" content=\"Tenemos que recuperar las luchas hist\u00f3ricas por la democracia, porque a las \u00e9lites no les gusta que el pueblo gobierne: Presidente Petro -\" \/>\n<meta property=\"og:url\" content=\"https:\/\/luchonoticias.com\/editor\/tenemos-que-recuperar-las-luchas-historicas-por-la-democracia-porque-a-las-elites-no-les-gusta-que-el-pueblo-gobierne-presidente-petro\/\" \/>\n<meta property=\"article:publisher\" content=\"https:\/\/www.facebook.com\/luchonoticiasneiva\" \/>\n<meta property=\"article:published_time\" content=\"2023-09-10T12:25:57+00:00\" \/>\n<meta property=\"article:modified_time\" content=\"2023-09-10T12:25:58+00:00\" \/>\n<meta name=\"author\" content=\"Editor General\" \/>\n<meta name=\"twitter:card\" content=\"summary_large_image\" \/>\n<meta name=\"twitter:label1\" content=\"Escrito por\" \/>\n\t<meta name=\"twitter:data1\" content=\"Editor General\" \/>\n\t<meta name=\"twitter:label2\" content=\"Tiempo de lectura\" \/>\n\t<meta name=\"twitter:data2\" content=\"3 minutos\" \/>\n<script type=\"application\/ld+json\" class=\"yoast-schema-graph\">{\"@context\":\"https:\/\/schema.org\",\"@graph\":[{\"@type\":\"Article\",\"@id\":\"https:\/\/luchonoticias.com\/editor\/tenemos-que-recuperar-las-luchas-historicas-por-la-democracia-porque-a-las-elites-no-les-gusta-que-el-pueblo-gobierne-presidente-petro\/#article\",\"isPartOf\":{\"@id\":\"https:\/\/luchonoticias.com\/editor\/tenemos-que-recuperar-las-luchas-historicas-por-la-democracia-porque-a-las-elites-no-les-gusta-que-el-pueblo-gobierne-presidente-petro\/\"},\"author\":{\"name\":\"Editor General\",\"@id\":\"https:\/\/luchonoticias.com\/editor\/#\/schema\/person\/29217990ddf6f14e35912b2866d591fb\"},\"headline\":\"Tenemos que recuperar las luchas hist\u00f3ricas por la democracia, porque a las \u00e9lites no les gusta que el pueblo gobierne: Presidente Petro\",\"datePublished\":\"2023-09-10T12:25:57+00:00\",\"dateModified\":\"2023-09-10T12:25:58+00:00\",\"mainEntityOfPage\":{\"@id\":\"https:\/\/luchonoticias.com\/editor\/tenemos-que-recuperar-las-luchas-historicas-por-la-democracia-porque-a-las-elites-no-les-gusta-que-el-pueblo-gobierne-presidente-petro\/\"},\"wordCount\":546,\"commentCount\":0,\"publisher\":{\"@id\":\"https:\/\/luchonoticias.com\/editor\/#\/schema\/person\/7a7fd911f58561fd056dbac7b55af9cd\"},\"articleSection\":[\"Actualidad\",\"Destacado\"],\"inLanguage\":\"es\",\"potentialAction\":[{\"@type\":\"CommentAction\",\"name\":\"Comment\",\"target\":[\"https:\/\/luchonoticias.com\/editor\/tenemos-que-recuperar-las-luchas-historicas-por-la-democracia-porque-a-las-elites-no-les-gusta-que-el-pueblo-gobierne-presidente-petro\/#respond\"]}]},{\"@type\":\"WebPage\",\"@id\":\"https:\/\/luchonoticias.com\/editor\/tenemos-que-recuperar-las-luchas-historicas-por-la-democracia-porque-a-las-elites-no-les-gusta-que-el-pueblo-gobierne-presidente-petro\/\",\"url\":\"https:\/\/luchonoticias.com\/editor\/tenemos-que-recuperar-las-luchas-historicas-por-la-democracia-porque-a-las-elites-no-les-gusta-que-el-pueblo-gobierne-presidente-petro\/\",\"name\":\"Tenemos que recuperar las luchas hist\u00f3ricas por la democracia, porque a las \u00e9lites no les gusta que el pueblo gobierne: Presidente Petro -\",\"isPartOf\":{\"@id\":\"https:\/\/luchonoticias.com\/editor\/#website\"},\"datePublished\":\"2023-09-10T12:25:57+00:00\",\"dateModified\":\"2023-09-10T12:25:58+00:00\",\"breadcrumb\":{\"@id\":\"https:\/\/luchonoticias.com\/editor\/tenemos-que-recuperar-las-luchas-historicas-por-la-democracia-porque-a-las-elites-no-les-gusta-que-el-pueblo-gobierne-presidente-petro\/#breadcrumb\"},\"inLanguage\":\"es\",\"potentialAction\":[{\"@type\":\"ReadAction\",\"target\":[\"https:\/\/luchonoticias.com\/editor\/tenemos-que-recuperar-las-luchas-historicas-por-la-democracia-porque-a-las-elites-no-les-gusta-que-el-pueblo-gobierne-presidente-petro\/\"]}]},{\"@type\":\"BreadcrumbList\",\"@id\":\"https:\/\/luchonoticias.com\/editor\/tenemos-que-recuperar-las-luchas-historicas-por-la-democracia-porque-a-las-elites-no-les-gusta-que-el-pueblo-gobierne-presidente-petro\/#breadcrumb\",\"itemListElement\":[{\"@type\":\"ListItem\",\"position\":1,\"name\":\"Portada\",\"item\":\"https:\/\/luchonoticias.com\/editor\/\"},{\"@type\":\"ListItem\",\"position\":2,\"name\":\"Tenemos que recuperar las luchas hist\u00f3ricas por la democracia, porque a las \u00e9lites no les gusta que el pueblo gobierne: Presidente Petro\"}]},{\"@type\":\"WebSite\",\"@id\":\"https:\/\/luchonoticias.com\/editor\/#website\",\"url\":\"https:\/\/luchonoticias.com\/editor\/\",\"name\":\"\",\"description\":\"\",\"publisher\":{\"@id\":\"https:\/\/luchonoticias.com\/editor\/#\/schema\/person\/7a7fd911f58561fd056dbac7b55af9cd\"},\"potentialAction\":[{\"@type\":\"SearchAction\",\"target\":{\"@type\":\"EntryPoint\",\"urlTemplate\":\"https:\/\/luchonoticias.com\/editor\/?s={search_term_string}\"},\"query-input\":{\"@type\":\"PropertyValueSpecification\",\"valueRequired\":true,\"valueName\":\"search_term_string\"}}],\"inLanguage\":\"es\"},{\"@type\":[\"Person\",\"Organization\"],\"@id\":\"https:\/\/luchonoticias.com\/editor\/#\/schema\/person\/7a7fd911f58561fd056dbac7b55af9cd\",\"name\":\"admin\",\"image\":{\"@type\":\"ImageObject\",\"inLanguage\":\"es\",\"@id\":\"https:\/\/luchonoticias.com\/editor\/#\/schema\/person\/image\/\",\"url\":\"https:\/\/luchonoticias.com\/editor\/wp-content\/uploads\/2024\/02\/cropped-cropped-logolu.webp\",\"contentUrl\":\"https:\/\/luchonoticias.com\/editor\/wp-content\/uploads\/2024\/02\/cropped-cropped-logolu.webp\",\"width\":382,\"height\":170,\"caption\":\"admin\"},\"logo\":{\"@id\":\"https:\/\/luchonoticias.com\/editor\/#\/schema\/person\/image\/\"},\"sameAs\":[\"https:\/\/www.facebook.com\/luchonoticiasneiva\"]},{\"@type\":\"Person\",\"@id\":\"https:\/\/luchonoticias.com\/editor\/#\/schema\/person\/29217990ddf6f14e35912b2866d591fb\",\"name\":\"Editor General\",\"image\":{\"@type\":\"ImageObject\",\"inLanguage\":\"es\",\"@id\":\"https:\/\/luchonoticias.com\/editor\/#\/schema\/person\/image\/\",\"url\":\"https:\/\/luchonoticias.com\/editor\/wp-content\/uploads\/2024\/02\/cropped-cropped-logolu-150x150.webp\",\"contentUrl\":\"https:\/\/luchonoticias.com\/editor\/wp-content\/uploads\/2024\/02\/cropped-cropped-logolu-150x150.webp\",\"caption\":\"Editor General\"},\"sameAs\":[\"https:\/\/luchonoticias.com\/\"],\"url\":\"https:\/\/luchonoticias.com\/editor\/author\/editor-general\/\"}]}<\/script>\n<!-- \/ Yoast SEO plugin. -->","yoast_head_json":{"title":"Tenemos que recuperar las luchas hist\u00f3ricas por la democracia, porque a las \u00e9lites no les gusta que el pueblo gobierne: Presidente Petro -","robots":{"index":"index","follow":"follow","max-snippet":"max-snippet:-1","max-image-preview":"max-image-preview:large","max-video-preview":"max-video-preview:-1"},"canonical":"https:\/\/luchonoticias.com\/editor\/tenemos-que-recuperar-las-luchas-historicas-por-la-democracia-porque-a-las-elites-no-les-gusta-que-el-pueblo-gobierne-presidente-petro\/","og_locale":"es_ES","og_type":"article","og_title":"Tenemos que recuperar las luchas hist\u00f3ricas por la democracia, porque a las \u00e9lites no les gusta que el pueblo gobierne: Presidente Petro -","og_url":"https:\/\/luchonoticias.com\/editor\/tenemos-que-recuperar-las-luchas-historicas-por-la-democracia-porque-a-las-elites-no-les-gusta-que-el-pueblo-gobierne-presidente-petro\/","article_publisher":"https:\/\/www.facebook.com\/luchonoticiasneiva","article_published_time":"2023-09-10T12:25:57+00:00","article_modified_time":"2023-09-10T12:25:58+00:00","author":"Editor General","twitter_card":"summary_large_image","twitter_misc":{"Escrito por":"Editor General","Tiempo de lectura":"3 minutos"},"schema":{"@context":"https:\/\/schema.org","@graph":[{"@type":"Article","@id":"https:\/\/luchonoticias.com\/editor\/tenemos-que-recuperar-las-luchas-historicas-por-la-democracia-porque-a-las-elites-no-les-gusta-que-el-pueblo-gobierne-presidente-petro\/#article","isPartOf":{"@id":"https:\/\/luchonoticias.com\/editor\/tenemos-que-recuperar-las-luchas-historicas-por-la-democracia-porque-a-las-elites-no-les-gusta-que-el-pueblo-gobierne-presidente-petro\/"},"author":{"name":"Editor General","@id":"https:\/\/luchonoticias.com\/editor\/#\/schema\/person\/29217990ddf6f14e35912b2866d591fb"},"headline":"Tenemos que recuperar las luchas hist\u00f3ricas por la democracia, porque a las \u00e9lites no les gusta que el pueblo gobierne: Presidente Petro","datePublished":"2023-09-10T12:25:57+00:00","dateModified":"2023-09-10T12:25:58+00:00","mainEntityOfPage":{"@id":"https:\/\/luchonoticias.com\/editor\/tenemos-que-recuperar-las-luchas-historicas-por-la-democracia-porque-a-las-elites-no-les-gusta-que-el-pueblo-gobierne-presidente-petro\/"},"wordCount":546,"commentCount":0,"publisher":{"@id":"https:\/\/luchonoticias.com\/editor\/#\/schema\/person\/7a7fd911f58561fd056dbac7b55af9cd"},"articleSection":["Actualidad","Destacado"],"inLanguage":"es","potentialAction":[{"@type":"CommentAction","name":"Comment","target":["https:\/\/luchonoticias.com\/editor\/tenemos-que-recuperar-las-luchas-historicas-por-la-democracia-porque-a-las-elites-no-les-gusta-que-el-pueblo-gobierne-presidente-petro\/#respond"]}]},{"@type":"WebPage","@id":"https:\/\/luchonoticias.com\/editor\/tenemos-que-recuperar-las-luchas-historicas-por-la-democracia-porque-a-las-elites-no-les-gusta-que-el-pueblo-gobierne-presidente-petro\/","url":"https:\/\/luchonoticias.com\/editor\/tenemos-que-recuperar-las-luchas-historicas-por-la-democracia-porque-a-las-elites-no-les-gusta-que-el-pueblo-gobierne-presidente-petro\/","name":"Tenemos que recuperar las luchas hist\u00f3ricas por la democracia, porque a las \u00e9lites no les gusta que el pueblo gobierne: Presidente Petro -","isPartOf":{"@id":"https:\/\/luchonoticias.com\/editor\/#website"},"datePublished":"2023-09-10T12:25:57+00:00","dateModified":"2023-09-10T12:25:58+00:00","breadcrumb":{"@id":"https:\/\/luchonoticias.com\/editor\/tenemos-que-recuperar-las-luchas-historicas-por-la-democracia-porque-a-las-elites-no-les-gusta-que-el-pueblo-gobierne-presidente-petro\/#breadcrumb"},"inLanguage":"es","potentialAction":[{"@type":"ReadAction","target":["https:\/\/luchonoticias.com\/editor\/tenemos-que-recuperar-las-luchas-historicas-por-la-democracia-porque-a-las-elites-no-les-gusta-que-el-pueblo-gobierne-presidente-petro\/"]}]},{"@type":"BreadcrumbList","@id":"https:\/\/luchonoticias.com\/editor\/tenemos-que-recuperar-las-luchas-historicas-por-la-democracia-porque-a-las-elites-no-les-gusta-que-el-pueblo-gobierne-presidente-petro\/#breadcrumb","itemListElement":[{"@type":"ListItem","position":1,"name":"Portada","item":"https:\/\/luchonoticias.com\/editor\/"},{"@type":"ListItem","position":2,"name":"Tenemos que recuperar las luchas hist\u00f3ricas por la democracia, porque a las \u00e9lites no les gusta que el pueblo gobierne: Presidente Petro"}]},{"@type":"WebSite","@id":"https:\/\/luchonoticias.com\/editor\/#website","url":"https:\/\/luchonoticias.com\/editor\/","name":"","description":"","publisher":{"@id":"https:\/\/luchonoticias.com\/editor\/#\/schema\/person\/7a7fd911f58561fd056dbac7b55af9cd"},"potentialAction":[{"@type":"SearchAction","target":{"@type":"EntryPoint","urlTemplate":"https:\/\/luchonoticias.com\/editor\/?s={search_term_string}"},"query-input":{"@type":"PropertyValueSpecification","valueRequired":true,"valueName":"search_term_string"}}],"inLanguage":"es"},{"@type":["Person","Organization"],"@id":"https:\/\/luchonoticias.com\/editor\/#\/schema\/person\/7a7fd911f58561fd056dbac7b55af9cd","name":"admin","image":{"@type":"ImageObject","inLanguage":"es","@id":"https:\/\/luchonoticias.com\/editor\/#\/schema\/person\/image\/","url":"https:\/\/luchonoticias.com\/editor\/wp-content\/uploads\/2024\/02\/cropped-cropped-logolu.webp","contentUrl":"https:\/\/luchonoticias.com\/editor\/wp-content\/uploads\/2024\/02\/cropped-cropped-logolu.webp","width":382,"height":170,"caption":"admin"},"logo":{"@id":"https:\/\/luchonoticias.com\/editor\/#\/schema\/person\/image\/"},"sameAs":["https:\/\/www.facebook.com\/luchonoticiasneiva"]},{"@type":"Person","@id":"https:\/\/luchonoticias.com\/editor\/#\/schema\/person\/29217990ddf6f14e35912b2866d591fb","name":"Editor General","image":{"@type":"ImageObject","inLanguage":"es","@id":"https:\/\/luchonoticias.com\/editor\/#\/schema\/person\/image\/","url":"https:\/\/luchonoticias.com\/editor\/wp-content\/uploads\/2024\/02\/cropped-cropped-logolu-150x150.webp","contentUrl":"https:\/\/luchonoticias.com\/editor\/wp-content\/uploads\/2024\/02\/cropped-cropped-logolu-150x150.webp","caption":"Editor General"},"sameAs":["https:\/\/luchonoticias.com\/"],"url":"https:\/\/luchonoticias.com\/editor\/author\/editor-general\/"}]}},"_links":{"self":[{"href":"https:\/\/luchonoticias.com\/editor\/wp-json\/wp\/v2\/posts\/60052","targetHints":{"allow":["GET"]}}],"collection":[{"href":"https:\/\/luchonoticias.com\/editor\/wp-json\/wp\/v2\/posts"}],"about":[{"href":"https:\/\/luchonoticias.com\/editor\/wp-json\/wp\/v2\/types\/post"}],"author":[{"embeddable":true,"href":"https:\/\/luchonoticias.com\/editor\/wp-json\/wp\/v2\/users\/2"}],"replies":[{"embeddable":true,"href":"https:\/\/luchonoticias.com\/editor\/wp-json\/wp\/v2\/comments?post=60052"}],"version-history":[{"count":0,"href":"https:\/\/luchonoticias.com\/editor\/wp-json\/wp\/v2\/posts\/60052\/revisions"}],"wp:attachment":[{"href":"https:\/\/luchonoticias.com\/editor\/wp-json\/wp\/v2\/media?parent=60052"}],"wp:term":[{"taxonomy":"category","embeddable":true,"href":"https:\/\/luchonoticias.com\/editor\/wp-json\/wp\/v2\/categories?post=60052"},{"taxonomy":"post_tag","embeddable":true,"href":"https:\/\/luchonoticias.com\/editor\/wp-json\/wp\/v2\/tags?post=60052"}],"curies":[{"name":"wp","href":"https:\/\/api.w.org\/{rel}","templated":true}]}}