{"id":60119,"date":"2023-09-11T14:21:12","date_gmt":"2023-09-11T19:21:12","guid":{"rendered":"https:\/\/luchonoticias.com\/?p=60119"},"modified":"2023-09-11T14:21:13","modified_gmt":"2023-09-11T19:21:13","slug":"adolescente-fue-aprehendido-con-un-fusil-y-dos-pistolas-en-el-occidente-del-huila","status":"publish","type":"post","link":"https:\/\/luchonoticias.com\/editor\/adolescente-fue-aprehendido-con-un-fusil-y-dos-pistolas-en-el-occidente-del-huila\/","title":{"rendered":"Adolescente fue aprehendido con un fusil y dos pistolas en el occidente del Huila"},"content":{"rendered":"\n<p>Gracias a las labores de inteligencia y el acercamiento con la Red de Participaci\u00f3n C\u00edvica en los municipios del occidente del Huila, unidades de la Seccional de Investigaci\u00f3n Criminal lograron en las \u00faltimas horas la aprehensi\u00f3n de un adolescente de 16 a\u00f1os de edad, el cual, portaba un fusil y 2 pistolas.<\/p>\n\n\n\n<p>En el procedimiento realizado sobre el sector del parque La Pola, los investigadores hallaron al interior de un bolso que transportaba el menor, un fusil de fabricaci\u00f3n americana calibre 5,56, junto con 2 proveedores y 55 cartuchos para el mismo.<\/p>\n\n\n\n<p>Adem\u00e1s, le hallaron 2 pistolas con su respectiva munici\u00f3n, una reata y un par de botas de caucho.<\/p>\n\n\n\n<p>Con esta acci\u00f3n, el Departamento de Polic\u00eda Huila previene el actuar de estos grupos criminales organizados para atentar contra la poblaci\u00f3n civil y por ende contra miembros de la fuerza p\u00fablica. Indic\u00f3 el teniente el coronel Henry Mu\u00f1oz, comandante encargado de esta unidad policial.<\/p>\n\n\n\n<p>Igualmente, el alto oficial agradeci\u00f3 la informaci\u00f3n aportada por la Red de Participaci\u00f3n C\u00edvica que les permite anticipasen al delito.&nbsp;<\/p>\n\n\n\n<p>El adolescente aprehendido est\u00e1 siendo presentado ante las autoridades competentes por el delito de fabricaci\u00f3n, tr\u00e1fico y porte ilegal de armas de fuego y municiones.<\/p>\n\n\n\n<figure class=\"wp-block-video\"><video autoplay controls src=\"https:\/\/luchonoticias.com\/wp-content\/uploads\/2023\/09\/WhatsApp-Video-2023-09-11-at-11.22.19-AM-1.mp4\"><\/video><\/figure>\n","protected":false},"excerpt":{"rendered":"<p>Gracias a las labores de inteligencia y el acercamiento con la Red de Participaci\u00f3n C\u00edvica en los municipios del occidente del Huila, unidades de la Seccional de Investigaci\u00f3n Criminal lograron en las \u00faltimas horas la aprehensi\u00f3n de un adolescente de 16 a\u00f1os de edad, el cual, portaba un fusil y 2 pistolas. En el procedimiento [&hellip;]<\/p>\n","protected":false},"author":2,"featured_media":0,"comment_status":"open","ping_status":"open","sticky":false,"template":"","format":"standard","meta":{"footnotes":""},"categories":[36,29,3962],"tags":[],"class_list":["post-60119","post","type-post","status-publish","format-standard","hentry","category-destacado","category-judicial","category-videos"],"yoast_head":"<!-- This site is optimized with the Yoast SEO plugin v26.6 - https:\/\/yoast.com\/wordpress\/plugins\/seo\/ -->\n<title>Adolescente fue aprehendido con un fusil y dos pistolas en el occidente del Huila -<\/title>\n<meta name=\"robots\" content=\"index, follow, max-snippet:-1, max-image-preview:large, max-video-preview:-1\" \/>\n<link rel=\"canonical\" href=\"https:\/\/luchonoticias.com\/editor\/adolescente-fue-aprehendido-con-un-fusil-y-dos-pistolas-en-el-occidente-del-huila\/\" \/>\n<meta property=\"og:locale\" content=\"es_ES\" \/>\n<meta property=\"og:type\" content=\"article\" \/>\n<meta property=\"og:title\" content=\"Adolescente fue aprehendido con un fusil y dos pistolas en el occidente del Huila -\" \/>\n<meta property=\"og:url\" content=\"https:\/\/luchonoticias.com\/editor\/adolescente-fue-aprehendido-con-un-fusil-y-dos-pistolas-en-el-occidente-del-huila\/\" \/>\n<meta property=\"article:publisher\" content=\"https:\/\/www.facebook.com\/luchonoticiasneiva\" \/>\n<meta property=\"article:published_time\" content=\"2023-09-11T19:21:12+00:00\" \/>\n<meta property=\"article:modified_time\" content=\"2023-09-11T19:21:13+00:00\" \/>\n<meta name=\"author\" content=\"Editor General\" \/>\n<meta name=\"twitter:card\" content=\"summary_large_image\" \/>\n<meta name=\"twitter:label1\" content=\"Escrito por\" \/>\n\t<meta name=\"twitter:data1\" content=\"Editor General\" \/>\n\t<meta name=\"twitter:label2\" content=\"Tiempo de lectura\" \/>\n\t<meta name=\"twitter:data2\" content=\"1 minuto\" \/>\n<script type=\"application\/ld+json\" class=\"yoast-schema-graph\">{\"@context\":\"https:\/\/schema.org\",\"@graph\":[{\"@type\":\"Article\",\"@id\":\"https:\/\/luchonoticias.com\/editor\/adolescente-fue-aprehendido-con-un-fusil-y-dos-pistolas-en-el-occidente-del-huila\/#article\",\"isPartOf\":{\"@id\":\"https:\/\/luchonoticias.com\/editor\/adolescente-fue-aprehendido-con-un-fusil-y-dos-pistolas-en-el-occidente-del-huila\/\"},\"author\":{\"name\":\"Editor General\",\"@id\":\"https:\/\/luchonoticias.com\/editor\/#\/schema\/person\/29217990ddf6f14e35912b2866d591fb\"},\"headline\":\"Adolescente fue aprehendido con un fusil y dos pistolas en el occidente del Huila\",\"datePublished\":\"2023-09-11T19:21:12+00:00\",\"dateModified\":\"2023-09-11T19:21:13+00:00\",\"mainEntityOfPage\":{\"@id\":\"https:\/\/luchonoticias.com\/editor\/adolescente-fue-aprehendido-con-un-fusil-y-dos-pistolas-en-el-occidente-del-huila\/\"},\"wordCount\":226,\"commentCount\":0,\"publisher\":{\"@id\":\"https:\/\/luchonoticias.com\/editor\/#\/schema\/person\/7a7fd911f58561fd056dbac7b55af9cd\"},\"articleSection\":[\"Destacado\",\"Judicial\",\"Videos\"],\"inLanguage\":\"es\",\"potentialAction\":[{\"@type\":\"CommentAction\",\"name\":\"Comment\",\"target\":[\"https:\/\/luchonoticias.com\/editor\/adolescente-fue-aprehendido-con-un-fusil-y-dos-pistolas-en-el-occidente-del-huila\/#respond\"]}]},{\"@type\":\"WebPage\",\"@id\":\"https:\/\/luchonoticias.com\/editor\/adolescente-fue-aprehendido-con-un-fusil-y-dos-pistolas-en-el-occidente-del-huila\/\",\"url\":\"https:\/\/luchonoticias.com\/editor\/adolescente-fue-aprehendido-con-un-fusil-y-dos-pistolas-en-el-occidente-del-huila\/\",\"name\":\"Adolescente fue aprehendido con un fusil y dos pistolas en el occidente del Huila -\",\"isPartOf\":{\"@id\":\"https:\/\/luchonoticias.com\/editor\/#website\"},\"datePublished\":\"2023-09-11T19:21:12+00:00\",\"dateModified\":\"2023-09-11T19:21:13+00:00\",\"breadcrumb\":{\"@id\":\"https:\/\/luchonoticias.com\/editor\/adolescente-fue-aprehendido-con-un-fusil-y-dos-pistolas-en-el-occidente-del-huila\/#breadcrumb\"},\"inLanguage\":\"es\",\"potentialAction\":[{\"@type\":\"ReadAction\",\"target\":[\"https:\/\/luchonoticias.com\/editor\/adolescente-fue-aprehendido-con-un-fusil-y-dos-pistolas-en-el-occidente-del-huila\/\"]}]},{\"@type\":\"BreadcrumbList\",\"@id\":\"https:\/\/luchonoticias.com\/editor\/adolescente-fue-aprehendido-con-un-fusil-y-dos-pistolas-en-el-occidente-del-huila\/#breadcrumb\",\"itemListElement\":[{\"@type\":\"ListItem\",\"position\":1,\"name\":\"Portada\",\"item\":\"https:\/\/luchonoticias.com\/editor\/\"},{\"@type\":\"ListItem\",\"position\":2,\"name\":\"Adolescente fue aprehendido con un fusil y dos pistolas en el occidente del Huila\"}]},{\"@type\":\"WebSite\",\"@id\":\"https:\/\/luchonoticias.com\/editor\/#website\",\"url\":\"https:\/\/luchonoticias.com\/editor\/\",\"name\":\"\",\"description\":\"\",\"publisher\":{\"@id\":\"https:\/\/luchonoticias.com\/editor\/#\/schema\/person\/7a7fd911f58561fd056dbac7b55af9cd\"},\"potentialAction\":[{\"@type\":\"SearchAction\",\"target\":{\"@type\":\"EntryPoint\",\"urlTemplate\":\"https:\/\/luchonoticias.com\/editor\/?s={search_term_string}\"},\"query-input\":{\"@type\":\"PropertyValueSpecification\",\"valueRequired\":true,\"valueName\":\"search_term_string\"}}],\"inLanguage\":\"es\"},{\"@type\":[\"Person\",\"Organization\"],\"@id\":\"https:\/\/luchonoticias.com\/editor\/#\/schema\/person\/7a7fd911f58561fd056dbac7b55af9cd\",\"name\":\"admin\",\"image\":{\"@type\":\"ImageObject\",\"inLanguage\":\"es\",\"@id\":\"https:\/\/luchonoticias.com\/editor\/#\/schema\/person\/image\/\",\"url\":\"https:\/\/luchonoticias.com\/editor\/wp-content\/uploads\/2024\/02\/cropped-cropped-logolu.webp\",\"contentUrl\":\"https:\/\/luchonoticias.com\/editor\/wp-content\/uploads\/2024\/02\/cropped-cropped-logolu.webp\",\"width\":382,\"height\":170,\"caption\":\"admin\"},\"logo\":{\"@id\":\"https:\/\/luchonoticias.com\/editor\/#\/schema\/person\/image\/\"},\"sameAs\":[\"https:\/\/www.facebook.com\/luchonoticiasneiva\"]},{\"@type\":\"Person\",\"@id\":\"https:\/\/luchonoticias.com\/editor\/#\/schema\/person\/29217990ddf6f14e35912b2866d591fb\",\"name\":\"Editor General\",\"image\":{\"@type\":\"ImageObject\",\"inLanguage\":\"es\",\"@id\":\"https:\/\/luchonoticias.com\/editor\/#\/schema\/person\/image\/\",\"url\":\"https:\/\/luchonoticias.com\/editor\/wp-content\/uploads\/2024\/02\/cropped-cropped-logolu-150x150.webp\",\"contentUrl\":\"https:\/\/luchonoticias.com\/editor\/wp-content\/uploads\/2024\/02\/cropped-cropped-logolu-150x150.webp\",\"caption\":\"Editor General\"},\"sameAs\":[\"https:\/\/luchonoticias.com\/\"],\"url\":\"https:\/\/luchonoticias.com\/editor\/author\/editor-general\/\"}]}<\/script>\n<!-- \/ Yoast SEO plugin. -->","yoast_head_json":{"title":"Adolescente fue aprehendido con un fusil y dos pistolas en el occidente del Huila -","robots":{"index":"index","follow":"follow","max-snippet":"max-snippet:-1","max-image-preview":"max-image-preview:large","max-video-preview":"max-video-preview:-1"},"canonical":"https:\/\/luchonoticias.com\/editor\/adolescente-fue-aprehendido-con-un-fusil-y-dos-pistolas-en-el-occidente-del-huila\/","og_locale":"es_ES","og_type":"article","og_title":"Adolescente fue aprehendido con un fusil y dos pistolas en el occidente del Huila -","og_url":"https:\/\/luchonoticias.com\/editor\/adolescente-fue-aprehendido-con-un-fusil-y-dos-pistolas-en-el-occidente-del-huila\/","article_publisher":"https:\/\/www.facebook.com\/luchonoticiasneiva","article_published_time":"2023-09-11T19:21:12+00:00","article_modified_time":"2023-09-11T19:21:13+00:00","author":"Editor General","twitter_card":"summary_large_image","twitter_misc":{"Escrito por":"Editor General","Tiempo de lectura":"1 minuto"},"schema":{"@context":"https:\/\/schema.org","@graph":[{"@type":"Article","@id":"https:\/\/luchonoticias.com\/editor\/adolescente-fue-aprehendido-con-un-fusil-y-dos-pistolas-en-el-occidente-del-huila\/#article","isPartOf":{"@id":"https:\/\/luchonoticias.com\/editor\/adolescente-fue-aprehendido-con-un-fusil-y-dos-pistolas-en-el-occidente-del-huila\/"},"author":{"name":"Editor General","@id":"https:\/\/luchonoticias.com\/editor\/#\/schema\/person\/29217990ddf6f14e35912b2866d591fb"},"headline":"Adolescente fue aprehendido con un fusil y dos pistolas en el occidente del Huila","datePublished":"2023-09-11T19:21:12+00:00","dateModified":"2023-09-11T19:21:13+00:00","mainEntityOfPage":{"@id":"https:\/\/luchonoticias.com\/editor\/adolescente-fue-aprehendido-con-un-fusil-y-dos-pistolas-en-el-occidente-del-huila\/"},"wordCount":226,"commentCount":0,"publisher":{"@id":"https:\/\/luchonoticias.com\/editor\/#\/schema\/person\/7a7fd911f58561fd056dbac7b55af9cd"},"articleSection":["Destacado","Judicial","Videos"],"inLanguage":"es","potentialAction":[{"@type":"CommentAction","name":"Comment","target":["https:\/\/luchonoticias.com\/editor\/adolescente-fue-aprehendido-con-un-fusil-y-dos-pistolas-en-el-occidente-del-huila\/#respond"]}]},{"@type":"WebPage","@id":"https:\/\/luchonoticias.com\/editor\/adolescente-fue-aprehendido-con-un-fusil-y-dos-pistolas-en-el-occidente-del-huila\/","url":"https:\/\/luchonoticias.com\/editor\/adolescente-fue-aprehendido-con-un-fusil-y-dos-pistolas-en-el-occidente-del-huila\/","name":"Adolescente fue aprehendido con un fusil y dos pistolas en el occidente del Huila -","isPartOf":{"@id":"https:\/\/luchonoticias.com\/editor\/#website"},"datePublished":"2023-09-11T19:21:12+00:00","dateModified":"2023-09-11T19:21:13+00:00","breadcrumb":{"@id":"https:\/\/luchonoticias.com\/editor\/adolescente-fue-aprehendido-con-un-fusil-y-dos-pistolas-en-el-occidente-del-huila\/#breadcrumb"},"inLanguage":"es","potentialAction":[{"@type":"ReadAction","target":["https:\/\/luchonoticias.com\/editor\/adolescente-fue-aprehendido-con-un-fusil-y-dos-pistolas-en-el-occidente-del-huila\/"]}]},{"@type":"BreadcrumbList","@id":"https:\/\/luchonoticias.com\/editor\/adolescente-fue-aprehendido-con-un-fusil-y-dos-pistolas-en-el-occidente-del-huila\/#breadcrumb","itemListElement":[{"@type":"ListItem","position":1,"name":"Portada","item":"https:\/\/luchonoticias.com\/editor\/"},{"@type":"ListItem","position":2,"name":"Adolescente fue aprehendido con un fusil y dos pistolas en el occidente del Huila"}]},{"@type":"WebSite","@id":"https:\/\/luchonoticias.com\/editor\/#website","url":"https:\/\/luchonoticias.com\/editor\/","name":"","description":"","publisher":{"@id":"https:\/\/luchonoticias.com\/editor\/#\/schema\/person\/7a7fd911f58561fd056dbac7b55af9cd"},"potentialAction":[{"@type":"SearchAction","target":{"@type":"EntryPoint","urlTemplate":"https:\/\/luchonoticias.com\/editor\/?s={search_term_string}"},"query-input":{"@type":"PropertyValueSpecification","valueRequired":true,"valueName":"search_term_string"}}],"inLanguage":"es"},{"@type":["Person","Organization"],"@id":"https:\/\/luchonoticias.com\/editor\/#\/schema\/person\/7a7fd911f58561fd056dbac7b55af9cd","name":"admin","image":{"@type":"ImageObject","inLanguage":"es","@id":"https:\/\/luchonoticias.com\/editor\/#\/schema\/person\/image\/","url":"https:\/\/luchonoticias.com\/editor\/wp-content\/uploads\/2024\/02\/cropped-cropped-logolu.webp","contentUrl":"https:\/\/luchonoticias.com\/editor\/wp-content\/uploads\/2024\/02\/cropped-cropped-logolu.webp","width":382,"height":170,"caption":"admin"},"logo":{"@id":"https:\/\/luchonoticias.com\/editor\/#\/schema\/person\/image\/"},"sameAs":["https:\/\/www.facebook.com\/luchonoticiasneiva"]},{"@type":"Person","@id":"https:\/\/luchonoticias.com\/editor\/#\/schema\/person\/29217990ddf6f14e35912b2866d591fb","name":"Editor General","image":{"@type":"ImageObject","inLanguage":"es","@id":"https:\/\/luchonoticias.com\/editor\/#\/schema\/person\/image\/","url":"https:\/\/luchonoticias.com\/editor\/wp-content\/uploads\/2024\/02\/cropped-cropped-logolu-150x150.webp","contentUrl":"https:\/\/luchonoticias.com\/editor\/wp-content\/uploads\/2024\/02\/cropped-cropped-logolu-150x150.webp","caption":"Editor General"},"sameAs":["https:\/\/luchonoticias.com\/"],"url":"https:\/\/luchonoticias.com\/editor\/author\/editor-general\/"}]}},"_links":{"self":[{"href":"https:\/\/luchonoticias.com\/editor\/wp-json\/wp\/v2\/posts\/60119","targetHints":{"allow":["GET"]}}],"collection":[{"href":"https:\/\/luchonoticias.com\/editor\/wp-json\/wp\/v2\/posts"}],"about":[{"href":"https:\/\/luchonoticias.com\/editor\/wp-json\/wp\/v2\/types\/post"}],"author":[{"embeddable":true,"href":"https:\/\/luchonoticias.com\/editor\/wp-json\/wp\/v2\/users\/2"}],"replies":[{"embeddable":true,"href":"https:\/\/luchonoticias.com\/editor\/wp-json\/wp\/v2\/comments?post=60119"}],"version-history":[{"count":0,"href":"https:\/\/luchonoticias.com\/editor\/wp-json\/wp\/v2\/posts\/60119\/revisions"}],"wp:attachment":[{"href":"https:\/\/luchonoticias.com\/editor\/wp-json\/wp\/v2\/media?parent=60119"}],"wp:term":[{"taxonomy":"category","embeddable":true,"href":"https:\/\/luchonoticias.com\/editor\/wp-json\/wp\/v2\/categories?post=60119"},{"taxonomy":"post_tag","embeddable":true,"href":"https:\/\/luchonoticias.com\/editor\/wp-json\/wp\/v2\/tags?post=60119"}],"curies":[{"name":"wp","href":"https:\/\/api.w.org\/{rel}","templated":true}]}}