{"id":60126,"date":"2023-09-11T14:34:08","date_gmt":"2023-09-11T19:34:08","guid":{"rendered":"https:\/\/luchonoticias.com\/?p=60126"},"modified":"2023-09-11T14:34:09","modified_gmt":"2023-09-11T19:34:09","slug":"es-una-gran-oportunidad-para-los-chilenos-de-unirse-detras-de-un-proposito-tan-noble-petro-a-su-llegada-a-chile","status":"publish","type":"post","link":"https:\/\/luchonoticias.com\/editor\/es-una-gran-oportunidad-para-los-chilenos-de-unirse-detras-de-un-proposito-tan-noble-petro-a-su-llegada-a-chile\/","title":{"rendered":"Es una gran oportunidad para los chilenos de unirse detr\u00e1s de un prop\u00f3sito tan noble: Petro a su llegada a Chile"},"content":{"rendered":"\n<p>\u201cEs una gran oportunidad para los chilenos de unirse detr\u00e1s de un prop\u00f3sito tan noble y darle un necesario ejemplo al resto de Am\u00e9rica Latina y el mundo\u201d, dijo el presidente de Colombia, Gustavo Petro Urrego, minutos previos a su ingreso al palacio de La Moneda.<\/p>\n\n\n\n<p>El mandatario inici\u00f3 as\u00ed su participaci\u00f3n en los actos de conmemoraci\u00f3n de los 50 a\u00f1os del golpe militar del 11 de septiembre de 1973, en el cual muri\u00f3 el presidente Salvador Allende y que condujo a una de las m\u00e1s crueles dictaduras de 17 a\u00f1os en el pa\u00eds austral.<\/p>\n\n\n\n<p>El gobernante colombiano recibi\u00f3 el saludo protocolario del presidente de Chile, Gabriel Boric, a los jefes de Estado y de gobierno y a las personalidades internacionales, acto que se realiz\u00f3 en el p\u00f3rtico O\u2019Higgins del palacio de La Moneda.<\/p>\n\n\n\n<p>Los actos conmemorativos incluyen un encuentro con el presidente Boric, quien pondr\u00e1 a disposici\u00f3n de los mandatarios y l\u00edderes internacionales el Compromiso de Santiago, una declaraci\u00f3n en defensa de la democracia y los derechos humanos; quienes se suscriban a esta renuevan su compromiso con sus principios.<\/p>\n\n\n\n<p>El jefe de Estado tambi\u00e9n participar\u00e1 en el \u2018acto ciudadano en conmemoraci\u00f3n de los 50 a\u00f1os del golpe de Estado\u2019, en la Plaza de la Ciudadan\u00eda.<\/p>\n\n\n\n<p>Tras esto, se realizar\u00e1 un baile de \u2018Cueca Sola\u2019, en recuerdo de los detenidos desaparecidos, para luego escuchar una declamaci\u00f3n de las y los poetas presentes.<\/p>\n\n\n\n<p>Al cierre del acto, el presidente Boric pronunciar\u00e1 un discurso.<\/p>\n\n\n\n<p><strong>Encuentros presidenciales<\/strong><\/p>\n\n\n\n<p>Esta es la tercera vez que el presidente Gustavo Petro se re\u00fane con su hom\u00f3logo chileno, desde que tom\u00f3 posesi\u00f3n como jefe de Estado, el 7 de agosto de 2022.<\/p>\n\n\n\n<p>Los presidentes de Colombia y Chile tuvieron dos encuentros anteriores. El primero, en agosto del 2022, con motivo de la posesi\u00f3n del presidente Petro. Luego, el jefe de Estado colombiano hizo una visita de Estado a Chile el pasado 9 de enero.<\/p>\n\n\n\n<p>M\u00e1s informaci\u00f3n: Colombia agradece a Chile apoyo a la Paz Total y acuerdan trabajar en nueva pol\u00edtica antidrogas, defensa de Derechos Humanos y cooperaci\u00f3n en seguridad.<\/p>\n\n\n\n<p>En esa ocasi\u00f3n, el presidente Petro recalc\u00f3 que cincuenta a\u00f1os despu\u00e9s de la dictadura que sac\u00f3 del poder a Salvador Allende, primer mandatario socialista elegido por voto popular en la regi\u00f3n, \u201cest\u00e1 en peligro la democracia, est\u00e1 en peligro el pacto democr\u00e1tico de las Am\u00e9ricas\u201d.<\/p>\n\n\n\n<p>El mandatario se conmovi\u00f3 al recordar los graves hechos del 11 de septiembre de 1973 en Santiago.<\/p>\n\n\n\n<p>\u201cHoy quisieran volvernos a los tiempos de Allende.&nbsp; Hoy quisieran, otra vez, bombardear esas ilusiones.&nbsp; Hoy quisieran, porque no aguantan la democracia, la p\u00e9rdida de privilegios\u201d.<\/p>\n\n\n\n<p>\u201cEs hora de decir que eso que pas\u00f3 hace 50 a\u00f1os en este mismo lugar no va a volver a pasar, que el camino de Am\u00e9rica Latina es irreversiblemente democr\u00e1tico, que los j\u00f3venes de esta generaci\u00f3n no se van a dejar quitar en su existencia la paz\u201d.<\/p>\n","protected":false},"excerpt":{"rendered":"<p>\u201cEs una gran oportunidad para los chilenos de unirse detr\u00e1s de un prop\u00f3sito tan noble y darle un necesario ejemplo al resto de Am\u00e9rica Latina y el mundo\u201d, dijo el presidente de Colombia, Gustavo Petro Urrego, minutos previos a su ingreso al palacio de La Moneda. El mandatario inici\u00f3 as\u00ed su participaci\u00f3n en los actos [&hellip;]<\/p>\n","protected":false},"author":2,"featured_media":0,"comment_status":"open","ping_status":"open","sticky":false,"template":"","format":"standard","meta":{"footnotes":""},"categories":[36,32],"tags":[],"class_list":["post-60126","post","type-post","status-publish","format-standard","hentry","category-destacado","category-nacional"],"yoast_head":"<!-- This site is optimized with the Yoast SEO plugin v26.6 - https:\/\/yoast.com\/wordpress\/plugins\/seo\/ -->\n<title>Es una gran oportunidad para los chilenos de unirse detr\u00e1s de un prop\u00f3sito tan noble: Petro a su llegada a Chile -<\/title>\n<meta name=\"robots\" content=\"index, follow, max-snippet:-1, max-image-preview:large, max-video-preview:-1\" \/>\n<link rel=\"canonical\" href=\"https:\/\/luchonoticias.com\/editor\/es-una-gran-oportunidad-para-los-chilenos-de-unirse-detras-de-un-proposito-tan-noble-petro-a-su-llegada-a-chile\/\" \/>\n<meta property=\"og:locale\" content=\"es_ES\" \/>\n<meta property=\"og:type\" content=\"article\" \/>\n<meta property=\"og:title\" content=\"Es una gran oportunidad para los chilenos de unirse detr\u00e1s de un prop\u00f3sito tan noble: Petro a su llegada a Chile -\" \/>\n<meta property=\"og:url\" content=\"https:\/\/luchonoticias.com\/editor\/es-una-gran-oportunidad-para-los-chilenos-de-unirse-detras-de-un-proposito-tan-noble-petro-a-su-llegada-a-chile\/\" \/>\n<meta property=\"article:publisher\" content=\"https:\/\/www.facebook.com\/luchonoticiasneiva\" \/>\n<meta property=\"article:published_time\" content=\"2023-09-11T19:34:08+00:00\" \/>\n<meta property=\"article:modified_time\" content=\"2023-09-11T19:34:09+00:00\" \/>\n<meta name=\"author\" content=\"Editor General\" \/>\n<meta name=\"twitter:card\" content=\"summary_large_image\" \/>\n<meta name=\"twitter:label1\" content=\"Escrito por\" \/>\n\t<meta name=\"twitter:data1\" content=\"Editor General\" \/>\n\t<meta name=\"twitter:label2\" content=\"Tiempo de lectura\" \/>\n\t<meta name=\"twitter:data2\" content=\"3 minutos\" \/>\n<script type=\"application\/ld+json\" class=\"yoast-schema-graph\">{\"@context\":\"https:\/\/schema.org\",\"@graph\":[{\"@type\":\"Article\",\"@id\":\"https:\/\/luchonoticias.com\/editor\/es-una-gran-oportunidad-para-los-chilenos-de-unirse-detras-de-un-proposito-tan-noble-petro-a-su-llegada-a-chile\/#article\",\"isPartOf\":{\"@id\":\"https:\/\/luchonoticias.com\/editor\/es-una-gran-oportunidad-para-los-chilenos-de-unirse-detras-de-un-proposito-tan-noble-petro-a-su-llegada-a-chile\/\"},\"author\":{\"name\":\"Editor General\",\"@id\":\"https:\/\/luchonoticias.com\/editor\/#\/schema\/person\/29217990ddf6f14e35912b2866d591fb\"},\"headline\":\"Es una gran oportunidad para los chilenos de unirse detr\u00e1s de un prop\u00f3sito tan noble: Petro a su llegada a Chile\",\"datePublished\":\"2023-09-11T19:34:08+00:00\",\"dateModified\":\"2023-09-11T19:34:09+00:00\",\"mainEntityOfPage\":{\"@id\":\"https:\/\/luchonoticias.com\/editor\/es-una-gran-oportunidad-para-los-chilenos-de-unirse-detras-de-un-proposito-tan-noble-petro-a-su-llegada-a-chile\/\"},\"wordCount\":529,\"commentCount\":0,\"publisher\":{\"@id\":\"https:\/\/luchonoticias.com\/editor\/#\/schema\/person\/7a7fd911f58561fd056dbac7b55af9cd\"},\"articleSection\":[\"Destacado\",\"Nacional\"],\"inLanguage\":\"es\",\"potentialAction\":[{\"@type\":\"CommentAction\",\"name\":\"Comment\",\"target\":[\"https:\/\/luchonoticias.com\/editor\/es-una-gran-oportunidad-para-los-chilenos-de-unirse-detras-de-un-proposito-tan-noble-petro-a-su-llegada-a-chile\/#respond\"]}]},{\"@type\":\"WebPage\",\"@id\":\"https:\/\/luchonoticias.com\/editor\/es-una-gran-oportunidad-para-los-chilenos-de-unirse-detras-de-un-proposito-tan-noble-petro-a-su-llegada-a-chile\/\",\"url\":\"https:\/\/luchonoticias.com\/editor\/es-una-gran-oportunidad-para-los-chilenos-de-unirse-detras-de-un-proposito-tan-noble-petro-a-su-llegada-a-chile\/\",\"name\":\"Es una gran oportunidad para los chilenos de unirse detr\u00e1s de un prop\u00f3sito tan noble: Petro a su llegada a Chile -\",\"isPartOf\":{\"@id\":\"https:\/\/luchonoticias.com\/editor\/#website\"},\"datePublished\":\"2023-09-11T19:34:08+00:00\",\"dateModified\":\"2023-09-11T19:34:09+00:00\",\"breadcrumb\":{\"@id\":\"https:\/\/luchonoticias.com\/editor\/es-una-gran-oportunidad-para-los-chilenos-de-unirse-detras-de-un-proposito-tan-noble-petro-a-su-llegada-a-chile\/#breadcrumb\"},\"inLanguage\":\"es\",\"potentialAction\":[{\"@type\":\"ReadAction\",\"target\":[\"https:\/\/luchonoticias.com\/editor\/es-una-gran-oportunidad-para-los-chilenos-de-unirse-detras-de-un-proposito-tan-noble-petro-a-su-llegada-a-chile\/\"]}]},{\"@type\":\"BreadcrumbList\",\"@id\":\"https:\/\/luchonoticias.com\/editor\/es-una-gran-oportunidad-para-los-chilenos-de-unirse-detras-de-un-proposito-tan-noble-petro-a-su-llegada-a-chile\/#breadcrumb\",\"itemListElement\":[{\"@type\":\"ListItem\",\"position\":1,\"name\":\"Portada\",\"item\":\"https:\/\/luchonoticias.com\/editor\/\"},{\"@type\":\"ListItem\",\"position\":2,\"name\":\"Es una gran oportunidad para los chilenos de unirse detr\u00e1s de un prop\u00f3sito tan noble: Petro a su llegada a Chile\"}]},{\"@type\":\"WebSite\",\"@id\":\"https:\/\/luchonoticias.com\/editor\/#website\",\"url\":\"https:\/\/luchonoticias.com\/editor\/\",\"name\":\"\",\"description\":\"\",\"publisher\":{\"@id\":\"https:\/\/luchonoticias.com\/editor\/#\/schema\/person\/7a7fd911f58561fd056dbac7b55af9cd\"},\"potentialAction\":[{\"@type\":\"SearchAction\",\"target\":{\"@type\":\"EntryPoint\",\"urlTemplate\":\"https:\/\/luchonoticias.com\/editor\/?s={search_term_string}\"},\"query-input\":{\"@type\":\"PropertyValueSpecification\",\"valueRequired\":true,\"valueName\":\"search_term_string\"}}],\"inLanguage\":\"es\"},{\"@type\":[\"Person\",\"Organization\"],\"@id\":\"https:\/\/luchonoticias.com\/editor\/#\/schema\/person\/7a7fd911f58561fd056dbac7b55af9cd\",\"name\":\"admin\",\"image\":{\"@type\":\"ImageObject\",\"inLanguage\":\"es\",\"@id\":\"https:\/\/luchonoticias.com\/editor\/#\/schema\/person\/image\/\",\"url\":\"https:\/\/luchonoticias.com\/editor\/wp-content\/uploads\/2024\/02\/cropped-cropped-logolu.webp\",\"contentUrl\":\"https:\/\/luchonoticias.com\/editor\/wp-content\/uploads\/2024\/02\/cropped-cropped-logolu.webp\",\"width\":382,\"height\":170,\"caption\":\"admin\"},\"logo\":{\"@id\":\"https:\/\/luchonoticias.com\/editor\/#\/schema\/person\/image\/\"},\"sameAs\":[\"https:\/\/www.facebook.com\/luchonoticiasneiva\"]},{\"@type\":\"Person\",\"@id\":\"https:\/\/luchonoticias.com\/editor\/#\/schema\/person\/29217990ddf6f14e35912b2866d591fb\",\"name\":\"Editor General\",\"image\":{\"@type\":\"ImageObject\",\"inLanguage\":\"es\",\"@id\":\"https:\/\/luchonoticias.com\/editor\/#\/schema\/person\/image\/\",\"url\":\"https:\/\/luchonoticias.com\/editor\/wp-content\/uploads\/2024\/02\/cropped-cropped-logolu-150x150.webp\",\"contentUrl\":\"https:\/\/luchonoticias.com\/editor\/wp-content\/uploads\/2024\/02\/cropped-cropped-logolu-150x150.webp\",\"caption\":\"Editor General\"},\"sameAs\":[\"https:\/\/luchonoticias.com\/\"],\"url\":\"https:\/\/luchonoticias.com\/editor\/author\/editor-general\/\"}]}<\/script>\n<!-- \/ Yoast SEO plugin. -->","yoast_head_json":{"title":"Es una gran oportunidad para los chilenos de unirse detr\u00e1s de un prop\u00f3sito tan noble: Petro a su llegada a Chile -","robots":{"index":"index","follow":"follow","max-snippet":"max-snippet:-1","max-image-preview":"max-image-preview:large","max-video-preview":"max-video-preview:-1"},"canonical":"https:\/\/luchonoticias.com\/editor\/es-una-gran-oportunidad-para-los-chilenos-de-unirse-detras-de-un-proposito-tan-noble-petro-a-su-llegada-a-chile\/","og_locale":"es_ES","og_type":"article","og_title":"Es una gran oportunidad para los chilenos de unirse detr\u00e1s de un prop\u00f3sito tan noble: Petro a su llegada a Chile -","og_url":"https:\/\/luchonoticias.com\/editor\/es-una-gran-oportunidad-para-los-chilenos-de-unirse-detras-de-un-proposito-tan-noble-petro-a-su-llegada-a-chile\/","article_publisher":"https:\/\/www.facebook.com\/luchonoticiasneiva","article_published_time":"2023-09-11T19:34:08+00:00","article_modified_time":"2023-09-11T19:34:09+00:00","author":"Editor General","twitter_card":"summary_large_image","twitter_misc":{"Escrito por":"Editor General","Tiempo de lectura":"3 minutos"},"schema":{"@context":"https:\/\/schema.org","@graph":[{"@type":"Article","@id":"https:\/\/luchonoticias.com\/editor\/es-una-gran-oportunidad-para-los-chilenos-de-unirse-detras-de-un-proposito-tan-noble-petro-a-su-llegada-a-chile\/#article","isPartOf":{"@id":"https:\/\/luchonoticias.com\/editor\/es-una-gran-oportunidad-para-los-chilenos-de-unirse-detras-de-un-proposito-tan-noble-petro-a-su-llegada-a-chile\/"},"author":{"name":"Editor General","@id":"https:\/\/luchonoticias.com\/editor\/#\/schema\/person\/29217990ddf6f14e35912b2866d591fb"},"headline":"Es una gran oportunidad para los chilenos de unirse detr\u00e1s de un prop\u00f3sito tan noble: Petro a su llegada a Chile","datePublished":"2023-09-11T19:34:08+00:00","dateModified":"2023-09-11T19:34:09+00:00","mainEntityOfPage":{"@id":"https:\/\/luchonoticias.com\/editor\/es-una-gran-oportunidad-para-los-chilenos-de-unirse-detras-de-un-proposito-tan-noble-petro-a-su-llegada-a-chile\/"},"wordCount":529,"commentCount":0,"publisher":{"@id":"https:\/\/luchonoticias.com\/editor\/#\/schema\/person\/7a7fd911f58561fd056dbac7b55af9cd"},"articleSection":["Destacado","Nacional"],"inLanguage":"es","potentialAction":[{"@type":"CommentAction","name":"Comment","target":["https:\/\/luchonoticias.com\/editor\/es-una-gran-oportunidad-para-los-chilenos-de-unirse-detras-de-un-proposito-tan-noble-petro-a-su-llegada-a-chile\/#respond"]}]},{"@type":"WebPage","@id":"https:\/\/luchonoticias.com\/editor\/es-una-gran-oportunidad-para-los-chilenos-de-unirse-detras-de-un-proposito-tan-noble-petro-a-su-llegada-a-chile\/","url":"https:\/\/luchonoticias.com\/editor\/es-una-gran-oportunidad-para-los-chilenos-de-unirse-detras-de-un-proposito-tan-noble-petro-a-su-llegada-a-chile\/","name":"Es una gran oportunidad para los chilenos de unirse detr\u00e1s de un prop\u00f3sito tan noble: Petro a su llegada a Chile -","isPartOf":{"@id":"https:\/\/luchonoticias.com\/editor\/#website"},"datePublished":"2023-09-11T19:34:08+00:00","dateModified":"2023-09-11T19:34:09+00:00","breadcrumb":{"@id":"https:\/\/luchonoticias.com\/editor\/es-una-gran-oportunidad-para-los-chilenos-de-unirse-detras-de-un-proposito-tan-noble-petro-a-su-llegada-a-chile\/#breadcrumb"},"inLanguage":"es","potentialAction":[{"@type":"ReadAction","target":["https:\/\/luchonoticias.com\/editor\/es-una-gran-oportunidad-para-los-chilenos-de-unirse-detras-de-un-proposito-tan-noble-petro-a-su-llegada-a-chile\/"]}]},{"@type":"BreadcrumbList","@id":"https:\/\/luchonoticias.com\/editor\/es-una-gran-oportunidad-para-los-chilenos-de-unirse-detras-de-un-proposito-tan-noble-petro-a-su-llegada-a-chile\/#breadcrumb","itemListElement":[{"@type":"ListItem","position":1,"name":"Portada","item":"https:\/\/luchonoticias.com\/editor\/"},{"@type":"ListItem","position":2,"name":"Es una gran oportunidad para los chilenos de unirse detr\u00e1s de un prop\u00f3sito tan noble: Petro a su llegada a Chile"}]},{"@type":"WebSite","@id":"https:\/\/luchonoticias.com\/editor\/#website","url":"https:\/\/luchonoticias.com\/editor\/","name":"","description":"","publisher":{"@id":"https:\/\/luchonoticias.com\/editor\/#\/schema\/person\/7a7fd911f58561fd056dbac7b55af9cd"},"potentialAction":[{"@type":"SearchAction","target":{"@type":"EntryPoint","urlTemplate":"https:\/\/luchonoticias.com\/editor\/?s={search_term_string}"},"query-input":{"@type":"PropertyValueSpecification","valueRequired":true,"valueName":"search_term_string"}}],"inLanguage":"es"},{"@type":["Person","Organization"],"@id":"https:\/\/luchonoticias.com\/editor\/#\/schema\/person\/7a7fd911f58561fd056dbac7b55af9cd","name":"admin","image":{"@type":"ImageObject","inLanguage":"es","@id":"https:\/\/luchonoticias.com\/editor\/#\/schema\/person\/image\/","url":"https:\/\/luchonoticias.com\/editor\/wp-content\/uploads\/2024\/02\/cropped-cropped-logolu.webp","contentUrl":"https:\/\/luchonoticias.com\/editor\/wp-content\/uploads\/2024\/02\/cropped-cropped-logolu.webp","width":382,"height":170,"caption":"admin"},"logo":{"@id":"https:\/\/luchonoticias.com\/editor\/#\/schema\/person\/image\/"},"sameAs":["https:\/\/www.facebook.com\/luchonoticiasneiva"]},{"@type":"Person","@id":"https:\/\/luchonoticias.com\/editor\/#\/schema\/person\/29217990ddf6f14e35912b2866d591fb","name":"Editor General","image":{"@type":"ImageObject","inLanguage":"es","@id":"https:\/\/luchonoticias.com\/editor\/#\/schema\/person\/image\/","url":"https:\/\/luchonoticias.com\/editor\/wp-content\/uploads\/2024\/02\/cropped-cropped-logolu-150x150.webp","contentUrl":"https:\/\/luchonoticias.com\/editor\/wp-content\/uploads\/2024\/02\/cropped-cropped-logolu-150x150.webp","caption":"Editor General"},"sameAs":["https:\/\/luchonoticias.com\/"],"url":"https:\/\/luchonoticias.com\/editor\/author\/editor-general\/"}]}},"_links":{"self":[{"href":"https:\/\/luchonoticias.com\/editor\/wp-json\/wp\/v2\/posts\/60126","targetHints":{"allow":["GET"]}}],"collection":[{"href":"https:\/\/luchonoticias.com\/editor\/wp-json\/wp\/v2\/posts"}],"about":[{"href":"https:\/\/luchonoticias.com\/editor\/wp-json\/wp\/v2\/types\/post"}],"author":[{"embeddable":true,"href":"https:\/\/luchonoticias.com\/editor\/wp-json\/wp\/v2\/users\/2"}],"replies":[{"embeddable":true,"href":"https:\/\/luchonoticias.com\/editor\/wp-json\/wp\/v2\/comments?post=60126"}],"version-history":[{"count":0,"href":"https:\/\/luchonoticias.com\/editor\/wp-json\/wp\/v2\/posts\/60126\/revisions"}],"wp:attachment":[{"href":"https:\/\/luchonoticias.com\/editor\/wp-json\/wp\/v2\/media?parent=60126"}],"wp:term":[{"taxonomy":"category","embeddable":true,"href":"https:\/\/luchonoticias.com\/editor\/wp-json\/wp\/v2\/categories?post=60126"},{"taxonomy":"post_tag","embeddable":true,"href":"https:\/\/luchonoticias.com\/editor\/wp-json\/wp\/v2\/tags?post=60126"}],"curies":[{"name":"wp","href":"https:\/\/api.w.org\/{rel}","templated":true}]}}