{"id":60129,"date":"2023-09-11T14:38:48","date_gmt":"2023-09-11T19:38:48","guid":{"rendered":"https:\/\/luchonoticias.com\/?p=60129"},"modified":"2023-09-11T14:38:49","modified_gmt":"2023-09-11T19:38:49","slug":"procuraduria-vigilara-elecciones-de-los-directores-de-las-corporaciones-autonomas-regionales-car","status":"publish","type":"post","link":"https:\/\/luchonoticias.com\/editor\/procuraduria-vigilara-elecciones-de-los-directores-de-las-corporaciones-autonomas-regionales-car\/","title":{"rendered":"Procuradur\u00eda vigilar\u00e1 elecciones de los directores de las Corporaciones Aut\u00f3nomas Regionales, CAR"},"content":{"rendered":"\n<p>La Procuradora General de la Naci\u00f3n, Margarita Cabello Blanco, emiti\u00f3 una nueva directiva&nbsp;donde le<strong>&nbsp;reitera a los Consejos Directivos de las Corporaciones Aut\u00f3nomas y de Desarrollo Sostenible \u2013CAR-<\/strong>, que deben fijar los lineamientos y&nbsp;<strong>el cronograma para la elecci\u00f3n de los nuevos directores,<\/strong>&nbsp;la cual se deber\u00e1 realizar en el \u00faltimo trimestre del a\u00f1o 2023, previo del inicio del per\u00edodo institucional.<\/p>\n\n\n\n<p>As\u00ed mismo, la jefe del Ministerio P\u00fablico recalc\u00f3 que<strong>&nbsp;las corporaciones deber\u00e1n concretar el calendario para la selecci\u00f3n del representante legal, de manera que no se vea afectado por la contienda electoral&nbsp;<\/strong>en los territorios, evitando que el pr\u00f3ximo debate pol\u00edtico cuando se elegir\u00e1n a alcaldes y gobernadores, interfiera en la transparencia y fines de dicha selecci\u00f3n.&nbsp;&nbsp;<\/p>\n\n\n\n<p>A trav\u00e9s de la Directiva 012 de 2023, la Procuradora exhort\u00f3 a todos los consejos directivos, a que, en los procesos de selecci\u00f3n de los directores generales, se apliquen los principios de m\u00e9rito e imparcialidad que gu\u00edan la funci\u00f3n administrativa, en especial,<strong>&nbsp;la adopci\u00f3n de mecanismos en l\u00ednea que permitan la recepci\u00f3n de denuncias de la ciudadan\u00eda por posibles irregularidades<\/strong>&nbsp;en el proceso.<\/p>\n\n\n\n<p>Finalmente, Cabello Blanco confirm\u00f3 que, a trav\u00e9s de la Delegada para Asuntos Ambientales Minero Energ\u00e9ticos y Agrarios,&nbsp;<strong>har\u00e1 vigilancia y estricto seguimiento al ejercicio diligente y eficiente de la funci\u00f3n administrativa,<\/strong>&nbsp;la defensa del orden jur\u00eddico y la protecci\u00f3n de los derechos y garant\u00edas fundamentales.<\/p>\n","protected":false},"excerpt":{"rendered":"<p>La Procuradora General de la Naci\u00f3n, Margarita Cabello Blanco, emiti\u00f3 una nueva directiva&nbsp;donde le&nbsp;reitera a los Consejos Directivos de las Corporaciones Aut\u00f3nomas y de Desarrollo Sostenible \u2013CAR-, que deben fijar los lineamientos y&nbsp;el cronograma para la elecci\u00f3n de los nuevos directores,&nbsp;la cual se deber\u00e1 realizar en el \u00faltimo trimestre del a\u00f1o 2023, previo del inicio [&hellip;]<\/p>\n","protected":false},"author":2,"featured_media":0,"comment_status":"open","ping_status":"open","sticky":false,"template":"","format":"standard","meta":{"footnotes":""},"categories":[36,32],"tags":[],"class_list":["post-60129","post","type-post","status-publish","format-standard","hentry","category-destacado","category-nacional"],"yoast_head":"<!-- This site is optimized with the Yoast SEO plugin v26.6 - https:\/\/yoast.com\/wordpress\/plugins\/seo\/ -->\n<title>Procuradur\u00eda vigilar\u00e1 elecciones de los directores de las Corporaciones Aut\u00f3nomas Regionales, CAR -<\/title>\n<meta name=\"robots\" content=\"index, follow, max-snippet:-1, max-image-preview:large, max-video-preview:-1\" \/>\n<link rel=\"canonical\" href=\"https:\/\/luchonoticias.com\/editor\/procuraduria-vigilara-elecciones-de-los-directores-de-las-corporaciones-autonomas-regionales-car\/\" \/>\n<meta property=\"og:locale\" content=\"es_ES\" \/>\n<meta property=\"og:type\" content=\"article\" \/>\n<meta property=\"og:title\" content=\"Procuradur\u00eda vigilar\u00e1 elecciones de los directores de las Corporaciones Aut\u00f3nomas Regionales, CAR -\" \/>\n<meta property=\"og:url\" content=\"https:\/\/luchonoticias.com\/editor\/procuraduria-vigilara-elecciones-de-los-directores-de-las-corporaciones-autonomas-regionales-car\/\" \/>\n<meta property=\"article:publisher\" content=\"https:\/\/www.facebook.com\/luchonoticiasneiva\" \/>\n<meta property=\"article:published_time\" content=\"2023-09-11T19:38:48+00:00\" \/>\n<meta property=\"article:modified_time\" content=\"2023-09-11T19:38:49+00:00\" \/>\n<meta name=\"author\" content=\"Editor General\" \/>\n<meta name=\"twitter:card\" content=\"summary_large_image\" \/>\n<meta name=\"twitter:label1\" content=\"Escrito por\" \/>\n\t<meta name=\"twitter:data1\" content=\"Editor General\" \/>\n\t<meta name=\"twitter:label2\" content=\"Tiempo de lectura\" \/>\n\t<meta name=\"twitter:data2\" content=\"1 minuto\" \/>\n<script type=\"application\/ld+json\" class=\"yoast-schema-graph\">{\"@context\":\"https:\/\/schema.org\",\"@graph\":[{\"@type\":\"Article\",\"@id\":\"https:\/\/luchonoticias.com\/editor\/procuraduria-vigilara-elecciones-de-los-directores-de-las-corporaciones-autonomas-regionales-car\/#article\",\"isPartOf\":{\"@id\":\"https:\/\/luchonoticias.com\/editor\/procuraduria-vigilara-elecciones-de-los-directores-de-las-corporaciones-autonomas-regionales-car\/\"},\"author\":{\"name\":\"Editor General\",\"@id\":\"https:\/\/luchonoticias.com\/editor\/#\/schema\/person\/29217990ddf6f14e35912b2866d591fb\"},\"headline\":\"Procuradur\u00eda vigilar\u00e1 elecciones de los directores de las Corporaciones Aut\u00f3nomas Regionales, CAR\",\"datePublished\":\"2023-09-11T19:38:48+00:00\",\"dateModified\":\"2023-09-11T19:38:49+00:00\",\"mainEntityOfPage\":{\"@id\":\"https:\/\/luchonoticias.com\/editor\/procuraduria-vigilara-elecciones-de-los-directores-de-las-corporaciones-autonomas-regionales-car\/\"},\"wordCount\":277,\"commentCount\":0,\"publisher\":{\"@id\":\"https:\/\/luchonoticias.com\/editor\/#\/schema\/person\/7a7fd911f58561fd056dbac7b55af9cd\"},\"articleSection\":[\"Destacado\",\"Nacional\"],\"inLanguage\":\"es\",\"potentialAction\":[{\"@type\":\"CommentAction\",\"name\":\"Comment\",\"target\":[\"https:\/\/luchonoticias.com\/editor\/procuraduria-vigilara-elecciones-de-los-directores-de-las-corporaciones-autonomas-regionales-car\/#respond\"]}]},{\"@type\":\"WebPage\",\"@id\":\"https:\/\/luchonoticias.com\/editor\/procuraduria-vigilara-elecciones-de-los-directores-de-las-corporaciones-autonomas-regionales-car\/\",\"url\":\"https:\/\/luchonoticias.com\/editor\/procuraduria-vigilara-elecciones-de-los-directores-de-las-corporaciones-autonomas-regionales-car\/\",\"name\":\"Procuradur\u00eda vigilar\u00e1 elecciones de los directores de las Corporaciones Aut\u00f3nomas Regionales, CAR -\",\"isPartOf\":{\"@id\":\"https:\/\/luchonoticias.com\/editor\/#website\"},\"datePublished\":\"2023-09-11T19:38:48+00:00\",\"dateModified\":\"2023-09-11T19:38:49+00:00\",\"breadcrumb\":{\"@id\":\"https:\/\/luchonoticias.com\/editor\/procuraduria-vigilara-elecciones-de-los-directores-de-las-corporaciones-autonomas-regionales-car\/#breadcrumb\"},\"inLanguage\":\"es\",\"potentialAction\":[{\"@type\":\"ReadAction\",\"target\":[\"https:\/\/luchonoticias.com\/editor\/procuraduria-vigilara-elecciones-de-los-directores-de-las-corporaciones-autonomas-regionales-car\/\"]}]},{\"@type\":\"BreadcrumbList\",\"@id\":\"https:\/\/luchonoticias.com\/editor\/procuraduria-vigilara-elecciones-de-los-directores-de-las-corporaciones-autonomas-regionales-car\/#breadcrumb\",\"itemListElement\":[{\"@type\":\"ListItem\",\"position\":1,\"name\":\"Portada\",\"item\":\"https:\/\/luchonoticias.com\/editor\/\"},{\"@type\":\"ListItem\",\"position\":2,\"name\":\"Procuradur\u00eda vigilar\u00e1 elecciones de los directores de las Corporaciones Aut\u00f3nomas Regionales, CAR\"}]},{\"@type\":\"WebSite\",\"@id\":\"https:\/\/luchonoticias.com\/editor\/#website\",\"url\":\"https:\/\/luchonoticias.com\/editor\/\",\"name\":\"\",\"description\":\"\",\"publisher\":{\"@id\":\"https:\/\/luchonoticias.com\/editor\/#\/schema\/person\/7a7fd911f58561fd056dbac7b55af9cd\"},\"potentialAction\":[{\"@type\":\"SearchAction\",\"target\":{\"@type\":\"EntryPoint\",\"urlTemplate\":\"https:\/\/luchonoticias.com\/editor\/?s={search_term_string}\"},\"query-input\":{\"@type\":\"PropertyValueSpecification\",\"valueRequired\":true,\"valueName\":\"search_term_string\"}}],\"inLanguage\":\"es\"},{\"@type\":[\"Person\",\"Organization\"],\"@id\":\"https:\/\/luchonoticias.com\/editor\/#\/schema\/person\/7a7fd911f58561fd056dbac7b55af9cd\",\"name\":\"admin\",\"image\":{\"@type\":\"ImageObject\",\"inLanguage\":\"es\",\"@id\":\"https:\/\/luchonoticias.com\/editor\/#\/schema\/person\/image\/\",\"url\":\"https:\/\/luchonoticias.com\/editor\/wp-content\/uploads\/2024\/02\/cropped-cropped-logolu.webp\",\"contentUrl\":\"https:\/\/luchonoticias.com\/editor\/wp-content\/uploads\/2024\/02\/cropped-cropped-logolu.webp\",\"width\":382,\"height\":170,\"caption\":\"admin\"},\"logo\":{\"@id\":\"https:\/\/luchonoticias.com\/editor\/#\/schema\/person\/image\/\"},\"sameAs\":[\"https:\/\/www.facebook.com\/luchonoticiasneiva\"]},{\"@type\":\"Person\",\"@id\":\"https:\/\/luchonoticias.com\/editor\/#\/schema\/person\/29217990ddf6f14e35912b2866d591fb\",\"name\":\"Editor General\",\"image\":{\"@type\":\"ImageObject\",\"inLanguage\":\"es\",\"@id\":\"https:\/\/luchonoticias.com\/editor\/#\/schema\/person\/image\/\",\"url\":\"https:\/\/luchonoticias.com\/editor\/wp-content\/uploads\/2024\/02\/cropped-cropped-logolu-150x150.webp\",\"contentUrl\":\"https:\/\/luchonoticias.com\/editor\/wp-content\/uploads\/2024\/02\/cropped-cropped-logolu-150x150.webp\",\"caption\":\"Editor General\"},\"sameAs\":[\"https:\/\/luchonoticias.com\/\"],\"url\":\"https:\/\/luchonoticias.com\/editor\/author\/editor-general\/\"}]}<\/script>\n<!-- \/ Yoast SEO plugin. -->","yoast_head_json":{"title":"Procuradur\u00eda vigilar\u00e1 elecciones de los directores de las Corporaciones Aut\u00f3nomas Regionales, CAR -","robots":{"index":"index","follow":"follow","max-snippet":"max-snippet:-1","max-image-preview":"max-image-preview:large","max-video-preview":"max-video-preview:-1"},"canonical":"https:\/\/luchonoticias.com\/editor\/procuraduria-vigilara-elecciones-de-los-directores-de-las-corporaciones-autonomas-regionales-car\/","og_locale":"es_ES","og_type":"article","og_title":"Procuradur\u00eda vigilar\u00e1 elecciones de los directores de las Corporaciones Aut\u00f3nomas Regionales, CAR -","og_url":"https:\/\/luchonoticias.com\/editor\/procuraduria-vigilara-elecciones-de-los-directores-de-las-corporaciones-autonomas-regionales-car\/","article_publisher":"https:\/\/www.facebook.com\/luchonoticiasneiva","article_published_time":"2023-09-11T19:38:48+00:00","article_modified_time":"2023-09-11T19:38:49+00:00","author":"Editor General","twitter_card":"summary_large_image","twitter_misc":{"Escrito por":"Editor General","Tiempo de lectura":"1 minuto"},"schema":{"@context":"https:\/\/schema.org","@graph":[{"@type":"Article","@id":"https:\/\/luchonoticias.com\/editor\/procuraduria-vigilara-elecciones-de-los-directores-de-las-corporaciones-autonomas-regionales-car\/#article","isPartOf":{"@id":"https:\/\/luchonoticias.com\/editor\/procuraduria-vigilara-elecciones-de-los-directores-de-las-corporaciones-autonomas-regionales-car\/"},"author":{"name":"Editor General","@id":"https:\/\/luchonoticias.com\/editor\/#\/schema\/person\/29217990ddf6f14e35912b2866d591fb"},"headline":"Procuradur\u00eda vigilar\u00e1 elecciones de los directores de las Corporaciones Aut\u00f3nomas Regionales, CAR","datePublished":"2023-09-11T19:38:48+00:00","dateModified":"2023-09-11T19:38:49+00:00","mainEntityOfPage":{"@id":"https:\/\/luchonoticias.com\/editor\/procuraduria-vigilara-elecciones-de-los-directores-de-las-corporaciones-autonomas-regionales-car\/"},"wordCount":277,"commentCount":0,"publisher":{"@id":"https:\/\/luchonoticias.com\/editor\/#\/schema\/person\/7a7fd911f58561fd056dbac7b55af9cd"},"articleSection":["Destacado","Nacional"],"inLanguage":"es","potentialAction":[{"@type":"CommentAction","name":"Comment","target":["https:\/\/luchonoticias.com\/editor\/procuraduria-vigilara-elecciones-de-los-directores-de-las-corporaciones-autonomas-regionales-car\/#respond"]}]},{"@type":"WebPage","@id":"https:\/\/luchonoticias.com\/editor\/procuraduria-vigilara-elecciones-de-los-directores-de-las-corporaciones-autonomas-regionales-car\/","url":"https:\/\/luchonoticias.com\/editor\/procuraduria-vigilara-elecciones-de-los-directores-de-las-corporaciones-autonomas-regionales-car\/","name":"Procuradur\u00eda vigilar\u00e1 elecciones de los directores de las Corporaciones Aut\u00f3nomas Regionales, CAR -","isPartOf":{"@id":"https:\/\/luchonoticias.com\/editor\/#website"},"datePublished":"2023-09-11T19:38:48+00:00","dateModified":"2023-09-11T19:38:49+00:00","breadcrumb":{"@id":"https:\/\/luchonoticias.com\/editor\/procuraduria-vigilara-elecciones-de-los-directores-de-las-corporaciones-autonomas-regionales-car\/#breadcrumb"},"inLanguage":"es","potentialAction":[{"@type":"ReadAction","target":["https:\/\/luchonoticias.com\/editor\/procuraduria-vigilara-elecciones-de-los-directores-de-las-corporaciones-autonomas-regionales-car\/"]}]},{"@type":"BreadcrumbList","@id":"https:\/\/luchonoticias.com\/editor\/procuraduria-vigilara-elecciones-de-los-directores-de-las-corporaciones-autonomas-regionales-car\/#breadcrumb","itemListElement":[{"@type":"ListItem","position":1,"name":"Portada","item":"https:\/\/luchonoticias.com\/editor\/"},{"@type":"ListItem","position":2,"name":"Procuradur\u00eda vigilar\u00e1 elecciones de los directores de las Corporaciones Aut\u00f3nomas Regionales, CAR"}]},{"@type":"WebSite","@id":"https:\/\/luchonoticias.com\/editor\/#website","url":"https:\/\/luchonoticias.com\/editor\/","name":"","description":"","publisher":{"@id":"https:\/\/luchonoticias.com\/editor\/#\/schema\/person\/7a7fd911f58561fd056dbac7b55af9cd"},"potentialAction":[{"@type":"SearchAction","target":{"@type":"EntryPoint","urlTemplate":"https:\/\/luchonoticias.com\/editor\/?s={search_term_string}"},"query-input":{"@type":"PropertyValueSpecification","valueRequired":true,"valueName":"search_term_string"}}],"inLanguage":"es"},{"@type":["Person","Organization"],"@id":"https:\/\/luchonoticias.com\/editor\/#\/schema\/person\/7a7fd911f58561fd056dbac7b55af9cd","name":"admin","image":{"@type":"ImageObject","inLanguage":"es","@id":"https:\/\/luchonoticias.com\/editor\/#\/schema\/person\/image\/","url":"https:\/\/luchonoticias.com\/editor\/wp-content\/uploads\/2024\/02\/cropped-cropped-logolu.webp","contentUrl":"https:\/\/luchonoticias.com\/editor\/wp-content\/uploads\/2024\/02\/cropped-cropped-logolu.webp","width":382,"height":170,"caption":"admin"},"logo":{"@id":"https:\/\/luchonoticias.com\/editor\/#\/schema\/person\/image\/"},"sameAs":["https:\/\/www.facebook.com\/luchonoticiasneiva"]},{"@type":"Person","@id":"https:\/\/luchonoticias.com\/editor\/#\/schema\/person\/29217990ddf6f14e35912b2866d591fb","name":"Editor General","image":{"@type":"ImageObject","inLanguage":"es","@id":"https:\/\/luchonoticias.com\/editor\/#\/schema\/person\/image\/","url":"https:\/\/luchonoticias.com\/editor\/wp-content\/uploads\/2024\/02\/cropped-cropped-logolu-150x150.webp","contentUrl":"https:\/\/luchonoticias.com\/editor\/wp-content\/uploads\/2024\/02\/cropped-cropped-logolu-150x150.webp","caption":"Editor General"},"sameAs":["https:\/\/luchonoticias.com\/"],"url":"https:\/\/luchonoticias.com\/editor\/author\/editor-general\/"}]}},"_links":{"self":[{"href":"https:\/\/luchonoticias.com\/editor\/wp-json\/wp\/v2\/posts\/60129","targetHints":{"allow":["GET"]}}],"collection":[{"href":"https:\/\/luchonoticias.com\/editor\/wp-json\/wp\/v2\/posts"}],"about":[{"href":"https:\/\/luchonoticias.com\/editor\/wp-json\/wp\/v2\/types\/post"}],"author":[{"embeddable":true,"href":"https:\/\/luchonoticias.com\/editor\/wp-json\/wp\/v2\/users\/2"}],"replies":[{"embeddable":true,"href":"https:\/\/luchonoticias.com\/editor\/wp-json\/wp\/v2\/comments?post=60129"}],"version-history":[{"count":0,"href":"https:\/\/luchonoticias.com\/editor\/wp-json\/wp\/v2\/posts\/60129\/revisions"}],"wp:attachment":[{"href":"https:\/\/luchonoticias.com\/editor\/wp-json\/wp\/v2\/media?parent=60129"}],"wp:term":[{"taxonomy":"category","embeddable":true,"href":"https:\/\/luchonoticias.com\/editor\/wp-json\/wp\/v2\/categories?post=60129"},{"taxonomy":"post_tag","embeddable":true,"href":"https:\/\/luchonoticias.com\/editor\/wp-json\/wp\/v2\/tags?post=60129"}],"curies":[{"name":"wp","href":"https:\/\/api.w.org\/{rel}","templated":true}]}}