{"id":60141,"date":"2023-09-11T18:30:33","date_gmt":"2023-09-11T23:30:33","guid":{"rendered":"https:\/\/luchonoticias.com\/?p=60141"},"modified":"2023-09-11T18:30:34","modified_gmt":"2023-09-11T23:30:34","slug":"en-todo-el-mundo-hay-una-extrema-derecha-en-aumento-con-una-estrategia-de-mentiras-y-miedo-para-defender-el-statu-quo-petro","status":"publish","type":"post","link":"https:\/\/luchonoticias.com\/editor\/en-todo-el-mundo-hay-una-extrema-derecha-en-aumento-con-una-estrategia-de-mentiras-y-miedo-para-defender-el-statu-quo-petro\/","title":{"rendered":"En todo el mundo hay una extrema derecha en aumento, con una estrategia de mentiras y miedo para defender el statu quo: Petro"},"content":{"rendered":"\n<p>Tanto en Am\u00e9rica Latina como en Europa y, en general en todo el mundo, existe el riesgo de una extrema derecha que va en aumento y que con una estrategia de miedos y mentiras trata de mantener el statu quo por temor al cambio econ\u00f3mico que se requiere con urgencia debido a la crisis clim\u00e1tica.<\/p>\n\n\n\n<p>De esta manera, el presidente Gustavo Petro respondi\u00f3 a la prensa de Chile que lo abord\u00f3 al final del acto de conmemoraci\u00f3n de los 50 a\u00f1os del golpe de Estado contra el presidente Salvador Allende.<\/p>\n\n\n\n<p>\u201cVeo el riesgo de extremas derechas que van en ascenso en el mundo, no solamente en Am\u00e9rica Latina, es un problema mundial. Hay una destrucci\u00f3n democr\u00e1tica, precisamente, por la tensi\u00f3n que acarrea la realidad de una humanidad que puede morir, desaparecer como especie, si no logra hacer la transformaci\u00f3n econ\u00f3mica que requiere hoy hacia econom\u00edas descarbonizadas\u201d, dijo el mandatario.<\/p>\n\n\n\n<p>El presidente colombiano asegur\u00f3 que esa extrema derecha, que defiende el statu quo y est\u00e1 construida sobre el miedo, logra que sectores amplios de la sociedad, incluso de clases medias, corran hacia ellas presionados por el miedo al cambio.<\/p>\n\n\n\n<p>\u201cEsos miedos hacen juntar sectores de la sociedad en apoyo de fuerzas muy conservadoras, como tratando de no hacer el cambio, es el miedo al cambio, y estas fuerzas logran mayor\u00edas en algunas sociedades\u201d, asegur\u00f3.<\/p>\n\n\n\n<p>Consider\u00f3 que la importancia de la conmemoraci\u00f3n de los 50 a\u00f1os del golpe de Estado en Chile, en el mismo Palacio de la Moneda donde fue asesinado el primer presidente socialista del hemisferio, \u201ces fortalecer la democracia como la \u00fanica alternativa que tenemos para alcanzar la paz\u201d.<\/p>\n\n\n\n<p>\u201cLa democracia tiene que ser cada vez m\u00e1s profunda, es lograr que el pueblo mismo, que la gente misma, tenga poder, y eso es lo que significa este acto, la reconstrucci\u00f3n democr\u00e1tica de Am\u00e9rica Latina\u201d, agreg\u00f3 el jefe de Estado colombiano.<\/p>\n\n\n\n<p>Una democracia m\u00e1s profunda significa, dijo, una transformaci\u00f3n econ\u00f3mica y social completa, una nueva agenda, en el fondo un cambio pol\u00edtico.<\/p>\n\n\n\n<p>\u201cUna nueva humanidad, si se puede pensar en ello, que sea capaz de resolver los problemas urgentes del mundo de hoy, uno de los cuales, la crisis clim\u00e1tica, puede acabar con la especie humana y con la vida en el planeta\u201d.<\/p>\n\n\n\n<p>Reiter\u00f3 que el viejo concepto de riqueza ya no es aplicable en nuestra sociedad actual, pero s\u00ed es indispensable decirles a las sociedades del mundo que es posible construir una prosperidad social descarbonizada.<\/p>\n\n\n\n<p>\u201cHasta ahora se nos vendi\u00f3 la tesis de que la riqueza es acumular cosas, y resulta que una sociedad en crisis clim\u00e1tica solo la supera cambiando el valor mismo de la existencia, y por tanto del progreso, lo que hoy definir\u00eda el norte de sociedades que quieren sobrevivir en un planeta que lleg\u00f3 a su l\u00edmite\u201d, concluy\u00f3.<\/p>\n","protected":false},"excerpt":{"rendered":"<p>Tanto en Am\u00e9rica Latina como en Europa y, en general en todo el mundo, existe el riesgo de una extrema derecha que va en aumento y que con una estrategia de miedos y mentiras trata de mantener el statu quo por temor al cambio econ\u00f3mico que se requiere con urgencia debido a la crisis clim\u00e1tica. [&hellip;]<\/p>\n","protected":false},"author":2,"featured_media":0,"comment_status":"open","ping_status":"open","sticky":false,"template":"","format":"standard","meta":{"footnotes":""},"categories":[28,36],"tags":[],"class_list":["post-60141","post","type-post","status-publish","format-standard","hentry","category-actualidad","category-destacado"],"yoast_head":"<!-- This site is optimized with the Yoast SEO plugin v26.6 - https:\/\/yoast.com\/wordpress\/plugins\/seo\/ -->\n<title>En todo el mundo hay una extrema derecha en aumento, con una estrategia de mentiras y miedo para defender el statu quo: Petro -<\/title>\n<meta name=\"robots\" content=\"index, follow, max-snippet:-1, max-image-preview:large, max-video-preview:-1\" \/>\n<link rel=\"canonical\" href=\"https:\/\/luchonoticias.com\/editor\/en-todo-el-mundo-hay-una-extrema-derecha-en-aumento-con-una-estrategia-de-mentiras-y-miedo-para-defender-el-statu-quo-petro\/\" \/>\n<meta property=\"og:locale\" content=\"es_ES\" \/>\n<meta property=\"og:type\" content=\"article\" \/>\n<meta property=\"og:title\" content=\"En todo el mundo hay una extrema derecha en aumento, con una estrategia de mentiras y miedo para defender el statu quo: Petro -\" \/>\n<meta property=\"og:url\" content=\"https:\/\/luchonoticias.com\/editor\/en-todo-el-mundo-hay-una-extrema-derecha-en-aumento-con-una-estrategia-de-mentiras-y-miedo-para-defender-el-statu-quo-petro\/\" \/>\n<meta property=\"article:publisher\" content=\"https:\/\/www.facebook.com\/luchonoticiasneiva\" \/>\n<meta property=\"article:published_time\" content=\"2023-09-11T23:30:33+00:00\" \/>\n<meta property=\"article:modified_time\" content=\"2023-09-11T23:30:34+00:00\" \/>\n<meta name=\"author\" content=\"Editor General\" \/>\n<meta name=\"twitter:card\" content=\"summary_large_image\" \/>\n<meta name=\"twitter:label1\" content=\"Escrito por\" \/>\n\t<meta name=\"twitter:data1\" content=\"Editor General\" \/>\n\t<meta name=\"twitter:label2\" content=\"Tiempo de lectura\" \/>\n\t<meta name=\"twitter:data2\" content=\"2 minutos\" \/>\n<script type=\"application\/ld+json\" class=\"yoast-schema-graph\">{\"@context\":\"https:\/\/schema.org\",\"@graph\":[{\"@type\":\"Article\",\"@id\":\"https:\/\/luchonoticias.com\/editor\/en-todo-el-mundo-hay-una-extrema-derecha-en-aumento-con-una-estrategia-de-mentiras-y-miedo-para-defender-el-statu-quo-petro\/#article\",\"isPartOf\":{\"@id\":\"https:\/\/luchonoticias.com\/editor\/en-todo-el-mundo-hay-una-extrema-derecha-en-aumento-con-una-estrategia-de-mentiras-y-miedo-para-defender-el-statu-quo-petro\/\"},\"author\":{\"name\":\"Editor General\",\"@id\":\"https:\/\/luchonoticias.com\/editor\/#\/schema\/person\/29217990ddf6f14e35912b2866d591fb\"},\"headline\":\"En todo el mundo hay una extrema derecha en aumento, con una estrategia de mentiras y miedo para defender el statu quo: Petro\",\"datePublished\":\"2023-09-11T23:30:33+00:00\",\"dateModified\":\"2023-09-11T23:30:34+00:00\",\"mainEntityOfPage\":{\"@id\":\"https:\/\/luchonoticias.com\/editor\/en-todo-el-mundo-hay-una-extrema-derecha-en-aumento-con-una-estrategia-de-mentiras-y-miedo-para-defender-el-statu-quo-petro\/\"},\"wordCount\":511,\"commentCount\":0,\"publisher\":{\"@id\":\"https:\/\/luchonoticias.com\/editor\/#\/schema\/person\/7a7fd911f58561fd056dbac7b55af9cd\"},\"articleSection\":[\"Actualidad\",\"Destacado\"],\"inLanguage\":\"es\",\"potentialAction\":[{\"@type\":\"CommentAction\",\"name\":\"Comment\",\"target\":[\"https:\/\/luchonoticias.com\/editor\/en-todo-el-mundo-hay-una-extrema-derecha-en-aumento-con-una-estrategia-de-mentiras-y-miedo-para-defender-el-statu-quo-petro\/#respond\"]}]},{\"@type\":\"WebPage\",\"@id\":\"https:\/\/luchonoticias.com\/editor\/en-todo-el-mundo-hay-una-extrema-derecha-en-aumento-con-una-estrategia-de-mentiras-y-miedo-para-defender-el-statu-quo-petro\/\",\"url\":\"https:\/\/luchonoticias.com\/editor\/en-todo-el-mundo-hay-una-extrema-derecha-en-aumento-con-una-estrategia-de-mentiras-y-miedo-para-defender-el-statu-quo-petro\/\",\"name\":\"En todo el mundo hay una extrema derecha en aumento, con una estrategia de mentiras y miedo para defender el statu quo: Petro -\",\"isPartOf\":{\"@id\":\"https:\/\/luchonoticias.com\/editor\/#website\"},\"datePublished\":\"2023-09-11T23:30:33+00:00\",\"dateModified\":\"2023-09-11T23:30:34+00:00\",\"breadcrumb\":{\"@id\":\"https:\/\/luchonoticias.com\/editor\/en-todo-el-mundo-hay-una-extrema-derecha-en-aumento-con-una-estrategia-de-mentiras-y-miedo-para-defender-el-statu-quo-petro\/#breadcrumb\"},\"inLanguage\":\"es\",\"potentialAction\":[{\"@type\":\"ReadAction\",\"target\":[\"https:\/\/luchonoticias.com\/editor\/en-todo-el-mundo-hay-una-extrema-derecha-en-aumento-con-una-estrategia-de-mentiras-y-miedo-para-defender-el-statu-quo-petro\/\"]}]},{\"@type\":\"BreadcrumbList\",\"@id\":\"https:\/\/luchonoticias.com\/editor\/en-todo-el-mundo-hay-una-extrema-derecha-en-aumento-con-una-estrategia-de-mentiras-y-miedo-para-defender-el-statu-quo-petro\/#breadcrumb\",\"itemListElement\":[{\"@type\":\"ListItem\",\"position\":1,\"name\":\"Portada\",\"item\":\"https:\/\/luchonoticias.com\/editor\/\"},{\"@type\":\"ListItem\",\"position\":2,\"name\":\"En todo el mundo hay una extrema derecha en aumento, con una estrategia de mentiras y miedo para defender el statu quo: Petro\"}]},{\"@type\":\"WebSite\",\"@id\":\"https:\/\/luchonoticias.com\/editor\/#website\",\"url\":\"https:\/\/luchonoticias.com\/editor\/\",\"name\":\"\",\"description\":\"\",\"publisher\":{\"@id\":\"https:\/\/luchonoticias.com\/editor\/#\/schema\/person\/7a7fd911f58561fd056dbac7b55af9cd\"},\"potentialAction\":[{\"@type\":\"SearchAction\",\"target\":{\"@type\":\"EntryPoint\",\"urlTemplate\":\"https:\/\/luchonoticias.com\/editor\/?s={search_term_string}\"},\"query-input\":{\"@type\":\"PropertyValueSpecification\",\"valueRequired\":true,\"valueName\":\"search_term_string\"}}],\"inLanguage\":\"es\"},{\"@type\":[\"Person\",\"Organization\"],\"@id\":\"https:\/\/luchonoticias.com\/editor\/#\/schema\/person\/7a7fd911f58561fd056dbac7b55af9cd\",\"name\":\"admin\",\"image\":{\"@type\":\"ImageObject\",\"inLanguage\":\"es\",\"@id\":\"https:\/\/luchonoticias.com\/editor\/#\/schema\/person\/image\/\",\"url\":\"https:\/\/luchonoticias.com\/editor\/wp-content\/uploads\/2024\/02\/cropped-cropped-logolu.webp\",\"contentUrl\":\"https:\/\/luchonoticias.com\/editor\/wp-content\/uploads\/2024\/02\/cropped-cropped-logolu.webp\",\"width\":382,\"height\":170,\"caption\":\"admin\"},\"logo\":{\"@id\":\"https:\/\/luchonoticias.com\/editor\/#\/schema\/person\/image\/\"},\"sameAs\":[\"https:\/\/www.facebook.com\/luchonoticiasneiva\"]},{\"@type\":\"Person\",\"@id\":\"https:\/\/luchonoticias.com\/editor\/#\/schema\/person\/29217990ddf6f14e35912b2866d591fb\",\"name\":\"Editor General\",\"image\":{\"@type\":\"ImageObject\",\"inLanguage\":\"es\",\"@id\":\"https:\/\/luchonoticias.com\/editor\/#\/schema\/person\/image\/\",\"url\":\"https:\/\/luchonoticias.com\/editor\/wp-content\/uploads\/2024\/02\/cropped-cropped-logolu-150x150.webp\",\"contentUrl\":\"https:\/\/luchonoticias.com\/editor\/wp-content\/uploads\/2024\/02\/cropped-cropped-logolu-150x150.webp\",\"caption\":\"Editor General\"},\"sameAs\":[\"https:\/\/luchonoticias.com\/\"],\"url\":\"https:\/\/luchonoticias.com\/editor\/author\/editor-general\/\"}]}<\/script>\n<!-- \/ Yoast SEO plugin. -->","yoast_head_json":{"title":"En todo el mundo hay una extrema derecha en aumento, con una estrategia de mentiras y miedo para defender el statu quo: Petro -","robots":{"index":"index","follow":"follow","max-snippet":"max-snippet:-1","max-image-preview":"max-image-preview:large","max-video-preview":"max-video-preview:-1"},"canonical":"https:\/\/luchonoticias.com\/editor\/en-todo-el-mundo-hay-una-extrema-derecha-en-aumento-con-una-estrategia-de-mentiras-y-miedo-para-defender-el-statu-quo-petro\/","og_locale":"es_ES","og_type":"article","og_title":"En todo el mundo hay una extrema derecha en aumento, con una estrategia de mentiras y miedo para defender el statu quo: Petro -","og_url":"https:\/\/luchonoticias.com\/editor\/en-todo-el-mundo-hay-una-extrema-derecha-en-aumento-con-una-estrategia-de-mentiras-y-miedo-para-defender-el-statu-quo-petro\/","article_publisher":"https:\/\/www.facebook.com\/luchonoticiasneiva","article_published_time":"2023-09-11T23:30:33+00:00","article_modified_time":"2023-09-11T23:30:34+00:00","author":"Editor General","twitter_card":"summary_large_image","twitter_misc":{"Escrito por":"Editor General","Tiempo de lectura":"2 minutos"},"schema":{"@context":"https:\/\/schema.org","@graph":[{"@type":"Article","@id":"https:\/\/luchonoticias.com\/editor\/en-todo-el-mundo-hay-una-extrema-derecha-en-aumento-con-una-estrategia-de-mentiras-y-miedo-para-defender-el-statu-quo-petro\/#article","isPartOf":{"@id":"https:\/\/luchonoticias.com\/editor\/en-todo-el-mundo-hay-una-extrema-derecha-en-aumento-con-una-estrategia-de-mentiras-y-miedo-para-defender-el-statu-quo-petro\/"},"author":{"name":"Editor General","@id":"https:\/\/luchonoticias.com\/editor\/#\/schema\/person\/29217990ddf6f14e35912b2866d591fb"},"headline":"En todo el mundo hay una extrema derecha en aumento, con una estrategia de mentiras y miedo para defender el statu quo: Petro","datePublished":"2023-09-11T23:30:33+00:00","dateModified":"2023-09-11T23:30:34+00:00","mainEntityOfPage":{"@id":"https:\/\/luchonoticias.com\/editor\/en-todo-el-mundo-hay-una-extrema-derecha-en-aumento-con-una-estrategia-de-mentiras-y-miedo-para-defender-el-statu-quo-petro\/"},"wordCount":511,"commentCount":0,"publisher":{"@id":"https:\/\/luchonoticias.com\/editor\/#\/schema\/person\/7a7fd911f58561fd056dbac7b55af9cd"},"articleSection":["Actualidad","Destacado"],"inLanguage":"es","potentialAction":[{"@type":"CommentAction","name":"Comment","target":["https:\/\/luchonoticias.com\/editor\/en-todo-el-mundo-hay-una-extrema-derecha-en-aumento-con-una-estrategia-de-mentiras-y-miedo-para-defender-el-statu-quo-petro\/#respond"]}]},{"@type":"WebPage","@id":"https:\/\/luchonoticias.com\/editor\/en-todo-el-mundo-hay-una-extrema-derecha-en-aumento-con-una-estrategia-de-mentiras-y-miedo-para-defender-el-statu-quo-petro\/","url":"https:\/\/luchonoticias.com\/editor\/en-todo-el-mundo-hay-una-extrema-derecha-en-aumento-con-una-estrategia-de-mentiras-y-miedo-para-defender-el-statu-quo-petro\/","name":"En todo el mundo hay una extrema derecha en aumento, con una estrategia de mentiras y miedo para defender el statu quo: Petro -","isPartOf":{"@id":"https:\/\/luchonoticias.com\/editor\/#website"},"datePublished":"2023-09-11T23:30:33+00:00","dateModified":"2023-09-11T23:30:34+00:00","breadcrumb":{"@id":"https:\/\/luchonoticias.com\/editor\/en-todo-el-mundo-hay-una-extrema-derecha-en-aumento-con-una-estrategia-de-mentiras-y-miedo-para-defender-el-statu-quo-petro\/#breadcrumb"},"inLanguage":"es","potentialAction":[{"@type":"ReadAction","target":["https:\/\/luchonoticias.com\/editor\/en-todo-el-mundo-hay-una-extrema-derecha-en-aumento-con-una-estrategia-de-mentiras-y-miedo-para-defender-el-statu-quo-petro\/"]}]},{"@type":"BreadcrumbList","@id":"https:\/\/luchonoticias.com\/editor\/en-todo-el-mundo-hay-una-extrema-derecha-en-aumento-con-una-estrategia-de-mentiras-y-miedo-para-defender-el-statu-quo-petro\/#breadcrumb","itemListElement":[{"@type":"ListItem","position":1,"name":"Portada","item":"https:\/\/luchonoticias.com\/editor\/"},{"@type":"ListItem","position":2,"name":"En todo el mundo hay una extrema derecha en aumento, con una estrategia de mentiras y miedo para defender el statu quo: Petro"}]},{"@type":"WebSite","@id":"https:\/\/luchonoticias.com\/editor\/#website","url":"https:\/\/luchonoticias.com\/editor\/","name":"","description":"","publisher":{"@id":"https:\/\/luchonoticias.com\/editor\/#\/schema\/person\/7a7fd911f58561fd056dbac7b55af9cd"},"potentialAction":[{"@type":"SearchAction","target":{"@type":"EntryPoint","urlTemplate":"https:\/\/luchonoticias.com\/editor\/?s={search_term_string}"},"query-input":{"@type":"PropertyValueSpecification","valueRequired":true,"valueName":"search_term_string"}}],"inLanguage":"es"},{"@type":["Person","Organization"],"@id":"https:\/\/luchonoticias.com\/editor\/#\/schema\/person\/7a7fd911f58561fd056dbac7b55af9cd","name":"admin","image":{"@type":"ImageObject","inLanguage":"es","@id":"https:\/\/luchonoticias.com\/editor\/#\/schema\/person\/image\/","url":"https:\/\/luchonoticias.com\/editor\/wp-content\/uploads\/2024\/02\/cropped-cropped-logolu.webp","contentUrl":"https:\/\/luchonoticias.com\/editor\/wp-content\/uploads\/2024\/02\/cropped-cropped-logolu.webp","width":382,"height":170,"caption":"admin"},"logo":{"@id":"https:\/\/luchonoticias.com\/editor\/#\/schema\/person\/image\/"},"sameAs":["https:\/\/www.facebook.com\/luchonoticiasneiva"]},{"@type":"Person","@id":"https:\/\/luchonoticias.com\/editor\/#\/schema\/person\/29217990ddf6f14e35912b2866d591fb","name":"Editor General","image":{"@type":"ImageObject","inLanguage":"es","@id":"https:\/\/luchonoticias.com\/editor\/#\/schema\/person\/image\/","url":"https:\/\/luchonoticias.com\/editor\/wp-content\/uploads\/2024\/02\/cropped-cropped-logolu-150x150.webp","contentUrl":"https:\/\/luchonoticias.com\/editor\/wp-content\/uploads\/2024\/02\/cropped-cropped-logolu-150x150.webp","caption":"Editor General"},"sameAs":["https:\/\/luchonoticias.com\/"],"url":"https:\/\/luchonoticias.com\/editor\/author\/editor-general\/"}]}},"_links":{"self":[{"href":"https:\/\/luchonoticias.com\/editor\/wp-json\/wp\/v2\/posts\/60141","targetHints":{"allow":["GET"]}}],"collection":[{"href":"https:\/\/luchonoticias.com\/editor\/wp-json\/wp\/v2\/posts"}],"about":[{"href":"https:\/\/luchonoticias.com\/editor\/wp-json\/wp\/v2\/types\/post"}],"author":[{"embeddable":true,"href":"https:\/\/luchonoticias.com\/editor\/wp-json\/wp\/v2\/users\/2"}],"replies":[{"embeddable":true,"href":"https:\/\/luchonoticias.com\/editor\/wp-json\/wp\/v2\/comments?post=60141"}],"version-history":[{"count":0,"href":"https:\/\/luchonoticias.com\/editor\/wp-json\/wp\/v2\/posts\/60141\/revisions"}],"wp:attachment":[{"href":"https:\/\/luchonoticias.com\/editor\/wp-json\/wp\/v2\/media?parent=60141"}],"wp:term":[{"taxonomy":"category","embeddable":true,"href":"https:\/\/luchonoticias.com\/editor\/wp-json\/wp\/v2\/categories?post=60141"},{"taxonomy":"post_tag","embeddable":true,"href":"https:\/\/luchonoticias.com\/editor\/wp-json\/wp\/v2\/tags?post=60141"}],"curies":[{"name":"wp","href":"https:\/\/api.w.org\/{rel}","templated":true}]}}